{"id":358335,"date":"2015-03-26T18:18:51","date_gmt":"2015-03-26T17:18:51","guid":{"rendered":"http:\/\/www.varesenews.it\/?p=358335"},"modified":"2015-03-26T18:18:51","modified_gmt":"2015-03-26T17:18:51","slug":"il-volo-in-concerto-in-piazza-grande","status":"publish","type":"post","link":"https:\/\/staging.varesenews.it\/2015\/03\/il-volo-in-concerto-in-piazza-grande\/358335\/","title":{"rendered":"Il Volo in concerto in Piazza Grande"},"content":{"rendered":"<p><strong>Il Volo in concerto in Piazza Grande a Locarno<\/strong>. L&#8217;appuntamento \u00e8 per il 12 giugno, alle 21 dove il trio che ha vinto l&#8217;ultima edizione del Festival di Sanremo far\u00e0 tappa per una data del suo tour.<\/p>\n<p>Da domani 27 marzo sar\u00e0 possibile acquistare i biglietti delle varie categorie in prevendita su biglietteria.ch, ticketone.it, negozi Manor, stazioni FFS, uffici postali e Apollo Lugano. Sar\u00e0 possibile acquistare anche un esclusivo biglietto Vip Emotions che dar\u00e0 possibilit\u00e0 di partecipare al concerto nelle primissime file e di cenare al Castello Visconteo di Locarno durante lo Standing Dinner pre-evetno.<\/p>\n<p>Tipologia biglietti:<br \/>\nVIP EMOTIONS \u2013 349.- CHF (posto in prima fila, cena al Castello Visconteo e posteggio riservato)<br \/>\nGOLD \u2013 149.- CHF (posti seduti)<br \/>\nSILVER \u2013 99.- CHF (posti seduti)<br \/>\nPARTERRE \u2013 59.- CHF (posto in piedi)<\/p>\n","protected":false},"excerpt":{"rendered":"<p>L&#8217;appuntamento \u00e8 per il 12 giugno, alle 21. Aperte le prevendite <\/p>\n","protected":false},"author":32,"featured_media":0,"comment_status":"open","ping_status":"open","sticky":false,"template":"","format":"standard","meta":{"footnotes":""},"categories":[8,20],"tags":[2229],"acf":[],"yoast_head":"<!-- This site is optimized with the Yoast SEO plugin v20.1 - https:\/\/yoast.com\/wordpress\/plugins\/seo\/ -->\n<title>Il Volo in concerto in Piazza Grande<\/title>\n<meta name=\"description\" content=\"L&#039;appuntamento \u00e8 per il 12 giugno, alle 21. Aperte le prevendite\" \/>\n<meta name=\"robots\" content=\"noindex, follow, max-snippet:-1, max-image-preview:large, max-video-preview:-1\" \/>\n<meta property=\"og:locale\" content=\"it_IT\" \/>\n<meta property=\"og:type\" content=\"article\" \/>\n<meta property=\"og:title\" content=\"Il Volo in concerto in Piazza Grande\" \/>\n<meta property=\"og:description\" content=\"L&#039;appuntamento \u00e8 per il 12 giugno, alle 21. Aperte le prevendite\" \/>\n<meta property=\"og:url\" content=\"https:\/\/staging.varesenews.it\/2015\/03\/il-volo-in-concerto-in-piazza-grande\/358335\/\" \/>\n<meta property=\"og:site_name\" content=\"VareseNews\" \/>\n<meta property=\"article:publisher\" content=\"https:\/\/www.facebook.com\/varesenews\" \/>\n<meta property=\"article:published_time\" content=\"2015-03-26T17:18:51+00:00\" \/>\n<meta name=\"author\" content=\"Adelia Brigo\" \/>\n<meta name=\"twitter:card\" content=\"summary_large_image\" \/>\n<meta name=\"twitter:creator\" content=\"@AdeliaBrigo\" \/>\n<meta name=\"twitter:site\" content=\"@varesenews\" \/>\n<meta name=\"twitter:label1\" content=\"Scritto da\" \/>\n\t<meta name=\"twitter:data1\" content=\"Adelia Brigo\" \/>\n\t<meta name=\"twitter:label2\" content=\"Tempo di lettura stimato\" \/>\n\t<meta name=\"twitter:data2\" content=\"1 minuto\" \/>\n<script type=\"application\/ld+json\" class=\"yoast-schema-graph\">{\"@context\":\"https:\/\/schema.org\",\"@graph\":[{\"@type\":\"WebPage\",\"@id\":\"https:\/\/staging.varesenews.it\/2015\/03\/il-volo-in-concerto-in-piazza-grande\/358335\/\",\"url\":\"https:\/\/staging.varesenews.it\/2015\/03\/il-volo-in-concerto-in-piazza-grande\/358335\/\",\"name\":\"Il Volo in concerto in Piazza Grande\",\"isPartOf\":{\"@id\":\"https:\/\/staging.varesenews.it\/#website\"},\"datePublished\":\"2015-03-26T17:18:51+00:00\",\"dateModified\":\"2015-03-26T17:18:51+00:00\",\"author\":{\"@id\":\"https:\/\/staging.varesenews.it\/#\/schema\/person\/272ac0f5b2dbfd572218c2d86e013f1a\"},\"description\":\"L'appuntamento \u00e8 per il 12 giugno, alle 21. Aperte le prevendite\",\"breadcrumb\":{\"@id\":\"https:\/\/staging.varesenews.it\/2015\/03\/il-volo-in-concerto-in-piazza-grande\/358335\/#breadcrumb\"},\"inLanguage\":\"it-IT\",\"potentialAction\":[{\"@type\":\"ReadAction\",\"target\":[\"https:\/\/staging.varesenews.it\/2015\/03\/il-volo-in-concerto-in-piazza-grande\/358335\/\"]}]},{\"@type\":\"BreadcrumbList\",\"@id\":\"https:\/\/staging.varesenews.it\/2015\/03\/il-volo-in-concerto-in-piazza-grande\/358335\/#breadcrumb\",\"itemListElement\":[{\"@type\":\"ListItem\",\"position\":1,\"name\":\"Home\",\"item\":\"https:\/\/www.varesenews.it\/\"},{\"@type\":\"ListItem\",\"position\":2,\"name\":\"Il Volo in concerto in Piazza Grande\"}]},{\"@type\":\"WebSite\",\"@id\":\"https:\/\/staging.varesenews.it\/#website\",\"url\":\"https:\/\/staging.varesenews.it\/\",\"name\":\"VareseNews\",\"description\":\"\",\"potentialAction\":[{\"@type\":\"SearchAction\",\"target\":{\"@type\":\"EntryPoint\",\"urlTemplate\":\"https:\/\/staging.varesenews.it\/?s={search_term_string}\"},\"query-input\":\"required name=search_term_string\"}],\"inLanguage\":\"it-IT\"},{\"@type\":\"Person\",\"@id\":\"https:\/\/staging.varesenews.it\/#\/schema\/person\/272ac0f5b2dbfd572218c2d86e013f1a\",\"name\":\"Adelia Brigo\",\"image\":{\"@type\":\"ImageObject\",\"inLanguage\":\"it-IT\",\"@id\":\"https:\/\/staging.varesenews.it\/#\/schema\/person\/image\/\",\"url\":\"https:\/\/staging.varesenews.it\/wp-content\/uploads\/2020\/12\/adelia_brigo_colori_500.jpg\",\"contentUrl\":\"https:\/\/staging.varesenews.it\/wp-content\/uploads\/2020\/12\/adelia_brigo_colori_500.jpg\",\"caption\":\"Adelia Brigo\"},\"description\":\"Giornalista pubblicista, lavoro a VareseNews dal 2007 e mi occupo di cronaca locale e del settore dedicato alla cultura. In questi anni ho seguito diversi progetti di comunicazione, amo sperimentare strategie per i Social Network e raccontare storie. Varesina, classe 1984, sono laureata in Scienze della Comunicazione.&nbsp;\",\"sameAs\":[\"AdeliaBrigo\",\"https:\/\/twitter.com\/AdeliaBrigo\"],\"url\":\"https:\/\/staging.varesenews.it\/persona\/adelia_brigo\/\"}]}<\/script>\n<!-- \/ Yoast SEO plugin. -->","yoast_head_json":{"title":"Il Volo in concerto in Piazza Grande","description":"L'appuntamento \u00e8 per il 12 giugno, alle 21. Aperte le prevendite","robots":{"index":"noindex","follow":"follow","max-snippet":"max-snippet:-1","max-image-preview":"max-image-preview:large","max-video-preview":"max-video-preview:-1"},"og_locale":"it_IT","og_type":"article","og_title":"Il Volo in concerto in Piazza Grande","og_description":"L'appuntamento \u00e8 per il 12 giugno, alle 21. Aperte le prevendite","og_url":"https:\/\/staging.varesenews.it\/2015\/03\/il-volo-in-concerto-in-piazza-grande\/358335\/","og_site_name":"VareseNews","article_publisher":"https:\/\/www.facebook.com\/varesenews","article_published_time":"2015-03-26T17:18:51+00:00","author":"Adelia Brigo","twitter_card":"summary_large_image","twitter_creator":"@AdeliaBrigo","twitter_site":"@varesenews","twitter_misc":{"Scritto da":"Adelia Brigo","Tempo di lettura stimato":"1 minuto"},"schema":{"@context":"https:\/\/schema.org","@graph":[{"@type":"WebPage","@id":"https:\/\/staging.varesenews.it\/2015\/03\/il-volo-in-concerto-in-piazza-grande\/358335\/","url":"https:\/\/staging.varesenews.it\/2015\/03\/il-volo-in-concerto-in-piazza-grande\/358335\/","name":"Il Volo in concerto in Piazza Grande","isPartOf":{"@id":"https:\/\/staging.varesenews.it\/#website"},"datePublished":"2015-03-26T17:18:51+00:00","dateModified":"2015-03-26T17:18:51+00:00","author":{"@id":"https:\/\/staging.varesenews.it\/#\/schema\/person\/272ac0f5b2dbfd572218c2d86e013f1a"},"description":"L'appuntamento \u00e8 per il 12 giugno, alle 21. Aperte le prevendite","breadcrumb":{"@id":"https:\/\/staging.varesenews.it\/2015\/03\/il-volo-in-concerto-in-piazza-grande\/358335\/#breadcrumb"},"inLanguage":"it-IT","potentialAction":[{"@type":"ReadAction","target":["https:\/\/staging.varesenews.it\/2015\/03\/il-volo-in-concerto-in-piazza-grande\/358335\/"]}]},{"@type":"BreadcrumbList","@id":"https:\/\/staging.varesenews.it\/2015\/03\/il-volo-in-concerto-in-piazza-grande\/358335\/#breadcrumb","itemListElement":[{"@type":"ListItem","position":1,"name":"Home","item":"https:\/\/www.varesenews.it\/"},{"@type":"ListItem","position":2,"name":"Il Volo in concerto in Piazza Grande"}]},{"@type":"WebSite","@id":"https:\/\/staging.varesenews.it\/#website","url":"https:\/\/staging.varesenews.it\/","name":"VareseNews","description":"","potentialAction":[{"@type":"SearchAction","target":{"@type":"EntryPoint","urlTemplate":"https:\/\/staging.varesenews.it\/?s={search_term_string}"},"query-input":"required name=search_term_string"}],"inLanguage":"it-IT"},{"@type":"Person","@id":"https:\/\/staging.varesenews.it\/#\/schema\/person\/272ac0f5b2dbfd572218c2d86e013f1a","name":"Adelia Brigo","image":{"@type":"ImageObject","inLanguage":"it-IT","@id":"https:\/\/staging.varesenews.it\/#\/schema\/person\/image\/","url":"https:\/\/staging.varesenews.it\/wp-content\/uploads\/2020\/12\/adelia_brigo_colori_500.jpg","contentUrl":"https:\/\/staging.varesenews.it\/wp-content\/uploads\/2020\/12\/adelia_brigo_colori_500.jpg","caption":"Adelia Brigo"},"description":"Giornalista pubblicista, lavoro a VareseNews dal 2007 e mi occupo di cronaca locale e del settore dedicato alla cultura. In questi anni ho seguito diversi progetti di comunicazione, amo sperimentare strategie per i Social Network e raccontare storie. Varesina, classe 1984, sono laureata in Scienze della Comunicazione.&nbsp;","sameAs":["AdeliaBrigo","https:\/\/twitter.com\/AdeliaBrigo"],"url":"https:\/\/staging.varesenews.it\/persona\/adelia_brigo\/"}]}},"post_meta":{"_edit_lock":"1427390194:32","_edit_last":"32","_category_permalink":"20","ratings_users":"0","ratings_score":"0","ratings_average":"0","wdfb_og_title":"","wdfb_og_type":"","wdfb_og_description":"","wdfb_og_images":"a:1:{i:0;s:0:\"\";}","wdfb_og_custom_name":"a:1:{i:0;s:0:\"\";}","wdfb_og_custom_value":"a:1:{i:0;s:0:\"\";}","foto":"442790","argomento":"Locarno","_yoast_wpseo_focuskw":"il volo","_yoast_wpseo_title":"Il Volo in concerto in Piazza Grande","_yoast_wpseo_linkdex":"56"},"photos":[{"original":"https:\/\/staging.varesenews.it\/photogallery_new\/images\/2015\/03\/il-volo-442790.jpg","full":"https:\/\/staging.varesenews.it\/photogallery_new\/images\/2015\/03\/il-volo-442790.1024x768.jpg","large":"https:\/\/staging.varesenews.it\/photogallery_new\/images\/2015\/03\/il-volo-442790.610x431.jpg"}],"_links":{"self":[{"href":"https:\/\/staging.varesenews.it\/swgapi\/v1\/wp\/v2\/posts\/358335"}],"collection":[{"href":"https:\/\/staging.varesenews.it\/swgapi\/v1\/wp\/v2\/posts"}],"about":[{"href":"https:\/\/staging.varesenews.it\/swgapi\/v1\/wp\/v2\/types\/post"}],"author":[{"embeddable":true,"href":"https:\/\/staging.varesenews.it\/swgapi\/v1\/wp\/v2\/users\/32"}],"replies":[{"embeddable":true,"href":"https:\/\/staging.varesenews.it\/swgapi\/v1\/wp\/v2\/comments?post=358335"}],"version-history":[{"count":0,"href":"https:\/\/staging.varesenews.it\/swgapi\/v1\/wp\/v2\/posts\/358335\/revisions"}],"wp:attachment":[{"href":"https:\/\/staging.varesenews.it\/swgapi\/v1\/wp\/v2\/media?parent=358335"}],"wp:term":[{"taxonomy":"category","embeddable":true,"href":"https:\/\/staging.varesenews.it\/swgapi\/v1\/wp\/v2\/categories?post=358335"},{"taxonomy":"post_tag","embeddable":true,"href":"https:\/\/staging.varesenews.it\/swgapi\/v1\/wp\/v2\/tags?post=358335"}],"curies":[{"name":"wp","href":"https:\/\/api.w.org\/{rel}","templated":true}]}}