{"id":358513,"date":"2015-03-27T18:23:09","date_gmt":"2015-03-27T17:23:09","guid":{"rendered":"http:\/\/www.varesenews.it\/?p=358513"},"modified":"2015-03-27T18:23:09","modified_gmt":"2015-03-27T17:23:09","slug":"il-rettore-cassara-e-linsubria-un-rapporto-da-chiarire","status":"publish","type":"post","link":"https:\/\/staging.varesenews.it\/2015\/03\/il-rettore-cassara-e-linsubria-un-rapporto-da-chiarire\/358513\/","title":{"rendered":"Il rettore: &#8220;Cassar\u00e0 e l&#8217;Insubria, un rapporto da chiarire&#8221;"},"content":{"rendered":"<p>\u00abL\u2019Universit\u00e0 degli Studi dell\u2019Insubria precisa che il dottor <strong>Pierpaolo Cassar\u00e0<\/strong> non \u00e8 professore universitario, come da lui sostenuto. Ha ottenuto un incarico di collaborazione per attivit\u00e0 didattico-integrativa (seminari). L\u2019Universit\u00e0 degli Studi dell\u2019Insubria sta valutando le azioni pi\u00f9 opportune in merito\u00bb.<\/p>\n<p>Questo \u00e8 il testo di una precisazione che ci ha inviato l\u2019ateneo. Abbiamo per\u00f2 cercato di saperne di pi\u00f9 e abbiamo chiesto al rettore, Alberto Coen Porisini, che cosa sia accaduto.<\/p>\n<p><strong>Signor rettore, molti si chiedono come mai un avvocato radiato dall\u2019ordine, come il dottor Cassar\u00e0, possa aver ottenuto un incarico per un seminario universitario.<\/strong><br \/>\n\u00abHa partecipato a un bando\u00bb.<\/p>\n<p><strong>Era un bando per insegnare etica del diritto?<\/strong><br \/>\n\u00abNo, etica del diritto \u00e8 una definizione che ha coniato il dottor Cassar\u00e0 ma il seminario aveva altre intestazioni. Si parlava di etica, diritti e di morfologia dell\u2019etica\u00bb.<\/p>\n<p><strong>Chi ha deciso il bando?<\/strong><br \/>\n\u00abI bandi sono stati realizzati nell\u2019ambito del corso di Scienze della comunicazione. Nel merito bisogna chiedere ai responsabili del corso. Io posso dire che fu un bando pubblico. Ogni anno vengono scelti alcuni temi, e ogni anno si presentano dei candidati, anche se per onest\u00e0 bisogna dire che non sono molte le persone che si propongono. Per il seminario del dottor Cassar\u00e0 egli fu l\u2019unico a presentarsi\u00bb.<\/p>\n<p><strong>Lo stesso seminario \u00e8 stato ripetuto per pi\u00f9 anni?<\/strong><br \/>\n\u00abE\u2019 stato svolto per tre anni, 2011-2012, 2012-2013 e 2013-2014\u00bb.<\/p>\n<p><strong>Ma \u00e8 stato il dottor Cassar\u00e0 a proporlo, oppure l&#8217;ha proposto il corso di laurea di Scienze della comunicazione e poi ha cercato un esperto di morfologia dell&#8217;etica?<\/strong><br \/>\n\u00abQuesto nel merito bisognerebbe chiederlo al corso di laurea\u00bb.<\/p>\n<p><strong>Il dottore aveva avvisato l\u2019universit\u00e0 che era stato radiato dall\u2019ordine?<\/strong><br \/>\n\u00abLui non ha mentito nel senso tecnico del termine. I requisiti richiesti erano quelli a termini di legge, come avere il diploma di laurea, esperienza, formazione nel campo del seminario, non avere sospesi i diritti politici attivi e passivi. Inoltre il curriculum l\u2019aveva presentato\u00bb.<\/p>\n<p><strong>Ma adesso che valutazione fa l\u2019Universit\u00e0 di questa vicenda?<\/strong><br \/>\n\u00abAdesso dovr\u00e0 valutare se \u00e8 opportuno che il seminario di quest\u2019anno sia tenuto dal dottor Cassar\u00e0. Il problema c\u2019\u00e8, diciamo che \u00e8 in divenire. Il corso di laurea di Scienze della comunicazione dovr\u00e0 porsi il problema e ragionare con calma\u00bb.<\/p>\n<p><strong>Ma non pensa che ci sia stato un problema, quantomeno di opportunit\u00e0, nell\u2019aver consentito per tre anni che una persona radiata dall\u2019ordine degli avvocati tenesse un seminario da voi? La notizia della radiazione usc\u00ec su tutti i giornali locali nel 2010.<\/strong><br \/>\n\u00abNon faccio valutazioni di opportunit\u00e0\u00bb.<\/p>\n","protected":false},"excerpt":{"rendered":"<p>Intervista al professor Coen Porisini. Che spiega: &#8220;Non \u00e8 professore, tiene solo dei seminari per il corso di Scienze della comunicazione, ma ora si \u00e8 posto un problema sulla loro prosecuzione&#8221;<\/p>\n","protected":false},"author":50,"featured_media":0,"comment_status":"open","ping_status":"open","sticky":false,"template":"","format":"standard","meta":{"footnotes":""},"categories":[2],"tags":[202],"acf":[],"yoast_head":"<!-- This site is optimized with the Yoast SEO plugin v20.1 - https:\/\/yoast.com\/wordpress\/plugins\/seo\/ -->\n<title>Il rettore e Cassar\u00e0<\/title>\n<meta name=\"description\" content=\"Il Presidente del Varese 1910, avvocato radiato, professore all&#039;Insubria\" \/>\n<meta name=\"robots\" content=\"noindex, follow, max-snippet:-1, max-image-preview:large, max-video-preview:-1\" \/>\n<meta property=\"og:locale\" content=\"it_IT\" \/>\n<meta property=\"og:type\" content=\"article\" \/>\n<meta property=\"og:title\" content=\"Il rettore e Cassar\u00e0\" \/>\n<meta property=\"og:description\" content=\"Il Presidente del Varese 1910, avvocato radiato, professore all&#039;Insubria\" \/>\n<meta property=\"og:url\" content=\"https:\/\/staging.varesenews.it\/2015\/03\/il-rettore-cassara-e-linsubria-un-rapporto-da-chiarire\/358513\/\" \/>\n<meta property=\"og:site_name\" content=\"VareseNews\" \/>\n<meta property=\"article:publisher\" content=\"https:\/\/www.facebook.com\/varesenews\" \/>\n<meta property=\"article:published_time\" content=\"2015-03-27T17:23:09+00:00\" \/>\n<meta name=\"author\" content=\"Roberto Rotondo\" \/>\n<meta name=\"twitter:card\" content=\"summary_large_image\" \/>\n<meta name=\"twitter:creator\" content=\"@robertorotondo\" \/>\n<meta name=\"twitter:site\" content=\"@varesenews\" \/>\n<meta name=\"twitter:label1\" content=\"Scritto da\" \/>\n\t<meta name=\"twitter:data1\" content=\"Roberto Rotondo\" \/>\n\t<meta name=\"twitter:label2\" content=\"Tempo di lettura stimato\" \/>\n\t<meta name=\"twitter:data2\" content=\"2 minuti\" \/>\n<script type=\"application\/ld+json\" class=\"yoast-schema-graph\">{\"@context\":\"https:\/\/schema.org\",\"@graph\":[{\"@type\":\"WebPage\",\"@id\":\"https:\/\/staging.varesenews.it\/2015\/03\/il-rettore-cassara-e-linsubria-un-rapporto-da-chiarire\/358513\/\",\"url\":\"https:\/\/staging.varesenews.it\/2015\/03\/il-rettore-cassara-e-linsubria-un-rapporto-da-chiarire\/358513\/\",\"name\":\"Il rettore e Cassar\u00e0\",\"isPartOf\":{\"@id\":\"https:\/\/staging.varesenews.it\/#website\"},\"datePublished\":\"2015-03-27T17:23:09+00:00\",\"dateModified\":\"2015-03-27T17:23:09+00:00\",\"author\":{\"@id\":\"https:\/\/staging.varesenews.it\/#\/schema\/person\/bace96b9ce1b4905df659e51a83c17fe\"},\"description\":\"Il Presidente del Varese 1910, avvocato radiato, professore all'Insubria\",\"breadcrumb\":{\"@id\":\"https:\/\/staging.varesenews.it\/2015\/03\/il-rettore-cassara-e-linsubria-un-rapporto-da-chiarire\/358513\/#breadcrumb\"},\"inLanguage\":\"it-IT\",\"potentialAction\":[{\"@type\":\"ReadAction\",\"target\":[\"https:\/\/staging.varesenews.it\/2015\/03\/il-rettore-cassara-e-linsubria-un-rapporto-da-chiarire\/358513\/\"]}]},{\"@type\":\"BreadcrumbList\",\"@id\":\"https:\/\/staging.varesenews.it\/2015\/03\/il-rettore-cassara-e-linsubria-un-rapporto-da-chiarire\/358513\/#breadcrumb\",\"itemListElement\":[{\"@type\":\"ListItem\",\"position\":1,\"name\":\"Home\",\"item\":\"https:\/\/www.varesenews.it\/\"},{\"@type\":\"ListItem\",\"position\":2,\"name\":\"Il rettore: &#8220;Cassar\u00e0 e l&#8217;Insubria, un rapporto da chiarire&#8221;\"}]},{\"@type\":\"WebSite\",\"@id\":\"https:\/\/staging.varesenews.it\/#website\",\"url\":\"https:\/\/staging.varesenews.it\/\",\"name\":\"VareseNews\",\"description\":\"\",\"potentialAction\":[{\"@type\":\"SearchAction\",\"target\":{\"@type\":\"EntryPoint\",\"urlTemplate\":\"https:\/\/staging.varesenews.it\/?s={search_term_string}\"},\"query-input\":\"required name=search_term_string\"}],\"inLanguage\":\"it-IT\"},{\"@type\":\"Person\",\"@id\":\"https:\/\/staging.varesenews.it\/#\/schema\/person\/bace96b9ce1b4905df659e51a83c17fe\",\"name\":\"Roberto Rotondo\",\"image\":{\"@type\":\"ImageObject\",\"inLanguage\":\"it-IT\",\"@id\":\"https:\/\/staging.varesenews.it\/#\/schema\/person\/image\/\",\"url\":\"https:\/\/staging.varesenews.it\/wp-content\/uploads\/2015\/03\/10888676_10204734543537926_609787919772941341_n.jpg\",\"contentUrl\":\"https:\/\/staging.varesenews.it\/wp-content\/uploads\/2015\/03\/10888676_10204734543537926_609787919772941341_n.jpg\",\"caption\":\"Roberto Rotondo\"},\"description\":\"Nato a Varese nel 1972. Laureato in Storia alla Statale di Milano. A Varese News dal 1998. Ho iniziato a scrivere su riviste locali, poi sono entrato nel progetto di Varese News quando ancora era agli inizi. Nel frattempo mi sono occupato di ricerca storica e ho collaborato con un settimanale e un quotidiano della Svizzera italiana scrivendo di cronaca e politica. Mi sono preso una pausa da Varese nel 2004. Ho lavorato per alcuni anni a Milano all'agenzia di stampa Adnkronos, con qualche stage a Roma nei palazzi della politica. Lanci di agenzia e servizi tv multimediali erano tra i miei compiti. In quegli anni ho lavorato per alcune radio anche nazionali, Radio Capital su tutte, come corrispondente locale. Ho scritto anche per un settimanale di gossip, ma sempre cronaca nera. Ed eccomi qui. Dal 2007 lavoro anche per il Corriere della sera, di cui sono corrispondente. A Varesenews sono ormai uno dei senatori. Mi occupo di cronaca nera, giudiziaria e di politica e della cronaca cittadina di Varese.\",\"sameAs\":[\"robertorotondo\",\"https:\/\/twitter.com\/robertorotondo\"],\"url\":\"https:\/\/staging.varesenews.it\/persona\/roberto-rotondo\/\"}]}<\/script>\n<!-- \/ Yoast SEO plugin. -->","yoast_head_json":{"title":"Il rettore e Cassar\u00e0","description":"Il Presidente del Varese 1910, avvocato radiato, professore all'Insubria","robots":{"index":"noindex","follow":"follow","max-snippet":"max-snippet:-1","max-image-preview":"max-image-preview:large","max-video-preview":"max-video-preview:-1"},"og_locale":"it_IT","og_type":"article","og_title":"Il rettore e Cassar\u00e0","og_description":"Il Presidente del Varese 1910, avvocato radiato, professore all'Insubria","og_url":"https:\/\/staging.varesenews.it\/2015\/03\/il-rettore-cassara-e-linsubria-un-rapporto-da-chiarire\/358513\/","og_site_name":"VareseNews","article_publisher":"https:\/\/www.facebook.com\/varesenews","article_published_time":"2015-03-27T17:23:09+00:00","author":"Roberto Rotondo","twitter_card":"summary_large_image","twitter_creator":"@robertorotondo","twitter_site":"@varesenews","twitter_misc":{"Scritto da":"Roberto Rotondo","Tempo di lettura stimato":"2 minuti"},"schema":{"@context":"https:\/\/schema.org","@graph":[{"@type":"WebPage","@id":"https:\/\/staging.varesenews.it\/2015\/03\/il-rettore-cassara-e-linsubria-un-rapporto-da-chiarire\/358513\/","url":"https:\/\/staging.varesenews.it\/2015\/03\/il-rettore-cassara-e-linsubria-un-rapporto-da-chiarire\/358513\/","name":"Il rettore e Cassar\u00e0","isPartOf":{"@id":"https:\/\/staging.varesenews.it\/#website"},"datePublished":"2015-03-27T17:23:09+00:00","dateModified":"2015-03-27T17:23:09+00:00","author":{"@id":"https:\/\/staging.varesenews.it\/#\/schema\/person\/bace96b9ce1b4905df659e51a83c17fe"},"description":"Il Presidente del Varese 1910, avvocato radiato, professore all'Insubria","breadcrumb":{"@id":"https:\/\/staging.varesenews.it\/2015\/03\/il-rettore-cassara-e-linsubria-un-rapporto-da-chiarire\/358513\/#breadcrumb"},"inLanguage":"it-IT","potentialAction":[{"@type":"ReadAction","target":["https:\/\/staging.varesenews.it\/2015\/03\/il-rettore-cassara-e-linsubria-un-rapporto-da-chiarire\/358513\/"]}]},{"@type":"BreadcrumbList","@id":"https:\/\/staging.varesenews.it\/2015\/03\/il-rettore-cassara-e-linsubria-un-rapporto-da-chiarire\/358513\/#breadcrumb","itemListElement":[{"@type":"ListItem","position":1,"name":"Home","item":"https:\/\/www.varesenews.it\/"},{"@type":"ListItem","position":2,"name":"Il rettore: &#8220;Cassar\u00e0 e l&#8217;Insubria, un rapporto da chiarire&#8221;"}]},{"@type":"WebSite","@id":"https:\/\/staging.varesenews.it\/#website","url":"https:\/\/staging.varesenews.it\/","name":"VareseNews","description":"","potentialAction":[{"@type":"SearchAction","target":{"@type":"EntryPoint","urlTemplate":"https:\/\/staging.varesenews.it\/?s={search_term_string}"},"query-input":"required name=search_term_string"}],"inLanguage":"it-IT"},{"@type":"Person","@id":"https:\/\/staging.varesenews.it\/#\/schema\/person\/bace96b9ce1b4905df659e51a83c17fe","name":"Roberto Rotondo","image":{"@type":"ImageObject","inLanguage":"it-IT","@id":"https:\/\/staging.varesenews.it\/#\/schema\/person\/image\/","url":"https:\/\/staging.varesenews.it\/wp-content\/uploads\/2015\/03\/10888676_10204734543537926_609787919772941341_n.jpg","contentUrl":"https:\/\/staging.varesenews.it\/wp-content\/uploads\/2015\/03\/10888676_10204734543537926_609787919772941341_n.jpg","caption":"Roberto Rotondo"},"description":"Nato a Varese nel 1972. Laureato in Storia alla Statale di Milano. A Varese News dal 1998. Ho iniziato a scrivere su riviste locali, poi sono entrato nel progetto di Varese News quando ancora era agli inizi. Nel frattempo mi sono occupato di ricerca storica e ho collaborato con un settimanale e un quotidiano della Svizzera italiana scrivendo di cronaca e politica. Mi sono preso una pausa da Varese nel 2004. Ho lavorato per alcuni anni a Milano all'agenzia di stampa Adnkronos, con qualche stage a Roma nei palazzi della politica. Lanci di agenzia e servizi tv multimediali erano tra i miei compiti. In quegli anni ho lavorato per alcune radio anche nazionali, Radio Capital su tutte, come corrispondente locale. Ho scritto anche per un settimanale di gossip, ma sempre cronaca nera. Ed eccomi qui. Dal 2007 lavoro anche per il Corriere della sera, di cui sono corrispondente. A Varesenews sono ormai uno dei senatori. Mi occupo di cronaca nera, giudiziaria e di politica e della cronaca cittadina di Varese.","sameAs":["robertorotondo","https:\/\/twitter.com\/robertorotondo"],"url":"https:\/\/staging.varesenews.it\/persona\/roberto-rotondo\/"}]}},"post_meta":{"_edit_lock":"1427477014:50","_edit_last":"50","ratings_users":"0","ratings_score":"0","ratings_average":"0","wdfb_og_title":"","wdfb_og_type":"","wdfb_og_description":"","wdfb_og_images":"a:1:{i:0;s:0:\"\";}","wdfb_og_custom_name":"a:1:{i:0;s:0:\"\";}","wdfb_og_custom_value":"a:1:{i:0;s:0:\"\";}","foto":"44255","firma-personalizzata":"Roberto Rotondo","nascondi_adsense":"1","argomento":"Varese","_yoast_wpseo_focuskw":"Universit\u00e0 dell'Insubria","_yoast_wpseo_title":"Il rettore e Cassar\u00e0","_yoast_wpseo_metadesc":"Il Presidente del Varese 1910, avvocato radiato, professore all'Insubria","_yoast_wpseo_linkdex":"59"},"photos":[{"original":"https:\/\/staging.varesenews.it\/photogallery_new\/images\/2013\/04\/rettore-insubria-alberto-coen-porisini-apertura-44255.jpg","full":"https:\/\/staging.varesenews.it\/photogallery_new\/images\/2013\/04\/rettore-insubria-alberto-coen-porisini-apertura-44255.1024x768.jpg","large":"https:\/\/staging.varesenews.it\/photogallery_new\/images\/2013\/04\/rettore-insubria-alberto-coen-porisini-apertura-44255.610x431.jpg"}],"_links":{"self":[{"href":"https:\/\/staging.varesenews.it\/swgapi\/v1\/wp\/v2\/posts\/358513"}],"collection":[{"href":"https:\/\/staging.varesenews.it\/swgapi\/v1\/wp\/v2\/posts"}],"about":[{"href":"https:\/\/staging.varesenews.it\/swgapi\/v1\/wp\/v2\/types\/post"}],"author":[{"embeddable":true,"href":"https:\/\/staging.varesenews.it\/swgapi\/v1\/wp\/v2\/users\/50"}],"replies":[{"embeddable":true,"href":"https:\/\/staging.varesenews.it\/swgapi\/v1\/wp\/v2\/comments?post=358513"}],"version-history":[{"count":0,"href":"https:\/\/staging.varesenews.it\/swgapi\/v1\/wp\/v2\/posts\/358513\/revisions"}],"wp:attachment":[{"href":"https:\/\/staging.varesenews.it\/swgapi\/v1\/wp\/v2\/media?parent=358513"}],"wp:term":[{"taxonomy":"category","embeddable":true,"href":"https:\/\/staging.varesenews.it\/swgapi\/v1\/wp\/v2\/categories?post=358513"},{"taxonomy":"post_tag","embeddable":true,"href":"https:\/\/staging.varesenews.it\/swgapi\/v1\/wp\/v2\/tags?post=358513"}],"curies":[{"name":"wp","href":"https:\/\/api.w.org\/{rel}","templated":true}]}}