{"id":358976,"date":"2015-03-31T16:27:18","date_gmt":"2015-03-31T14:27:18","guid":{"rendered":"http:\/\/www.varesenews.it\/?p=358976"},"modified":"2015-03-31T16:27:18","modified_gmt":"2015-03-31T14:27:18","slug":"gio-barabino-va-alla-guerra-con-amen","status":"publish","type":"post","link":"https:\/\/staging.varesenews.it\/2015\/03\/gio-barabino-va-alla-guerra-con-amen\/358976\/","title":{"rendered":"Gi\u00f2 Barabino va alla guerra con Amen"},"content":{"rendered":"<p>La guerra di Amen \u00e8 iniziata per caso, come in gran parte per caso \u00e8 avvenuto il suo arruolamento tra le forze repubblichine dopo<strong> l&#8217;8 settembre del &#8217;43. <\/strong>Intelligente, mansueto, poco interessato alle vicende belliche, il giovane <strong>Amedeo &#8220;Amen&#8221; Bertolati <\/strong>finisce cos\u00ec al centro delle vicende belliche che hanno scosso l&#8217;Italia di settant&#8217;anni fa ma anche sulle pagine del <strong>romanzo storico scritto da Gi\u00f2 Barabino<\/strong> e proposto dall&#8217;editore ligure <strong>&#8220;Il Canneto&#8221; <\/strong>che ha rilanciato e rimesso in vendita il libro autoprodotto dall&#8217;autore e stampato in origine da Aricocchi di Caravate.<\/p>\n<p>&nbsp;<\/p>\n<p>Classe <strong>1936<\/strong>, origini suddivise <strong>tra Genova e Gemonio<\/strong>, Gi\u00f2 Barabino \u00e8 andato alla ricerca di una vicenda significativa dei tempi di quand&#8217;era bambino e l&#8217;ha narrata con<strong> l&#8217;attenzione<\/strong> di chi vuole dare un taglio storico preciso e rigoroso, toccando anche argomenti ignorati e poco conosciuti. \u00c8 il caso dei <strong>campi di prigionia americani in Germania<\/strong>, &#8220;recinti&#8221; in cui gli ex soldati dell&#8217;esercito tedesco sono stati rinchiusi a lungo e che per molti di loro sono state vere e proprie tombe. Una realt\u00e0 che <strong>il protagonista del libro toccher\u00e0 con mano<\/strong> e che serve a raccontare una parte della storia da parte dei vinti.<\/p>\n<p>\u00abUna vicenda e un volume che non vogliono assolutamente essere n\u00e9 filotedeschi n\u00e9 antiamericani &#8211; tiene a sottolineare Barabino &#8211; perch\u00e9 non bisogna dimenticare le nefandezze compiute dai nazisti. Credo per\u00f2 sia interessante e utile<strong> parlare anche di aspetti meno noti, <\/strong>rimasti sconosciuti per anni e portati alla luce grazie a studiosi indipendenti come il canadese <strong>James Bacque<\/strong>\u00bb. Il suo libro &#8220;Gli altri lager&#8221; \u00e8 stato fondamentale per ricostruire l&#8217;accaduto e per poter far incrociare la piccola storia di Amen Bertolati con quella pi\u00f9 grande <strong>dei cosiddetti DEF,<\/strong> le forze nemiche disarmate (ex soldati tedeschi) finite nei campi di detenzione americani<strong> senza le tutele dovute ai prigionieri di guerra<\/strong>. In questo mondo Amen, forte anche di un carattere sospeso tra fatalismo e speranza, riesce ad apprezzare gli aspetti pi\u00f9 umani che si sviluppano in condizioni cos\u00ec difficili.<\/p>\n<p>La figura del protagonista \u00e8 inventata, pur se modellata su alcune esperienze di persone realmente esistite, va a incrociare per\u00f2 alcuni personaggi storici. Tra essi<strong> spicca quella del generale Frido Von Senger<\/strong> &#8211; tedesco ma antinazista &#8211; autore del libro &#8220;La Guerra in Europa&#8221;, responsabile del settore della &#8220;Linea Gustav&#8221; che comprendeva Cassino. Proprio il suo<strong> amore per l&#8217;arte e la sua fede<\/strong> lo portarono a contribuire in modo importante a salvare il tesoro dell&#8217;abbazia di Montecassino. E forse anche per via di questo collegamento con l&#8217;arte Gi\u00f2 Barabino &#8211; che \u00e8 anche un apprezzato pittore &#8211; lo ha voluto inserire nella trama di un romanzo che scorre rapido e che lascia appagati.<\/p>\n<p><strong>Gi\u00f2 Barabino &#8211; Amen e la guerra<\/strong><br \/>\nIl canneto editore &#8211; Genova, 2014<br \/>\npagg. 169 \/ euro 11,00<\/p>\n","protected":false},"excerpt":{"rendered":"<p>L&#8217;editore ligure &#8220;Il canneto&#8221; ha ristampato il romanzo storico dello scrittore che vive tra Gemonio e Genova. Protagonista &#8220;Amen&#8221; Bertolati, che incrocia la sua vicenda con quella del generale Von Senger<\/p>\n","protected":false},"author":38,"featured_media":0,"comment_status":"open","ping_status":"open","sticky":false,"template":"","format":"standard","meta":{"footnotes":""},"categories":[18],"tags":[767],"acf":[],"yoast_head":"<!-- This site is optimized with the Yoast SEO plugin v20.1 - https:\/\/yoast.com\/wordpress\/plugins\/seo\/ -->\n<title>Gi\u00f2 Barabino guerra con Amen<\/title>\n<meta name=\"description\" content=\"L&#039;editore ligure &quot;Il canneto&quot; ha ristampato il romanzo storico dello scrittore che vive tra Gemonio e Genova. Protagonista &quot;Amen&quot; Bertolati, che incrocia la sua vicenda con quella del generale Von Senger\" \/>\n<meta name=\"robots\" content=\"noindex, follow, max-snippet:-1, max-image-preview:large, max-video-preview:-1\" \/>\n<meta property=\"og:locale\" content=\"it_IT\" \/>\n<meta property=\"og:type\" content=\"article\" \/>\n<meta property=\"og:title\" content=\"Gi\u00f2 Barabino guerra con Amen\" \/>\n<meta property=\"og:description\" content=\"L&#039;editore ligure &quot;Il canneto&quot; ha ristampato il romanzo storico dello scrittore che vive tra Gemonio e Genova. Protagonista &quot;Amen&quot; Bertolati, che incrocia la sua vicenda con quella del generale Von Senger\" \/>\n<meta property=\"og:url\" content=\"https:\/\/staging.varesenews.it\/2015\/03\/gio-barabino-va-alla-guerra-con-amen\/358976\/\" \/>\n<meta property=\"og:site_name\" content=\"VareseNews\" \/>\n<meta property=\"article:publisher\" content=\"https:\/\/www.facebook.com\/varesenews\" \/>\n<meta property=\"article:published_time\" content=\"2015-03-31T14:27:18+00:00\" \/>\n<meta name=\"author\" content=\"Damiano Franzetti\" \/>\n<meta name=\"twitter:card\" content=\"summary_large_image\" \/>\n<meta name=\"twitter:creator\" content=\"@damianofranz\" \/>\n<meta name=\"twitter:site\" content=\"@varesenews\" \/>\n<meta name=\"twitter:label1\" content=\"Scritto da\" \/>\n\t<meta name=\"twitter:data1\" content=\"Damiano Franzetti\" \/>\n\t<meta name=\"twitter:label2\" content=\"Tempo di lettura stimato\" \/>\n\t<meta name=\"twitter:data2\" content=\"2 minuti\" \/>\n<script type=\"application\/ld+json\" class=\"yoast-schema-graph\">{\"@context\":\"https:\/\/schema.org\",\"@graph\":[{\"@type\":\"WebPage\",\"@id\":\"https:\/\/staging.varesenews.it\/2015\/03\/gio-barabino-va-alla-guerra-con-amen\/358976\/\",\"url\":\"https:\/\/staging.varesenews.it\/2015\/03\/gio-barabino-va-alla-guerra-con-amen\/358976\/\",\"name\":\"Gi\u00f2 Barabino guerra con Amen\",\"isPartOf\":{\"@id\":\"https:\/\/staging.varesenews.it\/#website\"},\"datePublished\":\"2015-03-31T14:27:18+00:00\",\"dateModified\":\"2015-03-31T14:27:18+00:00\",\"author\":{\"@id\":\"https:\/\/staging.varesenews.it\/#\/schema\/person\/709ae3769f6b4dbde8ec332baede8a5b\"},\"description\":\"L'editore ligure \\\"Il canneto\\\" ha ristampato il romanzo storico dello scrittore che vive tra Gemonio e Genova. Protagonista \\\"Amen\\\" Bertolati, che incrocia la sua vicenda con quella del generale Von Senger\",\"breadcrumb\":{\"@id\":\"https:\/\/staging.varesenews.it\/2015\/03\/gio-barabino-va-alla-guerra-con-amen\/358976\/#breadcrumb\"},\"inLanguage\":\"it-IT\",\"potentialAction\":[{\"@type\":\"ReadAction\",\"target\":[\"https:\/\/staging.varesenews.it\/2015\/03\/gio-barabino-va-alla-guerra-con-amen\/358976\/\"]}]},{\"@type\":\"BreadcrumbList\",\"@id\":\"https:\/\/staging.varesenews.it\/2015\/03\/gio-barabino-va-alla-guerra-con-amen\/358976\/#breadcrumb\",\"itemListElement\":[{\"@type\":\"ListItem\",\"position\":1,\"name\":\"Home\",\"item\":\"https:\/\/www.varesenews.it\/\"},{\"@type\":\"ListItem\",\"position\":2,\"name\":\"Gi\u00f2 Barabino va alla guerra con Amen\"}]},{\"@type\":\"WebSite\",\"@id\":\"https:\/\/staging.varesenews.it\/#website\",\"url\":\"https:\/\/staging.varesenews.it\/\",\"name\":\"VareseNews\",\"description\":\"\",\"potentialAction\":[{\"@type\":\"SearchAction\",\"target\":{\"@type\":\"EntryPoint\",\"urlTemplate\":\"https:\/\/staging.varesenews.it\/?s={search_term_string}\"},\"query-input\":\"required name=search_term_string\"}],\"inLanguage\":\"it-IT\"},{\"@type\":\"Person\",\"@id\":\"https:\/\/staging.varesenews.it\/#\/schema\/person\/709ae3769f6b4dbde8ec332baede8a5b\",\"name\":\"Damiano Franzetti\",\"image\":{\"@type\":\"ImageObject\",\"inLanguage\":\"it-IT\",\"@id\":\"https:\/\/staging.varesenews.it\/#\/schema\/person\/image\/\",\"url\":\"https:\/\/staging.varesenews.it\/wp-content\/uploads\/2020\/12\/damiano_franzetti_colori_500.jpg\",\"contentUrl\":\"https:\/\/staging.varesenews.it\/wp-content\/uploads\/2020\/12\/damiano_franzetti_colori_500.jpg\",\"caption\":\"Damiano Franzetti\"},\"description\":\"Classe 1976, una laurea (nel cassetto) in scienze e tecnologie alimentari; sono giornalista professionista dal 2009 nato e cresciuto con VareseNews dove mi occupo soprattutto di sport ormai da vent&rsquo;anni. Inviato sui campi (sulle piste, sulle strade...), intervistatore, coordinatore e responsabile delle pagine sportive, mi ritaglio volentieri lo spazio per scrivere di birra sul blog Malto Gradimento. Ho seguito innumerevoli campionati di Serie A di basket, di serie B di calcio, due Mondiali di ciclismo, qualche Giro d&rsquo;;Italia e tanto altro ancora. Collaboro con Tuttosport e altre testate, mi diletto di social. Ho una moglie, un figlio, vivo nella mia Gemonio e ho purtroppo smesso con il basket giocato. &nbsp;\",\"sameAs\":[\"damianofranz\",\"https:\/\/www.linkedin.com\/profile\/view?id=241597124&trk=nav_responsive_tab_profile\",\"https:\/\/twitter.com\/damianofranz\"],\"url\":\"https:\/\/staging.varesenews.it\/persona\/damiano_franzetti-2\/\"}]}<\/script>\n<!-- \/ Yoast SEO plugin. -->","yoast_head_json":{"title":"Gi\u00f2 Barabino guerra con Amen","description":"L'editore ligure \"Il canneto\" ha ristampato il romanzo storico dello scrittore che vive tra Gemonio e Genova. Protagonista \"Amen\" Bertolati, che incrocia la sua vicenda con quella del generale Von Senger","robots":{"index":"noindex","follow":"follow","max-snippet":"max-snippet:-1","max-image-preview":"max-image-preview:large","max-video-preview":"max-video-preview:-1"},"og_locale":"it_IT","og_type":"article","og_title":"Gi\u00f2 Barabino guerra con Amen","og_description":"L'editore ligure \"Il canneto\" ha ristampato il romanzo storico dello scrittore che vive tra Gemonio e Genova. Protagonista \"Amen\" Bertolati, che incrocia la sua vicenda con quella del generale Von Senger","og_url":"https:\/\/staging.varesenews.it\/2015\/03\/gio-barabino-va-alla-guerra-con-amen\/358976\/","og_site_name":"VareseNews","article_publisher":"https:\/\/www.facebook.com\/varesenews","article_published_time":"2015-03-31T14:27:18+00:00","author":"Damiano Franzetti","twitter_card":"summary_large_image","twitter_creator":"@damianofranz","twitter_site":"@varesenews","twitter_misc":{"Scritto da":"Damiano Franzetti","Tempo di lettura stimato":"2 minuti"},"schema":{"@context":"https:\/\/schema.org","@graph":[{"@type":"WebPage","@id":"https:\/\/staging.varesenews.it\/2015\/03\/gio-barabino-va-alla-guerra-con-amen\/358976\/","url":"https:\/\/staging.varesenews.it\/2015\/03\/gio-barabino-va-alla-guerra-con-amen\/358976\/","name":"Gi\u00f2 Barabino guerra con Amen","isPartOf":{"@id":"https:\/\/staging.varesenews.it\/#website"},"datePublished":"2015-03-31T14:27:18+00:00","dateModified":"2015-03-31T14:27:18+00:00","author":{"@id":"https:\/\/staging.varesenews.it\/#\/schema\/person\/709ae3769f6b4dbde8ec332baede8a5b"},"description":"L'editore ligure \"Il canneto\" ha ristampato il romanzo storico dello scrittore che vive tra Gemonio e Genova. Protagonista \"Amen\" Bertolati, che incrocia la sua vicenda con quella del generale Von Senger","breadcrumb":{"@id":"https:\/\/staging.varesenews.it\/2015\/03\/gio-barabino-va-alla-guerra-con-amen\/358976\/#breadcrumb"},"inLanguage":"it-IT","potentialAction":[{"@type":"ReadAction","target":["https:\/\/staging.varesenews.it\/2015\/03\/gio-barabino-va-alla-guerra-con-amen\/358976\/"]}]},{"@type":"BreadcrumbList","@id":"https:\/\/staging.varesenews.it\/2015\/03\/gio-barabino-va-alla-guerra-con-amen\/358976\/#breadcrumb","itemListElement":[{"@type":"ListItem","position":1,"name":"Home","item":"https:\/\/www.varesenews.it\/"},{"@type":"ListItem","position":2,"name":"Gi\u00f2 Barabino va alla guerra con Amen"}]},{"@type":"WebSite","@id":"https:\/\/staging.varesenews.it\/#website","url":"https:\/\/staging.varesenews.it\/","name":"VareseNews","description":"","potentialAction":[{"@type":"SearchAction","target":{"@type":"EntryPoint","urlTemplate":"https:\/\/staging.varesenews.it\/?s={search_term_string}"},"query-input":"required name=search_term_string"}],"inLanguage":"it-IT"},{"@type":"Person","@id":"https:\/\/staging.varesenews.it\/#\/schema\/person\/709ae3769f6b4dbde8ec332baede8a5b","name":"Damiano Franzetti","image":{"@type":"ImageObject","inLanguage":"it-IT","@id":"https:\/\/staging.varesenews.it\/#\/schema\/person\/image\/","url":"https:\/\/staging.varesenews.it\/wp-content\/uploads\/2020\/12\/damiano_franzetti_colori_500.jpg","contentUrl":"https:\/\/staging.varesenews.it\/wp-content\/uploads\/2020\/12\/damiano_franzetti_colori_500.jpg","caption":"Damiano Franzetti"},"description":"Classe 1976, una laurea (nel cassetto) in scienze e tecnologie alimentari; sono giornalista professionista dal 2009 nato e cresciuto con VareseNews dove mi occupo soprattutto di sport ormai da vent&rsquo;anni. Inviato sui campi (sulle piste, sulle strade...), intervistatore, coordinatore e responsabile delle pagine sportive, mi ritaglio volentieri lo spazio per scrivere di birra sul blog Malto Gradimento. Ho seguito innumerevoli campionati di Serie A di basket, di serie B di calcio, due Mondiali di ciclismo, qualche Giro d&rsquo;;Italia e tanto altro ancora. Collaboro con Tuttosport e altre testate, mi diletto di social. Ho una moglie, un figlio, vivo nella mia Gemonio e ho purtroppo smesso con il basket giocato. &nbsp;","sameAs":["damianofranz","https:\/\/www.linkedin.com\/profile\/view?id=241597124&trk=nav_responsive_tab_profile","https:\/\/twitter.com\/damianofranz"],"url":"https:\/\/staging.varesenews.it\/persona\/damiano_franzetti-2\/"}]}},"post_meta":{"_edit_lock":"1427812493:38","_edit_last":"38","ratings_users":"0","ratings_score":"0","ratings_average":"0","wdfb_og_title":"","wdfb_og_type":"","wdfb_og_description":"","wdfb_og_images":"a:1:{i:0;s:0:\"\";}","wdfb_og_custom_name":"a:1:{i:0;s:0:\"\";}","wdfb_og_custom_value":"a:1:{i:0;s:0:\"\";}","foto":"443575","argomento":"Libri","_yoast_wpseo_focuskw":"Barabino","_yoast_wpseo_title":"Gi\u00f2 Barabino guerra con Amen","_yoast_wpseo_metadesc":"L'editore ligure \"Il canneto\" ha ristampato il romanzo storico dello scrittore che vive tra Gemonio e Genova. Protagonista \"Amen\" Bertolati, che incrocia la sua vicenda con quella del generale Von Senger","_yoast_wpseo_linkdex":"76"},"photos":[{"original":"https:\/\/staging.varesenews.it\/photogallery_new\/images\/2015\/03\/gi-barabino-gemonio-scrittore-libri-443575.jpg","full":"https:\/\/staging.varesenews.it\/photogallery_new\/images\/2015\/03\/gi-barabino-gemonio-scrittore-libri-443575.1024x768.jpg","large":"https:\/\/staging.varesenews.it\/photogallery_new\/images\/2015\/03\/gi-barabino-gemonio-scrittore-libri-443575.610x431.jpg"}],"_links":{"self":[{"href":"https:\/\/staging.varesenews.it\/swgapi\/v1\/wp\/v2\/posts\/358976"}],"collection":[{"href":"https:\/\/staging.varesenews.it\/swgapi\/v1\/wp\/v2\/posts"}],"about":[{"href":"https:\/\/staging.varesenews.it\/swgapi\/v1\/wp\/v2\/types\/post"}],"author":[{"embeddable":true,"href":"https:\/\/staging.varesenews.it\/swgapi\/v1\/wp\/v2\/users\/38"}],"replies":[{"embeddable":true,"href":"https:\/\/staging.varesenews.it\/swgapi\/v1\/wp\/v2\/comments?post=358976"}],"version-history":[{"count":0,"href":"https:\/\/staging.varesenews.it\/swgapi\/v1\/wp\/v2\/posts\/358976\/revisions"}],"wp:attachment":[{"href":"https:\/\/staging.varesenews.it\/swgapi\/v1\/wp\/v2\/media?parent=358976"}],"wp:term":[{"taxonomy":"category","embeddable":true,"href":"https:\/\/staging.varesenews.it\/swgapi\/v1\/wp\/v2\/categories?post=358976"},{"taxonomy":"post_tag","embeddable":true,"href":"https:\/\/staging.varesenews.it\/swgapi\/v1\/wp\/v2\/tags?post=358976"}],"curies":[{"name":"wp","href":"https:\/\/api.w.org\/{rel}","templated":true}]}}