{"id":359770,"date":"2015-04-02T15:00:56","date_gmt":"2015-04-02T13:00:56","guid":{"rendered":"http:\/\/www.varesenews.it\/?p=359770"},"modified":"2015-04-07T18:42:02","modified_gmt":"2015-04-07T16:42:02","slug":"sostenete-il-cluster-aerospaziale","status":"publish","type":"post","link":"https:\/\/staging.varesenews.it\/2015\/04\/sostenete-il-cluster-aerospaziale\/359770\/","title":{"rendered":"Sostenete il cluster aerospaziale"},"content":{"rendered":"<p>\u201cGrande \u00e8 la confusione sotto il cielo, perci\u00f2 la situazione \u00e8 favorevole&#8221; diceva\u00a0<strong>Mao Tse Tung<\/strong>. Ma sotto il cielo\u00a0<strong>dell\u2019Alenia Aermacchi e del Cluster aerospaziale lombardo<\/strong>\u00a0non c\u2019\u00e8 confusione, anzi. Il\u00a0<strong>fatturato<\/strong>tocca il suo livello storico<strong>\u00a0a quota 4,9 miliardi di euro<\/strong>,\u00a0<strong>aumentano gli occupati,\u00a0<\/strong><strong>15.800<\/strong>\u00a0in totale,\u00a0<strong>l\u2019export<\/strong>\u00a0continua a tirare, posizionando la\u00a0<strong>Lombardia<\/strong>\u00a0al primo posto in Italia con\u00a0<strong>1,9 miliardi di euro (34%)<\/strong>. Eppure\u00a0<strong>Carmelo Cosentino,<\/strong>\u00a0presidente dell\u2019<strong>Aerospace Cluster Lombardy<\/strong>, lancia dagli stabilimenti dell\u2019Alenia Aermacchi di Venegono Superiore, di cui \u00e8 stato vicepresidente, un appello alle<strong>istituzioni e alla politica<\/strong>: il\u00a0<strong>cluster va sostenuto.<br \/>\n<\/strong><br \/>\nLa preoccupazione \u00e8 giustificata dalle prospettive condizionate dai tagli alla spesa e a qualche opportunit\u00e0 mancata, come ad esempio quella degl<strong>i F35<\/strong>, che poco hanno portato alle piccole imprese. Il pensiero di Cosentino va proprio alle tante\u00a0<strong>pmi<\/strong>\u00a0del\u00a0<strong>distretto<\/strong>, molte delle quali ancora ad alta manualit\u00e0. Se oggi si esporta molto, vuol dire che la tecnologia delle imprese del settore \u00e8 adeguata ma rischia di diventare obsoleta in poco tempo. \u00abQuindi &#8211; dice Cosentino &#8211; bisogna crederci e svilupparsi stando al passo con i tempi\u00bb. E il ruolo del cluster, con i suoi\u00a0<strong>focus<\/strong>, serve proprio per mantenere\u00a0<strong>alto il livello di conoscenza e competenza<\/strong>\u00a0facendo collaborare le grandi imprese, tra cui\u00a0<strong>AgustaWestland e Alenia Aermacchi<\/strong>, con le piccole.<\/p>\n<p><strong>Non sedersi sugli allori<\/strong>\u00a0\u00e8 gi\u00e0 un buon punto di partenza ma non basta. L\u2019aerospazio ha bisogno di investimenti e visione, perch\u00e9 \u00e8 un settore strategico in tutti i sensi, cos\u00ec strategico che\u00a0<strong>Guido Crosetto (foto sopra),<\/strong>\u00a0presidente di\u00a0<strong>Aiad<\/strong>\u00a0(Federazione delle aziende italiane per l\u2019aerospazio, la difesa e la sicurezza), lo definisce \u00ab<strong>uno strumento straordinario di politica estera<\/strong>\u00bb. Il ragionamento del \u201c<strong>fratello d\u2019Italia<\/strong>\u201d \u00e8 il seguente:\u00a0<strong>se vuoi vendere aerei nel mondo devi avere dietro uno Stato che ti supporta<\/strong>, come succede negli\u00a0<strong>Usa, in Francia o in Germania<\/strong>, e anche un consenso interno al tuo Paese. Pare che i Sauditi, prima di far saltare la trattativa per una fornitura di addestratori italiani, abbiano chiesto ai nostri rappresentanti il motivo per cui l\u2019aeronautica nostrana non li impiegasse.\u00a0\u00abPer chiudere un contratto &#8211; spiega Crosetto &#8211; la tecnologia non basta,\u00a0<strong>serve la politica<\/strong>. Il nostro \u00e8 un lavoro culturalmente difficile in quanto il problema non \u00e8 spiegarlo ai governi ma a chi li vota, perch\u00e9 usciti da qui noi che parliamo di armi e di difesa siamo percepiti come una cosa sporca\u00bb.<\/p>\n<p>Il \u201c<strong>Lombardia Aerospace Cluster Day<\/strong>\u201d \u00e8 anche l&#8217;occasione per\u00a0Cosentino di ringraziare la<strong>\u00a0Camera di Commercio di Varese e la Regione Lombardia<\/strong>\u00a0per il sostegno ricevuto, ma sottolinea che nella\u00a0<strong>genesi del cluster\u00a0<\/strong>\u00e8 stato ed \u00e8 tuttora fondamentale il ruolo giocato da\u00a0<strong>Univa,\u00a0<\/strong>dove ha la sua\u00a0<strong>sede operativa<\/strong>. \u00abDa tempo auspichiamo &#8211; ha detto il presidente &#8211; una maggiore attenzione e coordinamento da parte dei ministeri che pi\u00f9 ci riguardano:\u00a0<strong>Miur, Mise e Difesa<\/strong>. Serve una cabina di regia super partes\u00bb. In attesa che il regista si organizzi, il cluster continua nella sua opera di portavoce e amplificatore dei progetti da diffondere nel tessuto industriale del distretto, ma per farlo ha bisogno di alleati forti a livello regionale e nazionale.<\/p>\n<p><strong>Maroni<\/strong>, che quando parla dell\u2019ammiraglia di\u00a0<strong>Finmeccanica<\/strong>\u00a0la chiama affettuosamente\u00a0<strong>\u00abla Macchi\u00bb<\/strong>, precisa che la Lombardia ha una naturale vocazione all\u2019innovazione e al futuro. \u00abLa Regione per favorire la ricerca e sviluppo &#8211; ha detto il presidente &#8211; nonostante i tagli del Governo ha preso dieci iniziative stanziando\u00a0<strong>470 milioni di euro<\/strong>, calcolando che questo stanziamento puo\u2019 attrarre investimenti complessivi alle imprese superiori al miliardo di euro. Abbiamo iniziato il 28 gennaio con una linea ricerca e sviluppo per le pmi di\u00a0<strong>30 milioni<\/strong>, ad oggi sono gi\u00e0 pervenute domande per il 20% di questa dotazione\u00bb.<br \/>\nSulla proposta di\u00a0<strong>Cosentino<\/strong>\u00a0di creare un polo di addestramento al volo su ala fissa a\u00a0<strong>Venegono, Maroni<\/strong>si dice d\u2019accordo. \u00abVisti i tempi &#8211; ha chiosato ironicamente il presidente della Regione &#8211; sarebbe meglio un sostegno gratuito, ma se proprio servono risorse&#8230;\u00bb.<\/p>\n","protected":false},"excerpt":{"rendered":"<p>Il presidente Carmelo Cosentino dagli stabilimenti di Alenia Aermacchi, dove si \u00e8 tenuta l&#8217;assemblea delle aziende del distretto, rivolge un appello a politica e istituzioni. \u00abServe una maggiore attenzione e coordinamento da parte dei ministeri Miur, Mise e Difesa e una cabina di regia super partes\u00bb<\/p>\n","protected":false},"author":45,"featured_media":0,"comment_status":"open","ping_status":"open","sticky":false,"template":"","format":"standard","meta":{"footnotes":""},"categories":[15],"tags":[3225,4179,45533,2590],"acf":[],"yoast_head":"<!-- This site is optimized with the Yoast SEO plugin v20.1 - https:\/\/yoast.com\/wordpress\/plugins\/seo\/ -->\n<title>assemblea all&#039;Alenia Aermacchi cluster aerospaziale lombardo<\/title>\n<meta name=\"description\" content=\"appello cosentino cluster aerospaziale lombardo\" \/>\n<meta name=\"robots\" content=\"noindex, follow, max-snippet:-1, max-image-preview:large, max-video-preview:-1\" \/>\n<meta property=\"og:locale\" content=\"it_IT\" \/>\n<meta property=\"og:type\" content=\"article\" \/>\n<meta property=\"og:title\" content=\"assemblea all&#039;Alenia Aermacchi cluster aerospaziale lombardo\" \/>\n<meta property=\"og:description\" content=\"appello cosentino cluster aerospaziale lombardo\" \/>\n<meta property=\"og:url\" content=\"https:\/\/staging.varesenews.it\/2015\/04\/sostenete-il-cluster-aerospaziale\/359770\/\" \/>\n<meta property=\"og:site_name\" content=\"VareseNews\" \/>\n<meta property=\"article:publisher\" content=\"https:\/\/www.facebook.com\/varesenews\" \/>\n<meta property=\"article:author\" content=\"https:\/\/www.facebook.com\/michele.mancino.5\" \/>\n<meta property=\"article:published_time\" content=\"2015-04-02T13:00:56+00:00\" \/>\n<meta property=\"article:modified_time\" content=\"2015-04-07T16:42:02+00:00\" \/>\n<meta name=\"author\" content=\"Michele Mancino\" \/>\n<meta name=\"twitter:card\" content=\"summary_large_image\" \/>\n<meta name=\"twitter:creator\" content=\"@micmancio\" \/>\n<meta name=\"twitter:site\" content=\"@varesenews\" \/>\n<meta name=\"twitter:label1\" content=\"Scritto da\" \/>\n\t<meta name=\"twitter:data1\" content=\"Michele Mancino\" \/>\n\t<meta name=\"twitter:label2\" content=\"Tempo di lettura stimato\" \/>\n\t<meta name=\"twitter:data2\" content=\"3 minuti\" \/>\n<script type=\"application\/ld+json\" class=\"yoast-schema-graph\">{\"@context\":\"https:\/\/schema.org\",\"@graph\":[{\"@type\":\"WebPage\",\"@id\":\"https:\/\/staging.varesenews.it\/2015\/04\/sostenete-il-cluster-aerospaziale\/359770\/\",\"url\":\"https:\/\/staging.varesenews.it\/2015\/04\/sostenete-il-cluster-aerospaziale\/359770\/\",\"name\":\"assemblea all'Alenia Aermacchi cluster aerospaziale lombardo\",\"isPartOf\":{\"@id\":\"https:\/\/staging.varesenews.it\/#website\"},\"datePublished\":\"2015-04-02T13:00:56+00:00\",\"dateModified\":\"2015-04-07T16:42:02+00:00\",\"author\":{\"@id\":\"https:\/\/staging.varesenews.it\/#\/schema\/person\/308b491d3cb680ead199e5ff6c6ce540\"},\"description\":\"appello cosentino cluster aerospaziale lombardo\",\"breadcrumb\":{\"@id\":\"https:\/\/staging.varesenews.it\/2015\/04\/sostenete-il-cluster-aerospaziale\/359770\/#breadcrumb\"},\"inLanguage\":\"it-IT\",\"potentialAction\":[{\"@type\":\"ReadAction\",\"target\":[\"https:\/\/staging.varesenews.it\/2015\/04\/sostenete-il-cluster-aerospaziale\/359770\/\"]}]},{\"@type\":\"BreadcrumbList\",\"@id\":\"https:\/\/staging.varesenews.it\/2015\/04\/sostenete-il-cluster-aerospaziale\/359770\/#breadcrumb\",\"itemListElement\":[{\"@type\":\"ListItem\",\"position\":1,\"name\":\"Home\",\"item\":\"https:\/\/www.varesenews.it\/\"},{\"@type\":\"ListItem\",\"position\":2,\"name\":\"Sostenete il cluster aerospaziale\"}]},{\"@type\":\"WebSite\",\"@id\":\"https:\/\/staging.varesenews.it\/#website\",\"url\":\"https:\/\/staging.varesenews.it\/\",\"name\":\"VareseNews\",\"description\":\"\",\"potentialAction\":[{\"@type\":\"SearchAction\",\"target\":{\"@type\":\"EntryPoint\",\"urlTemplate\":\"https:\/\/staging.varesenews.it\/?s={search_term_string}\"},\"query-input\":\"required name=search_term_string\"}],\"inLanguage\":\"it-IT\"},{\"@type\":\"Person\",\"@id\":\"https:\/\/staging.varesenews.it\/#\/schema\/person\/308b491d3cb680ead199e5ff6c6ce540\",\"name\":\"Michele Mancino\",\"image\":{\"@type\":\"ImageObject\",\"inLanguage\":\"it-IT\",\"@id\":\"https:\/\/staging.varesenews.it\/#\/schema\/person\/image\/\",\"url\":\"https:\/\/staging.varesenews.it\/wp-content\/uploads\/2020\/12\/michele_mancino_colori_500.jpg\",\"contentUrl\":\"https:\/\/staging.varesenews.it\/wp-content\/uploads\/2020\/12\/michele_mancino_colori_500.jpg\",\"caption\":\"Michele Mancino\"},\"description\":\"Sono a VareseNews da prima che nascesse. Ho inserito le prime notizie in una stringa di codice html, la lingua di internet. Aprivo i computer, cambiavo schede di rete e portavo i server dal provider. A met&agrave; degli anni &rsquo;90 il giornalista online doveva saper fare anche questo. Ho vissuto gli anni drammatici della bolla speculativa di Internet e quelli entusiastici della crescita, anni in cui VareseNews era un Davide in mezzo a tanti Golia. Poi sono arrivati i social, le nuove piattaforme e soprattutto gli smartphone, una postazione di lavoro racchiusa in una mano. Una nuova rivoluzione. Insomma, &egrave; stata, ed &egrave; ancora, un&rsquo;avventura entusiasmante perch&eacute; mi insegna giorno dopo giorno che il cambiamento &egrave; l&rsquo;unica certezza di questa fragile esistenza.\",\"sameAs\":[\"https:\/\/www.facebook.com\/michele.mancino.5\",\"micmancio\",\"Aggiorna le impostazioni del tuo profilo pubblicoit.linkedin.com\/pub\/michele-mancino\/28\/b71\/890\/it\",\"https:\/\/twitter.com\/micmancio\"],\"url\":\"https:\/\/staging.varesenews.it\/persona\/michele_mancino\/\"}]}<\/script>\n<!-- \/ Yoast SEO plugin. -->","yoast_head_json":{"title":"assemblea all'Alenia Aermacchi cluster aerospaziale lombardo","description":"appello cosentino cluster aerospaziale lombardo","robots":{"index":"noindex","follow":"follow","max-snippet":"max-snippet:-1","max-image-preview":"max-image-preview:large","max-video-preview":"max-video-preview:-1"},"og_locale":"it_IT","og_type":"article","og_title":"assemblea all'Alenia Aermacchi cluster aerospaziale lombardo","og_description":"appello cosentino cluster aerospaziale lombardo","og_url":"https:\/\/staging.varesenews.it\/2015\/04\/sostenete-il-cluster-aerospaziale\/359770\/","og_site_name":"VareseNews","article_publisher":"https:\/\/www.facebook.com\/varesenews","article_author":"https:\/\/www.facebook.com\/michele.mancino.5","article_published_time":"2015-04-02T13:00:56+00:00","article_modified_time":"2015-04-07T16:42:02+00:00","author":"Michele Mancino","twitter_card":"summary_large_image","twitter_creator":"@micmancio","twitter_site":"@varesenews","twitter_misc":{"Scritto da":"Michele Mancino","Tempo di lettura stimato":"3 minuti"},"schema":{"@context":"https:\/\/schema.org","@graph":[{"@type":"WebPage","@id":"https:\/\/staging.varesenews.it\/2015\/04\/sostenete-il-cluster-aerospaziale\/359770\/","url":"https:\/\/staging.varesenews.it\/2015\/04\/sostenete-il-cluster-aerospaziale\/359770\/","name":"assemblea all'Alenia Aermacchi cluster aerospaziale lombardo","isPartOf":{"@id":"https:\/\/staging.varesenews.it\/#website"},"datePublished":"2015-04-02T13:00:56+00:00","dateModified":"2015-04-07T16:42:02+00:00","author":{"@id":"https:\/\/staging.varesenews.it\/#\/schema\/person\/308b491d3cb680ead199e5ff6c6ce540"},"description":"appello cosentino cluster aerospaziale lombardo","breadcrumb":{"@id":"https:\/\/staging.varesenews.it\/2015\/04\/sostenete-il-cluster-aerospaziale\/359770\/#breadcrumb"},"inLanguage":"it-IT","potentialAction":[{"@type":"ReadAction","target":["https:\/\/staging.varesenews.it\/2015\/04\/sostenete-il-cluster-aerospaziale\/359770\/"]}]},{"@type":"BreadcrumbList","@id":"https:\/\/staging.varesenews.it\/2015\/04\/sostenete-il-cluster-aerospaziale\/359770\/#breadcrumb","itemListElement":[{"@type":"ListItem","position":1,"name":"Home","item":"https:\/\/www.varesenews.it\/"},{"@type":"ListItem","position":2,"name":"Sostenete il cluster aerospaziale"}]},{"@type":"WebSite","@id":"https:\/\/staging.varesenews.it\/#website","url":"https:\/\/staging.varesenews.it\/","name":"VareseNews","description":"","potentialAction":[{"@type":"SearchAction","target":{"@type":"EntryPoint","urlTemplate":"https:\/\/staging.varesenews.it\/?s={search_term_string}"},"query-input":"required name=search_term_string"}],"inLanguage":"it-IT"},{"@type":"Person","@id":"https:\/\/staging.varesenews.it\/#\/schema\/person\/308b491d3cb680ead199e5ff6c6ce540","name":"Michele Mancino","image":{"@type":"ImageObject","inLanguage":"it-IT","@id":"https:\/\/staging.varesenews.it\/#\/schema\/person\/image\/","url":"https:\/\/staging.varesenews.it\/wp-content\/uploads\/2020\/12\/michele_mancino_colori_500.jpg","contentUrl":"https:\/\/staging.varesenews.it\/wp-content\/uploads\/2020\/12\/michele_mancino_colori_500.jpg","caption":"Michele Mancino"},"description":"Sono a VareseNews da prima che nascesse. Ho inserito le prime notizie in una stringa di codice html, la lingua di internet. Aprivo i computer, cambiavo schede di rete e portavo i server dal provider. A met&agrave; degli anni &rsquo;90 il giornalista online doveva saper fare anche questo. Ho vissuto gli anni drammatici della bolla speculativa di Internet e quelli entusiastici della crescita, anni in cui VareseNews era un Davide in mezzo a tanti Golia. Poi sono arrivati i social, le nuove piattaforme e soprattutto gli smartphone, una postazione di lavoro racchiusa in una mano. Una nuova rivoluzione. Insomma, &egrave; stata, ed &egrave; ancora, un&rsquo;avventura entusiasmante perch&eacute; mi insegna giorno dopo giorno che il cambiamento &egrave; l&rsquo;unica certezza di questa fragile esistenza.","sameAs":["https:\/\/www.facebook.com\/michele.mancino.5","micmancio","Aggiorna le impostazioni del tuo profilo pubblicoit.linkedin.com\/pub\/michele-mancino\/28\/b71\/890\/it","https:\/\/twitter.com\/micmancio"],"url":"https:\/\/staging.varesenews.it\/persona\/michele_mancino\/"}]}},"post_meta":{"_edit_lock":"1428424923:45","_edit_last":"45","ratings_users":"0","ratings_score":"0","ratings_average":"0","wdfb_og_title":"","wdfb_og_type":"","wdfb_og_description":"","wdfb_og_images":"a:1:{i:0;s:0:\"\";}","wdfb_og_custom_name":"a:1:{i:0;s:0:\"\";}","wdfb_og_custom_value":"a:1:{i:0;s:0:\"\";}","foto":"444119","argomento":"economia","_yoast_wpseo_focuskw":"cluster","_yoast_wpseo_title":"assemblea all'Alenia Aermacchi cluster aerospaziale lombardo","_yoast_wpseo_metadesc":"appello cosentino cluster aerospaziale lombardo","_yoast_wpseo_linkdex":"84"},"photos":[{"original":"https:\/\/staging.varesenews.it\/photogallery_new\/images\/2015\/04\/cluster-aerospaziale-lombardo-444119.jpg","full":"https:\/\/staging.varesenews.it\/photogallery_new\/images\/2015\/04\/cluster-aerospaziale-lombardo-444119.1024x768.jpg","large":"https:\/\/staging.varesenews.it\/photogallery_new\/images\/2015\/04\/cluster-aerospaziale-lombardo-444119.610x431.jpg"}],"_links":{"self":[{"href":"https:\/\/staging.varesenews.it\/swgapi\/v1\/wp\/v2\/posts\/359770"}],"collection":[{"href":"https:\/\/staging.varesenews.it\/swgapi\/v1\/wp\/v2\/posts"}],"about":[{"href":"https:\/\/staging.varesenews.it\/swgapi\/v1\/wp\/v2\/types\/post"}],"author":[{"embeddable":true,"href":"https:\/\/staging.varesenews.it\/swgapi\/v1\/wp\/v2\/users\/45"}],"replies":[{"embeddable":true,"href":"https:\/\/staging.varesenews.it\/swgapi\/v1\/wp\/v2\/comments?post=359770"}],"version-history":[{"count":0,"href":"https:\/\/staging.varesenews.it\/swgapi\/v1\/wp\/v2\/posts\/359770\/revisions"}],"wp:attachment":[{"href":"https:\/\/staging.varesenews.it\/swgapi\/v1\/wp\/v2\/media?parent=359770"}],"wp:term":[{"taxonomy":"category","embeddable":true,"href":"https:\/\/staging.varesenews.it\/swgapi\/v1\/wp\/v2\/categories?post=359770"},{"taxonomy":"post_tag","embeddable":true,"href":"https:\/\/staging.varesenews.it\/swgapi\/v1\/wp\/v2\/tags?post=359770"}],"curies":[{"name":"wp","href":"https:\/\/api.w.org\/{rel}","templated":true}]}}