{"id":359942,"date":"2015-04-08T16:05:17","date_gmt":"2015-04-08T14:05:17","guid":{"rendered":"http:\/\/www.varesenews.it\/?p=359942"},"modified":"2015-04-08T16:08:32","modified_gmt":"2015-04-08T14:08:32","slug":"nuova-sede-per-il-pronto-soccorso-ortopedico","status":"publish","type":"post","link":"https:\/\/staging.varesenews.it\/2015\/04\/nuova-sede-per-il-pronto-soccorso-ortopedico\/359942\/","title":{"rendered":"Nuova sede per il pronto soccorso ortopedico"},"content":{"rendered":"<p class=\"p1\">\u00c8 finita l&#8217;era dei percorsi a ostacoli per quanti si rivolgono al <b>pronto soccorso ortopedico dell&#8217;ospedale di Gallarate.<\/b> Da qualche tempo, infatti, la<b> zona gessi e la sala d&#8217;attesa <\/b>hanno trovato una collocazione <b>al piano terra<\/b>, proprio di fianco alla <b>radiologia<\/b> che, a sua volta, \u00e8 stata separata da una porta apribile a chiamata.<\/p>\n<p class=\"p1\">Lo ha spiegato il <b>direttore generale dell&#8217;azienda ospedaliera Humberto Pontoni<\/b>, che ha messo in rilievo i benefici per una presa in carico pi\u00f9 veloce dei pazienti ma anche una migliore gestione medica di ogni singolo caso. Anche la <b>radiologia<\/b> \u00e8 stata innovata profondamente sia quanto a macchinari, presto arriver\u00e0 un nuovo ecografo di fascia medio alta mentre \u00e8 in finzione un macchinario radiologico di buona qualit\u00e0. L&#8217;importo economico dei lavori di riqualificazione e acquisto della nuova strumentazione diagnostica ammonta a<b> 235.000 euro. <img decoding=\"async\" loading=\"lazy\" fetchpriority=\"low\" width=\"610\" height=\"431\" src=\"https:\/\/staging.varesenews.it\/photogallery_new\/images\/2015\/04\/pronto-soccorso-di-gallarate-radiologia-444186.610x431.jpg\" alt=\"pronto soccorso di gallarate, radiologia\"><\/b><\/p>\n<p class=\"p3\">Lo scorso anno, il pronto soccorso ha registraro 3167 accessi ci cui almeno una cinquantina hanno registrato problemi ortopedici: \u00ab Si tratta soprattutto di anziani &#8211; ha spiegato il dottor<strong> Angelantonio Pascazio<\/strong> responsabile dell&#8217;ortopedia e traumatologia &#8211; e almeno abbiamo due o tre ricoveri quotidianamente che vanno sottoposti a intervento\u00bb.<\/p>\n<p class=\"p3\">Sul fronte delle innovazioni del PS, sembrano allungarsi i tempi della pubblicazione in tempo reale on line dei tempi di attesa . Nonostante la raccomandazione dell&#8217;Asl diretta a tutte e tre le aziende ospedaliere, solo Varese si \u00e8 adeguato implementando le sua informazioni in internet: \u00ab Sicuramente \u00e8 un vantaggio per l&#8217;utente &#8211; ha confermato il direttore Pontoni &#8211; purtroppo dobbiamo ancora reperire le risorse per dotarci del software che permette questa informazione. Purtroppo non \u00e8 una spesa di poco conto e, in questo momento, non possiamo permettercela\u00bb.<\/p>\n","protected":false},"excerpt":{"rendered":"<p>Sono stati collocati al piano terra, di fianco alla radiologia, gli ambulatori, la sala d&#8217;attesa e la sala gessi un tempo raggiungibili con l&#8217;ascensore. Tempi lunghi per il controllo on line dei tempi d&#8217;attesa in PS<\/p>\n","protected":false},"author":33,"featured_media":0,"comment_status":"open","ping_status":"open","sticky":false,"template":"","format":"standard","meta":{"footnotes":""},"categories":[3,24,1],"tags":[696,11475],"acf":[],"yoast_head":"<!-- This site is optimized with the Yoast SEO plugin v20.1 - https:\/\/yoast.com\/wordpress\/plugins\/seo\/ -->\n<title>Nuova sede per il pronto soccorso ortopedico<\/title>\n<meta name=\"description\" content=\"Ambulatori e sala gessi sono stati trasferiti al piano terreno di fianco alla radiologia\" \/>\n<meta name=\"robots\" content=\"noindex, follow, max-snippet:-1, max-image-preview:large, max-video-preview:-1\" \/>\n<meta property=\"og:locale\" content=\"it_IT\" \/>\n<meta property=\"og:type\" content=\"article\" \/>\n<meta property=\"og:title\" content=\"Nuova sede per il pronto soccorso ortopedico\" \/>\n<meta property=\"og:description\" content=\"Ambulatori e sala gessi sono stati trasferiti al piano terreno di fianco alla radiologia\" \/>\n<meta property=\"og:url\" content=\"https:\/\/www.varesenews.it\/2015\/04\/nuova-sede-per-il-pronto-soccorso-ortopedico\/359942\/\" \/>\n<meta property=\"og:site_name\" content=\"VareseNews\" \/>\n<meta property=\"article:publisher\" content=\"https:\/\/www.facebook.com\/varesenews\" \/>\n<meta property=\"article:author\" content=\"alessandra.toni7\" \/>\n<meta property=\"article:published_time\" content=\"2015-04-08T14:05:17+00:00\" \/>\n<meta property=\"article:modified_time\" content=\"2015-04-08T14:08:32+00:00\" \/>\n<meta name=\"author\" content=\"Alessandra Toni\" \/>\n<meta name=\"twitter:card\" content=\"summary_large_image\" \/>\n<meta name=\"twitter:creator\" content=\"@alessandra_toni\" \/>\n<meta name=\"twitter:site\" content=\"@varesenews\" \/>\n<meta name=\"twitter:label1\" content=\"Scritto da\" \/>\n\t<meta name=\"twitter:data1\" content=\"Alessandra Toni\" \/>\n\t<meta name=\"twitter:label2\" content=\"Tempo di lettura stimato\" \/>\n\t<meta name=\"twitter:data2\" content=\"1 minuto\" \/>\n<script type=\"application\/ld+json\" class=\"yoast-schema-graph\">{\"@context\":\"https:\/\/schema.org\",\"@graph\":[{\"@type\":\"WebPage\",\"@id\":\"https:\/\/www.varesenews.it\/2015\/04\/nuova-sede-per-il-pronto-soccorso-ortopedico\/359942\/\",\"url\":\"https:\/\/www.varesenews.it\/2015\/04\/nuova-sede-per-il-pronto-soccorso-ortopedico\/359942\/\",\"name\":\"Nuova sede per il pronto soccorso ortopedico\",\"isPartOf\":{\"@id\":\"https:\/\/staging.varesenews.it\/#website\"},\"datePublished\":\"2015-04-08T14:05:17+00:00\",\"dateModified\":\"2015-04-08T14:08:32+00:00\",\"author\":{\"@id\":\"https:\/\/staging.varesenews.it\/#\/schema\/person\/2643ce123d4a3c9511e015dc548779b8\"},\"description\":\"Ambulatori e sala gessi sono stati trasferiti al piano terreno di fianco alla radiologia\",\"breadcrumb\":{\"@id\":\"https:\/\/www.varesenews.it\/2015\/04\/nuova-sede-per-il-pronto-soccorso-ortopedico\/359942\/#breadcrumb\"},\"inLanguage\":\"it-IT\",\"potentialAction\":[{\"@type\":\"ReadAction\",\"target\":[\"https:\/\/www.varesenews.it\/2015\/04\/nuova-sede-per-il-pronto-soccorso-ortopedico\/359942\/\"]}]},{\"@type\":\"BreadcrumbList\",\"@id\":\"https:\/\/www.varesenews.it\/2015\/04\/nuova-sede-per-il-pronto-soccorso-ortopedico\/359942\/#breadcrumb\",\"itemListElement\":[{\"@type\":\"ListItem\",\"position\":1,\"name\":\"Home\",\"item\":\"https:\/\/www.varesenews.it\/\"},{\"@type\":\"ListItem\",\"position\":2,\"name\":\"Nuova sede per il pronto soccorso ortopedico\"}]},{\"@type\":\"WebSite\",\"@id\":\"https:\/\/staging.varesenews.it\/#website\",\"url\":\"https:\/\/staging.varesenews.it\/\",\"name\":\"VareseNews\",\"description\":\"\",\"potentialAction\":[{\"@type\":\"SearchAction\",\"target\":{\"@type\":\"EntryPoint\",\"urlTemplate\":\"https:\/\/staging.varesenews.it\/?s={search_term_string}\"},\"query-input\":\"required name=search_term_string\"}],\"inLanguage\":\"it-IT\"},{\"@type\":\"Person\",\"@id\":\"https:\/\/staging.varesenews.it\/#\/schema\/person\/2643ce123d4a3c9511e015dc548779b8\",\"name\":\"Alessandra Toni\",\"image\":{\"@type\":\"ImageObject\",\"inLanguage\":\"it-IT\",\"@id\":\"https:\/\/staging.varesenews.it\/#\/schema\/person\/image\/\",\"url\":\"https:\/\/staging.varesenews.it\/wp-content\/uploads\/2020\/12\/alessandra_toni_colori_500.jpg\",\"contentUrl\":\"https:\/\/staging.varesenews.it\/wp-content\/uploads\/2020\/12\/alessandra_toni_colori_500.jpg\",\"caption\":\"Alessandra Toni\"},\"description\":\"Sono entrata nella redazione di VareseNews nel lontano anno 2000. Ero reduce da una bellissima esperienza nella redazione giornalistica della TV Nuova Antennatre, sotto la direzione dell'indimenticabile direttore Adolfo Caldarini. Sono arrivata quando era ancora una piccola realt\u00e0 editoriale e insieme abbiamo fatto un lungo ed entusiasmante lavoro. Mi occupo prevalentemente di scuola e di sanit\u00e0, settori impegnativi di grande valore sociale.\u00a0\",\"sameAs\":[\"alessandra.toni7\",\"alessandra.toni\",\"https:\/\/twitter.com\/alessandra_toni\"],\"url\":\"https:\/\/staging.varesenews.it\/persona\/alessandra_toni1\/\"}]}<\/script>\n<!-- \/ Yoast SEO plugin. -->","yoast_head_json":{"title":"Nuova sede per il pronto soccorso ortopedico","description":"Ambulatori e sala gessi sono stati trasferiti al piano terreno di fianco alla radiologia","robots":{"index":"noindex","follow":"follow","max-snippet":"max-snippet:-1","max-image-preview":"max-image-preview:large","max-video-preview":"max-video-preview:-1"},"og_locale":"it_IT","og_type":"article","og_title":"Nuova sede per il pronto soccorso ortopedico","og_description":"Ambulatori e sala gessi sono stati trasferiti al piano terreno di fianco alla radiologia","og_url":"https:\/\/www.varesenews.it\/2015\/04\/nuova-sede-per-il-pronto-soccorso-ortopedico\/359942\/","og_site_name":"VareseNews","article_publisher":"https:\/\/www.facebook.com\/varesenews","article_author":"alessandra.toni7","article_published_time":"2015-04-08T14:05:17+00:00","article_modified_time":"2015-04-08T14:08:32+00:00","author":"Alessandra Toni","twitter_card":"summary_large_image","twitter_creator":"@alessandra_toni","twitter_site":"@varesenews","twitter_misc":{"Scritto da":"Alessandra Toni","Tempo di lettura stimato":"1 minuto"},"schema":{"@context":"https:\/\/schema.org","@graph":[{"@type":"WebPage","@id":"https:\/\/www.varesenews.it\/2015\/04\/nuova-sede-per-il-pronto-soccorso-ortopedico\/359942\/","url":"https:\/\/www.varesenews.it\/2015\/04\/nuova-sede-per-il-pronto-soccorso-ortopedico\/359942\/","name":"Nuova sede per il pronto soccorso ortopedico","isPartOf":{"@id":"https:\/\/staging.varesenews.it\/#website"},"datePublished":"2015-04-08T14:05:17+00:00","dateModified":"2015-04-08T14:08:32+00:00","author":{"@id":"https:\/\/staging.varesenews.it\/#\/schema\/person\/2643ce123d4a3c9511e015dc548779b8"},"description":"Ambulatori e sala gessi sono stati trasferiti al piano terreno di fianco alla radiologia","breadcrumb":{"@id":"https:\/\/www.varesenews.it\/2015\/04\/nuova-sede-per-il-pronto-soccorso-ortopedico\/359942\/#breadcrumb"},"inLanguage":"it-IT","potentialAction":[{"@type":"ReadAction","target":["https:\/\/www.varesenews.it\/2015\/04\/nuova-sede-per-il-pronto-soccorso-ortopedico\/359942\/"]}]},{"@type":"BreadcrumbList","@id":"https:\/\/www.varesenews.it\/2015\/04\/nuova-sede-per-il-pronto-soccorso-ortopedico\/359942\/#breadcrumb","itemListElement":[{"@type":"ListItem","position":1,"name":"Home","item":"https:\/\/www.varesenews.it\/"},{"@type":"ListItem","position":2,"name":"Nuova sede per il pronto soccorso ortopedico"}]},{"@type":"WebSite","@id":"https:\/\/staging.varesenews.it\/#website","url":"https:\/\/staging.varesenews.it\/","name":"VareseNews","description":"","potentialAction":[{"@type":"SearchAction","target":{"@type":"EntryPoint","urlTemplate":"https:\/\/staging.varesenews.it\/?s={search_term_string}"},"query-input":"required name=search_term_string"}],"inLanguage":"it-IT"},{"@type":"Person","@id":"https:\/\/staging.varesenews.it\/#\/schema\/person\/2643ce123d4a3c9511e015dc548779b8","name":"Alessandra Toni","image":{"@type":"ImageObject","inLanguage":"it-IT","@id":"https:\/\/staging.varesenews.it\/#\/schema\/person\/image\/","url":"https:\/\/staging.varesenews.it\/wp-content\/uploads\/2020\/12\/alessandra_toni_colori_500.jpg","contentUrl":"https:\/\/staging.varesenews.it\/wp-content\/uploads\/2020\/12\/alessandra_toni_colori_500.jpg","caption":"Alessandra Toni"},"description":"Sono entrata nella redazione di VareseNews nel lontano anno 2000. Ero reduce da una bellissima esperienza nella redazione giornalistica della TV Nuova Antennatre, sotto la direzione dell'indimenticabile direttore Adolfo Caldarini. Sono arrivata quando era ancora una piccola realt\u00e0 editoriale e insieme abbiamo fatto un lungo ed entusiasmante lavoro. Mi occupo prevalentemente di scuola e di sanit\u00e0, settori impegnativi di grande valore sociale.\u00a0","sameAs":["alessandra.toni7","alessandra.toni","https:\/\/twitter.com\/alessandra_toni"],"url":"https:\/\/staging.varesenews.it\/persona\/alessandra_toni1\/"}]}},"post_meta":{"_edit_lock":"1428502049:33","_edit_last":"33","wdfb_og_title":"","wdfb_og_type":"","wdfb_og_description":"","wdfb_og_images":"a:1:{i:0;s:0:\"\";}","wdfb_og_custom_name":"a:1:{i:0;s:0:\"\";}","wdfb_og_custom_value":"a:1:{i:0;s:0:\"\";}","_yoast_wpseo_focuskw":"pronto soccorso","_yoast_wpseo_linkdex":"59","_category_permalink":"24","foto":"444186","id_video":"39dd7bc9","argomento":"Gallarate","_yoast_wpseo_metadesc":"Ambulatori e sala gessi sono stati trasferiti al piano terreno di fianco alla radiologia","ratings_users":"0","ratings_score":"0","ratings_average":"0","id_link_fotogallery":"359947","id_video_vzaar":"4496543"},"photos":[{"original":"https:\/\/staging.varesenews.it\/photogallery_new\/images\/2015\/04\/pronto-soccorso-di-gallarate-radiologia-444186.jpg","full":"https:\/\/staging.varesenews.it\/photogallery_new\/images\/2015\/04\/pronto-soccorso-di-gallarate-radiologia-444186.1024x768.jpg","large":"https:\/\/staging.varesenews.it\/photogallery_new\/images\/2015\/04\/pronto-soccorso-di-gallarate-radiologia-444186.610x431.jpg"}],"_links":{"self":[{"href":"https:\/\/staging.varesenews.it\/swgapi\/v1\/wp\/v2\/posts\/359942"}],"collection":[{"href":"https:\/\/staging.varesenews.it\/swgapi\/v1\/wp\/v2\/posts"}],"about":[{"href":"https:\/\/staging.varesenews.it\/swgapi\/v1\/wp\/v2\/types\/post"}],"author":[{"embeddable":true,"href":"https:\/\/staging.varesenews.it\/swgapi\/v1\/wp\/v2\/users\/33"}],"replies":[{"embeddable":true,"href":"https:\/\/staging.varesenews.it\/swgapi\/v1\/wp\/v2\/comments?post=359942"}],"version-history":[{"count":0,"href":"https:\/\/staging.varesenews.it\/swgapi\/v1\/wp\/v2\/posts\/359942\/revisions"}],"wp:attachment":[{"href":"https:\/\/staging.varesenews.it\/swgapi\/v1\/wp\/v2\/media?parent=359942"}],"wp:term":[{"taxonomy":"category","embeddable":true,"href":"https:\/\/staging.varesenews.it\/swgapi\/v1\/wp\/v2\/categories?post=359942"},{"taxonomy":"post_tag","embeddable":true,"href":"https:\/\/staging.varesenews.it\/swgapi\/v1\/wp\/v2\/tags?post=359942"}],"curies":[{"name":"wp","href":"https:\/\/api.w.org\/{rel}","templated":true}]}}