{"id":360284,"date":"2015-04-10T13:30:12","date_gmt":"2015-04-10T11:30:12","guid":{"rendered":"http:\/\/www.varesenews.it\/?p=360284"},"modified":"2015-04-10T13:32:50","modified_gmt":"2015-04-10T11:32:50","slug":"induno-olona-nel-cuore-di-expo","status":"publish","type":"post","link":"https:\/\/staging.varesenews.it\/2015\/04\/induno-olona-nel-cuore-di-expo\/360284\/","title":{"rendered":"Induno Olona nel cuore di Expo"},"content":{"rendered":"<p>Oltre 100 persone hanno partecipato all&#8217;incontro &#8220;<strong>Scoprendo Expo2015<\/strong>&#8221; organizzato dall&#8217;Amministrazione comunale per presentare gli eventi che animeranno il paese nei sei mesi dell&#8217;Esposizione universale e i contenuti del gemellaggio del paese con la Svizzera nell&#8217;ambito del progetto 141Expo.<\/p>\n<p>Molta curiosit\u00e0, tante idee e un pizzico di orgoglio sono emersi durante la serata, che si \u00e8 aperta\u00a0 con il racconto dell&#8217;assessore del Comune di Rho <strong>Andrea Orlandi, il quale<\/strong> ha spiegato come, proprio grazie ad Expo, si sta trasformando il territorio che ospita il sito espositivo. &#8220;Al di l\u00e0 degli innegabili disagi, Rho sta cambiando pelle &#8211; ha detto &#8211; con un potente ritorno in termini di innovazione tecnologica, infrastrutture e ipotesi di sviluppo per il territorio. Questa sar\u00e0 una grande eredit\u00e0 che ci lascer\u00e0 Expo e i cittadini lo stanno capendo bene&#8221;.<\/p>\n<p>Non solo infrastrutture e sviluppo del territorio, ma anche una riflessione epocale sui temi pi\u00f9 importanti per il nostro futuro: cibo, giustizia sociale, sostenibilit\u00e0. &#8220;E&#8217; questo &#8211; ha detto <strong>Raffaele Nurra di Expovillage<\/strong> &#8211; il grande valore aggiunto di Expo Milano. Non sono mancati e non mancano problemi, ma credo che l&#8217;importanza dell&#8217;evento, i suoi contenuti e la grande dimostrazione che sta dando il nostro Paese siano di gran lunga pi\u00f9 rilevanti&#8221;.<\/p>\n<p>Applausi &#8220;a scena aperta&#8221; e una bella scarica di entusiasmo ha suscitato l&#8217;intervento di <strong>Antonella Reggiori di Carlsberg Italia<\/strong>, che ha raccontato come la storica birreria indunese ha vinto la gara per diventare birra ufficiale di Expo, sbaragliando gli avversari grazie alla qualit\u00e0, alla storia e all&#8217;innovazione di quella che resta un&#8217;azienda dal cuore tutto italiano. &#8220;Carlsberg, con le sue Birre Poretti, porter\u00e0 un po&#8217; di Induno nel cuore di Expo &#8211; ha detto Antonella Reggiori &#8211; Saremo infatti nel padiglione Italia con un allestimento che avr\u00e0 tanti richiami al paese, alla fabbrica Liberty e alla sua storia. Inoltre porteremo un po&#8217; di Expo a Induno, con visite guidate, degustazioni e tante altre iniziative&#8221;.<\/p>\n<p>L&#8217;assessore<strong> Stefano Redaelli<\/strong> ha poi illustrato le tante iniziative che animeranno i sei mesi di Expo a Induno in collaborazione con la Proloco, Asfarm e le associazioni, e quelle legate al gemellaggio con la Svizzera, che prevede incontri, concerti, eventi enogastronici e scambi culturali.<\/p>\n<p>La serata, moderata dal direttore di Varesenews Marco Giovannelli, si \u00e8 conclusa con una degustazione di<a href=\"www.birrificioporetti.it\" target=\"_blank\"> birre Poretti,<\/a> in particolare della &#8220;10 Luppoli&#8221;, la <strong>birra-champagne<\/strong> realizzata nei laboratori indunesi proprio in occasione di Expo.<\/p>\n","protected":false},"excerpt":{"rendered":"<p>Oltre 100 persone hanno partecipato all&#8217;incontro &#8220;Scoprendo Expo2015&#8221; organizzato dall&#8217;Amministrazione comunale per presentare gli eventi che animeranno il paese nei sei mesi dell&#8217;Esposizione universale<\/p>\n","protected":false},"author":44,"featured_media":0,"comment_status":"open","ping_status":"open","sticky":false,"template":"","format":"standard","meta":{"footnotes":""},"categories":[2],"tags":[329,4089,4235,328],"acf":[],"yoast_head":"<!-- This site is optimized with the Yoast SEO plugin v20.1 - https:\/\/yoast.com\/wordpress\/plugins\/seo\/ -->\n<title>Induno Olona nel cuore di Expo<\/title>\n<meta name=\"description\" content=\"Oltre 100 persone a &quot;Scoprendo Expo2015&quot; organizzato dall&#039;Amministrazione comunale per presentare gli eventi che animeranno il paese nei mesi di Expo\" \/>\n<meta name=\"robots\" content=\"noindex, follow, max-snippet:-1, max-image-preview:large, max-video-preview:-1\" \/>\n<meta property=\"og:locale\" content=\"it_IT\" \/>\n<meta property=\"og:type\" content=\"article\" \/>\n<meta property=\"og:title\" content=\"Induno Olona nel cuore di Expo\" \/>\n<meta property=\"og:description\" content=\"Oltre 100 persone a &quot;Scoprendo Expo2015&quot; organizzato dall&#039;Amministrazione comunale per presentare gli eventi che animeranno il paese nei mesi di Expo\" \/>\n<meta property=\"og:url\" content=\"https:\/\/staging.varesenews.it\/2015\/04\/induno-olona-nel-cuore-di-expo\/360284\/\" \/>\n<meta property=\"og:site_name\" content=\"VareseNews\" \/>\n<meta property=\"article:publisher\" content=\"https:\/\/www.facebook.com\/varesenews\" \/>\n<meta property=\"article:author\" content=\"https:\/\/www.facebook.com\/mariangela.gerletti\" \/>\n<meta property=\"article:published_time\" content=\"2015-04-10T11:30:12+00:00\" \/>\n<meta property=\"article:modified_time\" content=\"2015-04-10T11:32:50+00:00\" \/>\n<meta name=\"author\" content=\"Mariangela Gerletti\" \/>\n<meta name=\"twitter:card\" content=\"summary_large_image\" \/>\n<meta name=\"twitter:creator\" content=\"@MariGerletti\" \/>\n<meta name=\"twitter:site\" content=\"@varesenews\" \/>\n<meta name=\"twitter:label1\" content=\"Scritto da\" \/>\n\t<meta name=\"twitter:data1\" content=\"Mariangela Gerletti\" \/>\n\t<meta name=\"twitter:label2\" content=\"Tempo di lettura stimato\" \/>\n\t<meta name=\"twitter:data2\" content=\"2 minuti\" \/>\n<script type=\"application\/ld+json\" class=\"yoast-schema-graph\">{\"@context\":\"https:\/\/schema.org\",\"@graph\":[{\"@type\":\"WebPage\",\"@id\":\"https:\/\/staging.varesenews.it\/2015\/04\/induno-olona-nel-cuore-di-expo\/360284\/\",\"url\":\"https:\/\/staging.varesenews.it\/2015\/04\/induno-olona-nel-cuore-di-expo\/360284\/\",\"name\":\"Induno Olona nel cuore di Expo\",\"isPartOf\":{\"@id\":\"https:\/\/staging.varesenews.it\/#website\"},\"datePublished\":\"2015-04-10T11:30:12+00:00\",\"dateModified\":\"2015-04-10T11:32:50+00:00\",\"author\":{\"@id\":\"https:\/\/staging.varesenews.it\/#\/schema\/person\/14f52876ea19bc10d0d2717b6e8f9b89\"},\"description\":\"Oltre 100 persone a \\\"Scoprendo Expo2015\\\" organizzato dall'Amministrazione comunale per presentare gli eventi che animeranno il paese nei mesi di Expo\",\"breadcrumb\":{\"@id\":\"https:\/\/staging.varesenews.it\/2015\/04\/induno-olona-nel-cuore-di-expo\/360284\/#breadcrumb\"},\"inLanguage\":\"it-IT\",\"potentialAction\":[{\"@type\":\"ReadAction\",\"target\":[\"https:\/\/staging.varesenews.it\/2015\/04\/induno-olona-nel-cuore-di-expo\/360284\/\"]}]},{\"@type\":\"BreadcrumbList\",\"@id\":\"https:\/\/staging.varesenews.it\/2015\/04\/induno-olona-nel-cuore-di-expo\/360284\/#breadcrumb\",\"itemListElement\":[{\"@type\":\"ListItem\",\"position\":1,\"name\":\"Home\",\"item\":\"https:\/\/www.varesenews.it\/\"},{\"@type\":\"ListItem\",\"position\":2,\"name\":\"Induno Olona nel cuore di Expo\"}]},{\"@type\":\"WebSite\",\"@id\":\"https:\/\/staging.varesenews.it\/#website\",\"url\":\"https:\/\/staging.varesenews.it\/\",\"name\":\"VareseNews\",\"description\":\"\",\"potentialAction\":[{\"@type\":\"SearchAction\",\"target\":{\"@type\":\"EntryPoint\",\"urlTemplate\":\"https:\/\/staging.varesenews.it\/?s={search_term_string}\"},\"query-input\":\"required name=search_term_string\"}],\"inLanguage\":\"it-IT\"},{\"@type\":\"Person\",\"@id\":\"https:\/\/staging.varesenews.it\/#\/schema\/person\/14f52876ea19bc10d0d2717b6e8f9b89\",\"name\":\"Mariangela Gerletti\",\"image\":{\"@type\":\"ImageObject\",\"inLanguage\":\"it-IT\",\"@id\":\"https:\/\/staging.varesenews.it\/#\/schema\/person\/image\/\",\"url\":\"https:\/\/staging.varesenews.it\/wp-content\/uploads\/2020\/12\/mariangela.jpeg\",\"contentUrl\":\"https:\/\/staging.varesenews.it\/wp-content\/uploads\/2020\/12\/mariangela.jpeg\",\"caption\":\"Mariangela Gerletti\"},\"description\":\"Da pi&ugrave; di trent'anni mi occupo di giornalismo e comunicazione Varesenews &egrave; il luogo dove ho trovato la passione, l'attenzione e le persone che ogni giorno mi fanno amare un po' di pi&ugrave; questo lavoro di cui non mi stanco mai. Far parte della redazione di Varesenews &egrave; un onore, sostenere il progetto della membership &egrave; un piacere perch&eacute; mi fa sentire ancora pi&ugrave; vicina alla grande comunit&agrave; dei nostri lettori.\",\"sameAs\":[\"https:\/\/www.facebook.com\/mariangela.gerletti\",\"marigerletti\",\"https:\/\/twitter.com\/MariGerletti\"],\"url\":\"https:\/\/staging.varesenews.it\/persona\/mariangela-gerletti1\/\"}]}<\/script>\n<!-- \/ Yoast SEO plugin. -->","yoast_head_json":{"title":"Induno Olona nel cuore di Expo","description":"Oltre 100 persone a \"Scoprendo Expo2015\" organizzato dall'Amministrazione comunale per presentare gli eventi che animeranno il paese nei mesi di Expo","robots":{"index":"noindex","follow":"follow","max-snippet":"max-snippet:-1","max-image-preview":"max-image-preview:large","max-video-preview":"max-video-preview:-1"},"og_locale":"it_IT","og_type":"article","og_title":"Induno Olona nel cuore di Expo","og_description":"Oltre 100 persone a \"Scoprendo Expo2015\" organizzato dall'Amministrazione comunale per presentare gli eventi che animeranno il paese nei mesi di Expo","og_url":"https:\/\/staging.varesenews.it\/2015\/04\/induno-olona-nel-cuore-di-expo\/360284\/","og_site_name":"VareseNews","article_publisher":"https:\/\/www.facebook.com\/varesenews","article_author":"https:\/\/www.facebook.com\/mariangela.gerletti","article_published_time":"2015-04-10T11:30:12+00:00","article_modified_time":"2015-04-10T11:32:50+00:00","author":"Mariangela Gerletti","twitter_card":"summary_large_image","twitter_creator":"@MariGerletti","twitter_site":"@varesenews","twitter_misc":{"Scritto da":"Mariangela Gerletti","Tempo di lettura stimato":"2 minuti"},"schema":{"@context":"https:\/\/schema.org","@graph":[{"@type":"WebPage","@id":"https:\/\/staging.varesenews.it\/2015\/04\/induno-olona-nel-cuore-di-expo\/360284\/","url":"https:\/\/staging.varesenews.it\/2015\/04\/induno-olona-nel-cuore-di-expo\/360284\/","name":"Induno Olona nel cuore di Expo","isPartOf":{"@id":"https:\/\/staging.varesenews.it\/#website"},"datePublished":"2015-04-10T11:30:12+00:00","dateModified":"2015-04-10T11:32:50+00:00","author":{"@id":"https:\/\/staging.varesenews.it\/#\/schema\/person\/14f52876ea19bc10d0d2717b6e8f9b89"},"description":"Oltre 100 persone a \"Scoprendo Expo2015\" organizzato dall'Amministrazione comunale per presentare gli eventi che animeranno il paese nei mesi di Expo","breadcrumb":{"@id":"https:\/\/staging.varesenews.it\/2015\/04\/induno-olona-nel-cuore-di-expo\/360284\/#breadcrumb"},"inLanguage":"it-IT","potentialAction":[{"@type":"ReadAction","target":["https:\/\/staging.varesenews.it\/2015\/04\/induno-olona-nel-cuore-di-expo\/360284\/"]}]},{"@type":"BreadcrumbList","@id":"https:\/\/staging.varesenews.it\/2015\/04\/induno-olona-nel-cuore-di-expo\/360284\/#breadcrumb","itemListElement":[{"@type":"ListItem","position":1,"name":"Home","item":"https:\/\/www.varesenews.it\/"},{"@type":"ListItem","position":2,"name":"Induno Olona nel cuore di Expo"}]},{"@type":"WebSite","@id":"https:\/\/staging.varesenews.it\/#website","url":"https:\/\/staging.varesenews.it\/","name":"VareseNews","description":"","potentialAction":[{"@type":"SearchAction","target":{"@type":"EntryPoint","urlTemplate":"https:\/\/staging.varesenews.it\/?s={search_term_string}"},"query-input":"required name=search_term_string"}],"inLanguage":"it-IT"},{"@type":"Person","@id":"https:\/\/staging.varesenews.it\/#\/schema\/person\/14f52876ea19bc10d0d2717b6e8f9b89","name":"Mariangela Gerletti","image":{"@type":"ImageObject","inLanguage":"it-IT","@id":"https:\/\/staging.varesenews.it\/#\/schema\/person\/image\/","url":"https:\/\/staging.varesenews.it\/wp-content\/uploads\/2020\/12\/mariangela.jpeg","contentUrl":"https:\/\/staging.varesenews.it\/wp-content\/uploads\/2020\/12\/mariangela.jpeg","caption":"Mariangela Gerletti"},"description":"Da pi&ugrave; di trent'anni mi occupo di giornalismo e comunicazione Varesenews &egrave; il luogo dove ho trovato la passione, l'attenzione e le persone che ogni giorno mi fanno amare un po' di pi&ugrave; questo lavoro di cui non mi stanco mai. Far parte della redazione di Varesenews &egrave; un onore, sostenere il progetto della membership &egrave; un piacere perch&eacute; mi fa sentire ancora pi&ugrave; vicina alla grande comunit&agrave; dei nostri lettori.","sameAs":["https:\/\/www.facebook.com\/mariangela.gerletti","marigerletti","https:\/\/twitter.com\/MariGerletti"],"url":"https:\/\/staging.varesenews.it\/persona\/mariangela-gerletti1\/"}]}},"post_meta":{"_edit_lock":"1428665483:44","_edit_last":"44","wdfb_og_title":"","wdfb_og_type":"","wdfb_og_description":"","wdfb_og_images":"a:1:{i:0;s:0:\"\";}","wdfb_og_custom_name":"a:1:{i:0;s:0:\"\";}","wdfb_og_custom_value":"a:1:{i:0;s:0:\"\";}","_yoast_wpseo_focuskw":"expo","_yoast_wpseo_metadesc":"Oltre 100 persone a \"Scoprendo Expo2015\" organizzato dall'Amministrazione comunale per presentare gli eventi che animeranno il paese nei mesi di Expo","_yoast_wpseo_linkdex":"80","ratings_users":"0","ratings_score":"0","ratings_average":"0","foto":"444427","id_link_fotogallery":"360289","argomento":"141Expo"},"photos":[{"original":"https:\/\/staging.varesenews.it\/photogallery_new\/images\/2015\/04\/serata-expo-a-induno-olona-444427.jpg","full":"https:\/\/staging.varesenews.it\/photogallery_new\/images\/2015\/04\/serata-expo-a-induno-olona-444427.1024x768.jpg","large":"https:\/\/staging.varesenews.it\/photogallery_new\/images\/2015\/04\/serata-expo-a-induno-olona-444427.610x431.jpg"}],"_links":{"self":[{"href":"https:\/\/staging.varesenews.it\/swgapi\/v1\/wp\/v2\/posts\/360284"}],"collection":[{"href":"https:\/\/staging.varesenews.it\/swgapi\/v1\/wp\/v2\/posts"}],"about":[{"href":"https:\/\/staging.varesenews.it\/swgapi\/v1\/wp\/v2\/types\/post"}],"author":[{"embeddable":true,"href":"https:\/\/staging.varesenews.it\/swgapi\/v1\/wp\/v2\/users\/44"}],"replies":[{"embeddable":true,"href":"https:\/\/staging.varesenews.it\/swgapi\/v1\/wp\/v2\/comments?post=360284"}],"version-history":[{"count":0,"href":"https:\/\/staging.varesenews.it\/swgapi\/v1\/wp\/v2\/posts\/360284\/revisions"}],"wp:attachment":[{"href":"https:\/\/staging.varesenews.it\/swgapi\/v1\/wp\/v2\/media?parent=360284"}],"wp:term":[{"taxonomy":"category","embeddable":true,"href":"https:\/\/staging.varesenews.it\/swgapi\/v1\/wp\/v2\/categories?post=360284"},{"taxonomy":"post_tag","embeddable":true,"href":"https:\/\/staging.varesenews.it\/swgapi\/v1\/wp\/v2\/tags?post=360284"}],"curies":[{"name":"wp","href":"https:\/\/api.w.org\/{rel}","templated":true}]}}