{"id":360741,"date":"2015-04-13T14:42:12","date_gmt":"2015-04-13T12:42:12","guid":{"rendered":"http:\/\/www.varesenews.it\/?p=360741"},"modified":"2015-04-13T14:48:19","modified_gmt":"2015-04-13T12:48:19","slug":"varese-da-il-benvenuto-a-germania-olanda-e-ungheria","status":"publish","type":"post","link":"https:\/\/staging.varesenews.it\/2015\/04\/varese-da-il-benvenuto-a-germania-olanda-e-ungheria\/360741\/","title":{"rendered":"Varese d\u00e0 il benvenuto a Germania, Olanda e Ungheria"},"content":{"rendered":"<p>Hanno scelto Varese e Varese d\u00e0 loro il benvenuto nella sua &#8220;casa&#8221; pi\u00f9 bella.<br \/>\nQuesta sera nello scenario suggestivo di <strong>Villa Andrea, <\/strong>al Centro Congresso Ville Ponti, <strong>Varese accoglier\u00e0 le delegazioni Expo di Germania, Olanda e Ungheria<\/strong>, che alloggeranno sul nostro territorio nei sei mesi dell\u2019Esposizione Universale.<\/p>\n<p>Ad organizzare la festa di benvenuto la Camera di Commercio varesina, che con la sua azienda speciale PromoVarese ha lavorato per concludere l&#8217;accordo che porter\u00e0 oltre 250 persone degli staff dei padiglioni tedesco, olandese e ungherese a vivere tra Busto Arsizio, Gallarate, Castellanza e Varese nei prossimi sei mesi.<\/p>\n<p>Un risultato importante, che, come ha sottolineato pi\u00f9 volte il presidente dell&#8217;ente camerale Renato Scapolan, \u00e8 un successo dal punto di vista dell&#8217;immagine e della promozione del nostro territorio, ma ha anche importanti ricadute reali in termini economici.<\/p>\n","protected":false},"excerpt":{"rendered":"<p>Questa sera a Ville Ponti un momento di festa e di accoglienza per le delegazioni che alloggeranno in provincia di Varese nei sei mesi di Expo<\/p>\n","protected":false},"author":44,"featured_media":0,"comment_status":"open","ping_status":"open","sticky":false,"template":"","format":"standard","meta":{"footnotes":""},"categories":[2],"tags":[373],"acf":[],"yoast_head":"<!-- This site is optimized with the Yoast SEO plugin v20.1 - https:\/\/yoast.com\/wordpress\/plugins\/seo\/ -->\n<title>Varese d\u00e0 il benvenuto a Germania, Olanda e Ungheria<\/title>\n<meta name=\"description\" content=\"Questa sera a Ville Ponti un momento di festa e di accoglienza per le delegazioni che alloggeranno in provincia di Varese nei sei mesi di Expo\" \/>\n<meta name=\"robots\" content=\"noindex, follow, max-snippet:-1, max-image-preview:large, max-video-preview:-1\" \/>\n<meta property=\"og:locale\" content=\"it_IT\" \/>\n<meta property=\"og:type\" content=\"article\" \/>\n<meta property=\"og:title\" content=\"Varese d\u00e0 il benvenuto a Germania, Olanda e Ungheria\" \/>\n<meta property=\"og:description\" content=\"Questa sera a Ville Ponti un momento di festa e di accoglienza per le delegazioni che alloggeranno in provincia di Varese nei sei mesi di Expo\" \/>\n<meta property=\"og:url\" content=\"https:\/\/staging.varesenews.it\/2015\/04\/varese-da-il-benvenuto-a-germania-olanda-e-ungheria\/360741\/\" \/>\n<meta property=\"og:site_name\" content=\"VareseNews\" \/>\n<meta property=\"article:publisher\" content=\"https:\/\/www.facebook.com\/varesenews\" \/>\n<meta property=\"article:author\" content=\"https:\/\/www.facebook.com\/mariangela.gerletti\" \/>\n<meta property=\"article:published_time\" content=\"2015-04-13T12:42:12+00:00\" \/>\n<meta property=\"article:modified_time\" content=\"2015-04-13T12:48:19+00:00\" \/>\n<meta name=\"author\" content=\"Mariangela Gerletti\" \/>\n<meta name=\"twitter:card\" content=\"summary_large_image\" \/>\n<meta name=\"twitter:creator\" content=\"@MariGerletti\" \/>\n<meta name=\"twitter:site\" content=\"@varesenews\" \/>\n<meta name=\"twitter:label1\" content=\"Scritto da\" \/>\n\t<meta name=\"twitter:data1\" content=\"Mariangela Gerletti\" \/>\n\t<meta name=\"twitter:label2\" content=\"Tempo di lettura stimato\" \/>\n\t<meta name=\"twitter:data2\" content=\"1 minuto\" \/>\n<script type=\"application\/ld+json\" class=\"yoast-schema-graph\">{\"@context\":\"https:\/\/schema.org\",\"@graph\":[{\"@type\":\"WebPage\",\"@id\":\"https:\/\/staging.varesenews.it\/2015\/04\/varese-da-il-benvenuto-a-germania-olanda-e-ungheria\/360741\/\",\"url\":\"https:\/\/staging.varesenews.it\/2015\/04\/varese-da-il-benvenuto-a-germania-olanda-e-ungheria\/360741\/\",\"name\":\"Varese d\u00e0 il benvenuto a Germania, Olanda e Ungheria\",\"isPartOf\":{\"@id\":\"https:\/\/staging.varesenews.it\/#website\"},\"datePublished\":\"2015-04-13T12:42:12+00:00\",\"dateModified\":\"2015-04-13T12:48:19+00:00\",\"author\":{\"@id\":\"https:\/\/staging.varesenews.it\/#\/schema\/person\/14f52876ea19bc10d0d2717b6e8f9b89\"},\"description\":\"Questa sera a Ville Ponti un momento di festa e di accoglienza per le delegazioni che alloggeranno in provincia di Varese nei sei mesi di Expo\",\"breadcrumb\":{\"@id\":\"https:\/\/staging.varesenews.it\/2015\/04\/varese-da-il-benvenuto-a-germania-olanda-e-ungheria\/360741\/#breadcrumb\"},\"inLanguage\":\"it-IT\",\"potentialAction\":[{\"@type\":\"ReadAction\",\"target\":[\"https:\/\/staging.varesenews.it\/2015\/04\/varese-da-il-benvenuto-a-germania-olanda-e-ungheria\/360741\/\"]}]},{\"@type\":\"BreadcrumbList\",\"@id\":\"https:\/\/staging.varesenews.it\/2015\/04\/varese-da-il-benvenuto-a-germania-olanda-e-ungheria\/360741\/#breadcrumb\",\"itemListElement\":[{\"@type\":\"ListItem\",\"position\":1,\"name\":\"Home\",\"item\":\"https:\/\/www.varesenews.it\/\"},{\"@type\":\"ListItem\",\"position\":2,\"name\":\"Varese d\u00e0 il benvenuto a Germania, Olanda e Ungheria\"}]},{\"@type\":\"WebSite\",\"@id\":\"https:\/\/staging.varesenews.it\/#website\",\"url\":\"https:\/\/staging.varesenews.it\/\",\"name\":\"VareseNews\",\"description\":\"\",\"potentialAction\":[{\"@type\":\"SearchAction\",\"target\":{\"@type\":\"EntryPoint\",\"urlTemplate\":\"https:\/\/staging.varesenews.it\/?s={search_term_string}\"},\"query-input\":\"required name=search_term_string\"}],\"inLanguage\":\"it-IT\"},{\"@type\":\"Person\",\"@id\":\"https:\/\/staging.varesenews.it\/#\/schema\/person\/14f52876ea19bc10d0d2717b6e8f9b89\",\"name\":\"Mariangela Gerletti\",\"image\":{\"@type\":\"ImageObject\",\"inLanguage\":\"it-IT\",\"@id\":\"https:\/\/staging.varesenews.it\/#\/schema\/person\/image\/\",\"url\":\"https:\/\/staging.varesenews.it\/wp-content\/uploads\/2020\/12\/mariangela.jpeg\",\"contentUrl\":\"https:\/\/staging.varesenews.it\/wp-content\/uploads\/2020\/12\/mariangela.jpeg\",\"caption\":\"Mariangela Gerletti\"},\"description\":\"Da pi&ugrave; di trent'anni mi occupo di giornalismo e comunicazione Varesenews &egrave; il luogo dove ho trovato la passione, l'attenzione e le persone che ogni giorno mi fanno amare un po' di pi&ugrave; questo lavoro di cui non mi stanco mai. Far parte della redazione di Varesenews &egrave; un onore, sostenere il progetto della membership &egrave; un piacere perch&eacute; mi fa sentire ancora pi&ugrave; vicina alla grande comunit&agrave; dei nostri lettori.\",\"sameAs\":[\"https:\/\/www.facebook.com\/mariangela.gerletti\",\"marigerletti\",\"https:\/\/twitter.com\/MariGerletti\"],\"url\":\"https:\/\/staging.varesenews.it\/persona\/mariangela-gerletti1\/\"}]}<\/script>\n<!-- \/ Yoast SEO plugin. -->","yoast_head_json":{"title":"Varese d\u00e0 il benvenuto a Germania, Olanda e Ungheria","description":"Questa sera a Ville Ponti un momento di festa e di accoglienza per le delegazioni che alloggeranno in provincia di Varese nei sei mesi di Expo","robots":{"index":"noindex","follow":"follow","max-snippet":"max-snippet:-1","max-image-preview":"max-image-preview:large","max-video-preview":"max-video-preview:-1"},"og_locale":"it_IT","og_type":"article","og_title":"Varese d\u00e0 il benvenuto a Germania, Olanda e Ungheria","og_description":"Questa sera a Ville Ponti un momento di festa e di accoglienza per le delegazioni che alloggeranno in provincia di Varese nei sei mesi di Expo","og_url":"https:\/\/staging.varesenews.it\/2015\/04\/varese-da-il-benvenuto-a-germania-olanda-e-ungheria\/360741\/","og_site_name":"VareseNews","article_publisher":"https:\/\/www.facebook.com\/varesenews","article_author":"https:\/\/www.facebook.com\/mariangela.gerletti","article_published_time":"2015-04-13T12:42:12+00:00","article_modified_time":"2015-04-13T12:48:19+00:00","author":"Mariangela Gerletti","twitter_card":"summary_large_image","twitter_creator":"@MariGerletti","twitter_site":"@varesenews","twitter_misc":{"Scritto da":"Mariangela Gerletti","Tempo di lettura stimato":"1 minuto"},"schema":{"@context":"https:\/\/schema.org","@graph":[{"@type":"WebPage","@id":"https:\/\/staging.varesenews.it\/2015\/04\/varese-da-il-benvenuto-a-germania-olanda-e-ungheria\/360741\/","url":"https:\/\/staging.varesenews.it\/2015\/04\/varese-da-il-benvenuto-a-germania-olanda-e-ungheria\/360741\/","name":"Varese d\u00e0 il benvenuto a Germania, Olanda e Ungheria","isPartOf":{"@id":"https:\/\/staging.varesenews.it\/#website"},"datePublished":"2015-04-13T12:42:12+00:00","dateModified":"2015-04-13T12:48:19+00:00","author":{"@id":"https:\/\/staging.varesenews.it\/#\/schema\/person\/14f52876ea19bc10d0d2717b6e8f9b89"},"description":"Questa sera a Ville Ponti un momento di festa e di accoglienza per le delegazioni che alloggeranno in provincia di Varese nei sei mesi di Expo","breadcrumb":{"@id":"https:\/\/staging.varesenews.it\/2015\/04\/varese-da-il-benvenuto-a-germania-olanda-e-ungheria\/360741\/#breadcrumb"},"inLanguage":"it-IT","potentialAction":[{"@type":"ReadAction","target":["https:\/\/staging.varesenews.it\/2015\/04\/varese-da-il-benvenuto-a-germania-olanda-e-ungheria\/360741\/"]}]},{"@type":"BreadcrumbList","@id":"https:\/\/staging.varesenews.it\/2015\/04\/varese-da-il-benvenuto-a-germania-olanda-e-ungheria\/360741\/#breadcrumb","itemListElement":[{"@type":"ListItem","position":1,"name":"Home","item":"https:\/\/www.varesenews.it\/"},{"@type":"ListItem","position":2,"name":"Varese d\u00e0 il benvenuto a Germania, Olanda e Ungheria"}]},{"@type":"WebSite","@id":"https:\/\/staging.varesenews.it\/#website","url":"https:\/\/staging.varesenews.it\/","name":"VareseNews","description":"","potentialAction":[{"@type":"SearchAction","target":{"@type":"EntryPoint","urlTemplate":"https:\/\/staging.varesenews.it\/?s={search_term_string}"},"query-input":"required name=search_term_string"}],"inLanguage":"it-IT"},{"@type":"Person","@id":"https:\/\/staging.varesenews.it\/#\/schema\/person\/14f52876ea19bc10d0d2717b6e8f9b89","name":"Mariangela Gerletti","image":{"@type":"ImageObject","inLanguage":"it-IT","@id":"https:\/\/staging.varesenews.it\/#\/schema\/person\/image\/","url":"https:\/\/staging.varesenews.it\/wp-content\/uploads\/2020\/12\/mariangela.jpeg","contentUrl":"https:\/\/staging.varesenews.it\/wp-content\/uploads\/2020\/12\/mariangela.jpeg","caption":"Mariangela Gerletti"},"description":"Da pi&ugrave; di trent'anni mi occupo di giornalismo e comunicazione Varesenews &egrave; il luogo dove ho trovato la passione, l'attenzione e le persone che ogni giorno mi fanno amare un po' di pi&ugrave; questo lavoro di cui non mi stanco mai. Far parte della redazione di Varesenews &egrave; un onore, sostenere il progetto della membership &egrave; un piacere perch&eacute; mi fa sentire ancora pi&ugrave; vicina alla grande comunit&agrave; dei nostri lettori.","sameAs":["https:\/\/www.facebook.com\/mariangela.gerletti","marigerletti","https:\/\/twitter.com\/MariGerletti"],"url":"https:\/\/staging.varesenews.it\/persona\/mariangela-gerletti1\/"}]}},"post_meta":{"_edit_lock":"1428929340:44","_edit_last":"44","ratings_users":"0","ratings_score":"0","ratings_average":"0","_category_permalink":"","wdfb_og_title":"","wdfb_og_type":"","wdfb_og_description":"","wdfb_og_images":"a:1:{i:0;s:0:\"\";}","wdfb_og_custom_name":"a:1:{i:0;s:0:\"\";}","wdfb_og_custom_value":"a:1:{i:0;s:0:\"\";}","foto":"444880","argomento":"Expo2015","_yoast_wpseo_focuskw":"expo","_yoast_wpseo_metadesc":"Questa sera a Ville Ponti un momento di festa e di accoglienza per le delegazioni che alloggeranno in provincia di Varese nei sei mesi di Expo","_yoast_wpseo_linkdex":"51","id_leggi_anche":"344254, 348448, 350840"},"photos":[{"original":"https:\/\/staging.varesenews.it\/photogallery_new\/images\/2015\/04\/delegazioni-expo-a-varese-444880.jpg","full":"https:\/\/staging.varesenews.it\/photogallery_new\/images\/2015\/04\/delegazioni-expo-a-varese-444880.1024x768.jpg","large":"https:\/\/staging.varesenews.it\/photogallery_new\/images\/2015\/04\/delegazioni-expo-a-varese-444880.610x431.jpg"}],"_links":{"self":[{"href":"https:\/\/staging.varesenews.it\/swgapi\/v1\/wp\/v2\/posts\/360741"}],"collection":[{"href":"https:\/\/staging.varesenews.it\/swgapi\/v1\/wp\/v2\/posts"}],"about":[{"href":"https:\/\/staging.varesenews.it\/swgapi\/v1\/wp\/v2\/types\/post"}],"author":[{"embeddable":true,"href":"https:\/\/staging.varesenews.it\/swgapi\/v1\/wp\/v2\/users\/44"}],"replies":[{"embeddable":true,"href":"https:\/\/staging.varesenews.it\/swgapi\/v1\/wp\/v2\/comments?post=360741"}],"version-history":[{"count":0,"href":"https:\/\/staging.varesenews.it\/swgapi\/v1\/wp\/v2\/posts\/360741\/revisions"}],"wp:attachment":[{"href":"https:\/\/staging.varesenews.it\/swgapi\/v1\/wp\/v2\/media?parent=360741"}],"wp:term":[{"taxonomy":"category","embeddable":true,"href":"https:\/\/staging.varesenews.it\/swgapi\/v1\/wp\/v2\/categories?post=360741"},{"taxonomy":"post_tag","embeddable":true,"href":"https:\/\/staging.varesenews.it\/swgapi\/v1\/wp\/v2\/tags?post=360741"}],"curies":[{"name":"wp","href":"https:\/\/api.w.org\/{rel}","templated":true}]}}