{"id":361233,"date":"2015-04-14T14:57:48","date_gmt":"2015-04-14T12:57:48","guid":{"rendered":"http:\/\/www.varesenews.it\/?p=361233"},"modified":"2015-04-14T14:57:48","modified_gmt":"2015-04-14T12:57:48","slug":"regione-alto-rischio-incendi-nel-lecchese-e-comasco","status":"publish","type":"post","link":"https:\/\/staging.varesenews.it\/2015\/04\/regione-alto-rischio-incendi-nel-lecchese-e-comasco\/361233\/","title":{"rendered":"Regione: alto rischio incendi nel Lecchese e Comasco"},"content":{"rendered":"<p><strong>Elevata criticit\u00e0 per rischio incendio boschivo<\/strong>, con decorrenza immediata e fino a revoca, sulla zona omogenea <strong>Lario (Como e Lecco)<\/strong>. \u00c8 quanto riporta l&#8221;Avviso di criticit\u00e0&#8217; emesso dal Centro funzionale Monitoraggio Rischi naturali della Regione Lombardia, la cui attivit\u00e0 \u00e8 coordinata dall&#8217;assessore regionale alla Sicurezza, Protezione civile e\u00a0Immigrazione Simona Bordonali.<\/p>\n<p><strong>Moderata criticit\u00e0 per rischio incendi boschivi<\/strong>, invece, viene confermata sulle<strong> zone omogenee del Verbano (Varese)<\/strong>, della Valchiavenna, Alpi Centrali, Alta Valtellina (Sondrio), Brembo, Alto Serio-Scalve (Bergamo), Basso Serio-Sebino (Bergamo, Brescia), Mella-Chiese, Garda e Valcamonica (Brescia), <strong>Pedemontana occidentale (Varese, Como, Lecco)<\/strong> e Oltrep\u00f2 Pavese (Pavia), sempre fino a revoca.<\/p>\n<p><strong>SINTESI METEOROLOGICA<\/strong> &#8211; Sulla Lombardia persistono condizioni anticicloniche con assenza di precipitazioni e generali condizioni meteo favorevoli allo sviluppo di incendi boschivi almeno fino alla serata di gioved\u00ec 16 aprile. Per oggi, marted\u00ec 14, la ventilazione, da debole a moderata, favorir\u00e0 un grado di pericolo stazionario o in ulteriore lieve aumento. Domani, mercoled\u00ec 15, e gioved\u00ec 16, grado di pericolo sostanzialmente stazionario.<\/p>\n<p><strong>EFFETTI AL SUOLO &#8211; INDICAZIONI OPERATIVE<\/strong> &#8211; Il protrarsi delle condizioni di scarsa umidit\u00e0 della vegetazione, l&#8217;attivit\u00e0 antropica tipica del periodo nelle aree boscate e l&#8217;incendio di grandi dimensioni in corso nel Comune di Lezzeno (Como), suggeriscono di portare l&#8217;attuale livello di rischio incendi boschivi a elevato e di mantenere su tutte le altre aree il livello di moderata criticit\u00e0.<\/p>\n<p>Pertanto si raccomanda di attivare, ove possibile, azioni di sorveglianza e pattugliamento del territorio, che dovranno riguardare prevalentemente i Comuni ricadenti nelle classi di rischio 3, 4 e 5 del &#8216;Piano regionale delle attivit\u00e0 di previsione, prevenzione e lotta attiva contro gli incendi boschivi&#8217;.<\/p>\n","protected":false},"excerpt":{"rendered":"<p>Elevata criticit\u00e0 per rischio incendio boschivo, con decorrenza immediata e fino a revoca, sulla zona omogenea Lario (Como e Lecco).<\/p>\n","protected":false},"author":34,"featured_media":0,"comment_status":"open","ping_status":"open","sticky":false,"template":"","format":"standard","meta":{"footnotes":""},"categories":[7,2],"tags":[32017],"acf":[],"yoast_head":"<!-- This site is optimized with the Yoast SEO plugin v20.1 - https:\/\/yoast.com\/wordpress\/plugins\/seo\/ -->\n<title>rischio incendio protezione civile lombardia<\/title>\n<meta name=\"description\" content=\"protezione civile regione lombardia\" \/>\n<meta name=\"robots\" content=\"noindex, follow, max-snippet:-1, max-image-preview:large, max-video-preview:-1\" \/>\n<meta property=\"og:locale\" content=\"it_IT\" \/>\n<meta property=\"og:type\" content=\"article\" \/>\n<meta property=\"og:title\" content=\"rischio incendio protezione civile lombardia\" \/>\n<meta property=\"og:description\" content=\"protezione civile regione lombardia\" \/>\n<meta property=\"og:url\" content=\"https:\/\/staging.varesenews.it\/2015\/04\/regione-alto-rischio-incendi-nel-lecchese-e-comasco\/361233\/\" \/>\n<meta property=\"og:site_name\" content=\"VareseNews\" \/>\n<meta property=\"article:publisher\" content=\"https:\/\/www.facebook.com\/varesenews\" \/>\n<meta property=\"article:author\" content=\"https:\/\/www.facebook.com\/andrea.camurani?fref=photo\" \/>\n<meta property=\"article:published_time\" content=\"2015-04-14T12:57:48+00:00\" \/>\n<meta name=\"author\" content=\"Andrea Camurani\" \/>\n<meta name=\"twitter:card\" content=\"summary_large_image\" \/>\n<meta name=\"twitter:creator\" content=\"@AndreaCamurani\" \/>\n<meta name=\"twitter:site\" content=\"@varesenews\" \/>\n<meta name=\"twitter:label1\" content=\"Scritto da\" \/>\n\t<meta name=\"twitter:data1\" content=\"Andrea Camurani\" \/>\n\t<meta name=\"twitter:label2\" content=\"Tempo di lettura stimato\" \/>\n\t<meta name=\"twitter:data2\" content=\"1 minuto\" \/>\n<script type=\"application\/ld+json\" class=\"yoast-schema-graph\">{\"@context\":\"https:\/\/schema.org\",\"@graph\":[{\"@type\":\"WebPage\",\"@id\":\"https:\/\/staging.varesenews.it\/2015\/04\/regione-alto-rischio-incendi-nel-lecchese-e-comasco\/361233\/\",\"url\":\"https:\/\/staging.varesenews.it\/2015\/04\/regione-alto-rischio-incendi-nel-lecchese-e-comasco\/361233\/\",\"name\":\"rischio incendio protezione civile lombardia\",\"isPartOf\":{\"@id\":\"https:\/\/staging.varesenews.it\/#website\"},\"datePublished\":\"2015-04-14T12:57:48+00:00\",\"dateModified\":\"2015-04-14T12:57:48+00:00\",\"author\":{\"@id\":\"https:\/\/staging.varesenews.it\/#\/schema\/person\/3eb5832c6beae763de8d9596fdbe8c49\"},\"description\":\"protezione civile regione lombardia\",\"breadcrumb\":{\"@id\":\"https:\/\/staging.varesenews.it\/2015\/04\/regione-alto-rischio-incendi-nel-lecchese-e-comasco\/361233\/#breadcrumb\"},\"inLanguage\":\"it-IT\",\"potentialAction\":[{\"@type\":\"ReadAction\",\"target\":[\"https:\/\/staging.varesenews.it\/2015\/04\/regione-alto-rischio-incendi-nel-lecchese-e-comasco\/361233\/\"]}]},{\"@type\":\"BreadcrumbList\",\"@id\":\"https:\/\/staging.varesenews.it\/2015\/04\/regione-alto-rischio-incendi-nel-lecchese-e-comasco\/361233\/#breadcrumb\",\"itemListElement\":[{\"@type\":\"ListItem\",\"position\":1,\"name\":\"Home\",\"item\":\"https:\/\/www.varesenews.it\/\"},{\"@type\":\"ListItem\",\"position\":2,\"name\":\"Regione: alto rischio incendi nel Lecchese e Comasco\"}]},{\"@type\":\"WebSite\",\"@id\":\"https:\/\/staging.varesenews.it\/#website\",\"url\":\"https:\/\/staging.varesenews.it\/\",\"name\":\"VareseNews\",\"description\":\"\",\"potentialAction\":[{\"@type\":\"SearchAction\",\"target\":{\"@type\":\"EntryPoint\",\"urlTemplate\":\"https:\/\/staging.varesenews.it\/?s={search_term_string}\"},\"query-input\":\"required name=search_term_string\"}],\"inLanguage\":\"it-IT\"},{\"@type\":\"Person\",\"@id\":\"https:\/\/staging.varesenews.it\/#\/schema\/person\/3eb5832c6beae763de8d9596fdbe8c49\",\"name\":\"Andrea Camurani\",\"image\":{\"@type\":\"ImageObject\",\"inLanguage\":\"it-IT\",\"@id\":\"https:\/\/staging.varesenews.it\/#\/schema\/person\/image\/\",\"url\":\"https:\/\/staging.varesenews.it\/wp-content\/uploads\/2020\/12\/andrea_camurani_colori_500.jpg\",\"contentUrl\":\"https:\/\/staging.varesenews.it\/wp-content\/uploads\/2020\/12\/andrea_camurani_colori_500.jpg\",\"caption\":\"Andrea Camurani\"},\"description\":\"Sono figlio degli anni Settanta e di Milano, dove ho imparato a riconoscere buoni e cattivi. Laurea in scienze politiche, lavoro a VareseNews dal 2000. Racconto quel che trovo quando incontro chi vuole lasciare al mondo un pezzetto di vita, che si chiama cronaca. &ldquo;...perch&eacute; &egrave; la gente il pi&ugrave; grande spettacolo del mondo. E non si paga il biglietto...&rdquo; (Charles Bukowsky)\",\"sameAs\":[\"https:\/\/www.facebook.com\/andrea.camurani?fref=photo\",\"andreacamurani\",\"https:\/\/www.linkedin.com\/hp\/?dnr=A9a84RfzsLdo9xg4NcGV4dLiMknoc9ms4WM\",\"https:\/\/twitter.com\/AndreaCamurani\"],\"url\":\"https:\/\/staging.varesenews.it\/persona\/andrea_camurani\/\"}]}<\/script>\n<!-- \/ Yoast SEO plugin. -->","yoast_head_json":{"title":"rischio incendio protezione civile lombardia","description":"protezione civile regione lombardia","robots":{"index":"noindex","follow":"follow","max-snippet":"max-snippet:-1","max-image-preview":"max-image-preview:large","max-video-preview":"max-video-preview:-1"},"og_locale":"it_IT","og_type":"article","og_title":"rischio incendio protezione civile lombardia","og_description":"protezione civile regione lombardia","og_url":"https:\/\/staging.varesenews.it\/2015\/04\/regione-alto-rischio-incendi-nel-lecchese-e-comasco\/361233\/","og_site_name":"VareseNews","article_publisher":"https:\/\/www.facebook.com\/varesenews","article_author":"https:\/\/www.facebook.com\/andrea.camurani?fref=photo","article_published_time":"2015-04-14T12:57:48+00:00","author":"Andrea Camurani","twitter_card":"summary_large_image","twitter_creator":"@AndreaCamurani","twitter_site":"@varesenews","twitter_misc":{"Scritto da":"Andrea Camurani","Tempo di lettura stimato":"1 minuto"},"schema":{"@context":"https:\/\/schema.org","@graph":[{"@type":"WebPage","@id":"https:\/\/staging.varesenews.it\/2015\/04\/regione-alto-rischio-incendi-nel-lecchese-e-comasco\/361233\/","url":"https:\/\/staging.varesenews.it\/2015\/04\/regione-alto-rischio-incendi-nel-lecchese-e-comasco\/361233\/","name":"rischio incendio protezione civile lombardia","isPartOf":{"@id":"https:\/\/staging.varesenews.it\/#website"},"datePublished":"2015-04-14T12:57:48+00:00","dateModified":"2015-04-14T12:57:48+00:00","author":{"@id":"https:\/\/staging.varesenews.it\/#\/schema\/person\/3eb5832c6beae763de8d9596fdbe8c49"},"description":"protezione civile regione lombardia","breadcrumb":{"@id":"https:\/\/staging.varesenews.it\/2015\/04\/regione-alto-rischio-incendi-nel-lecchese-e-comasco\/361233\/#breadcrumb"},"inLanguage":"it-IT","potentialAction":[{"@type":"ReadAction","target":["https:\/\/staging.varesenews.it\/2015\/04\/regione-alto-rischio-incendi-nel-lecchese-e-comasco\/361233\/"]}]},{"@type":"BreadcrumbList","@id":"https:\/\/staging.varesenews.it\/2015\/04\/regione-alto-rischio-incendi-nel-lecchese-e-comasco\/361233\/#breadcrumb","itemListElement":[{"@type":"ListItem","position":1,"name":"Home","item":"https:\/\/www.varesenews.it\/"},{"@type":"ListItem","position":2,"name":"Regione: alto rischio incendi nel Lecchese e Comasco"}]},{"@type":"WebSite","@id":"https:\/\/staging.varesenews.it\/#website","url":"https:\/\/staging.varesenews.it\/","name":"VareseNews","description":"","potentialAction":[{"@type":"SearchAction","target":{"@type":"EntryPoint","urlTemplate":"https:\/\/staging.varesenews.it\/?s={search_term_string}"},"query-input":"required name=search_term_string"}],"inLanguage":"it-IT"},{"@type":"Person","@id":"https:\/\/staging.varesenews.it\/#\/schema\/person\/3eb5832c6beae763de8d9596fdbe8c49","name":"Andrea Camurani","image":{"@type":"ImageObject","inLanguage":"it-IT","@id":"https:\/\/staging.varesenews.it\/#\/schema\/person\/image\/","url":"https:\/\/staging.varesenews.it\/wp-content\/uploads\/2020\/12\/andrea_camurani_colori_500.jpg","contentUrl":"https:\/\/staging.varesenews.it\/wp-content\/uploads\/2020\/12\/andrea_camurani_colori_500.jpg","caption":"Andrea Camurani"},"description":"Sono figlio degli anni Settanta e di Milano, dove ho imparato a riconoscere buoni e cattivi. Laurea in scienze politiche, lavoro a VareseNews dal 2000. Racconto quel che trovo quando incontro chi vuole lasciare al mondo un pezzetto di vita, che si chiama cronaca. &ldquo;...perch&eacute; &egrave; la gente il pi&ugrave; grande spettacolo del mondo. E non si paga il biglietto...&rdquo; (Charles Bukowsky)","sameAs":["https:\/\/www.facebook.com\/andrea.camurani?fref=photo","andreacamurani","https:\/\/www.linkedin.com\/hp\/?dnr=A9a84RfzsLdo9xg4NcGV4dLiMknoc9ms4WM","https:\/\/twitter.com\/AndreaCamurani"],"url":"https:\/\/staging.varesenews.it\/persona\/andrea_camurani\/"}]}},"post_meta":{"_edit_lock":"1429016168:34","_edit_last":"34","_category_permalink":"","wdfb_og_title":"","wdfb_og_type":"","wdfb_og_description":"","wdfb_og_images":"a:1:{i:0;s:0:\"\";}","wdfb_og_custom_name":"a:1:{i:0;s:0:\"\";}","wdfb_og_custom_value":"a:1:{i:0;s:0:\"\";}","foto":"126029","argomento":"Milano","_yoast_wpseo_focuskw":"incendio boschivo","_yoast_wpseo_title":"rischio incendio protezione civile lombardia","_yoast_wpseo_metadesc":"protezione civile regione lombardia","_jd_twitter":"","_jd_tweet_this":"yes","ratings_users":"0","ratings_score":"0","ratings_average":"0","_wpt_short_url":"http:\/\/www.varesenews.it\/2015\/04\/regione-alto-rischio-incendi-nel-lecchese-e-comasco\/361233\/","_wp_jd_target":"http:\/\/www.varesenews.it\/2015\/04\/regione-alto-rischio-incendi-nel-lecchese-e-comasco\/361233\/","_jd_wp_twitter":"a:1:{i:0;s:145:\"Regione: alto rischio incendi nel Lecchese e Comasco http:\/\/www.varesenews.it\/2015\/04\/regione-alto-rischio-incendi-nel-lecchese-e-comasco\/361233\/\";}","_wpt_status_message":"Tweet inviato con successo.","_yoast_wpseo_linkdex":"65"},"photos":[{"original":"https:\/\/staging.varesenews.it\/photogallery_new\/images\/2012\/03\/incendio-bosco-a-cassano-magnago-inserita-in-galleria-126029.jpg","full":"https:\/\/staging.varesenews.it\/photogallery_new\/images\/2012\/03\/incendio-bosco-a-cassano-magnago-inserita-in-galleria-126029.1024x768.jpg","large":"https:\/\/staging.varesenews.it\/photogallery_new\/images\/2012\/03\/incendio-bosco-a-cassano-magnago-inserita-in-galleria-126029.610x431.jpg"}],"_links":{"self":[{"href":"https:\/\/staging.varesenews.it\/swgapi\/v1\/wp\/v2\/posts\/361233"}],"collection":[{"href":"https:\/\/staging.varesenews.it\/swgapi\/v1\/wp\/v2\/posts"}],"about":[{"href":"https:\/\/staging.varesenews.it\/swgapi\/v1\/wp\/v2\/types\/post"}],"author":[{"embeddable":true,"href":"https:\/\/staging.varesenews.it\/swgapi\/v1\/wp\/v2\/users\/34"}],"replies":[{"embeddable":true,"href":"https:\/\/staging.varesenews.it\/swgapi\/v1\/wp\/v2\/comments?post=361233"}],"version-history":[{"count":0,"href":"https:\/\/staging.varesenews.it\/swgapi\/v1\/wp\/v2\/posts\/361233\/revisions"}],"wp:attachment":[{"href":"https:\/\/staging.varesenews.it\/swgapi\/v1\/wp\/v2\/media?parent=361233"}],"wp:term":[{"taxonomy":"category","embeddable":true,"href":"https:\/\/staging.varesenews.it\/swgapi\/v1\/wp\/v2\/categories?post=361233"},{"taxonomy":"post_tag","embeddable":true,"href":"https:\/\/staging.varesenews.it\/swgapi\/v1\/wp\/v2\/tags?post=361233"}],"curies":[{"name":"wp","href":"https:\/\/api.w.org\/{rel}","templated":true}]}}