{"id":36162,"date":"2014-05-02T00:00:00","date_gmt":"2014-05-02T00:00:00","guid":{"rendered":""},"modified":"2014-05-02T00:00:00","modified_gmt":"2014-05-02T00:00:00","slug":"lista-tsipras-domenica-banchetto-a-gallarate","status":"publish","type":"post","link":"https:\/\/staging.varesenews.it\/2014\/05\/lista-tsipras-domenica-banchetto-a-gallarate\/36162\/","title":{"rendered":"Lista Tsipras, domenica banchetto a Gallarate"},"content":{"rendered":"<p><span style=\"color: rgb(51, 51, 51); font-family: 'PT Sans', Helvetica, Arial, sans-serif; font-size: 16px; line-height: 24px; background-color: rgb(255, 255, 255);\">Domenica mattina, 4 maggio, dalle 9.30 alle 12.30 saremo in piazza Libert&agrave;, a Gallarate.&nbsp;Per l&rsquo;Altra Europa, con Tsipras.<\/p>\n<p>LA PIATTAFORMA POLITICA DELL&#8217;INIZIATIVA<br \/>\n<\/span><\/p>\n<p style=\"margin: 0px 0px 1.5rem; font-size: 16px; line-height: 24px; color: rgb(51, 51, 51); font-family: 'PT Sans', Helvetica, Arial, sans-serif;\"><span style=\"background-color: rgb(255, 255, 255);\">&laquo;Siamo radicali perch&eacute; la realt&agrave; &egrave; radicale&raquo; (Alexis Tsipras)<br \/>\n<\/span>E quando diciamo che siamo per un&rsquo;Altra Europa, la vogliamo davvero. Abbiamo in mente&nbsp;un ordine politico nuovo, perch&eacute; il vecchio &egrave; in frantumi. E non pu&ograve; essere rammendato&nbsp;alla meno peggio. Ci proponiamo di cambiarla, a fondo. Contro ogni conservatorismo.<\/p>\n<p style=\"margin: 0px 0px 1.5rem; font-size: 16px; line-height: 24px; color: rgb(51, 51, 51); font-family: 'PT Sans', Helvetica, Arial, sans-serif;\">Sono conservatori Matteo Renzi e il governo, che parlano di cambiamento e tuttavia&nbsp;hanno costruito questa Unione Europea che umilia e impoverisce i popoli, favorendo&nbsp;banche e speculatori. Sono conservatori i leghisti, che denunciano l&rsquo;Unione ma come via&nbsp;d&rsquo;uscita prospettano il nazionalismo e la xenofobia. Nei fatti &egrave; conservatore il Movimento 5&nbsp;Stelle, che si fa portavoce di un disagio reale, ma senza sbocchi chiari.<\/p>\n<p style=\"margin: 0px 0px 1.5rem; font-size: 16px; line-height: 24px; color: rgb(51, 51, 51); font-family: 'PT Sans', Helvetica, Arial, sans-serif;\">Vogliamo cambiare radicalmente le istituzioni europee, dare all&rsquo;Unione una Costituzione&nbsp;scritta dai popoli e non da 28 re azzoppati e prepotenti, che addossano alla burocrazia&nbsp;di Bruxelles colpe di cui sono i primi responsabili. Vogliamo una politica estera non&nbsp;bisognosa delle stampelle statunitensi. E proponiamo che il Parlamento europeo diventi&nbsp;un&rsquo;istituzione davvero democratica, che legifera, che nomina la Commissione e il suo&nbsp;Presidente, che impone tasse europee in sostituzione di quelle nazionali.<\/p>\n<p style=\"margin: 0px 0px 1.5rem; font-size: 16px; line-height: 24px; color: rgb(51, 51, 51); font-family: 'PT Sans', Helvetica, Arial, sans-serif;\">Vogliamo percorrere vie alternative.<\/p>\n<p style=\"margin: 0px 0px 1.5rem; font-size: 16px; line-height: 24px; color: rgb(51, 51, 51); font-family: 'PT Sans', Helvetica, Arial, sans-serif;\">Superare la pratica per cui prima si mettono a posto i conti e poi (forse) ci si batte per&nbsp;un&rsquo;Europa pi&ugrave; solidale. Le due cose vanno insieme. Operare &laquo;in successione&raquo; riproduce il&nbsp;vizio mortale dell&rsquo;Euro: prima si fa la moneta, poi verr&agrave; l&rsquo;Europa politica.<\/p>\n<p style=\"margin: 0px 0px 1.5rem; font-size: 16px; line-height: 24px; color: rgb(51, 51, 51); font-family: 'PT Sans', Helvetica, Arial, sans-serif;\">Esigiamo non soltanto l&rsquo;abbandono delle politiche di austerit&agrave;, ma la modifica dei&nbsp;trattati che le hanno rese possibili. Tra i primi: l&rsquo;abolizione e la ridiscussione a fondo&nbsp;del Fiscal Compact, che promette al nostro e ad altri Paesi una o due generazioni di&nbsp;intollerabile povert&agrave; e la distruzione dello Stato sociale.<\/p>\n<p style=\"margin: 0px 0px 1.5rem; font-size: 16px; line-height: 24px; color: rgb(51, 51, 51); font-family: 'PT Sans', Helvetica, Arial, sans-serif;\">Proponiamo un Piano Europeo per l&rsquo;Occupazione (PEO) che stanzi 100 miliardi l&rsquo;anno&nbsp;per 10 anni per dare occupazione ad almeno 5-6 milioni di disoccupati o inoccupati (1&nbsp;milione in Italia): tanti quanti hanno perso il lavoro dall&rsquo;inizio della crisi. Il PEO dovr&agrave; dare&nbsp;la priorit&agrave; a interventi che non siano in contrasto con gli equilibri ambientali come le molte<\/p>\n<p style=\"margin: 0px 0px 1.5rem; font-size: 16px; line-height: 24px; color: rgb(51, 51, 51); font-family: 'PT Sans', Helvetica, Arial, sans-serif;\">Grandi Opere che devastano il territorio e che creano poca occupazione, ad esempio la&nbsp;TAV Torino-Lione e le trivellazioni nel Mediterraneo e nelle aree protette. Dovr&agrave; agevolare&nbsp;la transizione verso consumi drasticamente ridotti di combustibili fossili; la creazione&nbsp;di un&rsquo;agricoltura biologica; il riassetto idrogeologico dei territori; la valorizzazione non&nbsp;speculativa del nostro patrimonio artistico; il potenziamento dell&rsquo;istruzione e della ricerca.<\/p>\n<p style=\"margin: 0px 0px 1.5rem; font-size: 16px; line-height: 24px; color: rgb(51, 51, 51); font-family: 'PT Sans', Helvetica, Arial, sans-serif;\">Contrastiamo l&rsquo;accordo sul Partenariato Transatlantico per il Commercio e l&#8217;Investimento&nbsp;(Ttip). Condotto segretamente, senza controlli democratici, il negoziato &egrave; in mano alle&nbsp;multinazionali, il cui scopo &egrave; far prevalere i propri interessi su quelli collettivi dei cittadini.<\/p>\n<p style=\"margin: 0px 0px 1.5rem; font-size: 16px; line-height: 24px; color: rgb(51, 51, 51); font-family: 'PT Sans', Helvetica, Arial, sans-serif;\">Acqua, elettricit&agrave;, educazione, salute saranno esposte alla libera concorrenza, in barba&nbsp;ai referendum cittadini e a tante lotte sui &ldquo;beni comuni&rdquo;. La battaglia contro la produzione&nbsp;degli OGM, quella che penalizza le imprese inquinanti o impone l&rsquo;etichettatura dei cibi, la&nbsp;tassa sulle transazioni finanziarie e sull&rsquo;emissione di anidride carbonica sono minacciate.<\/p>\n<p style=\"margin: 0px 0px 1.5rem; font-size: 16px; line-height: 24px; color: rgb(51, 51, 51); font-family: 'PT Sans', Helvetica, Arial, sans-serif;\">La nostra lotta contro la corruzione e le mafie &egrave; ingrediente essenziale di questa&nbsp;resistenza alla commistione fra libero commercio, violazione delle regole, abolizione dei&nbsp;controlli democratici sui territori.<\/p>\n<p style=\"margin: 0px 0px 1.5rem; font-size: 16px; line-height: 24px; color: rgb(51, 51, 51); font-family: 'PT Sans', Helvetica, Arial, sans-serif;\">Pur essendo critici radicali della sua gestione e degli scarsi poteri di una Banca&nbsp;centrale cui viene proibito di essere prestatrice di ultima istanza, siamo contrari&nbsp;all&rsquo;uscita dall&rsquo;euro: uscire dall&rsquo;euro &egrave; pericoloso economicamente (aumento del debito,&nbsp;dell&rsquo;inflazione, dei costi delle importazioni, della povert&agrave;) e non restituirebbe ai paesi il&nbsp;governo della moneta, rendendoci invece pi&ugrave; che mai dipendenti da mercati incontrollati,&nbsp;dalla potenza Usa o dal marco tedesco.<\/p>\n<p style=\"margin: 0px 0px 1.5rem; font-size: 16px; line-height: 24px; color: rgb(51, 51, 51); font-family: 'PT Sans', Helvetica, Arial, sans-serif;\">La nostra &egrave; l&rsquo;Europa della Resistenza: contro il ritorno dei nazionalismi, le Costituzioni&nbsp;calpestate, i Parlamenti svuotati. E&#8217; L&#8217;Europa della pace. Dicono che la pace in Europa &egrave;&nbsp;oggi un fatto acquisito. Non &egrave; vero. Le politiche di austerit&agrave; hanno diviso non solo gli Stati&nbsp;ma anche i popoli. E quella che viviamo &egrave; una sorta di guerra civile dentro un&rsquo;Unione che&nbsp;secerne di nuovo partiti fascistoidi. La nostra &egrave; l&rsquo;Europa al servizio dei cittadini, non pi&ugrave;&nbsp;ostaggio della paura della disoccupazione, della vecchiaia e della povert&agrave;. Un&#8217;Europa che&nbsp;non penalizza i cittadini, a beneficio dei soliti privilegiati e al servizio degli interessi delle&nbsp;banche, ma finalmente l&#8217;Europa dei diritti.<\/p>\n","protected":false},"excerpt":{"rendered":"<p>\u00abSiamo radicali perch\u00e9 la realt\u00e0 \u00e8 radicale\u00bb (Alexis Tsipras)<\/p>\n","protected":false},"author":10,"featured_media":0,"comment_status":"open","ping_status":"open","sticky":false,"template":"","format":"standard","meta":{"footnotes":""},"categories":[16],"tags":[6810,4930],"acf":[],"yoast_head":"<!-- This site is optimized with the Yoast SEO plugin v20.1 - https:\/\/yoast.com\/wordpress\/plugins\/seo\/ -->\n<title>Lista Tsipras, domenica banchetto a Gallarate<\/title>\n<meta name=\"description\" content=\"\u00abSiamo radicali perch\u00e9 la realt\u00e0 \u00e8 radicale\u00bb (Alexis Tsipras)\" \/>\n<meta name=\"robots\" content=\"noindex, follow, max-snippet:-1, max-image-preview:large, max-video-preview:-1\" \/>\n<meta property=\"og:locale\" content=\"it_IT\" \/>\n<meta property=\"og:type\" content=\"article\" \/>\n<meta property=\"og:title\" content=\"Lista Tsipras, domenica banchetto a Gallarate\" \/>\n<meta property=\"og:description\" content=\"\u00abSiamo radicali perch\u00e9 la realt\u00e0 \u00e8 radicale\u00bb (Alexis Tsipras)\" \/>\n<meta property=\"og:url\" content=\"https:\/\/staging.varesenews.it\/2014\/05\/lista-tsipras-domenica-banchetto-a-gallarate\/36162\/\" \/>\n<meta property=\"og:site_name\" content=\"VareseNews\" \/>\n<meta property=\"article:publisher\" content=\"https:\/\/www.facebook.com\/varesenews\" \/>\n<meta property=\"article:published_time\" content=\"2014-05-02T00:00:00+00:00\" \/>\n<meta name=\"author\" content=\"Redazione VareseNews\" \/>\n<meta name=\"twitter:card\" content=\"summary_large_image\" \/>\n<meta name=\"twitter:creator\" content=\"@varesenews\" \/>\n<meta name=\"twitter:site\" content=\"@varesenews\" \/>\n<meta name=\"twitter:label1\" content=\"Scritto da\" \/>\n\t<meta name=\"twitter:data1\" content=\"Redazione VareseNews\" \/>\n\t<meta name=\"twitter:label2\" content=\"Tempo di lettura stimato\" \/>\n\t<meta name=\"twitter:data2\" content=\"4 minuti\" \/>\n<script type=\"application\/ld+json\" class=\"yoast-schema-graph\">{\"@context\":\"https:\/\/schema.org\",\"@graph\":[{\"@type\":\"WebPage\",\"@id\":\"https:\/\/staging.varesenews.it\/2014\/05\/lista-tsipras-domenica-banchetto-a-gallarate\/36162\/\",\"url\":\"https:\/\/staging.varesenews.it\/2014\/05\/lista-tsipras-domenica-banchetto-a-gallarate\/36162\/\",\"name\":\"Lista Tsipras, domenica banchetto a Gallarate\",\"isPartOf\":{\"@id\":\"https:\/\/staging.varesenews.it\/#website\"},\"datePublished\":\"2014-05-02T00:00:00+00:00\",\"dateModified\":\"2014-05-02T00:00:00+00:00\",\"author\":{\"@id\":\"https:\/\/staging.varesenews.it\/#\/schema\/person\/fb20c4da0b7b16c291707a20db73e169\"},\"description\":\"\u00abSiamo radicali perch\u00e9 la realt\u00e0 \u00e8 radicale\u00bb (Alexis Tsipras)\",\"breadcrumb\":{\"@id\":\"https:\/\/staging.varesenews.it\/2014\/05\/lista-tsipras-domenica-banchetto-a-gallarate\/36162\/#breadcrumb\"},\"inLanguage\":\"it-IT\",\"potentialAction\":[{\"@type\":\"ReadAction\",\"target\":[\"https:\/\/staging.varesenews.it\/2014\/05\/lista-tsipras-domenica-banchetto-a-gallarate\/36162\/\"]}]},{\"@type\":\"BreadcrumbList\",\"@id\":\"https:\/\/staging.varesenews.it\/2014\/05\/lista-tsipras-domenica-banchetto-a-gallarate\/36162\/#breadcrumb\",\"itemListElement\":[{\"@type\":\"ListItem\",\"position\":1,\"name\":\"Home\",\"item\":\"https:\/\/www.varesenews.it\/\"},{\"@type\":\"ListItem\",\"position\":2,\"name\":\"Lista Tsipras, domenica banchetto a Gallarate\"}]},{\"@type\":\"WebSite\",\"@id\":\"https:\/\/staging.varesenews.it\/#website\",\"url\":\"https:\/\/staging.varesenews.it\/\",\"name\":\"VareseNews\",\"description\":\"\",\"potentialAction\":[{\"@type\":\"SearchAction\",\"target\":{\"@type\":\"EntryPoint\",\"urlTemplate\":\"https:\/\/staging.varesenews.it\/?s={search_term_string}\"},\"query-input\":\"required name=search_term_string\"}],\"inLanguage\":\"it-IT\"},{\"@type\":\"Person\",\"@id\":\"https:\/\/staging.varesenews.it\/#\/schema\/person\/fb20c4da0b7b16c291707a20db73e169\",\"name\":\"Redazione VareseNews\",\"image\":{\"@type\":\"ImageObject\",\"inLanguage\":\"it-IT\",\"@id\":\"https:\/\/staging.varesenews.it\/#\/schema\/person\/image\/\",\"url\":\"https:\/\/staging.varesenews.it\/wp-content\/uploads\/2020\/12\/logo_VN_colori_500.png\",\"contentUrl\":\"https:\/\/staging.varesenews.it\/wp-content\/uploads\/2020\/12\/logo_VN_colori_500.png\",\"caption\":\"Redazione VareseNews\"},\"url\":\"https:\/\/staging.varesenews.it\/persona\/redazione1\/\"}]}<\/script>\n<!-- \/ Yoast SEO plugin. -->","yoast_head_json":{"title":"Lista Tsipras, domenica banchetto a Gallarate","description":"\u00abSiamo radicali perch\u00e9 la realt\u00e0 \u00e8 radicale\u00bb (Alexis Tsipras)","robots":{"index":"noindex","follow":"follow","max-snippet":"max-snippet:-1","max-image-preview":"max-image-preview:large","max-video-preview":"max-video-preview:-1"},"og_locale":"it_IT","og_type":"article","og_title":"Lista Tsipras, domenica banchetto a Gallarate","og_description":"\u00abSiamo radicali perch\u00e9 la realt\u00e0 \u00e8 radicale\u00bb (Alexis Tsipras)","og_url":"https:\/\/staging.varesenews.it\/2014\/05\/lista-tsipras-domenica-banchetto-a-gallarate\/36162\/","og_site_name":"VareseNews","article_publisher":"https:\/\/www.facebook.com\/varesenews","article_published_time":"2014-05-02T00:00:00+00:00","author":"Redazione VareseNews","twitter_card":"summary_large_image","twitter_creator":"@varesenews","twitter_site":"@varesenews","twitter_misc":{"Scritto da":"Redazione VareseNews","Tempo di lettura stimato":"4 minuti"},"schema":{"@context":"https:\/\/schema.org","@graph":[{"@type":"WebPage","@id":"https:\/\/staging.varesenews.it\/2014\/05\/lista-tsipras-domenica-banchetto-a-gallarate\/36162\/","url":"https:\/\/staging.varesenews.it\/2014\/05\/lista-tsipras-domenica-banchetto-a-gallarate\/36162\/","name":"Lista Tsipras, domenica banchetto a Gallarate","isPartOf":{"@id":"https:\/\/staging.varesenews.it\/#website"},"datePublished":"2014-05-02T00:00:00+00:00","dateModified":"2014-05-02T00:00:00+00:00","author":{"@id":"https:\/\/staging.varesenews.it\/#\/schema\/person\/fb20c4da0b7b16c291707a20db73e169"},"description":"\u00abSiamo radicali perch\u00e9 la realt\u00e0 \u00e8 radicale\u00bb (Alexis Tsipras)","breadcrumb":{"@id":"https:\/\/staging.varesenews.it\/2014\/05\/lista-tsipras-domenica-banchetto-a-gallarate\/36162\/#breadcrumb"},"inLanguage":"it-IT","potentialAction":[{"@type":"ReadAction","target":["https:\/\/staging.varesenews.it\/2014\/05\/lista-tsipras-domenica-banchetto-a-gallarate\/36162\/"]}]},{"@type":"BreadcrumbList","@id":"https:\/\/staging.varesenews.it\/2014\/05\/lista-tsipras-domenica-banchetto-a-gallarate\/36162\/#breadcrumb","itemListElement":[{"@type":"ListItem","position":1,"name":"Home","item":"https:\/\/www.varesenews.it\/"},{"@type":"ListItem","position":2,"name":"Lista Tsipras, domenica banchetto a Gallarate"}]},{"@type":"WebSite","@id":"https:\/\/staging.varesenews.it\/#website","url":"https:\/\/staging.varesenews.it\/","name":"VareseNews","description":"","potentialAction":[{"@type":"SearchAction","target":{"@type":"EntryPoint","urlTemplate":"https:\/\/staging.varesenews.it\/?s={search_term_string}"},"query-input":"required name=search_term_string"}],"inLanguage":"it-IT"},{"@type":"Person","@id":"https:\/\/staging.varesenews.it\/#\/schema\/person\/fb20c4da0b7b16c291707a20db73e169","name":"Redazione VareseNews","image":{"@type":"ImageObject","inLanguage":"it-IT","@id":"https:\/\/staging.varesenews.it\/#\/schema\/person\/image\/","url":"https:\/\/staging.varesenews.it\/wp-content\/uploads\/2020\/12\/logo_VN_colori_500.png","contentUrl":"https:\/\/staging.varesenews.it\/wp-content\/uploads\/2020\/12\/logo_VN_colori_500.png","caption":"Redazione VareseNews"},"url":"https:\/\/staging.varesenews.it\/persona\/redazione1\/"}]}},"post_meta":{"id_old":"287679","argomento":"Gallarate"},"photos":[],"_links":{"self":[{"href":"https:\/\/staging.varesenews.it\/swgapi\/v1\/wp\/v2\/posts\/36162"}],"collection":[{"href":"https:\/\/staging.varesenews.it\/swgapi\/v1\/wp\/v2\/posts"}],"about":[{"href":"https:\/\/staging.varesenews.it\/swgapi\/v1\/wp\/v2\/types\/post"}],"author":[{"embeddable":true,"href":"https:\/\/staging.varesenews.it\/swgapi\/v1\/wp\/v2\/users\/10"}],"replies":[{"embeddable":true,"href":"https:\/\/staging.varesenews.it\/swgapi\/v1\/wp\/v2\/comments?post=36162"}],"version-history":[{"count":0,"href":"https:\/\/staging.varesenews.it\/swgapi\/v1\/wp\/v2\/posts\/36162\/revisions"}],"wp:attachment":[{"href":"https:\/\/staging.varesenews.it\/swgapi\/v1\/wp\/v2\/media?parent=36162"}],"wp:term":[{"taxonomy":"category","embeddable":true,"href":"https:\/\/staging.varesenews.it\/swgapi\/v1\/wp\/v2\/categories?post=36162"},{"taxonomy":"post_tag","embeddable":true,"href":"https:\/\/staging.varesenews.it\/swgapi\/v1\/wp\/v2\/tags?post=36162"}],"curies":[{"name":"wp","href":"https:\/\/api.w.org\/{rel}","templated":true}]}}