{"id":361951,"date":"2015-04-16T11:07:44","date_gmt":"2015-04-16T09:07:44","guid":{"rendered":"http:\/\/www.varesenews.it\/?p=361951"},"modified":"2015-04-16T11:07:44","modified_gmt":"2015-04-16T09:07:44","slug":"nessuna-festa-per-i-70-anni-dalla-liberazione-perche","status":"publish","type":"post","link":"https:\/\/staging.varesenews.it\/2015\/04\/nessuna-festa-per-i-70-anni-dalla-liberazione-perche\/361951\/","title":{"rendered":"&#8220;Nessuna festa per i 70 anni dalla Liberazione. Perch\u00e9?&#8221;"},"content":{"rendered":"<p>La Federazione Italiana <strong>Associazione Partigiane contro il comune di Venegono Superiore<\/strong>. Fulcro della polemica \u00e8 l&#8217;assenza di attivit\u00e0 dell&#8217;amministrazione comunale in occasione dei 70 anni dalla Liberazione. Il comune <strong>ha previsto la consueta celebrazione al mattino del 25 aprile<\/strong>, ma nei giorni scorsi la Federazione ha inviato una lettera al sindaco Ambrogio Crespi sottolineando che la ricorrenza meriterebbe pi\u00f9 spazio, puntando il dito contro il gli amministratori che, invece, hanno concesso <strong>una mostra di auto storiche nello stesso giorno.\u00a0<\/strong><\/p>\n<p>\u00abApprendiamo in questi giorni &#8211; scrive<strong> Emanuele Nicora, Membro Supplente Direttivo Nazionale<\/strong> -, con profondo disappunto, che nella ricorrenza del 70\u00b0 Anniversario della Liberazione, <strong>Ella e i Suoi Assessori non hanno previsto nessuna attivit\u00e0 ufficiale nel Comune di Venegono Superiore<\/strong> oltre alla consueta Celebrazione mattutina del 25 Aprile ma, anzi hanno organizzato nel pomeriggio riproponendo una manifestazione che poteva essere prevista in altra Domenica, <strong>una mostra di Auto Storiche presso \u201cIl Pratone\u201d<\/strong> che di fatto impedisce ogni organizzazione in memoria dei nostri martiri e che riteniamo un pubblico sfregio alla memoria della Resistenza a Venegono\u00bb.<\/p>\n<p>\u00abCrediamo, Sig. Sindaco, inoltre che ancora una volta<strong> si sia persa una importante occasione<\/strong>, in primo luogo per onorare la memoria di chi ha sacrificato la vita per renderci tutti liberi, ma ancora di pi\u00f9 <strong>per rendere la Resistenza pi\u00f9 comprensibile ai giovani,<\/strong> pi\u00f9 vicina alle loro aspirazioni e, nello stesso tempo, per aiutarli a comprendere meglio cosa sia successo nel nostro paese e l\u2019importanza che ha rivestito proprio a Venegono\u00bb.<\/p>\n<p>\u00abMi permetto di rammentarLe che Suo compito &#8211; conclude Nicora -, oltre alla responsabilit\u00e0 di Amministratore \u00e8, quello di <strong>Educatore, di Esempio per tutti i Cittadini e la Sua responsabilit\u00e0<\/strong> \u00e8 ancora maggiormente acuita dallo scranno su cui Ella siede; scranno che fu di Matteo Mauceri, primo Vice-Sindaco di Venegono nominato dal CLN che in quel luogo, proprio il 25 Aprile di settant\u2019anni fa mor\u00ec\u00a0compiendo il proprio dovere dopo aver perso il figlio minore, Gianfranco Mauceri \u201cBrambillino\u201d il 16 Giugno del 1944 ucciso con altri 6 compagni della Brigata Cesare Battisti dalle forze nazi-fasciste sul Monte Zeda tra la Val Grande e la Valle Cannobina\u00bb.<\/p>\n","protected":false},"excerpt":{"rendered":"<p>Federazione Italiana Associazione Partigiane contro scrive a sindaco e assessori chiedendo perch\u00e9 per il 25 aprile abbiano autorizzato una mostra di auto d&#8217;epoca<\/p>\n","protected":false},"author":51,"featured_media":0,"comment_status":"open","ping_status":"open","sticky":false,"template":"","format":"standard","meta":{"footnotes":""},"categories":[5],"tags":[45559,10905,2353],"acf":[],"yoast_head":"<!-- This site is optimized with the Yoast SEO plugin v20.1 - https:\/\/yoast.com\/wordpress\/plugins\/seo\/ -->\n<title>&quot;Nessuna festa per i 70 anni dalla Liberazione. Perch\u00e9?&quot;<\/title>\n<meta name=\"description\" content=\"Federazione Italiana Associazione Partigiane contro scrive a sindaco e assessori chiedendo perch\u00e9 per il 25 aprile abbiano autorizzato una mostra di auto d&#039;epoca\" \/>\n<meta name=\"robots\" content=\"noindex, follow, max-snippet:-1, max-image-preview:large, max-video-preview:-1\" \/>\n<meta property=\"og:locale\" content=\"it_IT\" \/>\n<meta property=\"og:type\" content=\"article\" \/>\n<meta property=\"og:title\" content=\"&quot;Nessuna festa per i 70 anni dalla Liberazione. Perch\u00e9?&quot;\" \/>\n<meta property=\"og:description\" content=\"Federazione Italiana Associazione Partigiane contro scrive a sindaco e assessori chiedendo perch\u00e9 per il 25 aprile abbiano autorizzato una mostra di auto d&#039;epoca\" \/>\n<meta property=\"og:url\" content=\"https:\/\/staging.varesenews.it\/2015\/04\/nessuna-festa-per-i-70-anni-dalla-liberazione-perche\/361951\/\" \/>\n<meta property=\"og:site_name\" content=\"VareseNews\" \/>\n<meta property=\"article:publisher\" content=\"https:\/\/www.facebook.com\/varesenews\" \/>\n<meta property=\"article:author\" content=\"https:\/\/www.facebook.com\/manuel.sgarella\" \/>\n<meta property=\"article:published_time\" content=\"2015-04-16T09:07:44+00:00\" \/>\n<meta name=\"author\" content=\"Manuel Sgarella\" \/>\n<meta name=\"twitter:card\" content=\"summary_large_image\" \/>\n<meta name=\"twitter:creator\" content=\"@Sgarel\" \/>\n<meta name=\"twitter:site\" content=\"@varesenews\" \/>\n<meta name=\"twitter:label1\" content=\"Scritto da\" \/>\n\t<meta name=\"twitter:data1\" content=\"Manuel Sgarella\" \/>\n\t<meta name=\"twitter:label2\" content=\"Tempo di lettura stimato\" \/>\n\t<meta name=\"twitter:data2\" content=\"2 minuti\" \/>\n<script type=\"application\/ld+json\" class=\"yoast-schema-graph\">{\"@context\":\"https:\/\/schema.org\",\"@graph\":[{\"@type\":\"WebPage\",\"@id\":\"https:\/\/staging.varesenews.it\/2015\/04\/nessuna-festa-per-i-70-anni-dalla-liberazione-perche\/361951\/\",\"url\":\"https:\/\/staging.varesenews.it\/2015\/04\/nessuna-festa-per-i-70-anni-dalla-liberazione-perche\/361951\/\",\"name\":\"\\\"Nessuna festa per i 70 anni dalla Liberazione. Perch\u00e9?\\\"\",\"isPartOf\":{\"@id\":\"https:\/\/staging.varesenews.it\/#website\"},\"datePublished\":\"2015-04-16T09:07:44+00:00\",\"dateModified\":\"2015-04-16T09:07:44+00:00\",\"author\":{\"@id\":\"https:\/\/staging.varesenews.it\/#\/schema\/person\/1ec987bf360cbcf5fab38b0367dbc9d4\"},\"description\":\"Federazione Italiana Associazione Partigiane contro scrive a sindaco e assessori chiedendo perch\u00e9 per il 25 aprile abbiano autorizzato una mostra di auto d'epoca\",\"breadcrumb\":{\"@id\":\"https:\/\/staging.varesenews.it\/2015\/04\/nessuna-festa-per-i-70-anni-dalla-liberazione-perche\/361951\/#breadcrumb\"},\"inLanguage\":\"it-IT\",\"potentialAction\":[{\"@type\":\"ReadAction\",\"target\":[\"https:\/\/staging.varesenews.it\/2015\/04\/nessuna-festa-per-i-70-anni-dalla-liberazione-perche\/361951\/\"]}]},{\"@type\":\"BreadcrumbList\",\"@id\":\"https:\/\/staging.varesenews.it\/2015\/04\/nessuna-festa-per-i-70-anni-dalla-liberazione-perche\/361951\/#breadcrumb\",\"itemListElement\":[{\"@type\":\"ListItem\",\"position\":1,\"name\":\"Home\",\"item\":\"https:\/\/www.varesenews.it\/\"},{\"@type\":\"ListItem\",\"position\":2,\"name\":\"&#8220;Nessuna festa per i 70 anni dalla Liberazione. Perch\u00e9?&#8221;\"}]},{\"@type\":\"WebSite\",\"@id\":\"https:\/\/staging.varesenews.it\/#website\",\"url\":\"https:\/\/staging.varesenews.it\/\",\"name\":\"VareseNews\",\"description\":\"\",\"potentialAction\":[{\"@type\":\"SearchAction\",\"target\":{\"@type\":\"EntryPoint\",\"urlTemplate\":\"https:\/\/staging.varesenews.it\/?s={search_term_string}\"},\"query-input\":\"required name=search_term_string\"}],\"inLanguage\":\"it-IT\"},{\"@type\":\"Person\",\"@id\":\"https:\/\/staging.varesenews.it\/#\/schema\/person\/1ec987bf360cbcf5fab38b0367dbc9d4\",\"name\":\"Manuel Sgarella\",\"image\":{\"@type\":\"ImageObject\",\"inLanguage\":\"it-IT\",\"@id\":\"https:\/\/staging.varesenews.it\/#\/schema\/person\/image\/\",\"url\":\"https:\/\/staging.varesenews.it\/wp-content\/uploads\/2020\/12\/manuel_sgarella_colori_500.jpg\",\"contentUrl\":\"https:\/\/staging.varesenews.it\/wp-content\/uploads\/2020\/12\/manuel_sgarella_colori_500.jpg\",\"caption\":\"Manuel Sgarella\"},\"description\":\"A VareseNews dal 1999, da quando ho iniziato a collaborare per la pagina del cinema. Col tempo mi sono occupato della cronaca del territorio di Saronno-Tradate e dell'organizzazione di alcuni progetti speciali di VareseNews, tra cui la produzione del film Digitalife. Dal 2009 sono giornalista professionista. Diplomato alla Civica scuola del cinema di Milano, coltivo da sempre una passione per tutto quello che &egrave; narrazione, soprattutto per film e serie tv. Dal 2014 Pubblico romanzi come autore indipendente.&nbsp;\",\"sameAs\":[\"https:\/\/www.facebook.com\/manuel.sgarella\",\"Sgarel\",\"https:\/\/twitter.com\/Sgarel\"],\"url\":\"https:\/\/staging.varesenews.it\/persona\/manuel-sgarella1\/\"}]}<\/script>\n<!-- \/ Yoast SEO plugin. -->","yoast_head_json":{"title":"\"Nessuna festa per i 70 anni dalla Liberazione. Perch\u00e9?\"","description":"Federazione Italiana Associazione Partigiane contro scrive a sindaco e assessori chiedendo perch\u00e9 per il 25 aprile abbiano autorizzato una mostra di auto d'epoca","robots":{"index":"noindex","follow":"follow","max-snippet":"max-snippet:-1","max-image-preview":"max-image-preview:large","max-video-preview":"max-video-preview:-1"},"og_locale":"it_IT","og_type":"article","og_title":"\"Nessuna festa per i 70 anni dalla Liberazione. Perch\u00e9?\"","og_description":"Federazione Italiana Associazione Partigiane contro scrive a sindaco e assessori chiedendo perch\u00e9 per il 25 aprile abbiano autorizzato una mostra di auto d'epoca","og_url":"https:\/\/staging.varesenews.it\/2015\/04\/nessuna-festa-per-i-70-anni-dalla-liberazione-perche\/361951\/","og_site_name":"VareseNews","article_publisher":"https:\/\/www.facebook.com\/varesenews","article_author":"https:\/\/www.facebook.com\/manuel.sgarella","article_published_time":"2015-04-16T09:07:44+00:00","author":"Manuel Sgarella","twitter_card":"summary_large_image","twitter_creator":"@Sgarel","twitter_site":"@varesenews","twitter_misc":{"Scritto da":"Manuel Sgarella","Tempo di lettura stimato":"2 minuti"},"schema":{"@context":"https:\/\/schema.org","@graph":[{"@type":"WebPage","@id":"https:\/\/staging.varesenews.it\/2015\/04\/nessuna-festa-per-i-70-anni-dalla-liberazione-perche\/361951\/","url":"https:\/\/staging.varesenews.it\/2015\/04\/nessuna-festa-per-i-70-anni-dalla-liberazione-perche\/361951\/","name":"\"Nessuna festa per i 70 anni dalla Liberazione. Perch\u00e9?\"","isPartOf":{"@id":"https:\/\/staging.varesenews.it\/#website"},"datePublished":"2015-04-16T09:07:44+00:00","dateModified":"2015-04-16T09:07:44+00:00","author":{"@id":"https:\/\/staging.varesenews.it\/#\/schema\/person\/1ec987bf360cbcf5fab38b0367dbc9d4"},"description":"Federazione Italiana Associazione Partigiane contro scrive a sindaco e assessori chiedendo perch\u00e9 per il 25 aprile abbiano autorizzato una mostra di auto d'epoca","breadcrumb":{"@id":"https:\/\/staging.varesenews.it\/2015\/04\/nessuna-festa-per-i-70-anni-dalla-liberazione-perche\/361951\/#breadcrumb"},"inLanguage":"it-IT","potentialAction":[{"@type":"ReadAction","target":["https:\/\/staging.varesenews.it\/2015\/04\/nessuna-festa-per-i-70-anni-dalla-liberazione-perche\/361951\/"]}]},{"@type":"BreadcrumbList","@id":"https:\/\/staging.varesenews.it\/2015\/04\/nessuna-festa-per-i-70-anni-dalla-liberazione-perche\/361951\/#breadcrumb","itemListElement":[{"@type":"ListItem","position":1,"name":"Home","item":"https:\/\/www.varesenews.it\/"},{"@type":"ListItem","position":2,"name":"&#8220;Nessuna festa per i 70 anni dalla Liberazione. Perch\u00e9?&#8221;"}]},{"@type":"WebSite","@id":"https:\/\/staging.varesenews.it\/#website","url":"https:\/\/staging.varesenews.it\/","name":"VareseNews","description":"","potentialAction":[{"@type":"SearchAction","target":{"@type":"EntryPoint","urlTemplate":"https:\/\/staging.varesenews.it\/?s={search_term_string}"},"query-input":"required name=search_term_string"}],"inLanguage":"it-IT"},{"@type":"Person","@id":"https:\/\/staging.varesenews.it\/#\/schema\/person\/1ec987bf360cbcf5fab38b0367dbc9d4","name":"Manuel Sgarella","image":{"@type":"ImageObject","inLanguage":"it-IT","@id":"https:\/\/staging.varesenews.it\/#\/schema\/person\/image\/","url":"https:\/\/staging.varesenews.it\/wp-content\/uploads\/2020\/12\/manuel_sgarella_colori_500.jpg","contentUrl":"https:\/\/staging.varesenews.it\/wp-content\/uploads\/2020\/12\/manuel_sgarella_colori_500.jpg","caption":"Manuel Sgarella"},"description":"A VareseNews dal 1999, da quando ho iniziato a collaborare per la pagina del cinema. Col tempo mi sono occupato della cronaca del territorio di Saronno-Tradate e dell'organizzazione di alcuni progetti speciali di VareseNews, tra cui la produzione del film Digitalife. Dal 2009 sono giornalista professionista. Diplomato alla Civica scuola del cinema di Milano, coltivo da sempre una passione per tutto quello che &egrave; narrazione, soprattutto per film e serie tv. Dal 2014 Pubblico romanzi come autore indipendente.&nbsp;","sameAs":["https:\/\/www.facebook.com\/manuel.sgarella","Sgarel","https:\/\/twitter.com\/Sgarel"],"url":"https:\/\/staging.varesenews.it\/persona\/manuel-sgarella1\/"}]}},"post_meta":{"_edit_lock":"1429175431:51","_edit_last":"51","ratings_users":"0","ratings_score":"0","ratings_average":"0","_category_permalink":"","wdfb_og_title":"","wdfb_og_type":"","wdfb_og_description":"","wdfb_og_images":"a:1:{i:0;s:0:\"\";}","wdfb_og_custom_name":"a:1:{i:0;s:0:\"\";}","wdfb_og_custom_value":"a:1:{i:0;s:0:\"\";}","foto":"14779","argomento":"Venegono Superiore","_jd_twitter":"","_jd_tweet_this":"yes","_wpt_short_url":"http:\/\/www.varesenews.it\/2015\/04\/nessuna-festa-per-i-70-anni-dalla-liberazione-perche\/361951\/","_wp_jd_target":"http:\/\/www.varesenews.it\/2015\/04\/nessuna-festa-per-i-70-anni-dalla-liberazione-perche\/361951\/","_jd_wp_twitter":"a:1:{i:0;s:151:\"\"Nessuna festa per i 70 anni dalla Liberazione. Perch\u00e9?\" http:\/\/www.varesenews.it\/2015\/04\/nessuna-festa-per-i-70-anni-dalla-liberazione-perche\/361951\/\";}","_wpt_status_message":"Tweet inviato con successo."},"photos":[{"original":"https:\/\/staging.varesenews.it\/photogallery_new\/images\/2014\/04\/il-69esimo-anniversario-della-liberazione-inserita-in-galler-14779.jpg","full":"https:\/\/staging.varesenews.it\/photogallery_new\/images\/2014\/04\/il-69esimo-anniversario-della-liberazione-inserita-in-galler-14779.1024x768.jpg","large":"https:\/\/staging.varesenews.it\/photogallery_new\/images\/2014\/04\/il-69esimo-anniversario-della-liberazione-inserita-in-galler-14779.610x431.jpg"}],"_links":{"self":[{"href":"https:\/\/staging.varesenews.it\/swgapi\/v1\/wp\/v2\/posts\/361951"}],"collection":[{"href":"https:\/\/staging.varesenews.it\/swgapi\/v1\/wp\/v2\/posts"}],"about":[{"href":"https:\/\/staging.varesenews.it\/swgapi\/v1\/wp\/v2\/types\/post"}],"author":[{"embeddable":true,"href":"https:\/\/staging.varesenews.it\/swgapi\/v1\/wp\/v2\/users\/51"}],"replies":[{"embeddable":true,"href":"https:\/\/staging.varesenews.it\/swgapi\/v1\/wp\/v2\/comments?post=361951"}],"version-history":[{"count":0,"href":"https:\/\/staging.varesenews.it\/swgapi\/v1\/wp\/v2\/posts\/361951\/revisions"}],"wp:attachment":[{"href":"https:\/\/staging.varesenews.it\/swgapi\/v1\/wp\/v2\/media?parent=361951"}],"wp:term":[{"taxonomy":"category","embeddable":true,"href":"https:\/\/staging.varesenews.it\/swgapi\/v1\/wp\/v2\/categories?post=361951"},{"taxonomy":"post_tag","embeddable":true,"href":"https:\/\/staging.varesenews.it\/swgapi\/v1\/wp\/v2\/tags?post=361951"}],"curies":[{"name":"wp","href":"https:\/\/api.w.org\/{rel}","templated":true}]}}