{"id":36460,"date":"2014-04-26T00:00:00","date_gmt":"2014-04-26T00:00:00","guid":{"rendered":""},"modified":"2014-04-26T00:00:00","modified_gmt":"2014-04-26T00:00:00","slug":"sottili-rifarei-tutte-le-scelte","status":"publish","type":"post","link":"https:\/\/staging.varesenews.it\/2014\/04\/sottili-rifarei-tutte-le-scelte\/36460\/","title":{"rendered":"Sottili: &#8220;Rifarei tutte le scelte&#8221;"},"content":{"rendered":"<p><img loading=\"lazy\" decoding=\"async\" src=\"https:\/\/www3.varesenews.it\/immagini_articoli\/201404\/tmax600x480_1872625236_WEPHOTO_7638.jpg\" width=\"340\" height=\"233\" vspace=\"5\" hspace=\"5\" border=\"1\" align=\"right\" alt=\"\" \/>Non cerca scuse n&eacute; consolazioni, mister <strong>Stefano Sottili<\/strong>, quando &egrave; chiamato a commentare la sconfitta del Varese con il Lanciano, anche se l&#8217;amarezza per l&#8217;andamento del match rimane. &laquo;Il gol di Mammarella &egrave; stato pesante per come ha incanalato la partita ed &egrave; arrivato con l&#8217;unico tiro in porta del Lanciano. Noi invece abbiamo trovato il portiere ma anche il palo e tutto ci&ograve; ci &egrave; costata un&#8217;altra sconfitta interna che a questo punto diventa pesante. <strong>Ora dobbiamo assorbire il colpo, evitare vittimismi <\/strong>che non portano a nulla e prepararci per le ultime sei partite che devono portarci alla salvezza, magari recuperando qualche infortunato e migliorando la condizione di chi non &egrave; al massimo&raquo;. <br \/>\nSottili nega che la nuova disposizione tattica abbia bloccato i suoi giocatori e nota una netta differenza tra i due tempi.  &laquo;Siamo andati <strong>molto meglio nella ripresa <\/strong>quando loro sono calati e noi abbiamo provato a spingere soprattutto dalla parte di Fiamozzi, visto che Grillo a un certo punto ha esaurito la benzina. Nel primo tempo eravamo poco sereni nel far girare la palla, poi abbiamo creato qualcosa che per&ograve; non &egrave; bastato a centrare il pareggio&raquo;. <br \/>\nDa parte sua <strong>per&ograve; il tecnico rifarebbe tutte le scelte:<\/strong> &laquo;Partiamo dai dati di fatto: Forte ha fatto un solo allenamento, Zecchin ha ancora problemi di schiena, Corti non avrebbe dovuto giocare. Ho parlato con loro, alla fine <strong>ho dovuto far scendere in campo Daniele <\/strong>che era quello messo meglio e poteva dare pi&ugrave; di tutti in relazione al suo ruolo. Per quanto riguarda la difesa a 3, &egrave; stata scelta per provare a far aprire di pi&ugrave; il Lanciano e per evitare di rimanere 2 contro 2 in campo aperto sulle ripartenze. Sono state scelte ponderate, le rifarei senza dubbio&raquo;.<\/p>\n<p>Sul fronte opposto <strong>Marco Baroni &egrave; soddisfatto del risultato <\/strong>ma sa che sotto il profilo del gioco la sua squadra ha lasciato a desiderare. &laquo;Una vittoria ottenuta con grande praticit&agrave;. Solitamente <strong>non siamo abituati a fare partite simili, <\/strong>ma abbiamo spesso perso giocando bene. Siamo strutturati per giocare un calcio diverso da questo, ma oggi abbiamo fatto di necessit&agrave; virt&ugrave; guadagnando tre punti anche con un pizzico di fortuna contro uno degli organici pi&ugrave; interessanti del campionato. La <strong>Serie B per&ograve; &egrave; strana: <\/strong>nessuno pensava che noi potessimo fare questo cammino mentre altre squadre pi&ugrave; strutturate fanno fatica. Ai miei ragazzi &egrave; stato cambiato in corsa l&#8217;obiettivo della stagione e questo ci ha portato un po&#8217; di pressione che ci ha costretto a badare al sodo&raquo;.  <\/p>\n<p>Spazio infine a <strong>Daniele Corti e Fabrizio Grillo. <\/strong>&laquo;Loro dopo il gol si sono chiusi e hanno capitalizzato l&#8217;unico tiro in porta fatto &ndash; spiega il mediano &ndash; Noi &egrave; da un po&#8217; che conosciamo le difficolt&agrave; della situazione; anche un mese fa pensavamo alla salvezza quindi non dobbiamo cambiare approccio adesso. Certo ogni gara diventa pi&ugrave; cruciale; a Cittadella sar&agrave; uno scontro diretto e vincerlo sar&agrave; ancora pi&ugrave; importante. Loro arrivano senz&#8217;altro con pi&ugrave; entusiasmo, ma noi dobbiamo prepararci bene senza fasciarci prima la testa&raquo;. Parole simili a quelle di Grillo: &laquo;In settimana stiamo lavorando bene, iniziamo a recuperare qualche infortunato, dobbiamo guardarci indietro senza fasciarci la testa. Spero nella comprensione dell&#8217;ambiente e dei tifosi visto il momento difficile. Il mio palo? Avevo visto l&#8217;esterno posizionato male, mi sono mosso ed ero sicuro di segnare e invece ho colpito il montante. Un po&#8217; il simbolo del momento che stiamo attraversando: ora testa bassa e lavoriamo&raquo;.<\/p>\n","protected":false},"excerpt":{"rendered":"<p>L&#8217;allenatore del Varese rammaricato per la partita pensa gi\u00e0 alla sfida di Cittadella. Baroni: &#8220;Il vero Lanciano non \u00e8 questo, ma abbiamo dovuto giocare cos\u00ec&#8221;<\/p>\n","protected":false},"author":10,"featured_media":0,"comment_status":"open","ping_status":"open","sticky":false,"template":"","format":"standard","meta":{"footnotes":""},"categories":[14],"tags":[144,6797,148],"acf":[],"yoast_head":"<!-- This site is optimized with the Yoast SEO plugin v20.1 - https:\/\/yoast.com\/wordpress\/plugins\/seo\/ -->\n<title>Sottili: &quot;Rifarei tutte le scelte&quot;<\/title>\n<meta name=\"description\" content=\"L&#039;allenatore del Varese rammaricato per la partita pensa gi\u00e0 alla sfida di Cittadella. Baroni: &quot;Il vero Lanciano non \u00e8 questo, ma abbiamo dovuto giocare cos\u00ec&quot;\" \/>\n<meta name=\"robots\" content=\"noindex, follow, max-snippet:-1, max-image-preview:large, max-video-preview:-1\" \/>\n<meta property=\"og:locale\" content=\"it_IT\" \/>\n<meta property=\"og:type\" content=\"article\" \/>\n<meta property=\"og:title\" content=\"Sottili: &quot;Rifarei tutte le scelte&quot;\" \/>\n<meta property=\"og:description\" content=\"L&#039;allenatore del Varese rammaricato per la partita pensa gi\u00e0 alla sfida di Cittadella. Baroni: &quot;Il vero Lanciano non \u00e8 questo, ma abbiamo dovuto giocare cos\u00ec&quot;\" \/>\n<meta property=\"og:url\" content=\"https:\/\/staging.varesenews.it\/2014\/04\/sottili-rifarei-tutte-le-scelte\/36460\/\" \/>\n<meta property=\"og:site_name\" content=\"VareseNews\" \/>\n<meta property=\"article:publisher\" content=\"https:\/\/www.facebook.com\/varesenews\" \/>\n<meta property=\"article:published_time\" content=\"2014-04-26T00:00:00+00:00\" \/>\n<meta property=\"og:image\" content=\"https:\/\/www3.varesenews.it\/immagini_articoli\/201404\/tmax600x480_1872625236_WEPHOTO_7638.jpg\" \/>\n<meta name=\"author\" content=\"Redazione VareseNews\" \/>\n<meta name=\"twitter:card\" content=\"summary_large_image\" \/>\n<meta name=\"twitter:creator\" content=\"@varesenews\" \/>\n<meta name=\"twitter:site\" content=\"@varesenews\" \/>\n<meta name=\"twitter:label1\" content=\"Scritto da\" \/>\n\t<meta name=\"twitter:data1\" content=\"Redazione VareseNews\" \/>\n\t<meta name=\"twitter:label2\" content=\"Tempo di lettura stimato\" \/>\n\t<meta name=\"twitter:data2\" content=\"3 minuti\" \/>\n<script type=\"application\/ld+json\" class=\"yoast-schema-graph\">{\"@context\":\"https:\/\/schema.org\",\"@graph\":[{\"@type\":\"WebPage\",\"@id\":\"https:\/\/staging.varesenews.it\/2014\/04\/sottili-rifarei-tutte-le-scelte\/36460\/\",\"url\":\"https:\/\/staging.varesenews.it\/2014\/04\/sottili-rifarei-tutte-le-scelte\/36460\/\",\"name\":\"Sottili: \\\"Rifarei tutte le scelte\\\"\",\"isPartOf\":{\"@id\":\"https:\/\/staging.varesenews.it\/#website\"},\"datePublished\":\"2014-04-26T00:00:00+00:00\",\"dateModified\":\"2014-04-26T00:00:00+00:00\",\"author\":{\"@id\":\"https:\/\/staging.varesenews.it\/#\/schema\/person\/fb20c4da0b7b16c291707a20db73e169\"},\"description\":\"L'allenatore del Varese rammaricato per la partita pensa gi\u00e0 alla sfida di Cittadella. Baroni: \\\"Il vero Lanciano non \u00e8 questo, ma abbiamo dovuto giocare cos\u00ec\\\"\",\"breadcrumb\":{\"@id\":\"https:\/\/staging.varesenews.it\/2014\/04\/sottili-rifarei-tutte-le-scelte\/36460\/#breadcrumb\"},\"inLanguage\":\"it-IT\",\"potentialAction\":[{\"@type\":\"ReadAction\",\"target\":[\"https:\/\/staging.varesenews.it\/2014\/04\/sottili-rifarei-tutte-le-scelte\/36460\/\"]}]},{\"@type\":\"BreadcrumbList\",\"@id\":\"https:\/\/staging.varesenews.it\/2014\/04\/sottili-rifarei-tutte-le-scelte\/36460\/#breadcrumb\",\"itemListElement\":[{\"@type\":\"ListItem\",\"position\":1,\"name\":\"Home\",\"item\":\"https:\/\/www.varesenews.it\/\"},{\"@type\":\"ListItem\",\"position\":2,\"name\":\"Sottili: &#8220;Rifarei tutte le scelte&#8221;\"}]},{\"@type\":\"WebSite\",\"@id\":\"https:\/\/staging.varesenews.it\/#website\",\"url\":\"https:\/\/staging.varesenews.it\/\",\"name\":\"VareseNews\",\"description\":\"\",\"potentialAction\":[{\"@type\":\"SearchAction\",\"target\":{\"@type\":\"EntryPoint\",\"urlTemplate\":\"https:\/\/staging.varesenews.it\/?s={search_term_string}\"},\"query-input\":\"required name=search_term_string\"}],\"inLanguage\":\"it-IT\"},{\"@type\":\"Person\",\"@id\":\"https:\/\/staging.varesenews.it\/#\/schema\/person\/fb20c4da0b7b16c291707a20db73e169\",\"name\":\"Redazione VareseNews\",\"image\":{\"@type\":\"ImageObject\",\"inLanguage\":\"it-IT\",\"@id\":\"https:\/\/staging.varesenews.it\/#\/schema\/person\/image\/\",\"url\":\"https:\/\/staging.varesenews.it\/wp-content\/uploads\/2020\/12\/logo_VN_colori_500.png\",\"contentUrl\":\"https:\/\/staging.varesenews.it\/wp-content\/uploads\/2020\/12\/logo_VN_colori_500.png\",\"caption\":\"Redazione VareseNews\"},\"url\":\"https:\/\/staging.varesenews.it\/persona\/redazione1\/\"}]}<\/script>\n<!-- \/ Yoast SEO plugin. -->","yoast_head_json":{"title":"Sottili: \"Rifarei tutte le scelte\"","description":"L'allenatore del Varese rammaricato per la partita pensa gi\u00e0 alla sfida di Cittadella. Baroni: \"Il vero Lanciano non \u00e8 questo, ma abbiamo dovuto giocare cos\u00ec\"","robots":{"index":"noindex","follow":"follow","max-snippet":"max-snippet:-1","max-image-preview":"max-image-preview:large","max-video-preview":"max-video-preview:-1"},"og_locale":"it_IT","og_type":"article","og_title":"Sottili: \"Rifarei tutte le scelte\"","og_description":"L'allenatore del Varese rammaricato per la partita pensa gi\u00e0 alla sfida di Cittadella. Baroni: \"Il vero Lanciano non \u00e8 questo, ma abbiamo dovuto giocare cos\u00ec\"","og_url":"https:\/\/staging.varesenews.it\/2014\/04\/sottili-rifarei-tutte-le-scelte\/36460\/","og_site_name":"VareseNews","article_publisher":"https:\/\/www.facebook.com\/varesenews","article_published_time":"2014-04-26T00:00:00+00:00","og_image":[{"url":"https:\/\/www3.varesenews.it\/immagini_articoli\/201404\/tmax600x480_1872625236_WEPHOTO_7638.jpg"}],"author":"Redazione VareseNews","twitter_card":"summary_large_image","twitter_creator":"@varesenews","twitter_site":"@varesenews","twitter_misc":{"Scritto da":"Redazione VareseNews","Tempo di lettura stimato":"3 minuti"},"schema":{"@context":"https:\/\/schema.org","@graph":[{"@type":"WebPage","@id":"https:\/\/staging.varesenews.it\/2014\/04\/sottili-rifarei-tutte-le-scelte\/36460\/","url":"https:\/\/staging.varesenews.it\/2014\/04\/sottili-rifarei-tutte-le-scelte\/36460\/","name":"Sottili: \"Rifarei tutte le scelte\"","isPartOf":{"@id":"https:\/\/staging.varesenews.it\/#website"},"datePublished":"2014-04-26T00:00:00+00:00","dateModified":"2014-04-26T00:00:00+00:00","author":{"@id":"https:\/\/staging.varesenews.it\/#\/schema\/person\/fb20c4da0b7b16c291707a20db73e169"},"description":"L'allenatore del Varese rammaricato per la partita pensa gi\u00e0 alla sfida di Cittadella. Baroni: \"Il vero Lanciano non \u00e8 questo, ma abbiamo dovuto giocare cos\u00ec\"","breadcrumb":{"@id":"https:\/\/staging.varesenews.it\/2014\/04\/sottili-rifarei-tutte-le-scelte\/36460\/#breadcrumb"},"inLanguage":"it-IT","potentialAction":[{"@type":"ReadAction","target":["https:\/\/staging.varesenews.it\/2014\/04\/sottili-rifarei-tutte-le-scelte\/36460\/"]}]},{"@type":"BreadcrumbList","@id":"https:\/\/staging.varesenews.it\/2014\/04\/sottili-rifarei-tutte-le-scelte\/36460\/#breadcrumb","itemListElement":[{"@type":"ListItem","position":1,"name":"Home","item":"https:\/\/www.varesenews.it\/"},{"@type":"ListItem","position":2,"name":"Sottili: &#8220;Rifarei tutte le scelte&#8221;"}]},{"@type":"WebSite","@id":"https:\/\/staging.varesenews.it\/#website","url":"https:\/\/staging.varesenews.it\/","name":"VareseNews","description":"","potentialAction":[{"@type":"SearchAction","target":{"@type":"EntryPoint","urlTemplate":"https:\/\/staging.varesenews.it\/?s={search_term_string}"},"query-input":"required name=search_term_string"}],"inLanguage":"it-IT"},{"@type":"Person","@id":"https:\/\/staging.varesenews.it\/#\/schema\/person\/fb20c4da0b7b16c291707a20db73e169","name":"Redazione VareseNews","image":{"@type":"ImageObject","inLanguage":"it-IT","@id":"https:\/\/staging.varesenews.it\/#\/schema\/person\/image\/","url":"https:\/\/staging.varesenews.it\/wp-content\/uploads\/2020\/12\/logo_VN_colori_500.png","contentUrl":"https:\/\/staging.varesenews.it\/wp-content\/uploads\/2020\/12\/logo_VN_colori_500.png","caption":"Redazione VareseNews"},"url":"https:\/\/staging.varesenews.it\/persona\/redazione1\/"}]}},"post_meta":{"id_old":"287377","argomento":"Le interviste","autore_old":"d. f."},"photos":[],"_links":{"self":[{"href":"https:\/\/staging.varesenews.it\/swgapi\/v1\/wp\/v2\/posts\/36460"}],"collection":[{"href":"https:\/\/staging.varesenews.it\/swgapi\/v1\/wp\/v2\/posts"}],"about":[{"href":"https:\/\/staging.varesenews.it\/swgapi\/v1\/wp\/v2\/types\/post"}],"author":[{"embeddable":true,"href":"https:\/\/staging.varesenews.it\/swgapi\/v1\/wp\/v2\/users\/10"}],"replies":[{"embeddable":true,"href":"https:\/\/staging.varesenews.it\/swgapi\/v1\/wp\/v2\/comments?post=36460"}],"version-history":[{"count":0,"href":"https:\/\/staging.varesenews.it\/swgapi\/v1\/wp\/v2\/posts\/36460\/revisions"}],"wp:attachment":[{"href":"https:\/\/staging.varesenews.it\/swgapi\/v1\/wp\/v2\/media?parent=36460"}],"wp:term":[{"taxonomy":"category","embeddable":true,"href":"https:\/\/staging.varesenews.it\/swgapi\/v1\/wp\/v2\/categories?post=36460"},{"taxonomy":"post_tag","embeddable":true,"href":"https:\/\/staging.varesenews.it\/swgapi\/v1\/wp\/v2\/tags?post=36460"}],"curies":[{"name":"wp","href":"https:\/\/api.w.org\/{rel}","templated":true}]}}