{"id":364608,"date":"2015-04-23T16:10:52","date_gmt":"2015-04-23T14:10:52","guid":{"rendered":"http:\/\/www.varesenews.it\/?p=364608"},"modified":"2015-04-23T16:11:13","modified_gmt":"2015-04-23T14:11:13","slug":"sabato-torna-il-trofeo-citta-di-saronno","status":"publish","type":"post","link":"https:\/\/staging.varesenews.it\/2015\/04\/sabato-torna-il-trofeo-citta-di-saronno\/364608\/","title":{"rendered":"Sabato torna il Trofeo Citt\u00e0 di Saronno"},"content":{"rendered":"<p><strong>La Rari Nantes Saronno A.S.D. in collaborazione con Saronno Servizi S.S.D<\/strong>. organizzano con il patrocinio dell\u2019Assessorato allo Sport del Comune di Saronno per il giorno <strong>sabato 25 aprile 2015 il \u201c26\u00b0 Trofeo Citt\u00e0 di Saronno\u201d\/ \u201c6\u00b0 Trofeo Saronno Servizi\u201d,<\/strong> che si svolger\u00e0 presso la Piscina Comunale di Saronno, Via Miola 5, base metri 25, 8 corsie, cronometraggio automatico.<\/p>\n<p><strong> La manifestazione a carattere interregionale<\/strong> \u00e8 riservata alle Societ\u00e0 regolarmente affiliate alla F.I.N.Sono previste le seguenti categorie maschili e femminili: <strong>Esordienti B \u2013 Esordienti A \u2013 Ragazzi &#8211; Assoluti (Jun, Cad, Sen).<\/strong><\/p>\n<p>Ogni Societ\u00e0 potr\u00e0 presentare pi\u00f9 formazioni (a discrezione della societ\u00e0 organizzatrice) con un massimo di 45 cartellini gara ciascuna. Ogni atleta potr\u00e0 partecipare ad un massimo di 2 gare, oltre alle 2 staffette.<\/p>\n<p>Le staffette saranno divise in due categorie: <strong>Esordienti (2 Es. B + 2 Es. A) e Ragazzi \u2013 Assoluti (2 Rag. + 2 Ass.).<\/strong> Ogni societ\u00e0 potr\u00e0 presentare solo una staffetta per categoria.<\/p>\n","protected":false},"excerpt":{"rendered":"<p>La Rari Nantes Saronno A.S.D. in collaborazione con Saronno Servizi S.S.D. organizzano la 26esima edizione del meeting e del sesto &#8220;Trofeo Saronno Servizi\u201d<\/p>\n","protected":false},"author":51,"featured_media":0,"comment_status":"open","ping_status":"open","sticky":false,"template":"","format":"standard","meta":{"footnotes":""},"categories":[5,14],"tags":[14602,11032,4275],"acf":[],"yoast_head":"<!-- This site is optimized with the Yoast SEO plugin v20.1 - https:\/\/yoast.com\/wordpress\/plugins\/seo\/ -->\n<title>Sabato torna il Trofeo Citt\u00e0 di Saronno<\/title>\n<meta name=\"description\" content=\"La Rari Nantes Saronno A.S.D. in collaborazione con Saronno Servizi S.S.D. organizzano la 26esima edizione del meeting e del sesto &quot;Trofeo Saronno Servizi\u201d\" \/>\n<meta name=\"robots\" content=\"noindex, follow, max-snippet:-1, max-image-preview:large, max-video-preview:-1\" \/>\n<meta property=\"og:locale\" content=\"it_IT\" \/>\n<meta property=\"og:type\" content=\"article\" \/>\n<meta property=\"og:title\" content=\"Sabato torna il Trofeo Citt\u00e0 di Saronno\" \/>\n<meta property=\"og:description\" content=\"La Rari Nantes Saronno A.S.D. in collaborazione con Saronno Servizi S.S.D. organizzano la 26esima edizione del meeting e del sesto &quot;Trofeo Saronno Servizi\u201d\" \/>\n<meta property=\"og:url\" content=\"https:\/\/staging.varesenews.it\/2015\/04\/sabato-torna-il-trofeo-citta-di-saronno\/364608\/\" \/>\n<meta property=\"og:site_name\" content=\"VareseNews\" \/>\n<meta property=\"article:publisher\" content=\"https:\/\/www.facebook.com\/varesenews\" \/>\n<meta property=\"article:author\" content=\"https:\/\/www.facebook.com\/manuel.sgarella\" \/>\n<meta property=\"article:published_time\" content=\"2015-04-23T14:10:52+00:00\" \/>\n<meta property=\"article:modified_time\" content=\"2015-04-23T14:11:13+00:00\" \/>\n<meta name=\"author\" content=\"Manuel Sgarella\" \/>\n<meta name=\"twitter:card\" content=\"summary_large_image\" \/>\n<meta name=\"twitter:creator\" content=\"@Sgarel\" \/>\n<meta name=\"twitter:site\" content=\"@varesenews\" \/>\n<meta name=\"twitter:label1\" content=\"Scritto da\" \/>\n\t<meta name=\"twitter:data1\" content=\"Manuel Sgarella\" \/>\n\t<meta name=\"twitter:label2\" content=\"Tempo di lettura stimato\" \/>\n\t<meta name=\"twitter:data2\" content=\"1 minuto\" \/>\n<script type=\"application\/ld+json\" class=\"yoast-schema-graph\">{\"@context\":\"https:\/\/schema.org\",\"@graph\":[{\"@type\":\"WebPage\",\"@id\":\"https:\/\/staging.varesenews.it\/2015\/04\/sabato-torna-il-trofeo-citta-di-saronno\/364608\/\",\"url\":\"https:\/\/staging.varesenews.it\/2015\/04\/sabato-torna-il-trofeo-citta-di-saronno\/364608\/\",\"name\":\"Sabato torna il Trofeo Citt\u00e0 di Saronno\",\"isPartOf\":{\"@id\":\"https:\/\/staging.varesenews.it\/#website\"},\"datePublished\":\"2015-04-23T14:10:52+00:00\",\"dateModified\":\"2015-04-23T14:11:13+00:00\",\"author\":{\"@id\":\"https:\/\/staging.varesenews.it\/#\/schema\/person\/1ec987bf360cbcf5fab38b0367dbc9d4\"},\"description\":\"La Rari Nantes Saronno A.S.D. in collaborazione con Saronno Servizi S.S.D. organizzano la 26esima edizione del meeting e del sesto \\\"Trofeo Saronno Servizi\u201d\",\"breadcrumb\":{\"@id\":\"https:\/\/staging.varesenews.it\/2015\/04\/sabato-torna-il-trofeo-citta-di-saronno\/364608\/#breadcrumb\"},\"inLanguage\":\"it-IT\",\"potentialAction\":[{\"@type\":\"ReadAction\",\"target\":[\"https:\/\/staging.varesenews.it\/2015\/04\/sabato-torna-il-trofeo-citta-di-saronno\/364608\/\"]}]},{\"@type\":\"BreadcrumbList\",\"@id\":\"https:\/\/staging.varesenews.it\/2015\/04\/sabato-torna-il-trofeo-citta-di-saronno\/364608\/#breadcrumb\",\"itemListElement\":[{\"@type\":\"ListItem\",\"position\":1,\"name\":\"Home\",\"item\":\"https:\/\/www.varesenews.it\/\"},{\"@type\":\"ListItem\",\"position\":2,\"name\":\"Sabato torna il Trofeo Citt\u00e0 di Saronno\"}]},{\"@type\":\"WebSite\",\"@id\":\"https:\/\/staging.varesenews.it\/#website\",\"url\":\"https:\/\/staging.varesenews.it\/\",\"name\":\"VareseNews\",\"description\":\"\",\"potentialAction\":[{\"@type\":\"SearchAction\",\"target\":{\"@type\":\"EntryPoint\",\"urlTemplate\":\"https:\/\/staging.varesenews.it\/?s={search_term_string}\"},\"query-input\":\"required name=search_term_string\"}],\"inLanguage\":\"it-IT\"},{\"@type\":\"Person\",\"@id\":\"https:\/\/staging.varesenews.it\/#\/schema\/person\/1ec987bf360cbcf5fab38b0367dbc9d4\",\"name\":\"Manuel Sgarella\",\"image\":{\"@type\":\"ImageObject\",\"inLanguage\":\"it-IT\",\"@id\":\"https:\/\/staging.varesenews.it\/#\/schema\/person\/image\/\",\"url\":\"https:\/\/staging.varesenews.it\/wp-content\/uploads\/2020\/12\/manuel_sgarella_colori_500.jpg\",\"contentUrl\":\"https:\/\/staging.varesenews.it\/wp-content\/uploads\/2020\/12\/manuel_sgarella_colori_500.jpg\",\"caption\":\"Manuel Sgarella\"},\"description\":\"A VareseNews dal 1999, da quando ho iniziato a collaborare per la pagina del cinema. Col tempo mi sono occupato della cronaca del territorio di Saronno-Tradate e dell'organizzazione di alcuni progetti speciali di VareseNews, tra cui la produzione del film Digitalife. Dal 2009 sono giornalista professionista. Diplomato alla Civica scuola del cinema di Milano, coltivo da sempre una passione per tutto quello che &egrave; narrazione, soprattutto per film e serie tv. Dal 2014 Pubblico romanzi come autore indipendente.&nbsp;\",\"sameAs\":[\"https:\/\/www.facebook.com\/manuel.sgarella\",\"Sgarel\",\"https:\/\/twitter.com\/Sgarel\"],\"url\":\"https:\/\/staging.varesenews.it\/persona\/manuel-sgarella1\/\"}]}<\/script>\n<!-- \/ Yoast SEO plugin. -->","yoast_head_json":{"title":"Sabato torna il Trofeo Citt\u00e0 di Saronno","description":"La Rari Nantes Saronno A.S.D. in collaborazione con Saronno Servizi S.S.D. organizzano la 26esima edizione del meeting e del sesto \"Trofeo Saronno Servizi\u201d","robots":{"index":"noindex","follow":"follow","max-snippet":"max-snippet:-1","max-image-preview":"max-image-preview:large","max-video-preview":"max-video-preview:-1"},"og_locale":"it_IT","og_type":"article","og_title":"Sabato torna il Trofeo Citt\u00e0 di Saronno","og_description":"La Rari Nantes Saronno A.S.D. in collaborazione con Saronno Servizi S.S.D. organizzano la 26esima edizione del meeting e del sesto \"Trofeo Saronno Servizi\u201d","og_url":"https:\/\/staging.varesenews.it\/2015\/04\/sabato-torna-il-trofeo-citta-di-saronno\/364608\/","og_site_name":"VareseNews","article_publisher":"https:\/\/www.facebook.com\/varesenews","article_author":"https:\/\/www.facebook.com\/manuel.sgarella","article_published_time":"2015-04-23T14:10:52+00:00","article_modified_time":"2015-04-23T14:11:13+00:00","author":"Manuel Sgarella","twitter_card":"summary_large_image","twitter_creator":"@Sgarel","twitter_site":"@varesenews","twitter_misc":{"Scritto da":"Manuel Sgarella","Tempo di lettura stimato":"1 minuto"},"schema":{"@context":"https:\/\/schema.org","@graph":[{"@type":"WebPage","@id":"https:\/\/staging.varesenews.it\/2015\/04\/sabato-torna-il-trofeo-citta-di-saronno\/364608\/","url":"https:\/\/staging.varesenews.it\/2015\/04\/sabato-torna-il-trofeo-citta-di-saronno\/364608\/","name":"Sabato torna il Trofeo Citt\u00e0 di Saronno","isPartOf":{"@id":"https:\/\/staging.varesenews.it\/#website"},"datePublished":"2015-04-23T14:10:52+00:00","dateModified":"2015-04-23T14:11:13+00:00","author":{"@id":"https:\/\/staging.varesenews.it\/#\/schema\/person\/1ec987bf360cbcf5fab38b0367dbc9d4"},"description":"La Rari Nantes Saronno A.S.D. in collaborazione con Saronno Servizi S.S.D. organizzano la 26esima edizione del meeting e del sesto \"Trofeo Saronno Servizi\u201d","breadcrumb":{"@id":"https:\/\/staging.varesenews.it\/2015\/04\/sabato-torna-il-trofeo-citta-di-saronno\/364608\/#breadcrumb"},"inLanguage":"it-IT","potentialAction":[{"@type":"ReadAction","target":["https:\/\/staging.varesenews.it\/2015\/04\/sabato-torna-il-trofeo-citta-di-saronno\/364608\/"]}]},{"@type":"BreadcrumbList","@id":"https:\/\/staging.varesenews.it\/2015\/04\/sabato-torna-il-trofeo-citta-di-saronno\/364608\/#breadcrumb","itemListElement":[{"@type":"ListItem","position":1,"name":"Home","item":"https:\/\/www.varesenews.it\/"},{"@type":"ListItem","position":2,"name":"Sabato torna il Trofeo Citt\u00e0 di Saronno"}]},{"@type":"WebSite","@id":"https:\/\/staging.varesenews.it\/#website","url":"https:\/\/staging.varesenews.it\/","name":"VareseNews","description":"","potentialAction":[{"@type":"SearchAction","target":{"@type":"EntryPoint","urlTemplate":"https:\/\/staging.varesenews.it\/?s={search_term_string}"},"query-input":"required name=search_term_string"}],"inLanguage":"it-IT"},{"@type":"Person","@id":"https:\/\/staging.varesenews.it\/#\/schema\/person\/1ec987bf360cbcf5fab38b0367dbc9d4","name":"Manuel Sgarella","image":{"@type":"ImageObject","inLanguage":"it-IT","@id":"https:\/\/staging.varesenews.it\/#\/schema\/person\/image\/","url":"https:\/\/staging.varesenews.it\/wp-content\/uploads\/2020\/12\/manuel_sgarella_colori_500.jpg","contentUrl":"https:\/\/staging.varesenews.it\/wp-content\/uploads\/2020\/12\/manuel_sgarella_colori_500.jpg","caption":"Manuel Sgarella"},"description":"A VareseNews dal 1999, da quando ho iniziato a collaborare per la pagina del cinema. Col tempo mi sono occupato della cronaca del territorio di Saronno-Tradate e dell'organizzazione di alcuni progetti speciali di VareseNews, tra cui la produzione del film Digitalife. Dal 2009 sono giornalista professionista. Diplomato alla Civica scuola del cinema di Milano, coltivo da sempre una passione per tutto quello che &egrave; narrazione, soprattutto per film e serie tv. Dal 2014 Pubblico romanzi come autore indipendente.&nbsp;","sameAs":["https:\/\/www.facebook.com\/manuel.sgarella","Sgarel","https:\/\/twitter.com\/Sgarel"],"url":"https:\/\/staging.varesenews.it\/persona\/manuel-sgarella1\/"}]}},"post_meta":{"_edit_lock":"1429798177:51","_edit_last":"51","ratings_users":"0","ratings_score":"0","ratings_average":"0","_category_permalink":"5","wdfb_og_title":"","wdfb_og_type":"","wdfb_og_description":"","wdfb_og_images":"a:1:{i:0;s:0:\"\";}","wdfb_og_custom_name":"a:1:{i:0;s:0:\"\";}","wdfb_og_custom_value":"a:1:{i:0;s:0:\"\";}","foto":"222944","argomento":"Nuoto disabili","_jd_twitter":"","_jd_tweet_this":"yes","_wpt_short_url":"http:\/\/www.varesenews.it\/2015\/04\/sabato-torna-il-trofeo-citta-di-saronno\/364608\/","_wp_jd_target":"http:\/\/www.varesenews.it\/2015\/04\/sabato-torna-il-trofeo-citta-di-saronno\/364608\/","_jd_wp_twitter":"a:1:{i:0;s:164:\"Sabato torna il Trofeo Citt\u00e0 di Saronno http:\/\/www.varesenews.it\/2015\/04\/sabato-torna-il-trofeo-citta-di-saronno\/364608\/ #nuotodisabili #rarinantes #saronnoservizi\";}","_wpt_status_message":"Tweet inviato con successo."},"photos":[{"original":"https:\/\/staging.varesenews.it\/photogallery_new\/images\/2011\/11\/rari-nantes-saronno-2011-222944.jpg","full":"https:\/\/staging.varesenews.it\/photogallery_new\/images\/2011\/11\/rari-nantes-saronno-2011-222944.1024x768.jpg","large":"https:\/\/staging.varesenews.it\/photogallery_new\/images\/2011\/11\/rari-nantes-saronno-2011-222944.610x431.jpg"}],"_links":{"self":[{"href":"https:\/\/staging.varesenews.it\/swgapi\/v1\/wp\/v2\/posts\/364608"}],"collection":[{"href":"https:\/\/staging.varesenews.it\/swgapi\/v1\/wp\/v2\/posts"}],"about":[{"href":"https:\/\/staging.varesenews.it\/swgapi\/v1\/wp\/v2\/types\/post"}],"author":[{"embeddable":true,"href":"https:\/\/staging.varesenews.it\/swgapi\/v1\/wp\/v2\/users\/51"}],"replies":[{"embeddable":true,"href":"https:\/\/staging.varesenews.it\/swgapi\/v1\/wp\/v2\/comments?post=364608"}],"version-history":[{"count":0,"href":"https:\/\/staging.varesenews.it\/swgapi\/v1\/wp\/v2\/posts\/364608\/revisions"}],"wp:attachment":[{"href":"https:\/\/staging.varesenews.it\/swgapi\/v1\/wp\/v2\/media?parent=364608"}],"wp:term":[{"taxonomy":"category","embeddable":true,"href":"https:\/\/staging.varesenews.it\/swgapi\/v1\/wp\/v2\/categories?post=364608"},{"taxonomy":"post_tag","embeddable":true,"href":"https:\/\/staging.varesenews.it\/swgapi\/v1\/wp\/v2\/tags?post=364608"}],"curies":[{"name":"wp","href":"https:\/\/api.w.org\/{rel}","templated":true}]}}