{"id":364781,"date":"2015-04-24T10:04:24","date_gmt":"2015-04-24T08:04:24","guid":{"rendered":"http:\/\/www.varesenews.it\/?p=364781"},"modified":"2015-04-24T10:21:44","modified_gmt":"2015-04-24T08:21:44","slug":"il-car-sharing-e-quasi-pronto","status":"publish","type":"post","link":"https:\/\/staging.varesenews.it\/2015\/04\/il-car-sharing-e-quasi-pronto\/364781\/","title":{"rendered":"Il car sharing \u00e8 (quasi) pronto"},"content":{"rendered":"<p>Sono arrivate in citt\u00e0 la 10 auto che daranno avvio al servizio di car sharing a Busto Arsizio. <strong>Dalla mattina del 24 aprile sono parcheggiate all&#8217;interno del cortile di Palazzo Gilardoni in attesa di essere installate davanti alla stazione della Ferrovie Nord.<\/strong> Nel frattempo, infatti, Agesp dovr\u00e0 installare alcune colonnine di ricarica perch\u00e9 le auto sono tutte elettriche ma l&#8217;amministrazione assicura che per il 1 maggio tutto sar\u00e0 pronto.<\/p>\n<p>Il progetto \u00e8 stato infatti inserito nel &#8220;<a href=\"http:\/\/www.varesenews.it\/2014\/09\/grand-tour-del-varesotto-una-cordata-provinciale-per-i-contributi-del-bando-regionale-expo\/27249\/\" target=\"_blank\">Grand Tour del Varesotto<\/a>&#8221; ed \u00e8 pensato, almeno per\u00a0questa fase iniziale, essenzialmente per i turisti. Le auto, infatti, potranno essere prese e riconsegnate solo nell&#8217;area della stazione dove un operatore gestir\u00e0 le chiavi. <strong>Nei prossimi mesi il servizio diventer\u00e0 pi\u00f9 dinamico: niente pi\u00f9 chiavi e sopratutto la possibilit\u00e0 di lasciare l&#8217;auto in qualunque angolo della citt\u00e0.<\/strong><\/p>\n<p>Le tariffe, in ogni caso, saranno molto vantaggiose: <strong>5 euro all&#8217;ora che diventano 4 per i residenti a Busto Arsizio<\/strong>. Il servizio che sar\u00e0 gestito dalla C.S. Group punta gi\u00e0 ad allargarsi coinvolgendo strutture alberghiere, musei e naturalmente Malpensa dove sono gi\u00e0 previste le prime colonnine di ricarica<\/p>\n","protected":false},"excerpt":{"rendered":"<p>Sono arrivate a Busto Arsizio le 10 auto del car sharing elettrico che prender\u00e0 avvio il 1 maggio. Un servizio che per i primi mesi punter\u00e0 principalmente sui turisti<\/p>\n","protected":false},"author":42,"featured_media":0,"comment_status":"open","ping_status":"open","sticky":false,"template":"","format":"standard","meta":{"footnotes":""},"categories":[4],"tags":[3764,299],"acf":[],"yoast_head":"<!-- This site is optimized with the Yoast SEO plugin v20.1 - https:\/\/yoast.com\/wordpress\/plugins\/seo\/ -->\n<title>Il car sharing \u00e8 (quasi) pronto<\/title>\n<meta name=\"description\" content=\"Sono arrivate a Busto Arsizio le 10 auto del car sharing elettrico che prender\u00e0 avvio il 1 maggio. Un servizio che per i primi mesi punter\u00e0 sui turisti\" \/>\n<meta name=\"robots\" content=\"noindex, follow, max-snippet:-1, max-image-preview:large, max-video-preview:-1\" \/>\n<meta property=\"og:locale\" content=\"it_IT\" \/>\n<meta property=\"og:type\" content=\"article\" \/>\n<meta property=\"og:title\" content=\"Il car sharing \u00e8 (quasi) pronto\" \/>\n<meta property=\"og:description\" content=\"Sono arrivate a Busto Arsizio le 10 auto del car sharing elettrico che prender\u00e0 avvio il 1 maggio. Un servizio che per i primi mesi punter\u00e0 sui turisti\" \/>\n<meta property=\"og:url\" content=\"https:\/\/staging.varesenews.it\/2015\/04\/il-car-sharing-e-quasi-pronto\/364781\/\" \/>\n<meta property=\"og:site_name\" content=\"VareseNews\" \/>\n<meta property=\"article:publisher\" content=\"https:\/\/www.facebook.com\/varesenews\" \/>\n<meta property=\"article:published_time\" content=\"2015-04-24T08:04:24+00:00\" \/>\n<meta property=\"article:modified_time\" content=\"2015-04-24T08:21:44+00:00\" \/>\n<meta name=\"author\" content=\"Marco Corso\" \/>\n<meta name=\"twitter:card\" content=\"summary_large_image\" \/>\n<meta name=\"twitter:creator\" content=\"@varesenews\" \/>\n<meta name=\"twitter:site\" content=\"@varesenews\" \/>\n<meta name=\"twitter:label1\" content=\"Scritto da\" \/>\n\t<meta name=\"twitter:data1\" content=\"Marco Corso\" \/>\n\t<meta name=\"twitter:label2\" content=\"Tempo di lettura stimato\" \/>\n\t<meta name=\"twitter:data2\" content=\"1 minuto\" \/>\n<script type=\"application\/ld+json\" class=\"yoast-schema-graph\">{\"@context\":\"https:\/\/schema.org\",\"@graph\":[{\"@type\":\"WebPage\",\"@id\":\"https:\/\/staging.varesenews.it\/2015\/04\/il-car-sharing-e-quasi-pronto\/364781\/\",\"url\":\"https:\/\/staging.varesenews.it\/2015\/04\/il-car-sharing-e-quasi-pronto\/364781\/\",\"name\":\"Il car sharing \u00e8 (quasi) pronto\",\"isPartOf\":{\"@id\":\"https:\/\/staging.varesenews.it\/#website\"},\"datePublished\":\"2015-04-24T08:04:24+00:00\",\"dateModified\":\"2015-04-24T08:21:44+00:00\",\"author\":{\"@id\":\"https:\/\/staging.varesenews.it\/#\/schema\/person\/f0b866bf1a4a7b2b1558574309a927fa\"},\"description\":\"Sono arrivate a Busto Arsizio le 10 auto del car sharing elettrico che prender\u00e0 avvio il 1 maggio. Un servizio che per i primi mesi punter\u00e0 sui turisti\",\"breadcrumb\":{\"@id\":\"https:\/\/staging.varesenews.it\/2015\/04\/il-car-sharing-e-quasi-pronto\/364781\/#breadcrumb\"},\"inLanguage\":\"it-IT\",\"potentialAction\":[{\"@type\":\"ReadAction\",\"target\":[\"https:\/\/staging.varesenews.it\/2015\/04\/il-car-sharing-e-quasi-pronto\/364781\/\"]}]},{\"@type\":\"BreadcrumbList\",\"@id\":\"https:\/\/staging.varesenews.it\/2015\/04\/il-car-sharing-e-quasi-pronto\/364781\/#breadcrumb\",\"itemListElement\":[{\"@type\":\"ListItem\",\"position\":1,\"name\":\"Home\",\"item\":\"https:\/\/www.varesenews.it\/\"},{\"@type\":\"ListItem\",\"position\":2,\"name\":\"Il car sharing \u00e8 (quasi) pronto\"}]},{\"@type\":\"WebSite\",\"@id\":\"https:\/\/staging.varesenews.it\/#website\",\"url\":\"https:\/\/staging.varesenews.it\/\",\"name\":\"VareseNews\",\"description\":\"\",\"potentialAction\":[{\"@type\":\"SearchAction\",\"target\":{\"@type\":\"EntryPoint\",\"urlTemplate\":\"https:\/\/staging.varesenews.it\/?s={search_term_string}\"},\"query-input\":\"required name=search_term_string\"}],\"inLanguage\":\"it-IT\"},{\"@type\":\"Person\",\"@id\":\"https:\/\/staging.varesenews.it\/#\/schema\/person\/f0b866bf1a4a7b2b1558574309a927fa\",\"name\":\"Marco Corso\",\"image\":{\"@type\":\"ImageObject\",\"inLanguage\":\"it-IT\",\"@id\":\"https:\/\/staging.varesenews.it\/#\/schema\/person\/image\/\",\"url\":\"https:\/\/staging.varesenews.it\/wp-content\/uploads\/2020\/12\/marco_corso_colori_500.jpg\",\"contentUrl\":\"https:\/\/staging.varesenews.it\/wp-content\/uploads\/2020\/12\/marco_corso_colori_500.jpg\",\"caption\":\"Marco Corso\"},\"description\":\"Classe 91, per diversi anni mi sono fregiato del titolo di pi&ugrave; giovane della redazione, ma adesso faccio il fratello maggiore alle nuove leve. Mi sono laureato nel 2013 in Scienze Sociali per la Globalizzazione alla Statale di Milano e nel 2015 mi sono diplomato in videogiornalismo alla Civica Scuola di Cinema di Milano. A VareseNews da 10 anni, ho seguito da sempre diversi progetti, partendo dalla mia Busto Arsizio per attraversare tutta la provincia. Adesso la \\\"sorvolo\\\" anche con il mio drone, regalando alle mie riprese sempre un punto di vista emozionale e narrativo sui luoghi e le vicende che racconto, ma rimanendo fedele alla cronaca. Quando non faccio il giornalista viaggio o mi arrampico sui monti, per guardare il mondo da altri punti di vista.\",\"sameAs\":[\"mar_corso\"],\"url\":\"https:\/\/staging.varesenews.it\/persona\/marco-corso1\/\"}]}<\/script>\n<!-- \/ Yoast SEO plugin. -->","yoast_head_json":{"title":"Il car sharing \u00e8 (quasi) pronto","description":"Sono arrivate a Busto Arsizio le 10 auto del car sharing elettrico che prender\u00e0 avvio il 1 maggio. Un servizio che per i primi mesi punter\u00e0 sui turisti","robots":{"index":"noindex","follow":"follow","max-snippet":"max-snippet:-1","max-image-preview":"max-image-preview:large","max-video-preview":"max-video-preview:-1"},"og_locale":"it_IT","og_type":"article","og_title":"Il car sharing \u00e8 (quasi) pronto","og_description":"Sono arrivate a Busto Arsizio le 10 auto del car sharing elettrico che prender\u00e0 avvio il 1 maggio. Un servizio che per i primi mesi punter\u00e0 sui turisti","og_url":"https:\/\/staging.varesenews.it\/2015\/04\/il-car-sharing-e-quasi-pronto\/364781\/","og_site_name":"VareseNews","article_publisher":"https:\/\/www.facebook.com\/varesenews","article_published_time":"2015-04-24T08:04:24+00:00","article_modified_time":"2015-04-24T08:21:44+00:00","author":"Marco Corso","twitter_card":"summary_large_image","twitter_creator":"@varesenews","twitter_site":"@varesenews","twitter_misc":{"Scritto da":"Marco Corso","Tempo di lettura stimato":"1 minuto"},"schema":{"@context":"https:\/\/schema.org","@graph":[{"@type":"WebPage","@id":"https:\/\/staging.varesenews.it\/2015\/04\/il-car-sharing-e-quasi-pronto\/364781\/","url":"https:\/\/staging.varesenews.it\/2015\/04\/il-car-sharing-e-quasi-pronto\/364781\/","name":"Il car sharing \u00e8 (quasi) pronto","isPartOf":{"@id":"https:\/\/staging.varesenews.it\/#website"},"datePublished":"2015-04-24T08:04:24+00:00","dateModified":"2015-04-24T08:21:44+00:00","author":{"@id":"https:\/\/staging.varesenews.it\/#\/schema\/person\/f0b866bf1a4a7b2b1558574309a927fa"},"description":"Sono arrivate a Busto Arsizio le 10 auto del car sharing elettrico che prender\u00e0 avvio il 1 maggio. Un servizio che per i primi mesi punter\u00e0 sui turisti","breadcrumb":{"@id":"https:\/\/staging.varesenews.it\/2015\/04\/il-car-sharing-e-quasi-pronto\/364781\/#breadcrumb"},"inLanguage":"it-IT","potentialAction":[{"@type":"ReadAction","target":["https:\/\/staging.varesenews.it\/2015\/04\/il-car-sharing-e-quasi-pronto\/364781\/"]}]},{"@type":"BreadcrumbList","@id":"https:\/\/staging.varesenews.it\/2015\/04\/il-car-sharing-e-quasi-pronto\/364781\/#breadcrumb","itemListElement":[{"@type":"ListItem","position":1,"name":"Home","item":"https:\/\/www.varesenews.it\/"},{"@type":"ListItem","position":2,"name":"Il car sharing \u00e8 (quasi) pronto"}]},{"@type":"WebSite","@id":"https:\/\/staging.varesenews.it\/#website","url":"https:\/\/staging.varesenews.it\/","name":"VareseNews","description":"","potentialAction":[{"@type":"SearchAction","target":{"@type":"EntryPoint","urlTemplate":"https:\/\/staging.varesenews.it\/?s={search_term_string}"},"query-input":"required name=search_term_string"}],"inLanguage":"it-IT"},{"@type":"Person","@id":"https:\/\/staging.varesenews.it\/#\/schema\/person\/f0b866bf1a4a7b2b1558574309a927fa","name":"Marco Corso","image":{"@type":"ImageObject","inLanguage":"it-IT","@id":"https:\/\/staging.varesenews.it\/#\/schema\/person\/image\/","url":"https:\/\/staging.varesenews.it\/wp-content\/uploads\/2020\/12\/marco_corso_colori_500.jpg","contentUrl":"https:\/\/staging.varesenews.it\/wp-content\/uploads\/2020\/12\/marco_corso_colori_500.jpg","caption":"Marco Corso"},"description":"Classe 91, per diversi anni mi sono fregiato del titolo di pi&ugrave; giovane della redazione, ma adesso faccio il fratello maggiore alle nuove leve. Mi sono laureato nel 2013 in Scienze Sociali per la Globalizzazione alla Statale di Milano e nel 2015 mi sono diplomato in videogiornalismo alla Civica Scuola di Cinema di Milano. A VareseNews da 10 anni, ho seguito da sempre diversi progetti, partendo dalla mia Busto Arsizio per attraversare tutta la provincia. Adesso la \"sorvolo\" anche con il mio drone, regalando alle mie riprese sempre un punto di vista emozionale e narrativo sui luoghi e le vicende che racconto, ma rimanendo fedele alla cronaca. Quando non faccio il giornalista viaggio o mi arrampico sui monti, per guardare il mondo da altri punti di vista.","sameAs":["mar_corso"],"url":"https:\/\/staging.varesenews.it\/persona\/marco-corso1\/"}]}},"post_meta":{"_edit_lock":"1429864045:42","_edit_last":"42","_category_permalink":"","wdfb_og_title":"","wdfb_og_type":"","wdfb_og_description":"","wdfb_og_images":"a:1:{i:0;s:0:\"\";}","wdfb_og_custom_name":"a:1:{i:0;s:0:\"\";}","wdfb_og_custom_value":"a:1:{i:0;s:0:\"\";}","id_leggi_anche":"358282","foto":"447601","id_link_fotogallery":"358281","argomento":"Fotonotizia","_yoast_wpseo_focuskw":"sharing","_yoast_wpseo_metadesc":"Sono arrivate a Busto Arsizio le 10 auto del car sharing elettrico che prender\u00e0 avvio il 1 maggio. Un servizio che per i primi mesi punter\u00e0 sui turisti","_jd_twitter":"","_jd_tweet_this":"yes","ratings_users":"0","ratings_score":"0","ratings_average":"0","_wpt_short_url":"http:\/\/www.varesenews.it\/2015\/04\/il-car-sharing-e-quasi-pronto\/364781\/","_wp_jd_target":"http:\/\/www.varesenews.it\/2015\/04\/il-car-sharing-e-quasi-pronto\/364781\/","_jd_wp_twitter":"a:1:{i:0;s:125:\"Il car sharing \u00e8 (quasi) pronto http:\/\/www.varesenews.it\/2015\/04\/il-car-sharing-e-quasi-pronto\/364781\/ #carsharing #expo2015\";}","_wpt_status_message":"Tweet inviato con successo.","_yoast_wpseo_linkdex":"65"},"photos":[{"original":"https:\/\/staging.varesenews.it\/photogallery_new\/images\/2015\/04\/varie-447601.jpg","full":"https:\/\/staging.varesenews.it\/photogallery_new\/images\/2015\/04\/varie-447601.1024x768.jpg","large":"https:\/\/staging.varesenews.it\/photogallery_new\/images\/2015\/04\/varie-447601.610x431.jpg"}],"_links":{"self":[{"href":"https:\/\/staging.varesenews.it\/swgapi\/v1\/wp\/v2\/posts\/364781"}],"collection":[{"href":"https:\/\/staging.varesenews.it\/swgapi\/v1\/wp\/v2\/posts"}],"about":[{"href":"https:\/\/staging.varesenews.it\/swgapi\/v1\/wp\/v2\/types\/post"}],"author":[{"embeddable":true,"href":"https:\/\/staging.varesenews.it\/swgapi\/v1\/wp\/v2\/users\/42"}],"replies":[{"embeddable":true,"href":"https:\/\/staging.varesenews.it\/swgapi\/v1\/wp\/v2\/comments?post=364781"}],"version-history":[{"count":0,"href":"https:\/\/staging.varesenews.it\/swgapi\/v1\/wp\/v2\/posts\/364781\/revisions"}],"wp:attachment":[{"href":"https:\/\/staging.varesenews.it\/swgapi\/v1\/wp\/v2\/media?parent=364781"}],"wp:term":[{"taxonomy":"category","embeddable":true,"href":"https:\/\/staging.varesenews.it\/swgapi\/v1\/wp\/v2\/categories?post=364781"},{"taxonomy":"post_tag","embeddable":true,"href":"https:\/\/staging.varesenews.it\/swgapi\/v1\/wp\/v2\/tags?post=364781"}],"curies":[{"name":"wp","href":"https:\/\/api.w.org\/{rel}","templated":true}]}}