{"id":364880,"date":"2015-04-24T12:19:58","date_gmt":"2015-04-24T10:19:58","guid":{"rendered":"http:\/\/www.varesenews.it\/?p=364880"},"modified":"2015-04-24T12:19:58","modified_gmt":"2015-04-24T10:19:58","slug":"rissa-con-orecchio-staccato-identificato-il-feritore","status":"publish","type":"post","link":"https:\/\/staging.varesenews.it\/2015\/04\/rissa-con-orecchio-staccato-identificato-il-feritore\/364880\/","title":{"rendered":"Rissa con orecchio staccato, identificato il feritore"},"content":{"rendered":"<p>Gli investigatori del Commissariato di Busto\u00a0hanno i<strong>dentificato il feritore dell\u2019uomo<\/strong> che, lo scorso 18 aprile, era stato trovato fuori da un locale di via XX settembre<strong> <a title=\"Rissa in enoteca, 30enne ci rimette un orecchio\" href=\"http:\/\/www.varesenews.it\/2015\/04\/rissa-in-enoteca-30enne-ci-rimette-un-orecchio\/362901\/\">con un orecchio quasi completamente staccato<\/a>.<\/strong> Erano circa le 1,20 quella notte quando la Volante del Commissariato. era intervenuta trovandosi al cospetto di una scena a tinte forti: l\u2019uomo, un trentenne gi\u00e0 conosciuto dalle Forze dell\u2019ordine, impugnava un lungo coltello da cucina e, con la maglia completamente intrisa del suo stesso sangue, colpiva ripetutamente la serranda del locale con calci, pugni e con il lancio di cassonetti, minacciando di morte le persone che si erano asserragliate all\u2019interno.<\/p>\n<p>C\u2019erano volute alcune decine di minuti prima che l\u2019equipaggio della Volante del Commissariato, con il prezioso aiuto di Polizia Locale e Carabinieri, riuscisse a renderlo innocuo e a condurlo in ospedale, dove \u00e8 stato poi sedato e sottoposto ad un intervento chirurgico per la ricostruzione dell\u2019orecchio.<\/p>\n<p>L\u2019energumeno, che aveva agito sotto il probabile effetto di sostanze stupefacenti, era stato <strong>denunciato per resistenza a pubblico ufficiale,<\/strong> danneggiamento, minacce e il porto ingiustificato del coltello. Naturalmente gli uomini della squadra investigativa del Commissariato, partendo dalla visione dei filmati registrati da alcune telecamere posizionate nella via, hanno avviato indagini per risalire anche all\u2019identit\u00e0 di chi, utilizzando un bicchiere come arma da taglio, aveva ferito il trentenne.<\/p>\n<p><strong>Il ferimento \u00e8\u00a0avvenuto dopo una discussione, durata diversi minuti, tra il trentenne e un gruppo di clienti<\/strong> del locale che avevano reagito alle intemperanze e alle molestie del primo il quale, evidentemente fuori di s\u00e9, si era ripetutamente servito dai loro bicchieri proponendo a tutti l\u2019acquisto di droga.<\/p>\n<p>Al feritore \u00e8 cos\u00ec stata data un\u2019identit\u00e0, corrispondente a quella di <strong>un marocchino poco pi\u00f9 che ventenne, residente in citt\u00e0, incensurato<\/strong> e in regola con le norme sul soggiorno, che ha infine deciso di presentarsi negli uffici di via Candiani esibendo a sua volta un certificato medico per una ferita alla mano riportata durante lo scontro con il trentenne. Lo straniero \u00e8 stato indagato per lesioni personali aggravate.<\/p>\n","protected":false},"excerpt":{"rendered":"<p>Grazie alle telecamere di sorveglianza \u00e8 stato identificato coluia che ha quasi staccato un orecchio ad un 30enne in un locale di via XX Settembre. Si tratta di un 20enne che ha reagito alle intemperanze del ferito<\/p>\n","protected":false},"author":47,"featured_media":0,"comment_status":"open","ping_status":"open","sticky":false,"template":"","format":"standard","meta":{"footnotes":""},"categories":[4],"tags":[585,366,1621],"acf":[],"yoast_head":"<!-- This site is optimized with the Yoast SEO plugin v20.1 - https:\/\/yoast.com\/wordpress\/plugins\/seo\/ -->\n<title>Rissa con orecchio staccato, identificato il feritore<\/title>\n<meta name=\"description\" content=\"Grazie alle telecamere di sorveglianza \u00e8 stato identificato coluia che ha quasi staccato un orecchio ad un 30enne in un locale di via XX Settembre. Si tratta di un 20enne che ha reagito alle intemperanze del ferito\" \/>\n<meta name=\"robots\" content=\"noindex, follow, max-snippet:-1, max-image-preview:large, max-video-preview:-1\" \/>\n<meta property=\"og:locale\" content=\"it_IT\" \/>\n<meta property=\"og:type\" content=\"article\" \/>\n<meta property=\"og:title\" content=\"Rissa con orecchio staccato, identificato il feritore\" \/>\n<meta property=\"og:description\" content=\"Grazie alle telecamere di sorveglianza \u00e8 stato identificato coluia che ha quasi staccato un orecchio ad un 30enne in un locale di via XX Settembre. Si tratta di un 20enne che ha reagito alle intemperanze del ferito\" \/>\n<meta property=\"og:url\" content=\"https:\/\/staging.varesenews.it\/2015\/04\/rissa-con-orecchio-staccato-identificato-il-feritore\/364880\/\" \/>\n<meta property=\"og:site_name\" content=\"VareseNews\" \/>\n<meta property=\"article:publisher\" content=\"https:\/\/www.facebook.com\/varesenews\" \/>\n<meta property=\"article:published_time\" content=\"2015-04-24T10:19:58+00:00\" \/>\n<meta name=\"author\" content=\"Orlando Mastrillo\" \/>\n<meta name=\"twitter:card\" content=\"summary_large_image\" \/>\n<meta name=\"twitter:creator\" content=\"@nando_mastrillo\" \/>\n<meta name=\"twitter:site\" content=\"@varesenews\" \/>\n<meta name=\"twitter:label1\" content=\"Scritto da\" \/>\n\t<meta name=\"twitter:data1\" content=\"Orlando Mastrillo\" \/>\n\t<meta name=\"twitter:label2\" content=\"Tempo di lettura stimato\" \/>\n\t<meta name=\"twitter:data2\" content=\"2 minuti\" \/>\n<script type=\"application\/ld+json\" class=\"yoast-schema-graph\">{\"@context\":\"https:\/\/schema.org\",\"@graph\":[{\"@type\":\"WebPage\",\"@id\":\"https:\/\/staging.varesenews.it\/2015\/04\/rissa-con-orecchio-staccato-identificato-il-feritore\/364880\/\",\"url\":\"https:\/\/staging.varesenews.it\/2015\/04\/rissa-con-orecchio-staccato-identificato-il-feritore\/364880\/\",\"name\":\"Rissa con orecchio staccato, identificato il feritore\",\"isPartOf\":{\"@id\":\"https:\/\/staging.varesenews.it\/#website\"},\"datePublished\":\"2015-04-24T10:19:58+00:00\",\"dateModified\":\"2015-04-24T10:19:58+00:00\",\"author\":{\"@id\":\"https:\/\/staging.varesenews.it\/#\/schema\/person\/14c47ccce537a9058dddce296f10b296\"},\"description\":\"Grazie alle telecamere di sorveglianza \u00e8 stato identificato coluia che ha quasi staccato un orecchio ad un 30enne in un locale di via XX Settembre. Si tratta di un 20enne che ha reagito alle intemperanze del ferito\",\"breadcrumb\":{\"@id\":\"https:\/\/staging.varesenews.it\/2015\/04\/rissa-con-orecchio-staccato-identificato-il-feritore\/364880\/#breadcrumb\"},\"inLanguage\":\"it-IT\",\"potentialAction\":[{\"@type\":\"ReadAction\",\"target\":[\"https:\/\/staging.varesenews.it\/2015\/04\/rissa-con-orecchio-staccato-identificato-il-feritore\/364880\/\"]}]},{\"@type\":\"BreadcrumbList\",\"@id\":\"https:\/\/staging.varesenews.it\/2015\/04\/rissa-con-orecchio-staccato-identificato-il-feritore\/364880\/#breadcrumb\",\"itemListElement\":[{\"@type\":\"ListItem\",\"position\":1,\"name\":\"Home\",\"item\":\"https:\/\/www.varesenews.it\/\"},{\"@type\":\"ListItem\",\"position\":2,\"name\":\"Rissa con orecchio staccato, identificato il feritore\"}]},{\"@type\":\"WebSite\",\"@id\":\"https:\/\/staging.varesenews.it\/#website\",\"url\":\"https:\/\/staging.varesenews.it\/\",\"name\":\"VareseNews\",\"description\":\"\",\"potentialAction\":[{\"@type\":\"SearchAction\",\"target\":{\"@type\":\"EntryPoint\",\"urlTemplate\":\"https:\/\/staging.varesenews.it\/?s={search_term_string}\"},\"query-input\":\"required name=search_term_string\"}],\"inLanguage\":\"it-IT\"},{\"@type\":\"Person\",\"@id\":\"https:\/\/staging.varesenews.it\/#\/schema\/person\/14c47ccce537a9058dddce296f10b296\",\"name\":\"Orlando Mastrillo\",\"image\":{\"@type\":\"ImageObject\",\"inLanguage\":\"it-IT\",\"@id\":\"https:\/\/staging.varesenews.it\/#\/schema\/person\/image\/\",\"url\":\"https:\/\/staging.varesenews.it\/wp-content\/uploads\/2020\/12\/orlando_mastrillo_colori_500.jpg\",\"contentUrl\":\"https:\/\/staging.varesenews.it\/wp-content\/uploads\/2020\/12\/orlando_mastrillo_colori_500.jpg\",\"caption\":\"Orlando Mastrillo\"},\"description\":\"Nasco a Luino nel 1981, ho iniziato questo lavoro nell'estate del 2003 nella redazione de Il Giorno di Varese e dall'anno successivo ho intrapreso la collaborazione con VareseNews. Dopo anni nell'Alto Varesotto mi sono trasferito a Busto Arsizio nel 2007, territorio che ho iniziato a seguire e che seguo tutt'oggi. Nel 2013 sono diventato giornalista professionista. Mi occupo di cronaca politica, giudiziaria e nera in una vasta area che comprende anche parte della Valle Olona e il Legnanese. Sono sposato con Valeria Arini e ho due splendide figlie.\",\"sameAs\":[\"or_ma\",\"https:\/\/twitter.com\/nando_mastrillo\"],\"url\":\"https:\/\/staging.varesenews.it\/persona\/orlando-mastrillo1\/\"}]}<\/script>\n<!-- \/ Yoast SEO plugin. -->","yoast_head_json":{"title":"Rissa con orecchio staccato, identificato il feritore","description":"Grazie alle telecamere di sorveglianza \u00e8 stato identificato coluia che ha quasi staccato un orecchio ad un 30enne in un locale di via XX Settembre. Si tratta di un 20enne che ha reagito alle intemperanze del ferito","robots":{"index":"noindex","follow":"follow","max-snippet":"max-snippet:-1","max-image-preview":"max-image-preview:large","max-video-preview":"max-video-preview:-1"},"og_locale":"it_IT","og_type":"article","og_title":"Rissa con orecchio staccato, identificato il feritore","og_description":"Grazie alle telecamere di sorveglianza \u00e8 stato identificato coluia che ha quasi staccato un orecchio ad un 30enne in un locale di via XX Settembre. Si tratta di un 20enne che ha reagito alle intemperanze del ferito","og_url":"https:\/\/staging.varesenews.it\/2015\/04\/rissa-con-orecchio-staccato-identificato-il-feritore\/364880\/","og_site_name":"VareseNews","article_publisher":"https:\/\/www.facebook.com\/varesenews","article_published_time":"2015-04-24T10:19:58+00:00","author":"Orlando Mastrillo","twitter_card":"summary_large_image","twitter_creator":"@nando_mastrillo","twitter_site":"@varesenews","twitter_misc":{"Scritto da":"Orlando Mastrillo","Tempo di lettura stimato":"2 minuti"},"schema":{"@context":"https:\/\/schema.org","@graph":[{"@type":"WebPage","@id":"https:\/\/staging.varesenews.it\/2015\/04\/rissa-con-orecchio-staccato-identificato-il-feritore\/364880\/","url":"https:\/\/staging.varesenews.it\/2015\/04\/rissa-con-orecchio-staccato-identificato-il-feritore\/364880\/","name":"Rissa con orecchio staccato, identificato il feritore","isPartOf":{"@id":"https:\/\/staging.varesenews.it\/#website"},"datePublished":"2015-04-24T10:19:58+00:00","dateModified":"2015-04-24T10:19:58+00:00","author":{"@id":"https:\/\/staging.varesenews.it\/#\/schema\/person\/14c47ccce537a9058dddce296f10b296"},"description":"Grazie alle telecamere di sorveglianza \u00e8 stato identificato coluia che ha quasi staccato un orecchio ad un 30enne in un locale di via XX Settembre. Si tratta di un 20enne che ha reagito alle intemperanze del ferito","breadcrumb":{"@id":"https:\/\/staging.varesenews.it\/2015\/04\/rissa-con-orecchio-staccato-identificato-il-feritore\/364880\/#breadcrumb"},"inLanguage":"it-IT","potentialAction":[{"@type":"ReadAction","target":["https:\/\/staging.varesenews.it\/2015\/04\/rissa-con-orecchio-staccato-identificato-il-feritore\/364880\/"]}]},{"@type":"BreadcrumbList","@id":"https:\/\/staging.varesenews.it\/2015\/04\/rissa-con-orecchio-staccato-identificato-il-feritore\/364880\/#breadcrumb","itemListElement":[{"@type":"ListItem","position":1,"name":"Home","item":"https:\/\/www.varesenews.it\/"},{"@type":"ListItem","position":2,"name":"Rissa con orecchio staccato, identificato il feritore"}]},{"@type":"WebSite","@id":"https:\/\/staging.varesenews.it\/#website","url":"https:\/\/staging.varesenews.it\/","name":"VareseNews","description":"","potentialAction":[{"@type":"SearchAction","target":{"@type":"EntryPoint","urlTemplate":"https:\/\/staging.varesenews.it\/?s={search_term_string}"},"query-input":"required name=search_term_string"}],"inLanguage":"it-IT"},{"@type":"Person","@id":"https:\/\/staging.varesenews.it\/#\/schema\/person\/14c47ccce537a9058dddce296f10b296","name":"Orlando Mastrillo","image":{"@type":"ImageObject","inLanguage":"it-IT","@id":"https:\/\/staging.varesenews.it\/#\/schema\/person\/image\/","url":"https:\/\/staging.varesenews.it\/wp-content\/uploads\/2020\/12\/orlando_mastrillo_colori_500.jpg","contentUrl":"https:\/\/staging.varesenews.it\/wp-content\/uploads\/2020\/12\/orlando_mastrillo_colori_500.jpg","caption":"Orlando Mastrillo"},"description":"Nasco a Luino nel 1981, ho iniziato questo lavoro nell'estate del 2003 nella redazione de Il Giorno di Varese e dall'anno successivo ho intrapreso la collaborazione con VareseNews. Dopo anni nell'Alto Varesotto mi sono trasferito a Busto Arsizio nel 2007, territorio che ho iniziato a seguire e che seguo tutt'oggi. Nel 2013 sono diventato giornalista professionista. Mi occupo di cronaca politica, giudiziaria e nera in una vasta area che comprende anche parte della Valle Olona e il Legnanese. Sono sposato con Valeria Arini e ho due splendide figlie.","sameAs":["or_ma","https:\/\/twitter.com\/nando_mastrillo"],"url":"https:\/\/staging.varesenews.it\/persona\/orlando-mastrillo1\/"}]}},"post_meta":{"_edit_lock":"1429885737:47","_edit_last":"47","_category_permalink":"","wdfb_og_title":"","wdfb_og_type":"","wdfb_og_description":"","wdfb_og_images":"a:1:{i:0;s:0:\"\";}","wdfb_og_custom_name":"a:1:{i:0;s:0:\"\";}","wdfb_og_custom_value":"a:1:{i:0;s:0:\"\";}","foto":"427149","_jd_twitter":"","_jd_tweet_this":"yes","ratings_users":"0","ratings_score":"0","ratings_average":"0","firma_come_redazione":"1","argomento":"Busto Arsizio","_wpt_short_url":"http:\/\/www.varesenews.it\/2015\/04\/rissa-con-orecchio-staccato-identificato-il-feritore\/364880\/","_wp_jd_target":"http:\/\/www.varesenews.it\/2015\/04\/rissa-con-orecchio-staccato-identificato-il-feritore\/364880\/","_jd_wp_twitter":"a:1:{i:0;s:163:\"Rissa con orecchio staccato, identificato il feritore http:\/\/www.varesenews.it\/2015\/04\/rissa-con-orecchio-staccato-identificato-il-feritore\/364880\/ #Polizia #rissa\";}","_wpt_status_message":"Tweet inviato con successo."},"photos":[{"original":"https:\/\/staging.varesenews.it\/photogallery_new\/images\/2014\/12\/volante-polizia-notte-427149.jpg","full":"https:\/\/staging.varesenews.it\/photogallery_new\/images\/2014\/12\/volante-polizia-notte-427149.1024x768.jpg","large":"https:\/\/staging.varesenews.it\/photogallery_new\/images\/2014\/12\/volante-polizia-notte-427149.610x431.jpg"}],"_links":{"self":[{"href":"https:\/\/staging.varesenews.it\/swgapi\/v1\/wp\/v2\/posts\/364880"}],"collection":[{"href":"https:\/\/staging.varesenews.it\/swgapi\/v1\/wp\/v2\/posts"}],"about":[{"href":"https:\/\/staging.varesenews.it\/swgapi\/v1\/wp\/v2\/types\/post"}],"author":[{"embeddable":true,"href":"https:\/\/staging.varesenews.it\/swgapi\/v1\/wp\/v2\/users\/47"}],"replies":[{"embeddable":true,"href":"https:\/\/staging.varesenews.it\/swgapi\/v1\/wp\/v2\/comments?post=364880"}],"version-history":[{"count":0,"href":"https:\/\/staging.varesenews.it\/swgapi\/v1\/wp\/v2\/posts\/364880\/revisions"}],"wp:attachment":[{"href":"https:\/\/staging.varesenews.it\/swgapi\/v1\/wp\/v2\/media?parent=364880"}],"wp:term":[{"taxonomy":"category","embeddable":true,"href":"https:\/\/staging.varesenews.it\/swgapi\/v1\/wp\/v2\/categories?post=364880"},{"taxonomy":"post_tag","embeddable":true,"href":"https:\/\/staging.varesenews.it\/swgapi\/v1\/wp\/v2\/tags?post=364880"}],"curies":[{"name":"wp","href":"https:\/\/api.w.org\/{rel}","templated":true}]}}