{"id":365200,"date":"2015-04-24T19:23:10","date_gmt":"2015-04-24T17:23:10","guid":{"rendered":"http:\/\/www.varesenews.it\/?p=365200"},"modified":"2015-04-24T19:28:30","modified_gmt":"2015-04-24T17:28:30","slug":"polizia-le-questioni-attuali-del-comparto-sicurezza","status":"publish","type":"post","link":"https:\/\/staging.varesenews.it\/2015\/04\/polizia-le-questioni-attuali-del-comparto-sicurezza\/365200\/","title":{"rendered":"Polizia: le questioni attuali del comparto sicurezza"},"content":{"rendered":"<div class=\"page\" title=\"Page 1\">\n<div class=\"section\">\n<div class=\"layoutArea\">\n<div class=\"column\">\n<p>Sono passati ormai<strong> 34 anni<\/strong> da quando nell\u2019aprile 1981 la Legge 121 finalmente modernizzava l\u2019impianto del sistema di sicurezza del Paese in linea con i canoni europei, <strong>smilitarizzava la Polizia di Stato,<\/strong> e dettava le funzioni di coordinamento fra le Forze di Polizia. Una Legge quindi che ha segnato una fase di grande progresso sociale, tracciando un quadro organizzativo che in questi 34 anni ha registrato enormi resistenze ed ha subito numerosi attacchi: basta ricordare il tentativo di creare un \u201cmercato della sicurezza\u201d, o quello di frazionare la Polizia di Stato attraverso la sua regionalizzazione, fino alla forte dura riduzione dei servizi di sicurezza sul territorio che segna la fase attuale. Con la motivazione delle esigenze di contenimento della spesa pubblica infatti, nell\u2019ultimo decennio le Forze di Polizia hanno dovuto sopportare gli effetti micidiali dei \u201ctagli lineari\u201d che, in quanto tali hanno ridotto nella stessa misura sia lo spreco, sia le risorse indispensabili ad assicurare i servizi fondamentali alla collettivit\u00e0; non sono stati invece ridotti i posti-funzione nei Comandi Centrali, e le Direzioni Ministeriali, che anzi sono aumentate.<\/p>\n<p><strong>Nell&#8217;ambito della Polizia di Stato, anche a Varese<\/strong> lo scorso anno il sindacato si \u00e8 mobilitato per impedire la riduzione dei presidi territoriali pianificata dal Ministero, e quella chiusura in tutte le province della Polizia Postale e delle Comunicazioni che altrimenti oggi sarebbe gi\u00e0 diventata una realt\u00e0, nonostante la crescita esponenziale dei reati informatici &#8211; delle truffe alle frodi, alle estorsioni &#8211; che in particolare colpiscono le fasce pi\u00f9 deboli della popolazione, cio\u00e8 i giovanissimi e gli anziani. E intanto quasi ogni giorno la cronaca dimostra come proprio questo sia invece il fronte da cui \u00e8 possibile contrastare anche il supporto organizzativo al terrorismo internazionale.<\/p>\n<p>Altro mutamento reale che in questi anni si \u00e8 andato affermando nelle politiche di sicurezza, \u00e8 quello della crescente \u201cmilitarizzazione\u201d del Comparto, attraverso l\u2019impiego diretto dell\u2019esercito nell\u2019azione sul territorio, ma soprattutto consentendo di fatto l\u2019accesso ai ruoli delle Forze di Polizia solo ai giovani provenienti dalla carriera militare.<\/p>\n<p><strong>E fra le \u201criforme\u201d messe in cantiere dal Governo<\/strong> &#8211; proprio in questi giorni in discussione in Parlamento &#8211; sta passando letteralmente sottotraccia la pesante trasformazione dell\u2019intero modello di sicurezza del Paese, per denunciare la quale recentemente la UIL\/Lombardia ha organizzato un importante convegno a Milano, dal quale \u00e8 emersa unanime la contrariet\u00e0 degli operatori del settore a \u201ccolpi di mano\u201d di qualsiasi natura che indeboliscano ulteriormente la capacit\u00e0 di azione delle Forze di Polizia.<\/p>\n<p><strong>Ma il rischio pi\u00f9 grande e pi\u00f9 concreto che si cela dietro a queste \u201criforme<\/strong>\u201d, \u00e8 che fra le <strong>Forze di Polizia<\/strong> sia introdotta una ripartizione delle competenze per materia, per cui i cittadini dovranno in futuro rivolgersi ai Carabinieri o alla Polizia a seconda del reato di cui si tratta, con il definitivo addio ai principi di coordinamento dell\u2019azione sul territorio. L&#8217;allarme \u00e8 forte perch\u00e9 soprattutto nel campo delle indagini nessuno \u00e8 in grado di prevedere quali conseguenze si potrebbero determinare, n\u00e9 quanti trasferimenti da una all\u2019altra delle Forze di Polizia lo sviluppo investigativo potrebbe causare alle varie indagini nel loro corso, le quali ovviamente dovrebbero ogni volta ripartire. Insomma queste \u201criforme\u201d potrebbero costituire un vero e proprio <strong>\u201ccolpo di grazia\u201d non solo al livello di sicurezza del Paese, ma anche alla Giustizia<\/strong>.<\/p>\n<\/div>\n<\/div>\n<\/div>\n<\/div>\n","protected":false},"excerpt":{"rendered":"<p>Secondo Francesco Cianci (Uil polizia) le attuali \u201criforme\u201d potrebbero costituire un \u201ccolpo di grazia\u201d per sicurezza e giustizia <\/p>\n","protected":false},"author":45,"featured_media":0,"comment_status":"open","ping_status":"open","sticky":false,"template":"","format":"standard","meta":{"footnotes":""},"categories":[17,28],"tags":[366,3451,8380],"acf":[],"yoast_head":"<!-- This site is optimized with the Yoast SEO plugin v20.1 - https:\/\/yoast.com\/wordpress\/plugins\/seo\/ -->\n<title>Polizia: le questioni attuali del comparto sicurezza<\/title>\n<meta name=\"description\" content=\"cianci uil polizia riforma\" \/>\n<meta name=\"robots\" content=\"noindex, follow, max-snippet:-1, max-image-preview:large, max-video-preview:-1\" \/>\n<meta property=\"og:locale\" content=\"it_IT\" \/>\n<meta property=\"og:type\" content=\"article\" \/>\n<meta property=\"og:title\" content=\"Polizia: le questioni attuali del comparto sicurezza\" \/>\n<meta property=\"og:description\" content=\"cianci uil polizia riforma\" \/>\n<meta property=\"og:url\" content=\"https:\/\/staging.varesenews.it\/2015\/04\/polizia-le-questioni-attuali-del-comparto-sicurezza\/365200\/\" \/>\n<meta property=\"og:site_name\" content=\"VareseNews\" \/>\n<meta property=\"article:publisher\" content=\"https:\/\/www.facebook.com\/varesenews\" \/>\n<meta property=\"article:author\" content=\"https:\/\/www.facebook.com\/michele.mancino.5\" \/>\n<meta property=\"article:published_time\" content=\"2015-04-24T17:23:10+00:00\" \/>\n<meta property=\"article:modified_time\" content=\"2015-04-24T17:28:30+00:00\" \/>\n<meta name=\"author\" content=\"Michele Mancino\" \/>\n<meta name=\"twitter:card\" content=\"summary_large_image\" \/>\n<meta name=\"twitter:creator\" content=\"@micmancio\" \/>\n<meta name=\"twitter:site\" content=\"@varesenews\" \/>\n<meta name=\"twitter:label1\" content=\"Scritto da\" \/>\n\t<meta name=\"twitter:data1\" content=\"Michele Mancino\" \/>\n\t<meta name=\"twitter:label2\" content=\"Tempo di lettura stimato\" \/>\n\t<meta name=\"twitter:data2\" content=\"3 minuti\" \/>\n<script type=\"application\/ld+json\" class=\"yoast-schema-graph\">{\"@context\":\"https:\/\/schema.org\",\"@graph\":[{\"@type\":\"WebPage\",\"@id\":\"https:\/\/staging.varesenews.it\/2015\/04\/polizia-le-questioni-attuali-del-comparto-sicurezza\/365200\/\",\"url\":\"https:\/\/staging.varesenews.it\/2015\/04\/polizia-le-questioni-attuali-del-comparto-sicurezza\/365200\/\",\"name\":\"Polizia: le questioni attuali del comparto sicurezza\",\"isPartOf\":{\"@id\":\"https:\/\/staging.varesenews.it\/#website\"},\"datePublished\":\"2015-04-24T17:23:10+00:00\",\"dateModified\":\"2015-04-24T17:28:30+00:00\",\"author\":{\"@id\":\"https:\/\/staging.varesenews.it\/#\/schema\/person\/308b491d3cb680ead199e5ff6c6ce540\"},\"description\":\"cianci uil polizia riforma\",\"breadcrumb\":{\"@id\":\"https:\/\/staging.varesenews.it\/2015\/04\/polizia-le-questioni-attuali-del-comparto-sicurezza\/365200\/#breadcrumb\"},\"inLanguage\":\"it-IT\",\"potentialAction\":[{\"@type\":\"ReadAction\",\"target\":[\"https:\/\/staging.varesenews.it\/2015\/04\/polizia-le-questioni-attuali-del-comparto-sicurezza\/365200\/\"]}]},{\"@type\":\"BreadcrumbList\",\"@id\":\"https:\/\/staging.varesenews.it\/2015\/04\/polizia-le-questioni-attuali-del-comparto-sicurezza\/365200\/#breadcrumb\",\"itemListElement\":[{\"@type\":\"ListItem\",\"position\":1,\"name\":\"Home\",\"item\":\"https:\/\/www.varesenews.it\/\"},{\"@type\":\"ListItem\",\"position\":2,\"name\":\"Polizia: le questioni attuali del comparto sicurezza\"}]},{\"@type\":\"WebSite\",\"@id\":\"https:\/\/staging.varesenews.it\/#website\",\"url\":\"https:\/\/staging.varesenews.it\/\",\"name\":\"VareseNews\",\"description\":\"\",\"potentialAction\":[{\"@type\":\"SearchAction\",\"target\":{\"@type\":\"EntryPoint\",\"urlTemplate\":\"https:\/\/staging.varesenews.it\/?s={search_term_string}\"},\"query-input\":\"required name=search_term_string\"}],\"inLanguage\":\"it-IT\"},{\"@type\":\"Person\",\"@id\":\"https:\/\/staging.varesenews.it\/#\/schema\/person\/308b491d3cb680ead199e5ff6c6ce540\",\"name\":\"Michele Mancino\",\"image\":{\"@type\":\"ImageObject\",\"inLanguage\":\"it-IT\",\"@id\":\"https:\/\/staging.varesenews.it\/#\/schema\/person\/image\/\",\"url\":\"https:\/\/staging.varesenews.it\/wp-content\/uploads\/2020\/12\/michele_mancino_colori_500.jpg\",\"contentUrl\":\"https:\/\/staging.varesenews.it\/wp-content\/uploads\/2020\/12\/michele_mancino_colori_500.jpg\",\"caption\":\"Michele Mancino\"},\"description\":\"Sono a VareseNews da prima che nascesse. Ho inserito le prime notizie in una stringa di codice html, la lingua di internet. Aprivo i computer, cambiavo schede di rete e portavo i server dal provider. A met&agrave; degli anni &rsquo;90 il giornalista online doveva saper fare anche questo. Ho vissuto gli anni drammatici della bolla speculativa di Internet e quelli entusiastici della crescita, anni in cui VareseNews era un Davide in mezzo a tanti Golia. Poi sono arrivati i social, le nuove piattaforme e soprattutto gli smartphone, una postazione di lavoro racchiusa in una mano. Una nuova rivoluzione. Insomma, &egrave; stata, ed &egrave; ancora, un&rsquo;avventura entusiasmante perch&eacute; mi insegna giorno dopo giorno che il cambiamento &egrave; l&rsquo;unica certezza di questa fragile esistenza.\",\"sameAs\":[\"https:\/\/www.facebook.com\/michele.mancino.5\",\"micmancio\",\"Aggiorna le impostazioni del tuo profilo pubblicoit.linkedin.com\/pub\/michele-mancino\/28\/b71\/890\/it\",\"https:\/\/twitter.com\/micmancio\"],\"url\":\"https:\/\/staging.varesenews.it\/persona\/michele_mancino\/\"}]}<\/script>\n<!-- \/ Yoast SEO plugin. -->","yoast_head_json":{"title":"Polizia: le questioni attuali del comparto sicurezza","description":"cianci uil polizia riforma","robots":{"index":"noindex","follow":"follow","max-snippet":"max-snippet:-1","max-image-preview":"max-image-preview:large","max-video-preview":"max-video-preview:-1"},"og_locale":"it_IT","og_type":"article","og_title":"Polizia: le questioni attuali del comparto sicurezza","og_description":"cianci uil polizia riforma","og_url":"https:\/\/staging.varesenews.it\/2015\/04\/polizia-le-questioni-attuali-del-comparto-sicurezza\/365200\/","og_site_name":"VareseNews","article_publisher":"https:\/\/www.facebook.com\/varesenews","article_author":"https:\/\/www.facebook.com\/michele.mancino.5","article_published_time":"2015-04-24T17:23:10+00:00","article_modified_time":"2015-04-24T17:28:30+00:00","author":"Michele Mancino","twitter_card":"summary_large_image","twitter_creator":"@micmancio","twitter_site":"@varesenews","twitter_misc":{"Scritto da":"Michele Mancino","Tempo di lettura stimato":"3 minuti"},"schema":{"@context":"https:\/\/schema.org","@graph":[{"@type":"WebPage","@id":"https:\/\/staging.varesenews.it\/2015\/04\/polizia-le-questioni-attuali-del-comparto-sicurezza\/365200\/","url":"https:\/\/staging.varesenews.it\/2015\/04\/polizia-le-questioni-attuali-del-comparto-sicurezza\/365200\/","name":"Polizia: le questioni attuali del comparto sicurezza","isPartOf":{"@id":"https:\/\/staging.varesenews.it\/#website"},"datePublished":"2015-04-24T17:23:10+00:00","dateModified":"2015-04-24T17:28:30+00:00","author":{"@id":"https:\/\/staging.varesenews.it\/#\/schema\/person\/308b491d3cb680ead199e5ff6c6ce540"},"description":"cianci uil polizia riforma","breadcrumb":{"@id":"https:\/\/staging.varesenews.it\/2015\/04\/polizia-le-questioni-attuali-del-comparto-sicurezza\/365200\/#breadcrumb"},"inLanguage":"it-IT","potentialAction":[{"@type":"ReadAction","target":["https:\/\/staging.varesenews.it\/2015\/04\/polizia-le-questioni-attuali-del-comparto-sicurezza\/365200\/"]}]},{"@type":"BreadcrumbList","@id":"https:\/\/staging.varesenews.it\/2015\/04\/polizia-le-questioni-attuali-del-comparto-sicurezza\/365200\/#breadcrumb","itemListElement":[{"@type":"ListItem","position":1,"name":"Home","item":"https:\/\/www.varesenews.it\/"},{"@type":"ListItem","position":2,"name":"Polizia: le questioni attuali del comparto sicurezza"}]},{"@type":"WebSite","@id":"https:\/\/staging.varesenews.it\/#website","url":"https:\/\/staging.varesenews.it\/","name":"VareseNews","description":"","potentialAction":[{"@type":"SearchAction","target":{"@type":"EntryPoint","urlTemplate":"https:\/\/staging.varesenews.it\/?s={search_term_string}"},"query-input":"required name=search_term_string"}],"inLanguage":"it-IT"},{"@type":"Person","@id":"https:\/\/staging.varesenews.it\/#\/schema\/person\/308b491d3cb680ead199e5ff6c6ce540","name":"Michele Mancino","image":{"@type":"ImageObject","inLanguage":"it-IT","@id":"https:\/\/staging.varesenews.it\/#\/schema\/person\/image\/","url":"https:\/\/staging.varesenews.it\/wp-content\/uploads\/2020\/12\/michele_mancino_colori_500.jpg","contentUrl":"https:\/\/staging.varesenews.it\/wp-content\/uploads\/2020\/12\/michele_mancino_colori_500.jpg","caption":"Michele Mancino"},"description":"Sono a VareseNews da prima che nascesse. Ho inserito le prime notizie in una stringa di codice html, la lingua di internet. Aprivo i computer, cambiavo schede di rete e portavo i server dal provider. A met&agrave; degli anni &rsquo;90 il giornalista online doveva saper fare anche questo. Ho vissuto gli anni drammatici della bolla speculativa di Internet e quelli entusiastici della crescita, anni in cui VareseNews era un Davide in mezzo a tanti Golia. Poi sono arrivati i social, le nuove piattaforme e soprattutto gli smartphone, una postazione di lavoro racchiusa in una mano. Una nuova rivoluzione. Insomma, &egrave; stata, ed &egrave; ancora, un&rsquo;avventura entusiasmante perch&eacute; mi insegna giorno dopo giorno che il cambiamento &egrave; l&rsquo;unica certezza di questa fragile esistenza.","sameAs":["https:\/\/www.facebook.com\/michele.mancino.5","micmancio","Aggiorna le impostazioni del tuo profilo pubblicoit.linkedin.com\/pub\/michele-mancino\/28\/b71\/890\/it","https:\/\/twitter.com\/micmancio"],"url":"https:\/\/staging.varesenews.it\/persona\/michele_mancino\/"}]}},"post_meta":{"_edit_lock":"1429897100:45","_edit_last":"45","ratings_users":"0","ratings_score":"0","ratings_average":"0","_category_permalink":"","wdfb_og_title":"","wdfb_og_type":"","wdfb_og_description":"","wdfb_og_images":"a:1:{i:0;s:0:\"\";}","wdfb_og_custom_name":"a:1:{i:0;s:0:\"\";}","wdfb_og_custom_value":"a:1:{i:0;s:0:\"\";}","firma-personalizzata":"Francesco Cianci Uil Polizia","argomento":"Opinioni","_yoast_wpseo_focuskw":"polizia","_yoast_wpseo_metadesc":"cianci uil polizia riforma","_jd_twitter":"","_jd_tweet_this":"yes","_wpt_short_url":"http:\/\/www.varesenews.it\/2015\/04\/polizia-le-questioni-attuali-del-comparto-sicurezza\/365200\/","_wp_jd_target":"http:\/\/www.varesenews.it\/2015\/04\/polizia-le-questioni-attuali-del-comparto-sicurezza\/365200\/","_jd_wp_twitter":"a:1:{i:0;s:175:\"Polizia: le questioni attuali del comparto sicurezza http:\/\/www.varesenews.it\/2015\/04\/polizia-le-questioni-attuali-del-comparto-sicurezza\/365200\/ #Polizia #riforme #uilpolizia\";}","_wpt_status_message":"Tweet inviato con successo.","_yoast_wpseo_linkdex":"78","foto":"72254"},"photos":[{"original":"https:\/\/staging.varesenews.it\/photogallery_new\/images\/2013\/08\/polizia-stradale-incidente-72254.jpg","full":"https:\/\/staging.varesenews.it\/photogallery_new\/images\/2013\/08\/polizia-stradale-incidente-72254.1024x768.jpg","large":"https:\/\/staging.varesenews.it\/photogallery_new\/images\/2013\/08\/polizia-stradale-incidente-72254.610x431.jpg"}],"_links":{"self":[{"href":"https:\/\/staging.varesenews.it\/swgapi\/v1\/wp\/v2\/posts\/365200"}],"collection":[{"href":"https:\/\/staging.varesenews.it\/swgapi\/v1\/wp\/v2\/posts"}],"about":[{"href":"https:\/\/staging.varesenews.it\/swgapi\/v1\/wp\/v2\/types\/post"}],"author":[{"embeddable":true,"href":"https:\/\/staging.varesenews.it\/swgapi\/v1\/wp\/v2\/users\/45"}],"replies":[{"embeddable":true,"href":"https:\/\/staging.varesenews.it\/swgapi\/v1\/wp\/v2\/comments?post=365200"}],"version-history":[{"count":0,"href":"https:\/\/staging.varesenews.it\/swgapi\/v1\/wp\/v2\/posts\/365200\/revisions"}],"wp:attachment":[{"href":"https:\/\/staging.varesenews.it\/swgapi\/v1\/wp\/v2\/media?parent=365200"}],"wp:term":[{"taxonomy":"category","embeddable":true,"href":"https:\/\/staging.varesenews.it\/swgapi\/v1\/wp\/v2\/categories?post=365200"},{"taxonomy":"post_tag","embeddable":true,"href":"https:\/\/staging.varesenews.it\/swgapi\/v1\/wp\/v2\/tags?post=365200"}],"curies":[{"name":"wp","href":"https:\/\/api.w.org\/{rel}","templated":true}]}}