{"id":365493,"date":"2015-04-26T15:09:59","date_gmt":"2015-04-26T13:09:59","guid":{"rendered":"http:\/\/www.varesenews.it\/?p=365493"},"modified":"2015-04-26T15:10:13","modified_gmt":"2015-04-26T13:10:13","slug":"incontro-con-sofia-scatena","status":"publish","type":"post","link":"https:\/\/staging.varesenews.it\/2015\/04\/incontro-con-sofia-scatena\/365493\/","title":{"rendered":"Incontro con Sofia Scatena"},"content":{"rendered":"<p class=\"p1\">L\u2019<strong>Associazione Vivere Crenna<\/strong>, in collaborazione con la Consulta delle Pari Opportunit\u00e0 del Comune di Gallarate, organizza <strong>mercoled\u00ec 29 aprile alle ore 21.00<\/strong> a Villa Delfina, in via Donatello 9\/a Crenna di Gallarate, un incontro con Sofia Scatena, autrice del libro <strong><em>My Personal Branding<\/em><\/strong>, edito da Lupetti, che presenta in modo semplice e chiaro il tema Empowerment e lavoro: ovvero come promuovere se stessi e le proprie competenze grazie al web.<\/p>\n<p class=\"p1\">\u201cIl personal branding non \u00e8 nulla di complicato. \u00c8 solo il modo in cui descriviamo noi stessi alle persone che ancora non ci conoscono. E nella nostra epoca iperconnessa e di crisi del lavoro, sono i nuovi media digitali a costituire il nostro nuovo biglietto da visita. Gestire al meglio le tracce che lasciamo di noi stessi \u00e8 un\u2019opportunit\u00e0 straordinaria che la rete ci offre per promuovere noi stessi con modalit\u00e0 simili a quanto avviene con i prodotti commerciali. Ma a differenza di altre discipline di miglioramento personale, il personal branding suggerisce di concentrarsi sull\u2019individuazione e la promozione dei nostri reali valori, quelli che fanno spiccare dalla massa, quelli che fanno notare e ricordare. Perch\u00e9 grazie al web \u00e8 oggi possibile rafforzare e promuovere noi stessi e le nostre competenze nel modo pi\u00f9 gratificante per noi e allettante per un possibile datore di lavoro, nuovi clienti, amici o partner.\u201d<\/p>\n<p class=\"p1\">Autrice del libro \u00e8 Sofia Scatena, una lunga e sfaccettata esperienza nel mondo della comunicazione digitale: dalla redazione alla progettazione web all\u2019usabilit\u00e0. Giornalista, web writer, traduttrice e consulente in comunicazione, ha lavorato in importanti realt\u00e0 editoriali come RCS e Giunti. Appassionata di tecnologia, fashion communication e branding, \u00e8 docente di Tecnologia Positiva presso la facolt\u00e0 di Psicologia (indirizzo marketing e nuovi media sociali) presso l\u2019Universit\u00e0 Cattolica di Milano. Potete seguirla su www.mypersonalbranding.it<\/p>\n","protected":false},"excerpt":{"rendered":"<p>L\u2019autrice del libro My Personal Branding, edito da Lupetti, presenta in modo semplice e chiaro il tema Empowerment e lavoro, ovvero come promuovere se stessi e le proprie competenze grazie al web<\/p>\n","protected":false},"author":36,"featured_media":0,"comment_status":"open","ping_status":"open","sticky":false,"template":"","format":"standard","meta":{"footnotes":""},"categories":[1],"tags":[],"acf":[],"yoast_head":"<!-- This site is optimized with the Yoast SEO plugin v20.1 - https:\/\/yoast.com\/wordpress\/plugins\/seo\/ -->\n<title>Incontro con Sofia Scatena<\/title>\n<meta name=\"description\" content=\"L\u2019autrice del libro My Personal Branding, edito da Lupetti, presenta in modo semplice e chiaro il tema Empowerment e lavoro, ovvero come promuovere se stessi e le proprie competenze grazie al web\" \/>\n<meta name=\"robots\" content=\"noindex, follow, max-snippet:-1, max-image-preview:large, max-video-preview:-1\" \/>\n<meta property=\"og:locale\" content=\"it_IT\" \/>\n<meta property=\"og:type\" content=\"article\" \/>\n<meta property=\"og:title\" content=\"Incontro con Sofia Scatena\" \/>\n<meta property=\"og:description\" content=\"L\u2019autrice del libro My Personal Branding, edito da Lupetti, presenta in modo semplice e chiaro il tema Empowerment e lavoro, ovvero come promuovere se stessi e le proprie competenze grazie al web\" \/>\n<meta property=\"og:url\" content=\"https:\/\/staging.varesenews.it\/2015\/04\/incontro-con-sofia-scatena\/365493\/\" \/>\n<meta property=\"og:site_name\" content=\"VareseNews\" \/>\n<meta property=\"article:publisher\" content=\"https:\/\/www.facebook.com\/varesenews\" \/>\n<meta property=\"article:published_time\" content=\"2015-04-26T13:09:59+00:00\" \/>\n<meta property=\"article:modified_time\" content=\"2015-04-26T13:10:13+00:00\" \/>\n<meta name=\"author\" content=\"Erika La Rosa\" \/>\n<meta name=\"twitter:card\" content=\"summary_large_image\" \/>\n<meta name=\"twitter:creator\" content=\"@twerirosa\" \/>\n<meta name=\"twitter:site\" content=\"@varesenews\" \/>\n<meta name=\"twitter:label1\" content=\"Scritto da\" \/>\n\t<meta name=\"twitter:data1\" content=\"Erika La Rosa\" \/>\n\t<meta name=\"twitter:label2\" content=\"Tempo di lettura stimato\" \/>\n\t<meta name=\"twitter:data2\" content=\"1 minuto\" \/>\n<script type=\"application\/ld+json\" class=\"yoast-schema-graph\">{\"@context\":\"https:\/\/schema.org\",\"@graph\":[{\"@type\":\"WebPage\",\"@id\":\"https:\/\/staging.varesenews.it\/2015\/04\/incontro-con-sofia-scatena\/365493\/\",\"url\":\"https:\/\/staging.varesenews.it\/2015\/04\/incontro-con-sofia-scatena\/365493\/\",\"name\":\"Incontro con Sofia Scatena\",\"isPartOf\":{\"@id\":\"https:\/\/staging.varesenews.it\/#website\"},\"datePublished\":\"2015-04-26T13:09:59+00:00\",\"dateModified\":\"2015-04-26T13:10:13+00:00\",\"author\":{\"@id\":\"https:\/\/staging.varesenews.it\/#\/schema\/person\/0512a4cda1d8b4f14c19f86d1016dc18\"},\"description\":\"L\u2019autrice del libro My Personal Branding, edito da Lupetti, presenta in modo semplice e chiaro il tema Empowerment e lavoro, ovvero come promuovere se stessi e le proprie competenze grazie al web\",\"breadcrumb\":{\"@id\":\"https:\/\/staging.varesenews.it\/2015\/04\/incontro-con-sofia-scatena\/365493\/#breadcrumb\"},\"inLanguage\":\"it-IT\",\"potentialAction\":[{\"@type\":\"ReadAction\",\"target\":[\"https:\/\/staging.varesenews.it\/2015\/04\/incontro-con-sofia-scatena\/365493\/\"]}]},{\"@type\":\"BreadcrumbList\",\"@id\":\"https:\/\/staging.varesenews.it\/2015\/04\/incontro-con-sofia-scatena\/365493\/#breadcrumb\",\"itemListElement\":[{\"@type\":\"ListItem\",\"position\":1,\"name\":\"Home\",\"item\":\"https:\/\/www.varesenews.it\/\"},{\"@type\":\"ListItem\",\"position\":2,\"name\":\"Incontro con Sofia Scatena\"}]},{\"@type\":\"WebSite\",\"@id\":\"https:\/\/staging.varesenews.it\/#website\",\"url\":\"https:\/\/staging.varesenews.it\/\",\"name\":\"VareseNews\",\"description\":\"\",\"potentialAction\":[{\"@type\":\"SearchAction\",\"target\":{\"@type\":\"EntryPoint\",\"urlTemplate\":\"https:\/\/staging.varesenews.it\/?s={search_term_string}\"},\"query-input\":\"required name=search_term_string\"}],\"inLanguage\":\"it-IT\"},{\"@type\":\"Person\",\"@id\":\"https:\/\/staging.varesenews.it\/#\/schema\/person\/0512a4cda1d8b4f14c19f86d1016dc18\",\"name\":\"Erika La Rosa\",\"image\":{\"@type\":\"ImageObject\",\"inLanguage\":\"it-IT\",\"@id\":\"https:\/\/staging.varesenews.it\/#\/schema\/person\/image\/\",\"url\":\"https:\/\/staging.varesenews.it\/wp-content\/uploads\/2020\/12\/erika_larosa_colori_500.jpg\",\"contentUrl\":\"https:\/\/staging.varesenews.it\/wp-content\/uploads\/2020\/12\/erika_larosa_colori_500.jpg\",\"caption\":\"Erika La Rosa\"},\"description\":\"Giornalista pubblicista, collaboro con VareseNews dal lontano 1997 quando la redazione piccolissima ma l&rsquo;entusiasmo era tanto e la sfida titanica. Da allora siamo cresciuti, la redazione &egrave; diventata pi&ugrave; grande ma l&rsquo;entusiasmo &egrave; rimato lo stesso. Mi piace guardare il mondo attraverso gli occhi degli artisti, per questo scrivo, leggo e mi nutro di arte seguendo per il giornale le pagine dedicate alle mostre e agli artisti. Ho collaborato con diversi Musei e Istituzioni culturali italiane e svizzere. Da oltre dieci anni mi occupo di strategie e comunicazione sui social media di enti pubblici e privati. Vivo il presente e non dimentico mai che quando c&rsquo;&egrave; una meta, anche il deserto diventa una strada.\",\"sameAs\":[\"https:\/\/www.linkedin.com\/profile\/view?id=93070756&trk=nav_responsive_tab_profile_pic\",\"https:\/\/twitter.com\/twerirosa\"],\"url\":\"https:\/\/staging.varesenews.it\/persona\/erika_larosa\/\"}]}<\/script>\n<!-- \/ Yoast SEO plugin. -->","yoast_head_json":{"title":"Incontro con Sofia Scatena","description":"L\u2019autrice del libro My Personal Branding, edito da Lupetti, presenta in modo semplice e chiaro il tema Empowerment e lavoro, ovvero come promuovere se stessi e le proprie competenze grazie al web","robots":{"index":"noindex","follow":"follow","max-snippet":"max-snippet:-1","max-image-preview":"max-image-preview:large","max-video-preview":"max-video-preview:-1"},"og_locale":"it_IT","og_type":"article","og_title":"Incontro con Sofia Scatena","og_description":"L\u2019autrice del libro My Personal Branding, edito da Lupetti, presenta in modo semplice e chiaro il tema Empowerment e lavoro, ovvero come promuovere se stessi e le proprie competenze grazie al web","og_url":"https:\/\/staging.varesenews.it\/2015\/04\/incontro-con-sofia-scatena\/365493\/","og_site_name":"VareseNews","article_publisher":"https:\/\/www.facebook.com\/varesenews","article_published_time":"2015-04-26T13:09:59+00:00","article_modified_time":"2015-04-26T13:10:13+00:00","author":"Erika La Rosa","twitter_card":"summary_large_image","twitter_creator":"@twerirosa","twitter_site":"@varesenews","twitter_misc":{"Scritto da":"Erika La Rosa","Tempo di lettura stimato":"1 minuto"},"schema":{"@context":"https:\/\/schema.org","@graph":[{"@type":"WebPage","@id":"https:\/\/staging.varesenews.it\/2015\/04\/incontro-con-sofia-scatena\/365493\/","url":"https:\/\/staging.varesenews.it\/2015\/04\/incontro-con-sofia-scatena\/365493\/","name":"Incontro con Sofia Scatena","isPartOf":{"@id":"https:\/\/staging.varesenews.it\/#website"},"datePublished":"2015-04-26T13:09:59+00:00","dateModified":"2015-04-26T13:10:13+00:00","author":{"@id":"https:\/\/staging.varesenews.it\/#\/schema\/person\/0512a4cda1d8b4f14c19f86d1016dc18"},"description":"L\u2019autrice del libro My Personal Branding, edito da Lupetti, presenta in modo semplice e chiaro il tema Empowerment e lavoro, ovvero come promuovere se stessi e le proprie competenze grazie al web","breadcrumb":{"@id":"https:\/\/staging.varesenews.it\/2015\/04\/incontro-con-sofia-scatena\/365493\/#breadcrumb"},"inLanguage":"it-IT","potentialAction":[{"@type":"ReadAction","target":["https:\/\/staging.varesenews.it\/2015\/04\/incontro-con-sofia-scatena\/365493\/"]}]},{"@type":"BreadcrumbList","@id":"https:\/\/staging.varesenews.it\/2015\/04\/incontro-con-sofia-scatena\/365493\/#breadcrumb","itemListElement":[{"@type":"ListItem","position":1,"name":"Home","item":"https:\/\/www.varesenews.it\/"},{"@type":"ListItem","position":2,"name":"Incontro con Sofia Scatena"}]},{"@type":"WebSite","@id":"https:\/\/staging.varesenews.it\/#website","url":"https:\/\/staging.varesenews.it\/","name":"VareseNews","description":"","potentialAction":[{"@type":"SearchAction","target":{"@type":"EntryPoint","urlTemplate":"https:\/\/staging.varesenews.it\/?s={search_term_string}"},"query-input":"required name=search_term_string"}],"inLanguage":"it-IT"},{"@type":"Person","@id":"https:\/\/staging.varesenews.it\/#\/schema\/person\/0512a4cda1d8b4f14c19f86d1016dc18","name":"Erika La Rosa","image":{"@type":"ImageObject","inLanguage":"it-IT","@id":"https:\/\/staging.varesenews.it\/#\/schema\/person\/image\/","url":"https:\/\/staging.varesenews.it\/wp-content\/uploads\/2020\/12\/erika_larosa_colori_500.jpg","contentUrl":"https:\/\/staging.varesenews.it\/wp-content\/uploads\/2020\/12\/erika_larosa_colori_500.jpg","caption":"Erika La Rosa"},"description":"Giornalista pubblicista, collaboro con VareseNews dal lontano 1997 quando la redazione piccolissima ma l&rsquo;entusiasmo era tanto e la sfida titanica. Da allora siamo cresciuti, la redazione &egrave; diventata pi&ugrave; grande ma l&rsquo;entusiasmo &egrave; rimato lo stesso. Mi piace guardare il mondo attraverso gli occhi degli artisti, per questo scrivo, leggo e mi nutro di arte seguendo per il giornale le pagine dedicate alle mostre e agli artisti. Ho collaborato con diversi Musei e Istituzioni culturali italiane e svizzere. Da oltre dieci anni mi occupo di strategie e comunicazione sui social media di enti pubblici e privati. Vivo il presente e non dimentico mai che quando c&rsquo;&egrave; una meta, anche il deserto diventa una strada.","sameAs":["https:\/\/www.linkedin.com\/profile\/view?id=93070756&trk=nav_responsive_tab_profile_pic","https:\/\/twitter.com\/twerirosa"],"url":"https:\/\/staging.varesenews.it\/persona\/erika_larosa\/"}]}},"post_meta":{"_edit_lock":"1430053725:36","_edit_last":"36","ratings_users":"0","ratings_score":"0","ratings_average":"0","_category_permalink":"","wdfb_og_title":"","wdfb_og_type":"","wdfb_og_description":"","wdfb_og_images":"a:1:{i:0;s:0:\"\";}","wdfb_og_custom_name":"a:1:{i:0;s:0:\"\";}","wdfb_og_custom_value":"a:1:{i:0;s:0:\"\";}","foto":"448232","argomento":"Gallarate","_jd_twitter":"","_jd_tweet_this":"yes","_wpt_short_url":"http:\/\/www.varesenews.it\/2015\/04\/incontro-con-sofia-scatena\/365493\/","_wp_jd_target":"http:\/\/www.varesenews.it\/2015\/04\/incontro-con-sofia-scatena\/365493\/","_jd_wp_twitter":"a:1:{i:0;s:95:\"Incontro con Sofia Scatena http:\/\/www.varesenews.it\/2015\/04\/incontro-con-sofia-scatena\/365493\/ \";}","_wpt_status_message":"Tweet inviato con successo."},"photos":[{"original":"https:\/\/staging.varesenews.it\/photogallery_new\/images\/2015\/04\/sofia-scatena-448232.jpg","full":"https:\/\/staging.varesenews.it\/photogallery_new\/images\/2015\/04\/sofia-scatena-448232.1024x768.jpg","large":"https:\/\/staging.varesenews.it\/photogallery_new\/images\/2015\/04\/sofia-scatena-448232.610x431.jpg"}],"_links":{"self":[{"href":"https:\/\/staging.varesenews.it\/swgapi\/v1\/wp\/v2\/posts\/365493"}],"collection":[{"href":"https:\/\/staging.varesenews.it\/swgapi\/v1\/wp\/v2\/posts"}],"about":[{"href":"https:\/\/staging.varesenews.it\/swgapi\/v1\/wp\/v2\/types\/post"}],"author":[{"embeddable":true,"href":"https:\/\/staging.varesenews.it\/swgapi\/v1\/wp\/v2\/users\/36"}],"replies":[{"embeddable":true,"href":"https:\/\/staging.varesenews.it\/swgapi\/v1\/wp\/v2\/comments?post=365493"}],"version-history":[{"count":0,"href":"https:\/\/staging.varesenews.it\/swgapi\/v1\/wp\/v2\/posts\/365493\/revisions"}],"wp:attachment":[{"href":"https:\/\/staging.varesenews.it\/swgapi\/v1\/wp\/v2\/media?parent=365493"}],"wp:term":[{"taxonomy":"category","embeddable":true,"href":"https:\/\/staging.varesenews.it\/swgapi\/v1\/wp\/v2\/categories?post=365493"},{"taxonomy":"post_tag","embeddable":true,"href":"https:\/\/staging.varesenews.it\/swgapi\/v1\/wp\/v2\/tags?post=365493"}],"curies":[{"name":"wp","href":"https:\/\/api.w.org\/{rel}","templated":true}]}}