{"id":366445,"date":"2015-04-29T16:59:41","date_gmt":"2015-04-29T14:59:41","guid":{"rendered":"http:\/\/www.varesenews.it\/?p=366445"},"modified":"2015-04-29T18:24:26","modified_gmt":"2015-04-29T16:24:26","slug":"italicum-renzi-vince-il-primo-round","status":"publish","type":"post","link":"https:\/\/staging.varesenews.it\/2015\/04\/italicum-renzi-vince-il-primo-round\/366445\/","title":{"rendered":"Italicum, Renzi vince il primo round"},"content":{"rendered":"<p>Renzi vince il primo round. La Camera ha approvato il primo articolo della legge elettorale confermando la fiducia al Governo. Il conto finale \u00e8 il seguente:\u00a0Presenti \u2013 560,\u00a0Votanti \u2013 559,\u00a0Favorevoli \u2013 352,\u00a0Contrari \u2013 207,\u00a0Astenuti \u2013 1.<\/p>\n<p>Sono attesi altri due voti di fiducia nella giornata di gioved\u00ec. Rispetto alle votazioni sulle pregiudiziali di costituzionalit\u00e0 e di merito, avvenute marted\u00ec prima della decisione del premier di porre la fiducia, quando i voti favorevoli all\u2019esecutivo erano stati rispettivamente <strong>385 e 386, sono mancati alla maggioranza 33-34 consensi<\/strong>.<\/p>\n<p><strong>I RIBELLI<\/strong><br \/>\nSecondo i deputati renziani del Pd, sarebbero state 38 le defezioni, compensate per\u00f2 dal voto favorevole di deputati di altri gruppi. I parlamentari che non hanno votato la fiducia sarebbero i seguenti: R. Agostini, Albini, Bersani, Bindi, Bossa, Bruno Bossio, Capodicasa, Cimbro, Civati, Cuperlo, D\u2019Attorre, Fabbri, G.Farina, Fassina, Folino, Fontanelli, Fossati, Carlo Galli, Giorgis, Gnecchi, Gregori, Laforgia, Letta, Leva, Maestri, Malisani, M. Meloni, Miotto, Mugnato, Murer, G. Piccolo, Pollastrini, Stumpo, Vaccaro, Zappulla, Zoggia. A questi dovrebbero essere aggiunti, Epifani e Speranza, in missione esterna ma apertamente in dissenso.<\/p>\n","protected":false},"excerpt":{"rendered":"<p>Votata la fiducia al primo articolo della legge elettorale<\/p>\n","protected":false},"author":50,"featured_media":0,"comment_status":"open","ping_status":"open","sticky":false,"template":"","format":"standard","meta":{"footnotes":""},"categories":[16],"tags":[4572,9145],"acf":[],"yoast_head":"<!-- This site is optimized with the Yoast SEO plugin v20.1 - https:\/\/yoast.com\/wordpress\/plugins\/seo\/ -->\n<title>Italicum, Renzi vince il primo round<\/title>\n<meta name=\"description\" content=\"italicum\" \/>\n<meta name=\"robots\" content=\"noindex, follow, max-snippet:-1, max-image-preview:large, max-video-preview:-1\" \/>\n<meta property=\"og:locale\" content=\"it_IT\" \/>\n<meta property=\"og:type\" content=\"article\" \/>\n<meta property=\"og:title\" content=\"Italicum, Renzi vince il primo round\" \/>\n<meta property=\"og:description\" content=\"italicum\" \/>\n<meta property=\"og:url\" content=\"https:\/\/staging.varesenews.it\/2015\/04\/italicum-renzi-vince-il-primo-round\/366445\/\" \/>\n<meta property=\"og:site_name\" content=\"VareseNews\" \/>\n<meta property=\"article:publisher\" content=\"https:\/\/www.facebook.com\/varesenews\" \/>\n<meta property=\"article:published_time\" content=\"2015-04-29T14:59:41+00:00\" \/>\n<meta property=\"article:modified_time\" content=\"2015-04-29T16:24:26+00:00\" \/>\n<meta name=\"author\" content=\"Roberto Rotondo\" \/>\n<meta name=\"twitter:card\" content=\"summary_large_image\" \/>\n<meta name=\"twitter:creator\" content=\"@robertorotondo\" \/>\n<meta name=\"twitter:site\" content=\"@varesenews\" \/>\n<meta name=\"twitter:label1\" content=\"Scritto da\" \/>\n\t<meta name=\"twitter:data1\" content=\"Roberto Rotondo\" \/>\n\t<meta name=\"twitter:label2\" content=\"Tempo di lettura stimato\" \/>\n\t<meta name=\"twitter:data2\" content=\"1 minuto\" \/>\n<script type=\"application\/ld+json\" class=\"yoast-schema-graph\">{\"@context\":\"https:\/\/schema.org\",\"@graph\":[{\"@type\":\"WebPage\",\"@id\":\"https:\/\/staging.varesenews.it\/2015\/04\/italicum-renzi-vince-il-primo-round\/366445\/\",\"url\":\"https:\/\/staging.varesenews.it\/2015\/04\/italicum-renzi-vince-il-primo-round\/366445\/\",\"name\":\"Italicum, Renzi vince il primo round\",\"isPartOf\":{\"@id\":\"https:\/\/staging.varesenews.it\/#website\"},\"datePublished\":\"2015-04-29T14:59:41+00:00\",\"dateModified\":\"2015-04-29T16:24:26+00:00\",\"author\":{\"@id\":\"https:\/\/staging.varesenews.it\/#\/schema\/person\/bace96b9ce1b4905df659e51a83c17fe\"},\"description\":\"italicum\",\"breadcrumb\":{\"@id\":\"https:\/\/staging.varesenews.it\/2015\/04\/italicum-renzi-vince-il-primo-round\/366445\/#breadcrumb\"},\"inLanguage\":\"it-IT\",\"potentialAction\":[{\"@type\":\"ReadAction\",\"target\":[\"https:\/\/staging.varesenews.it\/2015\/04\/italicum-renzi-vince-il-primo-round\/366445\/\"]}]},{\"@type\":\"BreadcrumbList\",\"@id\":\"https:\/\/staging.varesenews.it\/2015\/04\/italicum-renzi-vince-il-primo-round\/366445\/#breadcrumb\",\"itemListElement\":[{\"@type\":\"ListItem\",\"position\":1,\"name\":\"Home\",\"item\":\"https:\/\/www.varesenews.it\/\"},{\"@type\":\"ListItem\",\"position\":2,\"name\":\"Italicum, Renzi vince il primo round\"}]},{\"@type\":\"WebSite\",\"@id\":\"https:\/\/staging.varesenews.it\/#website\",\"url\":\"https:\/\/staging.varesenews.it\/\",\"name\":\"VareseNews\",\"description\":\"\",\"potentialAction\":[{\"@type\":\"SearchAction\",\"target\":{\"@type\":\"EntryPoint\",\"urlTemplate\":\"https:\/\/staging.varesenews.it\/?s={search_term_string}\"},\"query-input\":\"required name=search_term_string\"}],\"inLanguage\":\"it-IT\"},{\"@type\":\"Person\",\"@id\":\"https:\/\/staging.varesenews.it\/#\/schema\/person\/bace96b9ce1b4905df659e51a83c17fe\",\"name\":\"Roberto Rotondo\",\"image\":{\"@type\":\"ImageObject\",\"inLanguage\":\"it-IT\",\"@id\":\"https:\/\/staging.varesenews.it\/#\/schema\/person\/image\/\",\"url\":\"https:\/\/staging.varesenews.it\/wp-content\/uploads\/2015\/03\/10888676_10204734543537926_609787919772941341_n.jpg\",\"contentUrl\":\"https:\/\/staging.varesenews.it\/wp-content\/uploads\/2015\/03\/10888676_10204734543537926_609787919772941341_n.jpg\",\"caption\":\"Roberto Rotondo\"},\"description\":\"Nato a Varese nel 1972. Laureato in Storia alla Statale di Milano. A Varese News dal 1998. Ho iniziato a scrivere su riviste locali, poi sono entrato nel progetto di Varese News quando ancora era agli inizi. Nel frattempo mi sono occupato di ricerca storica e ho collaborato con un settimanale e un quotidiano della Svizzera italiana scrivendo di cronaca e politica. Mi sono preso una pausa da Varese nel 2004. Ho lavorato per alcuni anni a Milano all'agenzia di stampa Adnkronos, con qualche stage a Roma nei palazzi della politica. Lanci di agenzia e servizi tv multimediali erano tra i miei compiti. In quegli anni ho lavorato per alcune radio anche nazionali, Radio Capital su tutte, come corrispondente locale. Ho scritto anche per un settimanale di gossip, ma sempre cronaca nera. Ed eccomi qui. Dal 2007 lavoro anche per il Corriere della sera, di cui sono corrispondente. A Varesenews sono ormai uno dei senatori. Mi occupo di cronaca nera, giudiziaria e di politica e della cronaca cittadina di Varese.\",\"sameAs\":[\"robertorotondo\",\"https:\/\/twitter.com\/robertorotondo\"],\"url\":\"https:\/\/staging.varesenews.it\/persona\/roberto-rotondo\/\"}]}<\/script>\n<!-- \/ Yoast SEO plugin. -->","yoast_head_json":{"title":"Italicum, Renzi vince il primo round","description":"italicum","robots":{"index":"noindex","follow":"follow","max-snippet":"max-snippet:-1","max-image-preview":"max-image-preview:large","max-video-preview":"max-video-preview:-1"},"og_locale":"it_IT","og_type":"article","og_title":"Italicum, Renzi vince il primo round","og_description":"italicum","og_url":"https:\/\/staging.varesenews.it\/2015\/04\/italicum-renzi-vince-il-primo-round\/366445\/","og_site_name":"VareseNews","article_publisher":"https:\/\/www.facebook.com\/varesenews","article_published_time":"2015-04-29T14:59:41+00:00","article_modified_time":"2015-04-29T16:24:26+00:00","author":"Roberto Rotondo","twitter_card":"summary_large_image","twitter_creator":"@robertorotondo","twitter_site":"@varesenews","twitter_misc":{"Scritto da":"Roberto Rotondo","Tempo di lettura stimato":"1 minuto"},"schema":{"@context":"https:\/\/schema.org","@graph":[{"@type":"WebPage","@id":"https:\/\/staging.varesenews.it\/2015\/04\/italicum-renzi-vince-il-primo-round\/366445\/","url":"https:\/\/staging.varesenews.it\/2015\/04\/italicum-renzi-vince-il-primo-round\/366445\/","name":"Italicum, Renzi vince il primo round","isPartOf":{"@id":"https:\/\/staging.varesenews.it\/#website"},"datePublished":"2015-04-29T14:59:41+00:00","dateModified":"2015-04-29T16:24:26+00:00","author":{"@id":"https:\/\/staging.varesenews.it\/#\/schema\/person\/bace96b9ce1b4905df659e51a83c17fe"},"description":"italicum","breadcrumb":{"@id":"https:\/\/staging.varesenews.it\/2015\/04\/italicum-renzi-vince-il-primo-round\/366445\/#breadcrumb"},"inLanguage":"it-IT","potentialAction":[{"@type":"ReadAction","target":["https:\/\/staging.varesenews.it\/2015\/04\/italicum-renzi-vince-il-primo-round\/366445\/"]}]},{"@type":"BreadcrumbList","@id":"https:\/\/staging.varesenews.it\/2015\/04\/italicum-renzi-vince-il-primo-round\/366445\/#breadcrumb","itemListElement":[{"@type":"ListItem","position":1,"name":"Home","item":"https:\/\/www.varesenews.it\/"},{"@type":"ListItem","position":2,"name":"Italicum, Renzi vince il primo round"}]},{"@type":"WebSite","@id":"https:\/\/staging.varesenews.it\/#website","url":"https:\/\/staging.varesenews.it\/","name":"VareseNews","description":"","potentialAction":[{"@type":"SearchAction","target":{"@type":"EntryPoint","urlTemplate":"https:\/\/staging.varesenews.it\/?s={search_term_string}"},"query-input":"required name=search_term_string"}],"inLanguage":"it-IT"},{"@type":"Person","@id":"https:\/\/staging.varesenews.it\/#\/schema\/person\/bace96b9ce1b4905df659e51a83c17fe","name":"Roberto Rotondo","image":{"@type":"ImageObject","inLanguage":"it-IT","@id":"https:\/\/staging.varesenews.it\/#\/schema\/person\/image\/","url":"https:\/\/staging.varesenews.it\/wp-content\/uploads\/2015\/03\/10888676_10204734543537926_609787919772941341_n.jpg","contentUrl":"https:\/\/staging.varesenews.it\/wp-content\/uploads\/2015\/03\/10888676_10204734543537926_609787919772941341_n.jpg","caption":"Roberto Rotondo"},"description":"Nato a Varese nel 1972. Laureato in Storia alla Statale di Milano. A Varese News dal 1998. Ho iniziato a scrivere su riviste locali, poi sono entrato nel progetto di Varese News quando ancora era agli inizi. Nel frattempo mi sono occupato di ricerca storica e ho collaborato con un settimanale e un quotidiano della Svizzera italiana scrivendo di cronaca e politica. Mi sono preso una pausa da Varese nel 2004. Ho lavorato per alcuni anni a Milano all'agenzia di stampa Adnkronos, con qualche stage a Roma nei palazzi della politica. Lanci di agenzia e servizi tv multimediali erano tra i miei compiti. In quegli anni ho lavorato per alcune radio anche nazionali, Radio Capital su tutte, come corrispondente locale. Ho scritto anche per un settimanale di gossip, ma sempre cronaca nera. Ed eccomi qui. Dal 2007 lavoro anche per il Corriere della sera, di cui sono corrispondente. A Varesenews sono ormai uno dei senatori. Mi occupo di cronaca nera, giudiziaria e di politica e della cronaca cittadina di Varese.","sameAs":["robertorotondo","https:\/\/twitter.com\/robertorotondo"],"url":"https:\/\/staging.varesenews.it\/persona\/roberto-rotondo\/"}]}},"post_meta":{"_edit_lock":"1430325068:50","_edit_last":"50","ratings_users":"0","ratings_score":"0","ratings_average":"0","_category_permalink":"","wdfb_og_title":"","wdfb_og_type":"","wdfb_og_description":"","wdfb_og_images":"a:1:{i:0;s:0:\"\";}","wdfb_og_custom_name":"a:1:{i:0;s:0:\"\";}","wdfb_og_custom_value":"a:1:{i:0;s:0:\"\";}","foto":"177691","firma_come_redazione":"1","argomento":"LA FIDUCIA","_jd_twitter":"","_jd_tweet_this":"yes","_wpt_short_url":"http:\/\/www.varesenews.it\/2015\/04\/italicum-renzi-vince-il-primo-round\/366445\/","_wp_jd_target":"http:\/\/www.varesenews.it\/2015\/04\/italicum-renzi-vince-il-primo-round\/366445\/","_jd_wp_twitter":"a:1:{i:0;s:140:\"Italicum, Renzi vince il primo round http:\/\/www.varesenews.it\/2015\/04\/italicum-renzi-vince-il-primo-round\/366445\/ #italicum #leggeelettorale\";}","_wpt_status_message":"Tweet inviato con successo.","nascondi_adsense":"1","_yoast_wpseo_metadesc":"italicum"},"photos":[{"original":"https:\/\/staging.varesenews.it\/photogallery_new\/images\/2014\/07\/maria-elena-boschi-ministro-177691.jpg","full":"https:\/\/staging.varesenews.it\/photogallery_new\/images\/2014\/07\/maria-elena-boschi-ministro-177691.1024x768.jpg","large":"https:\/\/staging.varesenews.it\/photogallery_new\/images\/2014\/07\/maria-elena-boschi-ministro-177691.610x431.jpg"}],"_links":{"self":[{"href":"https:\/\/staging.varesenews.it\/swgapi\/v1\/wp\/v2\/posts\/366445"}],"collection":[{"href":"https:\/\/staging.varesenews.it\/swgapi\/v1\/wp\/v2\/posts"}],"about":[{"href":"https:\/\/staging.varesenews.it\/swgapi\/v1\/wp\/v2\/types\/post"}],"author":[{"embeddable":true,"href":"https:\/\/staging.varesenews.it\/swgapi\/v1\/wp\/v2\/users\/50"}],"replies":[{"embeddable":true,"href":"https:\/\/staging.varesenews.it\/swgapi\/v1\/wp\/v2\/comments?post=366445"}],"version-history":[{"count":0,"href":"https:\/\/staging.varesenews.it\/swgapi\/v1\/wp\/v2\/posts\/366445\/revisions"}],"wp:attachment":[{"href":"https:\/\/staging.varesenews.it\/swgapi\/v1\/wp\/v2\/media?parent=366445"}],"wp:term":[{"taxonomy":"category","embeddable":true,"href":"https:\/\/staging.varesenews.it\/swgapi\/v1\/wp\/v2\/categories?post=366445"},{"taxonomy":"post_tag","embeddable":true,"href":"https:\/\/staging.varesenews.it\/swgapi\/v1\/wp\/v2\/tags?post=366445"}],"curies":[{"name":"wp","href":"https:\/\/api.w.org\/{rel}","templated":true}]}}