{"id":368123,"date":"2015-05-06T08:31:30","date_gmt":"2015-05-06T06:31:30","guid":{"rendered":"http:\/\/www.varesenews.it\/?p=368123"},"modified":"2015-05-06T09:00:28","modified_gmt":"2015-05-06T07:00:28","slug":"whirlpool-si-apre-uno-spiraglio-per-caserta","status":"publish","type":"post","link":"https:\/\/staging.varesenews.it\/2015\/05\/whirlpool-si-apre-uno-spiraglio-per-caserta\/368123\/","title":{"rendered":"Whirlpool, si apre uno spiraglio per Caserta"},"content":{"rendered":"<p>Un piccolo spiraglio per evitare la chiusura dello stabilimento di <strong>Carinaro<\/strong> in provincia di Caserta c&#8217;\u00e8: riportare in Italia una parte della produzione fatta in <strong>Polonia<\/strong> da <strong>Whirlpool-Indesit<\/strong>. \u00c8 questa l&#8217;unica novit\u00e0 emersa nell&#8217;ultimo incontro al Mise (ministero dello sviluppo economico) tra i vertici della multinazionale americana e le parti sociali.<\/p>\n<div class=\"related-posts related-01\"><h4>Leggi anche<\/h4><ul><li><a title=\"Whirlpool, la nuova geografia del lavoro e il sindacato\u00a0\" target=\"_blank\" href=\"https:\/\/staging.varesenews.it\/2015\/04\/whirlpool-la-nuova-geografia-del-lavoro-e-il-sindacato\/363526\/\"><strong>A margine <\/strong> - Whirlpool, la nuova geografia del lavoro e il sindacato\u00a0<\/a><\/li><li><a title=\"Whirlpool, ora tocca agli impiegati di Cassinetta\" target=\"_blank\" href=\"https:\/\/staging.varesenews.it\/2015\/04\/whirlpool-gli-impiegati-di-cassinetta\/366527\/\"><strong>Economia <\/strong> - Whirlpool, ora tocca agli impiegati di Cassinetta<\/a><\/li><li><a title=\"Whirlpool: &#8220;Nessun licenziamento fino al 2018&#8221;\" target=\"_blank\" href=\"https:\/\/staging.varesenews.it\/2015\/04\/whirlpool-nessun-licenziamento-unilaterale-fino-al-2018\/365866\/\"><strong>Economia <\/strong> - Whirlpool: &#8220;Nessun licenziamento fino al 2018&#8221;<\/a><\/li><li><a title=\"Whirlpool, licenziamenti ereditati da Indesit\" target=\"_blank\" href=\"https:\/\/staging.varesenews.it\/2015\/04\/whirlpool-licenziamenti-ereditati-da-indesit\/362263\/\"><strong>Lavoro <\/strong> - Whirlpool, licenziamenti ereditati da Indesit<\/a><\/li><li><a title=\"Whirlpool investe 500 milioni e chiude Caserta\" target=\"_blank\" href=\"https:\/\/staging.varesenews.it\/2015\/04\/whirlpool-investe-500-milioni-e-chiude-caserta\/362107\/\"><strong>Lavoro <\/strong> - Whirlpool investe 500 milioni e chiude Caserta<\/a><\/li><\/ul><\/div>\n<p>La <strong>Polonia<\/strong>, che produce tutta la bassa gamma di elettrodomestici del gruppo, in questi anni non si \u00e8 dimostrata efficiente n\u00e9 sui tempi di consegna n\u00e9 sulla qualit\u00e0, elementi che potrebbero giocare a favore di <strong>Carinaro<\/strong> in un ipotetico trasferimento di una parte dei volumi di produzione.<\/p>\n<p>I vertici di <strong>Whirlpool<\/strong>-Emea rappresentati dall&#8217;ad <strong>Davide Castiglioni,<\/strong> <strong><a href=\"http:\/\/www3.varesenews.it\/comuni\/comerio\/articolo.php?id=279218\">Francesca Morichini<\/a>\u00a0\u00a0e Carmine Trerotola<\/strong>, hanno continuato ad illustrare il piano industriale nel dettaglio, rendendosi comunque disponibili a pensare soluzioni diverse che al momento non hanno.<\/p>\n<p>Al Mise era presente anche la rsu di <strong>Cassinetta<\/strong>, <strong>Chiara<\/strong> <strong>Cola<\/strong> (Uilm), <strong>Tiziano<\/strong> <strong>Franceschetti<\/strong> (Fim), <strong>Matteo<\/strong> <strong>Berardi<\/strong> (Fiom) e i segretari nazionali <strong>Michele Zanocco<\/strong> per la Fim Cisl, <strong>Michela Spera<\/strong> per la Fiom Cgil e <strong>Rocco Palombella e Gianluca Ficco<\/strong> per la Uilm.<br \/>\nLa protesta dei lavoratori di Caserta \u00e8 arrivata nel frattempo sul tetto della fabbrica, dove sei dipendenti hanno protestato contro la chiusura dello stabilimento.<\/p>\n<p>Il prossimo incontro al ministero \u00e8 previsto per venerd\u00ec 8 maggio.<\/p>\n","protected":false},"excerpt":{"rendered":"<p>I vertici della multinazionale si sono detti disponibili a pensare soluzioni diverse che al momento non hanno<\/p>\n","protected":false},"author":45,"featured_media":0,"comment_status":"open","ping_status":"open","sticky":false,"template":"","format":"standard","meta":{"footnotes":""},"categories":[17],"tags":[866,4923,4326,3692,3657,1149],"acf":[],"yoast_head":"<!-- This site is optimized with the Yoast SEO plugin v20.1 - https:\/\/yoast.com\/wordpress\/plugins\/seo\/ -->\n<title>Whirlpool, si apre uno spiraglio per Caserta<\/title>\n<meta name=\"description\" content=\"whirlpool speranza per stabilimento caserta\" \/>\n<meta name=\"robots\" content=\"noindex, follow, max-snippet:-1, max-image-preview:large, max-video-preview:-1\" \/>\n<meta property=\"og:locale\" content=\"it_IT\" \/>\n<meta property=\"og:type\" content=\"article\" \/>\n<meta property=\"og:title\" content=\"Whirlpool, si apre uno spiraglio per Caserta\" \/>\n<meta property=\"og:description\" content=\"whirlpool speranza per stabilimento caserta\" \/>\n<meta property=\"og:url\" content=\"https:\/\/staging.varesenews.it\/2015\/05\/whirlpool-si-apre-uno-spiraglio-per-caserta\/368123\/\" \/>\n<meta property=\"og:site_name\" content=\"VareseNews\" \/>\n<meta property=\"article:publisher\" content=\"https:\/\/www.facebook.com\/varesenews\" \/>\n<meta property=\"article:author\" content=\"https:\/\/www.facebook.com\/michele.mancino.5\" \/>\n<meta property=\"article:published_time\" content=\"2015-05-06T06:31:30+00:00\" \/>\n<meta property=\"article:modified_time\" content=\"2015-05-06T07:00:28+00:00\" \/>\n<meta name=\"author\" content=\"Michele Mancino\" \/>\n<meta name=\"twitter:card\" content=\"summary_large_image\" \/>\n<meta name=\"twitter:creator\" content=\"@micmancio\" \/>\n<meta name=\"twitter:site\" content=\"@varesenews\" \/>\n<meta name=\"twitter:label1\" content=\"Scritto da\" \/>\n\t<meta name=\"twitter:data1\" content=\"Michele Mancino\" \/>\n\t<meta name=\"twitter:label2\" content=\"Tempo di lettura stimato\" \/>\n\t<meta name=\"twitter:data2\" content=\"1 minuto\" \/>\n<script type=\"application\/ld+json\" class=\"yoast-schema-graph\">{\"@context\":\"https:\/\/schema.org\",\"@graph\":[{\"@type\":\"WebPage\",\"@id\":\"https:\/\/staging.varesenews.it\/2015\/05\/whirlpool-si-apre-uno-spiraglio-per-caserta\/368123\/\",\"url\":\"https:\/\/staging.varesenews.it\/2015\/05\/whirlpool-si-apre-uno-spiraglio-per-caserta\/368123\/\",\"name\":\"Whirlpool, si apre uno spiraglio per Caserta\",\"isPartOf\":{\"@id\":\"https:\/\/staging.varesenews.it\/#website\"},\"datePublished\":\"2015-05-06T06:31:30+00:00\",\"dateModified\":\"2015-05-06T07:00:28+00:00\",\"author\":{\"@id\":\"https:\/\/staging.varesenews.it\/#\/schema\/person\/308b491d3cb680ead199e5ff6c6ce540\"},\"description\":\"whirlpool speranza per stabilimento caserta\",\"breadcrumb\":{\"@id\":\"https:\/\/staging.varesenews.it\/2015\/05\/whirlpool-si-apre-uno-spiraglio-per-caserta\/368123\/#breadcrumb\"},\"inLanguage\":\"it-IT\",\"potentialAction\":[{\"@type\":\"ReadAction\",\"target\":[\"https:\/\/staging.varesenews.it\/2015\/05\/whirlpool-si-apre-uno-spiraglio-per-caserta\/368123\/\"]}]},{\"@type\":\"BreadcrumbList\",\"@id\":\"https:\/\/staging.varesenews.it\/2015\/05\/whirlpool-si-apre-uno-spiraglio-per-caserta\/368123\/#breadcrumb\",\"itemListElement\":[{\"@type\":\"ListItem\",\"position\":1,\"name\":\"Home\",\"item\":\"https:\/\/www.varesenews.it\/\"},{\"@type\":\"ListItem\",\"position\":2,\"name\":\"Whirlpool, si apre uno spiraglio per Caserta\"}]},{\"@type\":\"WebSite\",\"@id\":\"https:\/\/staging.varesenews.it\/#website\",\"url\":\"https:\/\/staging.varesenews.it\/\",\"name\":\"VareseNews\",\"description\":\"\",\"potentialAction\":[{\"@type\":\"SearchAction\",\"target\":{\"@type\":\"EntryPoint\",\"urlTemplate\":\"https:\/\/staging.varesenews.it\/?s={search_term_string}\"},\"query-input\":\"required name=search_term_string\"}],\"inLanguage\":\"it-IT\"},{\"@type\":\"Person\",\"@id\":\"https:\/\/staging.varesenews.it\/#\/schema\/person\/308b491d3cb680ead199e5ff6c6ce540\",\"name\":\"Michele Mancino\",\"image\":{\"@type\":\"ImageObject\",\"inLanguage\":\"it-IT\",\"@id\":\"https:\/\/staging.varesenews.it\/#\/schema\/person\/image\/\",\"url\":\"https:\/\/staging.varesenews.it\/wp-content\/uploads\/2020\/12\/michele_mancino_colori_500.jpg\",\"contentUrl\":\"https:\/\/staging.varesenews.it\/wp-content\/uploads\/2020\/12\/michele_mancino_colori_500.jpg\",\"caption\":\"Michele Mancino\"},\"description\":\"Sono a VareseNews da prima che nascesse. Ho inserito le prime notizie in una stringa di codice html, la lingua di internet. Aprivo i computer, cambiavo schede di rete e portavo i server dal provider. A met&agrave; degli anni &rsquo;90 il giornalista online doveva saper fare anche questo. Ho vissuto gli anni drammatici della bolla speculativa di Internet e quelli entusiastici della crescita, anni in cui VareseNews era un Davide in mezzo a tanti Golia. Poi sono arrivati i social, le nuove piattaforme e soprattutto gli smartphone, una postazione di lavoro racchiusa in una mano. Una nuova rivoluzione. Insomma, &egrave; stata, ed &egrave; ancora, un&rsquo;avventura entusiasmante perch&eacute; mi insegna giorno dopo giorno che il cambiamento &egrave; l&rsquo;unica certezza di questa fragile esistenza.\",\"sameAs\":[\"https:\/\/www.facebook.com\/michele.mancino.5\",\"micmancio\",\"Aggiorna le impostazioni del tuo profilo pubblicoit.linkedin.com\/pub\/michele-mancino\/28\/b71\/890\/it\",\"https:\/\/twitter.com\/micmancio\"],\"url\":\"https:\/\/staging.varesenews.it\/persona\/michele_mancino\/\"}]}<\/script>\n<!-- \/ Yoast SEO plugin. -->","yoast_head_json":{"title":"Whirlpool, si apre uno spiraglio per Caserta","description":"whirlpool speranza per stabilimento caserta","robots":{"index":"noindex","follow":"follow","max-snippet":"max-snippet:-1","max-image-preview":"max-image-preview:large","max-video-preview":"max-video-preview:-1"},"og_locale":"it_IT","og_type":"article","og_title":"Whirlpool, si apre uno spiraglio per Caserta","og_description":"whirlpool speranza per stabilimento caserta","og_url":"https:\/\/staging.varesenews.it\/2015\/05\/whirlpool-si-apre-uno-spiraglio-per-caserta\/368123\/","og_site_name":"VareseNews","article_publisher":"https:\/\/www.facebook.com\/varesenews","article_author":"https:\/\/www.facebook.com\/michele.mancino.5","article_published_time":"2015-05-06T06:31:30+00:00","article_modified_time":"2015-05-06T07:00:28+00:00","author":"Michele Mancino","twitter_card":"summary_large_image","twitter_creator":"@micmancio","twitter_site":"@varesenews","twitter_misc":{"Scritto da":"Michele Mancino","Tempo di lettura stimato":"1 minuto"},"schema":{"@context":"https:\/\/schema.org","@graph":[{"@type":"WebPage","@id":"https:\/\/staging.varesenews.it\/2015\/05\/whirlpool-si-apre-uno-spiraglio-per-caserta\/368123\/","url":"https:\/\/staging.varesenews.it\/2015\/05\/whirlpool-si-apre-uno-spiraglio-per-caserta\/368123\/","name":"Whirlpool, si apre uno spiraglio per Caserta","isPartOf":{"@id":"https:\/\/staging.varesenews.it\/#website"},"datePublished":"2015-05-06T06:31:30+00:00","dateModified":"2015-05-06T07:00:28+00:00","author":{"@id":"https:\/\/staging.varesenews.it\/#\/schema\/person\/308b491d3cb680ead199e5ff6c6ce540"},"description":"whirlpool speranza per stabilimento caserta","breadcrumb":{"@id":"https:\/\/staging.varesenews.it\/2015\/05\/whirlpool-si-apre-uno-spiraglio-per-caserta\/368123\/#breadcrumb"},"inLanguage":"it-IT","potentialAction":[{"@type":"ReadAction","target":["https:\/\/staging.varesenews.it\/2015\/05\/whirlpool-si-apre-uno-spiraglio-per-caserta\/368123\/"]}]},{"@type":"BreadcrumbList","@id":"https:\/\/staging.varesenews.it\/2015\/05\/whirlpool-si-apre-uno-spiraglio-per-caserta\/368123\/#breadcrumb","itemListElement":[{"@type":"ListItem","position":1,"name":"Home","item":"https:\/\/www.varesenews.it\/"},{"@type":"ListItem","position":2,"name":"Whirlpool, si apre uno spiraglio per Caserta"}]},{"@type":"WebSite","@id":"https:\/\/staging.varesenews.it\/#website","url":"https:\/\/staging.varesenews.it\/","name":"VareseNews","description":"","potentialAction":[{"@type":"SearchAction","target":{"@type":"EntryPoint","urlTemplate":"https:\/\/staging.varesenews.it\/?s={search_term_string}"},"query-input":"required name=search_term_string"}],"inLanguage":"it-IT"},{"@type":"Person","@id":"https:\/\/staging.varesenews.it\/#\/schema\/person\/308b491d3cb680ead199e5ff6c6ce540","name":"Michele Mancino","image":{"@type":"ImageObject","inLanguage":"it-IT","@id":"https:\/\/staging.varesenews.it\/#\/schema\/person\/image\/","url":"https:\/\/staging.varesenews.it\/wp-content\/uploads\/2020\/12\/michele_mancino_colori_500.jpg","contentUrl":"https:\/\/staging.varesenews.it\/wp-content\/uploads\/2020\/12\/michele_mancino_colori_500.jpg","caption":"Michele Mancino"},"description":"Sono a VareseNews da prima che nascesse. Ho inserito le prime notizie in una stringa di codice html, la lingua di internet. Aprivo i computer, cambiavo schede di rete e portavo i server dal provider. A met&agrave; degli anni &rsquo;90 il giornalista online doveva saper fare anche questo. Ho vissuto gli anni drammatici della bolla speculativa di Internet e quelli entusiastici della crescita, anni in cui VareseNews era un Davide in mezzo a tanti Golia. Poi sono arrivati i social, le nuove piattaforme e soprattutto gli smartphone, una postazione di lavoro racchiusa in una mano. Una nuova rivoluzione. Insomma, &egrave; stata, ed &egrave; ancora, un&rsquo;avventura entusiasmante perch&eacute; mi insegna giorno dopo giorno che il cambiamento &egrave; l&rsquo;unica certezza di questa fragile esistenza.","sameAs":["https:\/\/www.facebook.com\/michele.mancino.5","micmancio","Aggiorna le impostazioni del tuo profilo pubblicoit.linkedin.com\/pub\/michele-mancino\/28\/b71\/890\/it","https:\/\/twitter.com\/micmancio"],"url":"https:\/\/staging.varesenews.it\/persona\/michele_mancino\/"}]}},"post_meta":{"_edit_lock":"1430904053:45","_edit_last":"45","ratings_users":"0","ratings_score":"0","ratings_average":"0","_category_permalink":"","wdfb_og_title":"","wdfb_og_type":"","wdfb_og_description":"","wdfb_og_images":"a:1:{i:0;s:0:\"\";}","wdfb_og_custom_name":"a:1:{i:0;s:0:\"\";}","wdfb_og_custom_value":"a:1:{i:0;s:0:\"\";}","id_leggi_anche":"363526,366527,365866,362263,362107","foto":"176208","argomento":"Economia","_yoast_wpseo_focuskw":"whirlpool","_yoast_wpseo_metadesc":"whirlpool speranza per stabilimento caserta","_jd_twitter":"","_jd_tweet_this":"yes","_wpt_short_url":"http:\/\/www.varesenews.it\/2015\/05\/whirlpool-si-apre-uno-spiraglio-per-caserta\/368123\/","_wp_jd_target":"http:\/\/www.varesenews.it\/2015\/05\/whirlpool-si-apre-uno-spiraglio-per-caserta\/368123\/","_jd_wp_twitter":"a:1:{i:0;s:157:\"Whirlpool, si apre uno spiraglio per Caserta http:\/\/www.varesenews.it\/2015\/05\/whirlpool-si-apre-uno-spiraglio-per-caserta\/368123\/ #fimcisl #fiomcgil #indesit\";}","_wpt_status_message":"Tweet inviato con successo.","_yoast_wpseo_linkdex":"73"},"photos":[{"original":"https:\/\/staging.varesenews.it\/photogallery_new\/images\/2014\/07\/whirlpool-comerio-cassinetta-176208.jpg","full":"https:\/\/staging.varesenews.it\/photogallery_new\/images\/2014\/07\/whirlpool-comerio-cassinetta-176208.1024x768.jpg","large":"https:\/\/staging.varesenews.it\/photogallery_new\/images\/2014\/07\/whirlpool-comerio-cassinetta-176208.610x431.jpg"}],"_links":{"self":[{"href":"https:\/\/staging.varesenews.it\/swgapi\/v1\/wp\/v2\/posts\/368123"}],"collection":[{"href":"https:\/\/staging.varesenews.it\/swgapi\/v1\/wp\/v2\/posts"}],"about":[{"href":"https:\/\/staging.varesenews.it\/swgapi\/v1\/wp\/v2\/types\/post"}],"author":[{"embeddable":true,"href":"https:\/\/staging.varesenews.it\/swgapi\/v1\/wp\/v2\/users\/45"}],"replies":[{"embeddable":true,"href":"https:\/\/staging.varesenews.it\/swgapi\/v1\/wp\/v2\/comments?post=368123"}],"version-history":[{"count":0,"href":"https:\/\/staging.varesenews.it\/swgapi\/v1\/wp\/v2\/posts\/368123\/revisions"}],"wp:attachment":[{"href":"https:\/\/staging.varesenews.it\/swgapi\/v1\/wp\/v2\/media?parent=368123"}],"wp:term":[{"taxonomy":"category","embeddable":true,"href":"https:\/\/staging.varesenews.it\/swgapi\/v1\/wp\/v2\/categories?post=368123"},{"taxonomy":"post_tag","embeddable":true,"href":"https:\/\/staging.varesenews.it\/swgapi\/v1\/wp\/v2\/tags?post=368123"}],"curies":[{"name":"wp","href":"https:\/\/api.w.org\/{rel}","templated":true}]}}