{"id":36925,"date":"2014-04-17T00:00:00","date_gmt":"2014-04-17T00:00:00","guid":{"rendered":""},"modified":"2014-04-17T00:00:00","modified_gmt":"2014-04-17T00:00:00","slug":"bici-in-citta-il-piano-per-le-direttrici-viale-milano-ronchi-e-moriggia","status":"publish","type":"post","link":"https:\/\/staging.varesenews.it\/2014\/04\/bici-in-citta-il-piano-per-le-direttrici-viale-milano-ronchi-e-moriggia\/36925\/","title":{"rendered":"Bici in citt\u00e0, il piano per le direttrici viale Milano, Ronchi e Moriggia"},"content":{"rendered":"<p><img loading=\"lazy\" decoding=\"async\" width=\"320\" vspace=\"5\" hspace=\"5\" height=\"241\" border=\"1\" align=\"left\" src=\"https:\/\/www3.varesenews.it\/immagini_articoli\/201404\/ciclabili_gallarate.jpg\" alt=\"\" \/><strong>Avanti con le nuove corsie ciclabili, su due direttrici principali: quella di viale Milano e quella che &#8211; da via Padre Lega &#8211; attraverser&agrave; i Ronchi e proseguir&agrave; verso Moriggia<\/strong> (con qualche intervento anche verso Crenna e la zona del Parco del Ticino). Il piano &egrave; stato approvato dalla giunta di Gallarate per incoraggiare l&rsquo;uso delle biciclette e tutelare maggiormente quanti scelgono di spostarsi facendo ricorso alle due ruote. &laquo;Abbiamo lavorato avendo<strong> due punti di riferimento&raquo; spiega Giovanni Pignataro<\/strong>, assessore all&#8217;urbanistica. &laquo;<strong>Primo: evitando gli spezzoni isolati e andando invece nella logica dei collegamenti<\/strong>, per evitare ciclabili che finiscono nel nulla. Secondo: prevedendo <strong>pi&ugrave; corsie ciclabili che piste ciclabili in sede propria<\/strong>&raquo;. La scelta di semplici corsie monodirezionali, ben visibili e segnalate  ma non separate dal resto della carreggiata come accade per le piste, ha  diverse ragioni: &laquo;Ci sono studi anche internazionali, che certificano  la maggiore sicurezza delle corsie, perch&eacute;, anche se sembrano offrire  meno protezione, aumentano l&#8217;attenzione reciproca tra automobilisti e  ciclisti&raquo; spiega Pignataro, che ha  seguito il piano insieme al delegato ai lavori pubblici Danilo Barban. <\/p>\n<p>Il progetto si compone essenzialmente di <strong>tre parti: creazione di nuove corsie riservate<\/strong>, segnalazione ai ciclisti di<strong> percorsi consigliati su strade con traffico veicolare ridotto<\/strong> rispetto alle arterie pi&ugrave; frequentate, <strong>realizzazione di opere a supporto e integrazione<\/strong> (posizionamento di spartitraffico, nuova segnaletica orizzontale e simili). Lo scopo &egrave; rendere pi&ugrave; fluido e sicuro l&rsquo;attraversamento del centro e dei rioni tenendo conto delle piste esistenti, ma anche raccordarsi al Parco del Ticino e ai suoi percorsi, cos&igrave; da favorire l&rsquo;uso della bicicletta sia per gli spostamenti necessari sia a scopo ricreativo.&nbsp; <strong>La realizzazione incomincer&agrave; nelle prossime settimane e dovrebbe concludersi a cavallo tra estate e autunno<\/strong> (Pignataro dice che &laquo;il 15 settembre &egrave; una data ragionevole&raquo;, ma preferisce non sbilanciarsi troppo nell&#8217;indicare scadenze).<\/p>\n<p>\n<strong>La direttrice Ronchi-Moriggia<\/strong><br \/>\n<a target=\"_blank\" href=\"http:\/\/www3.varesenews.it\/documenti\/201404\/ronchi_moriggia_ciclabili_gallarate_varesenews.pdf\">Clicca qui per aprire la carta tecnica con l&#8217;indicazione dei percorsi <\/a><br \/>\n(<a target=\"_blank\" href=\"http:\/\/www3.varesenews.it\/documenti\/201404\/legenda_ciclabili_vareseNEws.pdf\">Clicca qui per la legenda delle carte tecniche<\/a>)<br \/>\nDue corsie, una per lato, saranno realizzate in via Monte Leone a Moriggia, nel tratto tra via Gramsci e largo Mozart. A completamento, si segnaler&agrave; un breve percorso consigliato ai ciclisti, tra via Monte Leone e via Monte San Martino, raccordo con la ciclabile esistente realizzata dalla provincia. <br \/>\nUlteriori corsie riservate sono previste proprio sul <strong>sovrappasso di via Monte San Martino<\/strong>. Per migliorare la sicurezza complessiva, qui &egrave; previsto un intervento &quot;pesante&quot;: si posizioner&agrave; uno spartitraffico centrale in cemento e la sede sar&agrave; ridotta a una sola corsia per direzione (&laquo;come su tutte le vie che convergono sui due lati del ponte&raquo;), con l&#8217;intenzione di evitare velocit&agrave; troppo alte e manovre azzardate. <br \/>\nIl percorso che parte da viale Carlo No&egrave; e via Palestro per raggiungere la piscina, il parco Bassetti, vari istituti scolastici e la connessione con i percorsi del Parco del Ticino, sar&agrave; esteso con <strong>corsie riservate in via Padre Lega<\/strong> sino all&rsquo;intersezione con via delle Rose. Anche in questo caso ci sar&agrave; un percorso consigliato, alternativo a via Padre Lega-Largo Beethoven: un tracciato segnalato da cartelli che passa da via delle Rose, via Sottocorno e parte di via Solferino. <\/p>\n<p><strong>Direttrice viale Milano-Madonna in Campana<\/strong><br \/>\n<a target=\"_blank\" href=\"http:\/\/www3.varesenews.it\/documenti\/201404\/viale_milano_ciclabili_gallarate_varesenews.pdf\">Clicca qui per aprire la carta tecnica con l&#8217;indicazione dei percorsi<\/a><br \/>\n(<a target=\"_blank\" href=\"http:\/\/www3.varesenews.it\/documenti\/201404\/legenda_ciclabili_vareseNEws.pdf\">Clicca qui per la legenda delle carte tecniche<\/a>)<br \/>\nLe corsie riservate realizzate nel tratto pi&ugrave; esterno di viale Milano (<a href=\"http:\/\/www3.varesenews.it\/gallarate_malpensa\/e-la-sistemazione-di-viale-milano-286913.html\">il cui completamento necessita degli ultimi dettagli ed &egrave; previsto a maggio<\/a>) saranno allungate fino all&rsquo;intersezione con via Tiro a Segno. <strong>Nel tratto tra via Tiro a Segno e via Torino, carreggiata sud<\/strong> (direzione periferia), si r<strong>ealizzer&agrave; un&rsquo;ulteriore corsia riservata<\/strong>, mentre per l&rsquo;altro lato della strada (direzione centro) &egrave; previsto un percorso consigliato verso le vie Pacinotti e Galvaligi (su cui si fanno verifiche dell&#8217;asfalto). Per completare i collegamenti verr&agrave; segnalato il percorso consigliato su via Tiro a Segno, vicolo del Bersaglio con innesto sulle corsie riservate di via Madonna in Campagna, all&rsquo; altezza di via Cascina Colombo.<br \/>\n<strong>Si ricaver&agrave;, infine, una corsia riservata in Via De Magri<\/strong>, tra viale Milano e via Cadore, nella zona del Maga e del mercato, ridisegnando gli stalli di sosta secondo uno schema a lisca di pesce, che fra l&rsquo;altro &#8211; dicono in Comune &#8211; aumenter&agrave; i posti disponibili nella zona a ridosso di cimitero, museo e mercato. <\/p>\n<p><strong>Percorsi Parco del Ticino<\/strong><br \/>\n<a target=\"_blank\" href=\"http:\/\/www3.varesenews.it\/documenti\/201404\/ciclabili_gallarate_parco_del_ticino_varesenews.pdf\">Clicca qui per aprire la carta tecnica con l&#8217;indicazione dei percorsi<\/a><br \/>\n(<a target=\"_blank\" href=\"http:\/\/www3.varesenews.it\/documenti\/201404\/legenda_ciclabili_vareseNEws.pdf\">Clicca qui per la legenda delle carte tecniche<\/a>)<br \/>\nIl progetto prevede anche di segnalare aree a parcheggio funzionali al raggiungimento del Parco del Ticino e dei suoi percorsi in via don Piloni (Cimitero Crenna) e via Gramsci (rione Moriggia), oltre al gi&agrave; attivo parcheggio nella zona dei fontanili al confine con Besnate. &laquo;Abbiamo avuto una grande collaborazione dal parco per definire i percorsi, la cartellonistica sar&agrave; realizzata a spese del Comune&raquo; dice ancora Pignataro.&nbsp; &laquo;Grazie anche all&#8217;interessamento dell&#8217;ex assessore Simeoni, la Provincia dovrebbe realizzare un attraversamento ciclabile nuovo su via Monte San Martino, per un collegamento con la zona della Boschina&raquo; aggiunge Barban.<\/p>\n<p>Questo &egrave; il progetto, da concretizzare appunto nel corso dell&#8217;estate. Tra le attenzioni previste in questa fase c&#8217;&egrave; quella per i parcheggi (evitando la riduzione dei posti auto), &laquo;anche come attenzione per i commercianti che affrontano una fase difficile&raquo;: cos&igrave; ad esempio avviene sulla carreggiata di viale Milano direzione centro, mantenendo il parcheggio a bordo strada (senza ciclabile). Nell&#8217;altro senso il viale sar&agrave; invece ridotto da due corsie a una sola, giudicata compatibile con i flussi massimi (1400 auto\/ora nei momenti di punta). &laquo;Soluzione che invece &egrave; impercorribile in via Carlo No&egrave;, dove il traffico in ora di punta &egrave; doppia, con 3200 auto l&#8217;ora&raquo; continua Pignataro. &laquo;Abbiamo valutato la soluzione suggerita da alcuni, ma non possiamo danneggiare troppo i cittadini&raquo;. <\/p>\n<p><strong>Le due direttrici di viale Milano e Ronchi-Moriggia si aggiungono a quella in direzione sud centro-Arnate<\/strong>, gi&agrave; avviata con la nuova ciclabile di via Leonardo Da Vinci: &laquo;qui dobbiamo risolvere l&#8217;ingresso in centro da via Fogazzaro, che &egrave; senza sbocco e pericoloso, nonostante l&#8217;intervento sia recente&raquo;, continua Pignataro. E in direzione nord, verso Cajello e Cedrate? &laquo;Rimane il nodo grande di piazza Risorgimento, pensata solo per le auto: ma &egrave; un investimento fatto nel 2007, non si pu&ograve; tornare indietro. Verso Cedrate invece c&#8217;&egrave; da affrontare via Venegoni, che anche eliminando i parcheggi rimarrebbe comunque una strettoia&raquo;. Per ora, dunque, poche novit&agrave; su questo fronte, mentre si attendono le ciclabili nell&#8217;estate. Sperando che le nuove corsie per le due ruote non diventino luogo di &quot;parcheggio selvaggio&quot;.<br type=\"_moz\" \/><\/p>\n","protected":false},"excerpt":{"rendered":"<p>Sono previste nuove corsie ciclabili, ma anche itinerari alternativi consigliati per chi pedala. L&#8217;intervento pi\u00f9 &#8220;pesante&#8221; sul ponte tra Ronchi e Moriggia, che verr\u00e0 completamente modificato per renderlo pi\u00f9 sicuro<\/p>\n","protected":false},"author":10,"featured_media":0,"comment_status":"open","ping_status":"open","sticky":false,"template":"","format":"standard","meta":{"footnotes":""},"categories":[3],"tags":[615,7789,466,5637],"acf":[],"yoast_head":"<!-- This site is optimized with the Yoast SEO plugin v20.1 - https:\/\/yoast.com\/wordpress\/plugins\/seo\/ -->\n<title>Bici in citt\u00e0, il piano per le direttrici viale Milano, Ronchi e Moriggia<\/title>\n<meta name=\"description\" content=\"Sono previste nuove corsie ciclabili, ma anche itinerari alternativi consigliati per chi pedala. L&#039;intervento pi\u00f9 &quot;pesante&quot; sul ponte tra Ronchi e Moriggia, che verr\u00e0 completamente modificato per renderlo pi\u00f9 sicuro\" \/>\n<meta name=\"robots\" content=\"noindex, follow, max-snippet:-1, max-image-preview:large, max-video-preview:-1\" \/>\n<meta property=\"og:locale\" content=\"it_IT\" \/>\n<meta property=\"og:type\" content=\"article\" \/>\n<meta property=\"og:title\" content=\"Bici in citt\u00e0, il piano per le direttrici viale Milano, Ronchi e Moriggia\" \/>\n<meta property=\"og:description\" content=\"Sono previste nuove corsie ciclabili, ma anche itinerari alternativi consigliati per chi pedala. L&#039;intervento pi\u00f9 &quot;pesante&quot; sul ponte tra Ronchi e Moriggia, che verr\u00e0 completamente modificato per renderlo pi\u00f9 sicuro\" \/>\n<meta property=\"og:url\" content=\"https:\/\/staging.varesenews.it\/2014\/04\/bici-in-citta-il-piano-per-le-direttrici-viale-milano-ronchi-e-moriggia\/36925\/\" \/>\n<meta property=\"og:site_name\" content=\"VareseNews\" \/>\n<meta property=\"article:publisher\" content=\"https:\/\/www.facebook.com\/varesenews\" \/>\n<meta property=\"article:published_time\" content=\"2014-04-17T00:00:00+00:00\" \/>\n<meta property=\"og:image\" content=\"https:\/\/www3.varesenews.it\/immagini_articoli\/201404\/ciclabili_gallarate.jpg\" \/>\n<meta name=\"author\" content=\"Redazione VareseNews\" \/>\n<meta name=\"twitter:card\" content=\"summary_large_image\" \/>\n<meta name=\"twitter:creator\" content=\"@varesenews\" \/>\n<meta name=\"twitter:site\" content=\"@varesenews\" \/>\n<meta name=\"twitter:label1\" content=\"Scritto da\" \/>\n\t<meta name=\"twitter:data1\" content=\"Redazione VareseNews\" \/>\n\t<meta name=\"twitter:label2\" content=\"Tempo di lettura stimato\" \/>\n\t<meta name=\"twitter:data2\" content=\"6 minuti\" \/>\n<script type=\"application\/ld+json\" class=\"yoast-schema-graph\">{\"@context\":\"https:\/\/schema.org\",\"@graph\":[{\"@type\":\"WebPage\",\"@id\":\"https:\/\/staging.varesenews.it\/2014\/04\/bici-in-citta-il-piano-per-le-direttrici-viale-milano-ronchi-e-moriggia\/36925\/\",\"url\":\"https:\/\/staging.varesenews.it\/2014\/04\/bici-in-citta-il-piano-per-le-direttrici-viale-milano-ronchi-e-moriggia\/36925\/\",\"name\":\"Bici in citt\u00e0, il piano per le direttrici viale Milano, Ronchi e Moriggia\",\"isPartOf\":{\"@id\":\"https:\/\/staging.varesenews.it\/#website\"},\"datePublished\":\"2014-04-17T00:00:00+00:00\",\"dateModified\":\"2014-04-17T00:00:00+00:00\",\"author\":{\"@id\":\"https:\/\/staging.varesenews.it\/#\/schema\/person\/fb20c4da0b7b16c291707a20db73e169\"},\"description\":\"Sono previste nuove corsie ciclabili, ma anche itinerari alternativi consigliati per chi pedala. L'intervento pi\u00f9 \\\"pesante\\\" sul ponte tra Ronchi e Moriggia, che verr\u00e0 completamente modificato per renderlo pi\u00f9 sicuro\",\"breadcrumb\":{\"@id\":\"https:\/\/staging.varesenews.it\/2014\/04\/bici-in-citta-il-piano-per-le-direttrici-viale-milano-ronchi-e-moriggia\/36925\/#breadcrumb\"},\"inLanguage\":\"it-IT\",\"potentialAction\":[{\"@type\":\"ReadAction\",\"target\":[\"https:\/\/staging.varesenews.it\/2014\/04\/bici-in-citta-il-piano-per-le-direttrici-viale-milano-ronchi-e-moriggia\/36925\/\"]}]},{\"@type\":\"BreadcrumbList\",\"@id\":\"https:\/\/staging.varesenews.it\/2014\/04\/bici-in-citta-il-piano-per-le-direttrici-viale-milano-ronchi-e-moriggia\/36925\/#breadcrumb\",\"itemListElement\":[{\"@type\":\"ListItem\",\"position\":1,\"name\":\"Home\",\"item\":\"https:\/\/www.varesenews.it\/\"},{\"@type\":\"ListItem\",\"position\":2,\"name\":\"Bici in citt\u00e0, il piano per le direttrici viale Milano, Ronchi e Moriggia\"}]},{\"@type\":\"WebSite\",\"@id\":\"https:\/\/staging.varesenews.it\/#website\",\"url\":\"https:\/\/staging.varesenews.it\/\",\"name\":\"VareseNews\",\"description\":\"\",\"potentialAction\":[{\"@type\":\"SearchAction\",\"target\":{\"@type\":\"EntryPoint\",\"urlTemplate\":\"https:\/\/staging.varesenews.it\/?s={search_term_string}\"},\"query-input\":\"required name=search_term_string\"}],\"inLanguage\":\"it-IT\"},{\"@type\":\"Person\",\"@id\":\"https:\/\/staging.varesenews.it\/#\/schema\/person\/fb20c4da0b7b16c291707a20db73e169\",\"name\":\"Redazione VareseNews\",\"image\":{\"@type\":\"ImageObject\",\"inLanguage\":\"it-IT\",\"@id\":\"https:\/\/staging.varesenews.it\/#\/schema\/person\/image\/\",\"url\":\"https:\/\/staging.varesenews.it\/wp-content\/uploads\/2020\/12\/logo_VN_colori_500.png\",\"contentUrl\":\"https:\/\/staging.varesenews.it\/wp-content\/uploads\/2020\/12\/logo_VN_colori_500.png\",\"caption\":\"Redazione VareseNews\"},\"url\":\"https:\/\/staging.varesenews.it\/persona\/redazione1\/\"}]}<\/script>\n<!-- \/ Yoast SEO plugin. -->","yoast_head_json":{"title":"Bici in citt\u00e0, il piano per le direttrici viale Milano, Ronchi e Moriggia","description":"Sono previste nuove corsie ciclabili, ma anche itinerari alternativi consigliati per chi pedala. L'intervento pi\u00f9 \"pesante\" sul ponte tra Ronchi e Moriggia, che verr\u00e0 completamente modificato per renderlo pi\u00f9 sicuro","robots":{"index":"noindex","follow":"follow","max-snippet":"max-snippet:-1","max-image-preview":"max-image-preview:large","max-video-preview":"max-video-preview:-1"},"og_locale":"it_IT","og_type":"article","og_title":"Bici in citt\u00e0, il piano per le direttrici viale Milano, Ronchi e Moriggia","og_description":"Sono previste nuove corsie ciclabili, ma anche itinerari alternativi consigliati per chi pedala. L'intervento pi\u00f9 \"pesante\" sul ponte tra Ronchi e Moriggia, che verr\u00e0 completamente modificato per renderlo pi\u00f9 sicuro","og_url":"https:\/\/staging.varesenews.it\/2014\/04\/bici-in-citta-il-piano-per-le-direttrici-viale-milano-ronchi-e-moriggia\/36925\/","og_site_name":"VareseNews","article_publisher":"https:\/\/www.facebook.com\/varesenews","article_published_time":"2014-04-17T00:00:00+00:00","og_image":[{"url":"https:\/\/www3.varesenews.it\/immagini_articoli\/201404\/ciclabili_gallarate.jpg"}],"author":"Redazione VareseNews","twitter_card":"summary_large_image","twitter_creator":"@varesenews","twitter_site":"@varesenews","twitter_misc":{"Scritto da":"Redazione VareseNews","Tempo di lettura stimato":"6 minuti"},"schema":{"@context":"https:\/\/schema.org","@graph":[{"@type":"WebPage","@id":"https:\/\/staging.varesenews.it\/2014\/04\/bici-in-citta-il-piano-per-le-direttrici-viale-milano-ronchi-e-moriggia\/36925\/","url":"https:\/\/staging.varesenews.it\/2014\/04\/bici-in-citta-il-piano-per-le-direttrici-viale-milano-ronchi-e-moriggia\/36925\/","name":"Bici in citt\u00e0, il piano per le direttrici viale Milano, Ronchi e Moriggia","isPartOf":{"@id":"https:\/\/staging.varesenews.it\/#website"},"datePublished":"2014-04-17T00:00:00+00:00","dateModified":"2014-04-17T00:00:00+00:00","author":{"@id":"https:\/\/staging.varesenews.it\/#\/schema\/person\/fb20c4da0b7b16c291707a20db73e169"},"description":"Sono previste nuove corsie ciclabili, ma anche itinerari alternativi consigliati per chi pedala. L'intervento pi\u00f9 \"pesante\" sul ponte tra Ronchi e Moriggia, che verr\u00e0 completamente modificato per renderlo pi\u00f9 sicuro","breadcrumb":{"@id":"https:\/\/staging.varesenews.it\/2014\/04\/bici-in-citta-il-piano-per-le-direttrici-viale-milano-ronchi-e-moriggia\/36925\/#breadcrumb"},"inLanguage":"it-IT","potentialAction":[{"@type":"ReadAction","target":["https:\/\/staging.varesenews.it\/2014\/04\/bici-in-citta-il-piano-per-le-direttrici-viale-milano-ronchi-e-moriggia\/36925\/"]}]},{"@type":"BreadcrumbList","@id":"https:\/\/staging.varesenews.it\/2014\/04\/bici-in-citta-il-piano-per-le-direttrici-viale-milano-ronchi-e-moriggia\/36925\/#breadcrumb","itemListElement":[{"@type":"ListItem","position":1,"name":"Home","item":"https:\/\/www.varesenews.it\/"},{"@type":"ListItem","position":2,"name":"Bici in citt\u00e0, il piano per le direttrici viale Milano, Ronchi e Moriggia"}]},{"@type":"WebSite","@id":"https:\/\/staging.varesenews.it\/#website","url":"https:\/\/staging.varesenews.it\/","name":"VareseNews","description":"","potentialAction":[{"@type":"SearchAction","target":{"@type":"EntryPoint","urlTemplate":"https:\/\/staging.varesenews.it\/?s={search_term_string}"},"query-input":"required name=search_term_string"}],"inLanguage":"it-IT"},{"@type":"Person","@id":"https:\/\/staging.varesenews.it\/#\/schema\/person\/fb20c4da0b7b16c291707a20db73e169","name":"Redazione VareseNews","image":{"@type":"ImageObject","inLanguage":"it-IT","@id":"https:\/\/staging.varesenews.it\/#\/schema\/person\/image\/","url":"https:\/\/staging.varesenews.it\/wp-content\/uploads\/2020\/12\/logo_VN_colori_500.png","contentUrl":"https:\/\/staging.varesenews.it\/wp-content\/uploads\/2020\/12\/logo_VN_colori_500.png","caption":"Redazione VareseNews"},"url":"https:\/\/staging.varesenews.it\/persona\/redazione1\/"}]}},"post_meta":{"id_old":"286905","argomento":"Gallarate"},"photos":[],"_links":{"self":[{"href":"https:\/\/staging.varesenews.it\/swgapi\/v1\/wp\/v2\/posts\/36925"}],"collection":[{"href":"https:\/\/staging.varesenews.it\/swgapi\/v1\/wp\/v2\/posts"}],"about":[{"href":"https:\/\/staging.varesenews.it\/swgapi\/v1\/wp\/v2\/types\/post"}],"author":[{"embeddable":true,"href":"https:\/\/staging.varesenews.it\/swgapi\/v1\/wp\/v2\/users\/10"}],"replies":[{"embeddable":true,"href":"https:\/\/staging.varesenews.it\/swgapi\/v1\/wp\/v2\/comments?post=36925"}],"version-history":[{"count":0,"href":"https:\/\/staging.varesenews.it\/swgapi\/v1\/wp\/v2\/posts\/36925\/revisions"}],"wp:attachment":[{"href":"https:\/\/staging.varesenews.it\/swgapi\/v1\/wp\/v2\/media?parent=36925"}],"wp:term":[{"taxonomy":"category","embeddable":true,"href":"https:\/\/staging.varesenews.it\/swgapi\/v1\/wp\/v2\/categories?post=36925"},{"taxonomy":"post_tag","embeddable":true,"href":"https:\/\/staging.varesenews.it\/swgapi\/v1\/wp\/v2\/tags?post=36925"}],"curies":[{"name":"wp","href":"https:\/\/api.w.org\/{rel}","templated":true}]}}