{"id":369851,"date":"2015-05-11T17:07:11","date_gmt":"2015-05-11T15:07:11","guid":{"rendered":"http:\/\/www.varesenews.it\/?p=369851"},"modified":"2015-05-11T17:11:20","modified_gmt":"2015-05-11T15:11:20","slug":"samarate-comune-virtuoso-sindaci-nel-parlano-con-davide-sironi","status":"publish","type":"post","link":"https:\/\/staging.varesenews.it\/2015\/05\/samarate-comune-virtuoso-sindaci-nel-parlano-con-davide-sironi\/369851\/","title":{"rendered":"Samarate &#8220;comune virtuoso&#8221;: i sindaci nel discutono con Davide Sironi"},"content":{"rendered":"<p>Diventare un <strong>comune virtuoso<\/strong>? \u00c8 l&#8217;obiettivo che <strong>Davide Sironi<\/strong> si pone come possibile sindaco di Samarate. Il candidato di Pd e SamaLab propone una serata dedicata a questo tema con alcuni sidnaci e amministratori del territorio.<strong> L&#8217;appuntamento \u00e8 per mercoled\u00ec 13 maggio alle ore 21 a Villa Montevecchio.<\/strong><\/p>\n<p>\u00abSeguendo i principi cardine propri di un comune virtuoso commenta Sironi -, l\u2019obiettivo pi\u00f9 ambizioso \u00e8 che Samarate possa a sua volta diventare finalmente esempio per altre realt\u00e0, capace di adottare e fare proprie buone pratiche e nuovi stili di vita, facendo leva sulla coesione sociale e sull\u2019ascolto di idee, consigli e difficolt\u00e0. Come? Aumentando l\u2019attenzione ecologica, attraverso una gestione ottimale del territorio al grido del principio \u201cno consumo di suolo\u201d e una mobilit\u00e0 sostenibile, promuovendo una corretta gestione dei rifiuti, incentivando nuovi stili di vita, attraverso politiche atte a stimolare nella cittadinanza scelte quotidiane sobrie e sostenibili\u00bb.<br \/>\n<strong><em><br \/>\nProgramma:<\/em><\/strong><br \/>\n<strong>Marco FAZIO<\/strong> \u2013 Germignaga<br \/>\nAscolto, racconto, risposte &#8211; COMUNicare<br \/>\nSindaco di Germignaga e membro della Direzione provinciale del PD (responsabile area tematica scuola)<\/p>\n<p><strong>Federico ANTOGNAZZA<\/strong> \u2013 Venegono Inferiore<br \/>\nInnovazione, efficienza e partecipazione<br \/>\nVice Sindaco e Assessore a Urbanistica, Lavori Pubblici, Politiche Ambientali e Servizi e membro della Direzione Regionale del PD<\/p>\n<p><strong>Cinzia COLOMBO<\/strong> \u2013 Gallarate<br \/>\nBilancio partecipato, Critical MAS, welfare di comunit\u00e0 e protagonismo culturale<br \/>\nAssessore alla partecipazione, all\u2019ecologia, alle pari opportunit\u00e0<\/p>\n<p><strong>Giuseppe RIGGI<\/strong> \u2013 Malnate<br \/>\nLa tariffa puntuale: benefici ambientali ed economici<br \/>\nAssessore all&#8217;Urbanistica ed Ecologia<\/p>\n<p>Associazione Europa 2020<br \/>\n<strong>Ambra Boggione<\/strong> \u2013 Euro-progettista<\/p>\n","protected":false},"excerpt":{"rendered":"<p>L&#8217;appuntamento \u00e8 per mercoled\u00ec 13 maggio alle ore 21 a Villa Montevecchio<\/p>\n","protected":false},"author":53,"featured_media":0,"comment_status":"open","ping_status":"open","sticky":false,"template":"","format":"standard","meta":{"footnotes":""},"categories":[3],"tags":[904],"acf":[],"yoast_head":"<!-- This site is optimized with the Yoast SEO plugin v20.1 - https:\/\/yoast.com\/wordpress\/plugins\/seo\/ -->\n<title>Samarate &quot;comune virtuoso&quot;: i sindaci nel discutono con Davide Sironi<\/title>\n<meta name=\"description\" content=\"L&#039;appuntamento \u00e8 per mercoled\u00ec 13 maggio alle ore 21 a Villa Montevecchio\" \/>\n<meta name=\"robots\" content=\"noindex, follow, max-snippet:-1, max-image-preview:large, max-video-preview:-1\" \/>\n<meta property=\"og:locale\" content=\"it_IT\" \/>\n<meta property=\"og:type\" content=\"article\" \/>\n<meta property=\"og:title\" content=\"Samarate &quot;comune virtuoso&quot;: i sindaci nel discutono con Davide Sironi\" \/>\n<meta property=\"og:description\" content=\"L&#039;appuntamento \u00e8 per mercoled\u00ec 13 maggio alle ore 21 a Villa Montevecchio\" \/>\n<meta property=\"og:url\" content=\"https:\/\/staging.varesenews.it\/2015\/05\/samarate-comune-virtuoso-sindaci-nel-parlano-con-davide-sironi\/369851\/\" \/>\n<meta property=\"og:site_name\" content=\"VareseNews\" \/>\n<meta property=\"article:publisher\" content=\"https:\/\/www.facebook.com\/varesenews\" \/>\n<meta property=\"article:published_time\" content=\"2015-05-11T15:07:11+00:00\" \/>\n<meta property=\"article:modified_time\" content=\"2015-05-11T15:11:20+00:00\" \/>\n<meta name=\"author\" content=\"Valeria Vercelloni\" \/>\n<meta name=\"twitter:card\" content=\"summary_large_image\" \/>\n<meta name=\"twitter:creator\" content=\"@valeria_10\" \/>\n<meta name=\"twitter:site\" content=\"@varesenews\" \/>\n<meta name=\"twitter:label1\" content=\"Scritto da\" \/>\n\t<meta name=\"twitter:data1\" content=\"Valeria Vercelloni\" \/>\n\t<meta name=\"twitter:label2\" content=\"Tempo di lettura stimato\" \/>\n\t<meta name=\"twitter:data2\" content=\"1 minuto\" \/>\n<script type=\"application\/ld+json\" class=\"yoast-schema-graph\">{\"@context\":\"https:\/\/schema.org\",\"@graph\":[{\"@type\":\"WebPage\",\"@id\":\"https:\/\/staging.varesenews.it\/2015\/05\/samarate-comune-virtuoso-sindaci-nel-parlano-con-davide-sironi\/369851\/\",\"url\":\"https:\/\/staging.varesenews.it\/2015\/05\/samarate-comune-virtuoso-sindaci-nel-parlano-con-davide-sironi\/369851\/\",\"name\":\"Samarate \\\"comune virtuoso\\\": i sindaci nel discutono con Davide Sironi\",\"isPartOf\":{\"@id\":\"https:\/\/staging.varesenews.it\/#website\"},\"datePublished\":\"2015-05-11T15:07:11+00:00\",\"dateModified\":\"2015-05-11T15:11:20+00:00\",\"author\":{\"@id\":\"https:\/\/staging.varesenews.it\/#\/schema\/person\/0941cd89a5c71974b05f4cca7ce7deff\"},\"description\":\"L'appuntamento \u00e8 per mercoled\u00ec 13 maggio alle ore 21 a Villa Montevecchio\",\"breadcrumb\":{\"@id\":\"https:\/\/staging.varesenews.it\/2015\/05\/samarate-comune-virtuoso-sindaci-nel-parlano-con-davide-sironi\/369851\/#breadcrumb\"},\"inLanguage\":\"it-IT\",\"potentialAction\":[{\"@type\":\"ReadAction\",\"target\":[\"https:\/\/staging.varesenews.it\/2015\/05\/samarate-comune-virtuoso-sindaci-nel-parlano-con-davide-sironi\/369851\/\"]}]},{\"@type\":\"BreadcrumbList\",\"@id\":\"https:\/\/staging.varesenews.it\/2015\/05\/samarate-comune-virtuoso-sindaci-nel-parlano-con-davide-sironi\/369851\/#breadcrumb\",\"itemListElement\":[{\"@type\":\"ListItem\",\"position\":1,\"name\":\"Home\",\"item\":\"https:\/\/www.varesenews.it\/\"},{\"@type\":\"ListItem\",\"position\":2,\"name\":\"Samarate &#8220;comune virtuoso&#8221;: i sindaci nel discutono con Davide Sironi\"}]},{\"@type\":\"WebSite\",\"@id\":\"https:\/\/staging.varesenews.it\/#website\",\"url\":\"https:\/\/staging.varesenews.it\/\",\"name\":\"VareseNews\",\"description\":\"\",\"potentialAction\":[{\"@type\":\"SearchAction\",\"target\":{\"@type\":\"EntryPoint\",\"urlTemplate\":\"https:\/\/staging.varesenews.it\/?s={search_term_string}\"},\"query-input\":\"required name=search_term_string\"}],\"inLanguage\":\"it-IT\"},{\"@type\":\"Person\",\"@id\":\"https:\/\/staging.varesenews.it\/#\/schema\/person\/0941cd89a5c71974b05f4cca7ce7deff\",\"name\":\"Valeria Vercelloni\",\"image\":{\"@type\":\"ImageObject\",\"inLanguage\":\"it-IT\",\"@id\":\"https:\/\/staging.varesenews.it\/#\/schema\/person\/image\/\",\"url\":\"https:\/\/staging.varesenews.it\/wp-content\/uploads\/2015\/03\/valeria_vercelloni1.jpg\",\"contentUrl\":\"https:\/\/staging.varesenews.it\/wp-content\/uploads\/2015\/03\/valeria_vercelloni1.jpg\",\"caption\":\"Valeria Vercelloni\"},\"description\":\"\u201cNata e cresciuta\u201d a Varesenews, ma con un piede sempre a Milano. Cerco di stare al passo con il mondo dei social media senza perdermi troppo per strada.\",\"sameAs\":[\"https:\/\/twitter.com\/valeria_10\"],\"url\":\"https:\/\/staging.varesenews.it\/persona\/valeria-vercelloni\/\"}]}<\/script>\n<!-- \/ Yoast SEO plugin. -->","yoast_head_json":{"title":"Samarate \"comune virtuoso\": i sindaci nel discutono con Davide Sironi","description":"L'appuntamento \u00e8 per mercoled\u00ec 13 maggio alle ore 21 a Villa Montevecchio","robots":{"index":"noindex","follow":"follow","max-snippet":"max-snippet:-1","max-image-preview":"max-image-preview:large","max-video-preview":"max-video-preview:-1"},"og_locale":"it_IT","og_type":"article","og_title":"Samarate \"comune virtuoso\": i sindaci nel discutono con Davide Sironi","og_description":"L'appuntamento \u00e8 per mercoled\u00ec 13 maggio alle ore 21 a Villa Montevecchio","og_url":"https:\/\/staging.varesenews.it\/2015\/05\/samarate-comune-virtuoso-sindaci-nel-parlano-con-davide-sironi\/369851\/","og_site_name":"VareseNews","article_publisher":"https:\/\/www.facebook.com\/varesenews","article_published_time":"2015-05-11T15:07:11+00:00","article_modified_time":"2015-05-11T15:11:20+00:00","author":"Valeria Vercelloni","twitter_card":"summary_large_image","twitter_creator":"@valeria_10","twitter_site":"@varesenews","twitter_misc":{"Scritto da":"Valeria Vercelloni","Tempo di lettura stimato":"1 minuto"},"schema":{"@context":"https:\/\/schema.org","@graph":[{"@type":"WebPage","@id":"https:\/\/staging.varesenews.it\/2015\/05\/samarate-comune-virtuoso-sindaci-nel-parlano-con-davide-sironi\/369851\/","url":"https:\/\/staging.varesenews.it\/2015\/05\/samarate-comune-virtuoso-sindaci-nel-parlano-con-davide-sironi\/369851\/","name":"Samarate \"comune virtuoso\": i sindaci nel discutono con Davide Sironi","isPartOf":{"@id":"https:\/\/staging.varesenews.it\/#website"},"datePublished":"2015-05-11T15:07:11+00:00","dateModified":"2015-05-11T15:11:20+00:00","author":{"@id":"https:\/\/staging.varesenews.it\/#\/schema\/person\/0941cd89a5c71974b05f4cca7ce7deff"},"description":"L'appuntamento \u00e8 per mercoled\u00ec 13 maggio alle ore 21 a Villa Montevecchio","breadcrumb":{"@id":"https:\/\/staging.varesenews.it\/2015\/05\/samarate-comune-virtuoso-sindaci-nel-parlano-con-davide-sironi\/369851\/#breadcrumb"},"inLanguage":"it-IT","potentialAction":[{"@type":"ReadAction","target":["https:\/\/staging.varesenews.it\/2015\/05\/samarate-comune-virtuoso-sindaci-nel-parlano-con-davide-sironi\/369851\/"]}]},{"@type":"BreadcrumbList","@id":"https:\/\/staging.varesenews.it\/2015\/05\/samarate-comune-virtuoso-sindaci-nel-parlano-con-davide-sironi\/369851\/#breadcrumb","itemListElement":[{"@type":"ListItem","position":1,"name":"Home","item":"https:\/\/www.varesenews.it\/"},{"@type":"ListItem","position":2,"name":"Samarate &#8220;comune virtuoso&#8221;: i sindaci nel discutono con Davide Sironi"}]},{"@type":"WebSite","@id":"https:\/\/staging.varesenews.it\/#website","url":"https:\/\/staging.varesenews.it\/","name":"VareseNews","description":"","potentialAction":[{"@type":"SearchAction","target":{"@type":"EntryPoint","urlTemplate":"https:\/\/staging.varesenews.it\/?s={search_term_string}"},"query-input":"required name=search_term_string"}],"inLanguage":"it-IT"},{"@type":"Person","@id":"https:\/\/staging.varesenews.it\/#\/schema\/person\/0941cd89a5c71974b05f4cca7ce7deff","name":"Valeria Vercelloni","image":{"@type":"ImageObject","inLanguage":"it-IT","@id":"https:\/\/staging.varesenews.it\/#\/schema\/person\/image\/","url":"https:\/\/staging.varesenews.it\/wp-content\/uploads\/2015\/03\/valeria_vercelloni1.jpg","contentUrl":"https:\/\/staging.varesenews.it\/wp-content\/uploads\/2015\/03\/valeria_vercelloni1.jpg","caption":"Valeria Vercelloni"},"description":"\u201cNata e cresciuta\u201d a Varesenews, ma con un piede sempre a Milano. Cerco di stare al passo con il mondo dei social media senza perdermi troppo per strada.","sameAs":["https:\/\/twitter.com\/valeria_10"],"url":"https:\/\/staging.varesenews.it\/persona\/valeria-vercelloni\/"}]}},"post_meta":{"_edit_lock":"1431357175:53","_edit_last":"53","_category_permalink":"","wdfb_og_title":"","wdfb_og_type":"","wdfb_og_description":"","wdfb_og_images":"a:1:{i:0;s:0:\"\";}","wdfb_og_custom_name":"a:1:{i:0;s:0:\"\";}","wdfb_og_custom_value":"a:1:{i:0;s:0:\"\";}","foto":"440462","_jd_twitter":"","_jd_tweet_this":"yes","argomento":"Samarate","ratings_users":"0","ratings_score":"0","ratings_average":"0","_wpt_short_url":"http:\/\/www.varesenews.it\/2015\/05\/samarate-comune-virtuoso-sindaci-nel-parlano-con-davide-sironi\/369851\/","_wp_jd_target":"http:\/\/www.varesenews.it\/2015\/05\/samarate-comune-virtuoso-sindaci-nel-parlano-con-davide-sironi\/369851\/","_jd_wp_twitter":"a:1:{i:0;s:170:\"Samarate \"comune virtuoso\": sindaci nel parlano con Davide Sironi http:\/\/www.varesenews.it\/2015\/05\/samarate-comune-virtuoso-sindaci-nel-parlano-con-davide-sironi\/369851\/ \";}","_wpt_status_message":"Tweet inviato con successo."},"photos":[{"original":"https:\/\/staging.varesenews.it\/photogallery_new\/images\/2015\/03\/davide-sironi-samarate-440462.jpg","full":"https:\/\/staging.varesenews.it\/photogallery_new\/images\/2015\/03\/davide-sironi-samarate-440462.1024x768.jpg","large":"https:\/\/staging.varesenews.it\/photogallery_new\/images\/2015\/03\/davide-sironi-samarate-440462.610x431.jpg"}],"_links":{"self":[{"href":"https:\/\/staging.varesenews.it\/swgapi\/v1\/wp\/v2\/posts\/369851"}],"collection":[{"href":"https:\/\/staging.varesenews.it\/swgapi\/v1\/wp\/v2\/posts"}],"about":[{"href":"https:\/\/staging.varesenews.it\/swgapi\/v1\/wp\/v2\/types\/post"}],"author":[{"embeddable":true,"href":"https:\/\/staging.varesenews.it\/swgapi\/v1\/wp\/v2\/users\/53"}],"replies":[{"embeddable":true,"href":"https:\/\/staging.varesenews.it\/swgapi\/v1\/wp\/v2\/comments?post=369851"}],"version-history":[{"count":0,"href":"https:\/\/staging.varesenews.it\/swgapi\/v1\/wp\/v2\/posts\/369851\/revisions"}],"wp:attachment":[{"href":"https:\/\/staging.varesenews.it\/swgapi\/v1\/wp\/v2\/media?parent=369851"}],"wp:term":[{"taxonomy":"category","embeddable":true,"href":"https:\/\/staging.varesenews.it\/swgapi\/v1\/wp\/v2\/categories?post=369851"},{"taxonomy":"post_tag","embeddable":true,"href":"https:\/\/staging.varesenews.it\/swgapi\/v1\/wp\/v2\/tags?post=369851"}],"curies":[{"name":"wp","href":"https:\/\/api.w.org\/{rel}","templated":true}]}}