{"id":370355,"date":"2015-05-12T18:17:13","date_gmt":"2015-05-12T16:17:13","guid":{"rendered":"http:\/\/www.varesenews.it\/?p=370355"},"modified":"2015-05-13T00:22:27","modified_gmt":"2015-05-12T22:22:27","slug":"la-ex-conceria-diventera-la-scuola-manfrendini","status":"publish","type":"post","link":"https:\/\/staging.varesenews.it\/2015\/05\/la-ex-conceria-diventera-la-scuola-manfrendini\/370355\/","title":{"rendered":"La ex conceria diventer\u00e0 la scuola Manfredini"},"content":{"rendered":"<p>Novit\u00e0 in vista a Varese. La giunta comunale ha approvato\u00a0la conversione d&#8217;uso di una porzione di un fabbricato produttivo, <strong>l\u2019ex conceria di Valle Olona,<\/strong> in edificio destinato ad istruzione primaria e secondaria di primo grado (in locazione alla scuola\u00a0paritaria Manfredini), in via Dalmazia 55.<\/p>\n<p>\u00abLa propriet\u00e0 dell\u2019area,\u00a0<strong>la Bacamul Spa<\/strong>, sta gi\u00e0 procedendo alla manutenzione straordinaria per le facciate \u2013 ha precisato l&#8217;assessore al territorio Fabio Binelli -: dopo il passaggio in Consiglio Comunale, con l\u2019approvazione, la societ\u00e0 potr\u00e0 ristrutturare gli interni trasformandoli in aule scolastiche. Ci sono almeno tre vantaggi: gli stabili di archeologia industriale sono soggetti a degrado se non utilizzati. In questo modo si va a risanare una buona parte dell\u2019area.<\/p>\n<p>Inoltre <strong>il quartiere riacquista una scuola<\/strong>, con un\u2019offerta formativa importante. Ne potranno beneficiare anche gli esercizi commerciali e i bar della zona. Per quanto riguarda l\u2019accessibilit\u00e0 della zona, i bus della Manfredini lasceranno i ragazzi dall\u2019altro lato dell\u2019ex conciaria con l\u2019utilizzo del sottopassaggio.<\/p>\n<p>La propriet\u00e0 cede infine all\u2019amministrazione comunale un\u2019area verde sul lato del <strong>fiume Olona.<\/strong> Zona utile per una vasca di\u00a0laminazione in caso di esondazione, ed anche per la realizzazione in futuro di una pista ciclopedonale, inserita tra l\u2019altro nel PGT\u00a0 per l\u2019asse strategico del Fiume Olona\u00bb.<\/p>\n<p>Questa zona \u00e8 interessata dalla presenza di<strong> inquinamento da <\/strong><strong>arsenico e idrocarburi.<\/strong> \u00abDobbiamo capire tramite analisi se l\u2019arsenico \u00e8 naturale o dovuto a inquinamento esterno \u2013 ha concluso Binelli \u2013 e quindi se sar\u00e0 necessaria una bonifica del terreno\u00bb.<\/p>\n","protected":false},"excerpt":{"rendered":"<p>La ristrutturazione sar\u00e0 a cura di una societ\u00e0 privata: la scuola avr\u00e0 un contratto di locazione. Al comune potrebbe andare una pista ciclabile sull&#8217;Olona<\/p>\n","protected":false},"author":50,"featured_media":0,"comment_status":"open","ping_status":"open","sticky":false,"template":"","format":"standard","meta":{"footnotes":""},"categories":[2],"tags":[23259],"acf":[],"yoast_head":"<!-- This site is optimized with the Yoast SEO plugin v20.1 - https:\/\/yoast.com\/wordpress\/plugins\/seo\/ -->\n<title>La ex conceria diventer\u00e0 la scuola Manfredini<\/title>\n<meta name=\"description\" content=\"La ex conceria diventa la scuola Manfredini\" \/>\n<meta name=\"robots\" content=\"noindex, follow, max-snippet:-1, max-image-preview:large, max-video-preview:-1\" \/>\n<meta property=\"og:locale\" content=\"it_IT\" \/>\n<meta property=\"og:type\" content=\"article\" \/>\n<meta property=\"og:title\" content=\"La ex conceria diventer\u00e0 la scuola Manfredini\" \/>\n<meta property=\"og:description\" content=\"La ex conceria diventa la scuola Manfredini\" \/>\n<meta property=\"og:url\" content=\"https:\/\/staging.varesenews.it\/2015\/05\/la-ex-conceria-diventera-la-scuola-manfrendini\/370355\/\" \/>\n<meta property=\"og:site_name\" content=\"VareseNews\" \/>\n<meta property=\"article:publisher\" content=\"https:\/\/www.facebook.com\/varesenews\" \/>\n<meta property=\"article:published_time\" content=\"2015-05-12T16:17:13+00:00\" \/>\n<meta property=\"article:modified_time\" content=\"2015-05-12T22:22:27+00:00\" \/>\n<meta name=\"author\" content=\"Roberto Rotondo\" \/>\n<meta name=\"twitter:card\" content=\"summary_large_image\" \/>\n<meta name=\"twitter:creator\" content=\"@robertorotondo\" \/>\n<meta name=\"twitter:site\" content=\"@varesenews\" \/>\n<meta name=\"twitter:label1\" content=\"Scritto da\" \/>\n\t<meta name=\"twitter:data1\" content=\"Roberto Rotondo\" \/>\n\t<meta name=\"twitter:label2\" content=\"Tempo di lettura stimato\" \/>\n\t<meta name=\"twitter:data2\" content=\"1 minuto\" \/>\n<script type=\"application\/ld+json\" class=\"yoast-schema-graph\">{\"@context\":\"https:\/\/schema.org\",\"@graph\":[{\"@type\":\"WebPage\",\"@id\":\"https:\/\/staging.varesenews.it\/2015\/05\/la-ex-conceria-diventera-la-scuola-manfrendini\/370355\/\",\"url\":\"https:\/\/staging.varesenews.it\/2015\/05\/la-ex-conceria-diventera-la-scuola-manfrendini\/370355\/\",\"name\":\"La ex conceria diventer\u00e0 la scuola Manfredini\",\"isPartOf\":{\"@id\":\"https:\/\/staging.varesenews.it\/#website\"},\"datePublished\":\"2015-05-12T16:17:13+00:00\",\"dateModified\":\"2015-05-12T22:22:27+00:00\",\"author\":{\"@id\":\"https:\/\/staging.varesenews.it\/#\/schema\/person\/bace96b9ce1b4905df659e51a83c17fe\"},\"description\":\"La ex conceria diventa la scuola Manfredini\",\"breadcrumb\":{\"@id\":\"https:\/\/staging.varesenews.it\/2015\/05\/la-ex-conceria-diventera-la-scuola-manfrendini\/370355\/#breadcrumb\"},\"inLanguage\":\"it-IT\",\"potentialAction\":[{\"@type\":\"ReadAction\",\"target\":[\"https:\/\/staging.varesenews.it\/2015\/05\/la-ex-conceria-diventera-la-scuola-manfrendini\/370355\/\"]}]},{\"@type\":\"BreadcrumbList\",\"@id\":\"https:\/\/staging.varesenews.it\/2015\/05\/la-ex-conceria-diventera-la-scuola-manfrendini\/370355\/#breadcrumb\",\"itemListElement\":[{\"@type\":\"ListItem\",\"position\":1,\"name\":\"Home\",\"item\":\"https:\/\/www.varesenews.it\/\"},{\"@type\":\"ListItem\",\"position\":2,\"name\":\"La ex conceria diventer\u00e0 la scuola Manfredini\"}]},{\"@type\":\"WebSite\",\"@id\":\"https:\/\/staging.varesenews.it\/#website\",\"url\":\"https:\/\/staging.varesenews.it\/\",\"name\":\"VareseNews\",\"description\":\"\",\"potentialAction\":[{\"@type\":\"SearchAction\",\"target\":{\"@type\":\"EntryPoint\",\"urlTemplate\":\"https:\/\/staging.varesenews.it\/?s={search_term_string}\"},\"query-input\":\"required name=search_term_string\"}],\"inLanguage\":\"it-IT\"},{\"@type\":\"Person\",\"@id\":\"https:\/\/staging.varesenews.it\/#\/schema\/person\/bace96b9ce1b4905df659e51a83c17fe\",\"name\":\"Roberto Rotondo\",\"image\":{\"@type\":\"ImageObject\",\"inLanguage\":\"it-IT\",\"@id\":\"https:\/\/staging.varesenews.it\/#\/schema\/person\/image\/\",\"url\":\"https:\/\/staging.varesenews.it\/wp-content\/uploads\/2015\/03\/10888676_10204734543537926_609787919772941341_n.jpg\",\"contentUrl\":\"https:\/\/staging.varesenews.it\/wp-content\/uploads\/2015\/03\/10888676_10204734543537926_609787919772941341_n.jpg\",\"caption\":\"Roberto Rotondo\"},\"description\":\"Nato a Varese nel 1972. Laureato in Storia alla Statale di Milano. A Varese News dal 1998. Ho iniziato a scrivere su riviste locali, poi sono entrato nel progetto di Varese News quando ancora era agli inizi. Nel frattempo mi sono occupato di ricerca storica e ho collaborato con un settimanale e un quotidiano della Svizzera italiana scrivendo di cronaca e politica. Mi sono preso una pausa da Varese nel 2004. Ho lavorato per alcuni anni a Milano all'agenzia di stampa Adnkronos, con qualche stage a Roma nei palazzi della politica. Lanci di agenzia e servizi tv multimediali erano tra i miei compiti. In quegli anni ho lavorato per alcune radio anche nazionali, Radio Capital su tutte, come corrispondente locale. Ho scritto anche per un settimanale di gossip, ma sempre cronaca nera. Ed eccomi qui. Dal 2007 lavoro anche per il Corriere della sera, di cui sono corrispondente. A Varesenews sono ormai uno dei senatori. Mi occupo di cronaca nera, giudiziaria e di politica e della cronaca cittadina di Varese.\",\"sameAs\":[\"robertorotondo\",\"https:\/\/twitter.com\/robertorotondo\"],\"url\":\"https:\/\/staging.varesenews.it\/persona\/roberto-rotondo\/\"}]}<\/script>\n<!-- \/ Yoast SEO plugin. -->","yoast_head_json":{"title":"La ex conceria diventer\u00e0 la scuola Manfredini","description":"La ex conceria diventa la scuola Manfredini","robots":{"index":"noindex","follow":"follow","max-snippet":"max-snippet:-1","max-image-preview":"max-image-preview:large","max-video-preview":"max-video-preview:-1"},"og_locale":"it_IT","og_type":"article","og_title":"La ex conceria diventer\u00e0 la scuola Manfredini","og_description":"La ex conceria diventa la scuola Manfredini","og_url":"https:\/\/staging.varesenews.it\/2015\/05\/la-ex-conceria-diventera-la-scuola-manfrendini\/370355\/","og_site_name":"VareseNews","article_publisher":"https:\/\/www.facebook.com\/varesenews","article_published_time":"2015-05-12T16:17:13+00:00","article_modified_time":"2015-05-12T22:22:27+00:00","author":"Roberto Rotondo","twitter_card":"summary_large_image","twitter_creator":"@robertorotondo","twitter_site":"@varesenews","twitter_misc":{"Scritto da":"Roberto Rotondo","Tempo di lettura stimato":"1 minuto"},"schema":{"@context":"https:\/\/schema.org","@graph":[{"@type":"WebPage","@id":"https:\/\/staging.varesenews.it\/2015\/05\/la-ex-conceria-diventera-la-scuola-manfrendini\/370355\/","url":"https:\/\/staging.varesenews.it\/2015\/05\/la-ex-conceria-diventera-la-scuola-manfrendini\/370355\/","name":"La ex conceria diventer\u00e0 la scuola Manfredini","isPartOf":{"@id":"https:\/\/staging.varesenews.it\/#website"},"datePublished":"2015-05-12T16:17:13+00:00","dateModified":"2015-05-12T22:22:27+00:00","author":{"@id":"https:\/\/staging.varesenews.it\/#\/schema\/person\/bace96b9ce1b4905df659e51a83c17fe"},"description":"La ex conceria diventa la scuola Manfredini","breadcrumb":{"@id":"https:\/\/staging.varesenews.it\/2015\/05\/la-ex-conceria-diventera-la-scuola-manfrendini\/370355\/#breadcrumb"},"inLanguage":"it-IT","potentialAction":[{"@type":"ReadAction","target":["https:\/\/staging.varesenews.it\/2015\/05\/la-ex-conceria-diventera-la-scuola-manfrendini\/370355\/"]}]},{"@type":"BreadcrumbList","@id":"https:\/\/staging.varesenews.it\/2015\/05\/la-ex-conceria-diventera-la-scuola-manfrendini\/370355\/#breadcrumb","itemListElement":[{"@type":"ListItem","position":1,"name":"Home","item":"https:\/\/www.varesenews.it\/"},{"@type":"ListItem","position":2,"name":"La ex conceria diventer\u00e0 la scuola Manfredini"}]},{"@type":"WebSite","@id":"https:\/\/staging.varesenews.it\/#website","url":"https:\/\/staging.varesenews.it\/","name":"VareseNews","description":"","potentialAction":[{"@type":"SearchAction","target":{"@type":"EntryPoint","urlTemplate":"https:\/\/staging.varesenews.it\/?s={search_term_string}"},"query-input":"required name=search_term_string"}],"inLanguage":"it-IT"},{"@type":"Person","@id":"https:\/\/staging.varesenews.it\/#\/schema\/person\/bace96b9ce1b4905df659e51a83c17fe","name":"Roberto Rotondo","image":{"@type":"ImageObject","inLanguage":"it-IT","@id":"https:\/\/staging.varesenews.it\/#\/schema\/person\/image\/","url":"https:\/\/staging.varesenews.it\/wp-content\/uploads\/2015\/03\/10888676_10204734543537926_609787919772941341_n.jpg","contentUrl":"https:\/\/staging.varesenews.it\/wp-content\/uploads\/2015\/03\/10888676_10204734543537926_609787919772941341_n.jpg","caption":"Roberto Rotondo"},"description":"Nato a Varese nel 1972. Laureato in Storia alla Statale di Milano. A Varese News dal 1998. Ho iniziato a scrivere su riviste locali, poi sono entrato nel progetto di Varese News quando ancora era agli inizi. Nel frattempo mi sono occupato di ricerca storica e ho collaborato con un settimanale e un quotidiano della Svizzera italiana scrivendo di cronaca e politica. Mi sono preso una pausa da Varese nel 2004. Ho lavorato per alcuni anni a Milano all'agenzia di stampa Adnkronos, con qualche stage a Roma nei palazzi della politica. Lanci di agenzia e servizi tv multimediali erano tra i miei compiti. In quegli anni ho lavorato per alcune radio anche nazionali, Radio Capital su tutte, come corrispondente locale. Ho scritto anche per un settimanale di gossip, ma sempre cronaca nera. Ed eccomi qui. Dal 2007 lavoro anche per il Corriere della sera, di cui sono corrispondente. A Varesenews sono ormai uno dei senatori. Mi occupo di cronaca nera, giudiziaria e di politica e della cronaca cittadina di Varese.","sameAs":["robertorotondo","https:\/\/twitter.com\/robertorotondo"],"url":"https:\/\/staging.varesenews.it\/persona\/roberto-rotondo\/"}]}},"post_meta":{"_edit_lock":"1431469225:50","_edit_last":"50","_category_permalink":"","wdfb_og_title":"","wdfb_og_type":"","wdfb_og_description":"","wdfb_og_images":"a:1:{i:0;s:0:\"\";}","wdfb_og_custom_name":"a:1:{i:0;s:0:\"\";}","wdfb_og_custom_value":"a:1:{i:0;s:0:\"\";}","foto":"452066","firma_come_redazione":"1","argomento":"Varese","_yoast_wpseo_focuskw":"ex conceria valle olona","_yoast_wpseo_metadesc":"La ex conceria diventa la scuola Manfredini","_jd_twitter":"","_jd_tweet_this":"yes","ratings_users":"0","ratings_score":"0","ratings_average":"0","_wpt_short_url":"http:\/\/www.varesenews.it\/2015\/05\/la-ex-conceria-diventera-la-scuola-manfrendini\/370355\/","_wp_jd_target":"http:\/\/www.varesenews.it\/2015\/05\/la-ex-conceria-diventera-la-scuola-manfrendini\/370355\/","_jd_wp_twitter":"a:1:{i:0;s:136:\"La ex conceria diventer\u00e0 la scuola Manfrendini http:\/\/www.varesenews.it\/2015\/05\/la-ex-conceria-diventera-la-scuola-manfrendini\/370355\/ \";}","_wpt_status_message":"Tweet inviato con successo.","_yoast_wpseo_linkdex":"58"},"photos":[{"original":"https:\/\/staging.varesenews.it\/photogallery_new\/images\/2015\/05\/lavori-in-corso-452066.jpg","full":"https:\/\/staging.varesenews.it\/photogallery_new\/images\/2015\/05\/lavori-in-corso-452066.1024x768.jpg","large":"https:\/\/staging.varesenews.it\/photogallery_new\/images\/2015\/05\/lavori-in-corso-452066.610x431.jpg"}],"_links":{"self":[{"href":"https:\/\/staging.varesenews.it\/swgapi\/v1\/wp\/v2\/posts\/370355"}],"collection":[{"href":"https:\/\/staging.varesenews.it\/swgapi\/v1\/wp\/v2\/posts"}],"about":[{"href":"https:\/\/staging.varesenews.it\/swgapi\/v1\/wp\/v2\/types\/post"}],"author":[{"embeddable":true,"href":"https:\/\/staging.varesenews.it\/swgapi\/v1\/wp\/v2\/users\/50"}],"replies":[{"embeddable":true,"href":"https:\/\/staging.varesenews.it\/swgapi\/v1\/wp\/v2\/comments?post=370355"}],"version-history":[{"count":0,"href":"https:\/\/staging.varesenews.it\/swgapi\/v1\/wp\/v2\/posts\/370355\/revisions"}],"wp:attachment":[{"href":"https:\/\/staging.varesenews.it\/swgapi\/v1\/wp\/v2\/media?parent=370355"}],"wp:term":[{"taxonomy":"category","embeddable":true,"href":"https:\/\/staging.varesenews.it\/swgapi\/v1\/wp\/v2\/categories?post=370355"},{"taxonomy":"post_tag","embeddable":true,"href":"https:\/\/staging.varesenews.it\/swgapi\/v1\/wp\/v2\/tags?post=370355"}],"curies":[{"name":"wp","href":"https:\/\/api.w.org\/{rel}","templated":true}]}}