{"id":371694,"date":"2015-05-15T19:07:04","date_gmt":"2015-05-15T17:07:04","guid":{"rendered":"http:\/\/www.varesenews.it\/?p=371694"},"modified":"2015-05-16T10:45:37","modified_gmt":"2015-05-16T08:45:37","slug":"un-venerdi-nella-tempesta","status":"publish","type":"post","link":"https:\/\/staging.varesenews.it\/2015\/05\/un-venerdi-nella-tempesta\/371694\/","title":{"rendered":"Un venerd\u00ec nella tempesta"},"content":{"rendered":"<p><strong>Sono due le immagini emblematiche di questa giornata: l\u2019ambulanza sotto un metro d\u2019acqua<\/strong>, la mattina di venerd\u00ec a Gemonio, e il muro di nuvole che sta per abbattersi su Malpensa, la tempesta un minuto prima che si\u00a0scateni.<\/p>\n<p><strong>Non c\u2019\u00e8 molto da dire alla fine di questa giornata di acqua<\/strong>, <strong>vento, e grandine<\/strong> che non ha risparmiato un solo comune della provincia, lasciando strascichi pesanti sul territorio: allagamenti, disagi e una strada bloccata, la sp 69 che collega Laveno Mombello a Castelveccana e che verr\u00e0 riaperta domani, sabato 16 maggio, in giornata.<br \/>\nLe previsioni questa volta ci avevano\u00a0azzeccato in pieno: \u201cVaresini attenti perch\u00e9 piover\u00e0 tantissimo\u201d: e cos\u00ec \u00e8 stato.<\/p>\n<p><strong>Le prime avvisaglie di una giornata sott\u2019acqua si sono vissute gi\u00e0 nella notte fra venerd\u00ec e sabato<\/strong>: prima un caldo afoso, poi il vento e le prime scariche d\u2019acqua verso il finire della notte. Ma \u00e8 stato dalle 9 circa di venerd\u00ec 15 maggio che il primo assaggio di tempesta si \u00e8 abbattuto sulla provincia. Le sirene dei pompieri hanno cominciato a scandire le note dell\u2019urgenza proprio nella zona del Medio Verbano a partire dalle 9: sottopasso di Gemonio con ambulanza bloccata, allagamento a Monvalle, Besozzo, pianta sulla statale a Vergiate, frana sulla strada del lago. Decine e decine gli interventi di cittadini che chiedevano aiuto per la troppa acqua.<\/p>\n<p><strong>Ma quello che forse \u00e8 stato un momento ancora peggiore sarebbe dovuto arrivare nel pomeriggio<\/strong>. Attorno alle 14 dieci squadre dei vigili del fuoco uscivano dalle caserme lasciando i presidi al minimo: le strade si sono rapidamente riempite d\u2019acqua. In questo caso non solo i torrenti, come avvenuto a Castronno, ma anche i tombini e i sottopassi sono andati in tilt.<\/p>\n<p><strong>\u00a0 \u00a0 \u00a0 \u00a0 \u00a0 \u00a0 \u00a0 \u00a0 \u00a0 \u00a0 \u00a0 \u00a0 \u00a0 \u00a0 \u00a0 \u00a0 \u00a0 \u00a0 \u00a0 \u00a0 \u00a0 \u00a0 <a href=\"http:\/\/www.varesenews.it\/tag-photogallery\/foto-nubifragio-15-maggio-2015\/\" target=\"_blank\">TUTTE LE FOTOGALLERY<\/a><\/strong><\/p>\n<p><strong>A-8 allagata e per un soffio non chiusa<\/strong>. Idem per la 336 della Malpensa con anche un ribaltamento. Poi la scuola di Somma Lombardo con dentro mezzo metro d\u2019acqua e i ragazzi che addirittura hanno lavorato coi secchi per renderla agibile.<br \/>\nE, disastro nel disastro, il fortissimo temporale che si \u00e8 abbattuto su Malpensa: lo scalo \u00e8 rimasto in parte allagato al T1 (nella zona partenze) e chiuso ai voli per 45 minuti: l\u2019acqua cadeva dagli ascensori.<\/p>\n<p>Allagamenti alla <a title=\"Piove in Whirlpool\" href=\"http:\/\/www.varesenews.it\/video\/piove-in-whirlpool\/\"><strong>Whirlpool di Cassinetta di Biandronno<\/strong><\/a> con sospensione di due ore del lavoro e in alcune\u00a0aziende di <strong><a title=\"Sesto Calende sott\u2019acqua\" href=\"http:\/\/www.varesenews.it\/video\/sesto-calende-sottacqua-2\/\">Sesto Calende, come documentano i video linkati<\/a>.<\/strong><\/p>\n<p><strong>Allagamenti a Tradate, Busto Arsizio e in decine di altre localit\u00e0<\/strong> dove l\u2019acqua non ha dato scampo ai numerosi veicoli sono rimasti bloccati.<br \/>\nProblemi ai treni a Varese.<br \/>\nL\u2019acqua ha disturbato e non poco anche diverse attivit\u00e0 produttive: una fra tutti la Whirlpool che ha fermato per due ore la produzione di microonde allo stabilimento di Cassinetta.<\/p>\n<p><strong>Alla fine di una giornata che non \u00e8 ancora finita<\/strong>, verso le 19 di venerd\u00ec, al comando di Varese dei vigili del fuoco i telefoni suonano ancora: \u201cSul brogliaccio abbiamo segnato oltre 70 interventi dalle 8 di oggi\u201d. Alla fine della giornata saranno pi\u00f9 di cento.<\/p>\n","protected":false},"excerpt":{"rendered":"<p>Auto in panne, persone salvate nei sottopassi e Malpensa chiusa per tre quarti d\u2019ora: cronaca di una giornata che non ha fatto sconti<\/p>\n","protected":false},"author":34,"featured_media":0,"comment_status":"open","ping_status":"open","sticky":false,"template":"","format":"standard","meta":{"footnotes":""},"categories":[2],"tags":[365,1632],"acf":[],"yoast_head":"<!-- This site is optimized with the Yoast SEO plugin v20.1 - https:\/\/yoast.com\/wordpress\/plugins\/seo\/ -->\n<title>Un venerd\u00ec nella tempesta<\/title>\n<meta name=\"description\" content=\"maltempo malpensa pioggia\" \/>\n<meta name=\"robots\" content=\"noindex, follow, max-snippet:-1, max-image-preview:large, max-video-preview:-1\" \/>\n<meta property=\"og:locale\" content=\"it_IT\" \/>\n<meta property=\"og:type\" content=\"article\" \/>\n<meta property=\"og:title\" content=\"Un venerd\u00ec nella tempesta\" \/>\n<meta property=\"og:description\" content=\"maltempo malpensa pioggia\" \/>\n<meta property=\"og:url\" content=\"https:\/\/staging.varesenews.it\/2015\/05\/un-venerdi-nella-tempesta\/371694\/\" \/>\n<meta property=\"og:site_name\" content=\"VareseNews\" \/>\n<meta property=\"article:publisher\" content=\"https:\/\/www.facebook.com\/varesenews\" \/>\n<meta property=\"article:author\" content=\"https:\/\/www.facebook.com\/andrea.camurani?fref=photo\" \/>\n<meta property=\"article:published_time\" content=\"2015-05-15T17:07:04+00:00\" \/>\n<meta property=\"article:modified_time\" content=\"2015-05-16T08:45:37+00:00\" \/>\n<meta name=\"author\" content=\"Andrea Camurani\" \/>\n<meta name=\"twitter:card\" content=\"summary_large_image\" \/>\n<meta name=\"twitter:creator\" content=\"@AndreaCamurani\" \/>\n<meta name=\"twitter:site\" content=\"@varesenews\" \/>\n<meta name=\"twitter:label1\" content=\"Scritto da\" \/>\n\t<meta name=\"twitter:data1\" content=\"Andrea Camurani\" \/>\n\t<meta name=\"twitter:label2\" content=\"Tempo di lettura stimato\" \/>\n\t<meta name=\"twitter:data2\" content=\"2 minuti\" \/>\n<script type=\"application\/ld+json\" class=\"yoast-schema-graph\">{\"@context\":\"https:\/\/schema.org\",\"@graph\":[{\"@type\":\"WebPage\",\"@id\":\"https:\/\/staging.varesenews.it\/2015\/05\/un-venerdi-nella-tempesta\/371694\/\",\"url\":\"https:\/\/staging.varesenews.it\/2015\/05\/un-venerdi-nella-tempesta\/371694\/\",\"name\":\"Un venerd\u00ec nella tempesta\",\"isPartOf\":{\"@id\":\"https:\/\/staging.varesenews.it\/#website\"},\"datePublished\":\"2015-05-15T17:07:04+00:00\",\"dateModified\":\"2015-05-16T08:45:37+00:00\",\"author\":{\"@id\":\"https:\/\/staging.varesenews.it\/#\/schema\/person\/3eb5832c6beae763de8d9596fdbe8c49\"},\"description\":\"maltempo malpensa pioggia\",\"breadcrumb\":{\"@id\":\"https:\/\/staging.varesenews.it\/2015\/05\/un-venerdi-nella-tempesta\/371694\/#breadcrumb\"},\"inLanguage\":\"it-IT\",\"potentialAction\":[{\"@type\":\"ReadAction\",\"target\":[\"https:\/\/staging.varesenews.it\/2015\/05\/un-venerdi-nella-tempesta\/371694\/\"]}]},{\"@type\":\"BreadcrumbList\",\"@id\":\"https:\/\/staging.varesenews.it\/2015\/05\/un-venerdi-nella-tempesta\/371694\/#breadcrumb\",\"itemListElement\":[{\"@type\":\"ListItem\",\"position\":1,\"name\":\"Home\",\"item\":\"https:\/\/www.varesenews.it\/\"},{\"@type\":\"ListItem\",\"position\":2,\"name\":\"Un venerd\u00ec nella tempesta\"}]},{\"@type\":\"WebSite\",\"@id\":\"https:\/\/staging.varesenews.it\/#website\",\"url\":\"https:\/\/staging.varesenews.it\/\",\"name\":\"VareseNews\",\"description\":\"\",\"potentialAction\":[{\"@type\":\"SearchAction\",\"target\":{\"@type\":\"EntryPoint\",\"urlTemplate\":\"https:\/\/staging.varesenews.it\/?s={search_term_string}\"},\"query-input\":\"required name=search_term_string\"}],\"inLanguage\":\"it-IT\"},{\"@type\":\"Person\",\"@id\":\"https:\/\/staging.varesenews.it\/#\/schema\/person\/3eb5832c6beae763de8d9596fdbe8c49\",\"name\":\"Andrea Camurani\",\"image\":{\"@type\":\"ImageObject\",\"inLanguage\":\"it-IT\",\"@id\":\"https:\/\/staging.varesenews.it\/#\/schema\/person\/image\/\",\"url\":\"https:\/\/staging.varesenews.it\/wp-content\/uploads\/2020\/12\/andrea_camurani_colori_500.jpg\",\"contentUrl\":\"https:\/\/staging.varesenews.it\/wp-content\/uploads\/2020\/12\/andrea_camurani_colori_500.jpg\",\"caption\":\"Andrea Camurani\"},\"description\":\"Sono figlio degli anni Settanta e di Milano, dove ho imparato a riconoscere buoni e cattivi. Laurea in scienze politiche, lavoro a VareseNews dal 2000. Racconto quel che trovo quando incontro chi vuole lasciare al mondo un pezzetto di vita, che si chiama cronaca. &ldquo;...perch&eacute; &egrave; la gente il pi&ugrave; grande spettacolo del mondo. E non si paga il biglietto...&rdquo; (Charles Bukowsky)\",\"sameAs\":[\"https:\/\/www.facebook.com\/andrea.camurani?fref=photo\",\"andreacamurani\",\"https:\/\/www.linkedin.com\/hp\/?dnr=A9a84RfzsLdo9xg4NcGV4dLiMknoc9ms4WM\",\"https:\/\/twitter.com\/AndreaCamurani\"],\"url\":\"https:\/\/staging.varesenews.it\/persona\/andrea_camurani\/\"}]}<\/script>\n<!-- \/ Yoast SEO plugin. -->","yoast_head_json":{"title":"Un venerd\u00ec nella tempesta","description":"maltempo malpensa pioggia","robots":{"index":"noindex","follow":"follow","max-snippet":"max-snippet:-1","max-image-preview":"max-image-preview:large","max-video-preview":"max-video-preview:-1"},"og_locale":"it_IT","og_type":"article","og_title":"Un venerd\u00ec nella tempesta","og_description":"maltempo malpensa pioggia","og_url":"https:\/\/staging.varesenews.it\/2015\/05\/un-venerdi-nella-tempesta\/371694\/","og_site_name":"VareseNews","article_publisher":"https:\/\/www.facebook.com\/varesenews","article_author":"https:\/\/www.facebook.com\/andrea.camurani?fref=photo","article_published_time":"2015-05-15T17:07:04+00:00","article_modified_time":"2015-05-16T08:45:37+00:00","author":"Andrea Camurani","twitter_card":"summary_large_image","twitter_creator":"@AndreaCamurani","twitter_site":"@varesenews","twitter_misc":{"Scritto da":"Andrea Camurani","Tempo di lettura stimato":"2 minuti"},"schema":{"@context":"https:\/\/schema.org","@graph":[{"@type":"WebPage","@id":"https:\/\/staging.varesenews.it\/2015\/05\/un-venerdi-nella-tempesta\/371694\/","url":"https:\/\/staging.varesenews.it\/2015\/05\/un-venerdi-nella-tempesta\/371694\/","name":"Un venerd\u00ec nella tempesta","isPartOf":{"@id":"https:\/\/staging.varesenews.it\/#website"},"datePublished":"2015-05-15T17:07:04+00:00","dateModified":"2015-05-16T08:45:37+00:00","author":{"@id":"https:\/\/staging.varesenews.it\/#\/schema\/person\/3eb5832c6beae763de8d9596fdbe8c49"},"description":"maltempo malpensa pioggia","breadcrumb":{"@id":"https:\/\/staging.varesenews.it\/2015\/05\/un-venerdi-nella-tempesta\/371694\/#breadcrumb"},"inLanguage":"it-IT","potentialAction":[{"@type":"ReadAction","target":["https:\/\/staging.varesenews.it\/2015\/05\/un-venerdi-nella-tempesta\/371694\/"]}]},{"@type":"BreadcrumbList","@id":"https:\/\/staging.varesenews.it\/2015\/05\/un-venerdi-nella-tempesta\/371694\/#breadcrumb","itemListElement":[{"@type":"ListItem","position":1,"name":"Home","item":"https:\/\/www.varesenews.it\/"},{"@type":"ListItem","position":2,"name":"Un venerd\u00ec nella tempesta"}]},{"@type":"WebSite","@id":"https:\/\/staging.varesenews.it\/#website","url":"https:\/\/staging.varesenews.it\/","name":"VareseNews","description":"","potentialAction":[{"@type":"SearchAction","target":{"@type":"EntryPoint","urlTemplate":"https:\/\/staging.varesenews.it\/?s={search_term_string}"},"query-input":"required name=search_term_string"}],"inLanguage":"it-IT"},{"@type":"Person","@id":"https:\/\/staging.varesenews.it\/#\/schema\/person\/3eb5832c6beae763de8d9596fdbe8c49","name":"Andrea Camurani","image":{"@type":"ImageObject","inLanguage":"it-IT","@id":"https:\/\/staging.varesenews.it\/#\/schema\/person\/image\/","url":"https:\/\/staging.varesenews.it\/wp-content\/uploads\/2020\/12\/andrea_camurani_colori_500.jpg","contentUrl":"https:\/\/staging.varesenews.it\/wp-content\/uploads\/2020\/12\/andrea_camurani_colori_500.jpg","caption":"Andrea Camurani"},"description":"Sono figlio degli anni Settanta e di Milano, dove ho imparato a riconoscere buoni e cattivi. Laurea in scienze politiche, lavoro a VareseNews dal 2000. Racconto quel che trovo quando incontro chi vuole lasciare al mondo un pezzetto di vita, che si chiama cronaca. &ldquo;...perch&eacute; &egrave; la gente il pi&ugrave; grande spettacolo del mondo. E non si paga il biglietto...&rdquo; (Charles Bukowsky)","sameAs":["https:\/\/www.facebook.com\/andrea.camurani?fref=photo","andreacamurani","https:\/\/www.linkedin.com\/hp\/?dnr=A9a84RfzsLdo9xg4NcGV4dLiMknoc9ms4WM","https:\/\/twitter.com\/AndreaCamurani"],"url":"https:\/\/staging.varesenews.it\/persona\/andrea_camurani\/"}]}},"post_meta":{"_edit_lock":"1431766388:51","_edit_last":"51","ratings_users":"0","ratings_score":"0","ratings_average":"0","_category_permalink":"","wdfb_og_title":"","wdfb_og_type":"","wdfb_og_description":"","wdfb_og_images":"a:1:{i:0;s:0:\"\";}","wdfb_og_custom_name":"a:1:{i:0;s:0:\"\";}","wdfb_og_custom_value":"a:1:{i:0;s:0:\"\";}","id_leggi_anche":"371654,371612,371566,371550,371539,371482,371510,371372,371246","foto":"452960","id_link_fotogallery":"371665,371601,371653,371588,371565,371532,371531,371271,371807","argomento":"Varese","_yoast_wpseo_focuskw":"maltempo malpensa pioggia","_yoast_wpseo_metadesc":"maltempo malpensa pioggia","_jd_twitter":"","_jd_tweet_this":"yes","_wpt_short_url":"http:\/\/www.varesenews.it\/2015\/05\/un-venerdi-nella-tempesta\/371694\/","_wp_jd_target":"http:\/\/www.varesenews.it\/2015\/05\/un-venerdi-nella-tempesta\/371694\/","_jd_wp_twitter":"a:1:{i:0;s:128:\"Un venerd\u00ec nella tempesta http:\/\/www.varesenews.it\/2015\/05\/un-venerdi-nella-tempesta\/371694\/ #dannimaltempo #Malpensa #maltempo\";}","_wpt_status_message":"Tweet inviato con successo.","_yoast_wpseo_linkdex":"65","video":"371584,371536,371503,371499,371495,371710,371713,371731","id_video":"2a4df06a","id_video_vzaar":"4496327"},"photos":[{"original":"https:\/\/staging.varesenews.it\/photogallery_new\/images\/2015\/05\/varie-452960.jpg","full":"https:\/\/staging.varesenews.it\/photogallery_new\/images\/2015\/05\/varie-452960.1024x768.jpg","large":"https:\/\/staging.varesenews.it\/photogallery_new\/images\/2015\/05\/varie-452960.610x431.jpg"}],"_links":{"self":[{"href":"https:\/\/staging.varesenews.it\/swgapi\/v1\/wp\/v2\/posts\/371694"}],"collection":[{"href":"https:\/\/staging.varesenews.it\/swgapi\/v1\/wp\/v2\/posts"}],"about":[{"href":"https:\/\/staging.varesenews.it\/swgapi\/v1\/wp\/v2\/types\/post"}],"author":[{"embeddable":true,"href":"https:\/\/staging.varesenews.it\/swgapi\/v1\/wp\/v2\/users\/34"}],"replies":[{"embeddable":true,"href":"https:\/\/staging.varesenews.it\/swgapi\/v1\/wp\/v2\/comments?post=371694"}],"version-history":[{"count":0,"href":"https:\/\/staging.varesenews.it\/swgapi\/v1\/wp\/v2\/posts\/371694\/revisions"}],"wp:attachment":[{"href":"https:\/\/staging.varesenews.it\/swgapi\/v1\/wp\/v2\/media?parent=371694"}],"wp:term":[{"taxonomy":"category","embeddable":true,"href":"https:\/\/staging.varesenews.it\/swgapi\/v1\/wp\/v2\/categories?post=371694"},{"taxonomy":"post_tag","embeddable":true,"href":"https:\/\/staging.varesenews.it\/swgapi\/v1\/wp\/v2\/tags?post=371694"}],"curies":[{"name":"wp","href":"https:\/\/api.w.org\/{rel}","templated":true}]}}