{"id":371837,"date":"2015-05-16T14:45:10","date_gmt":"2015-05-16T12:45:10","guid":{"rendered":"http:\/\/www.varesenews.it\/?p=371837"},"modified":"2015-05-16T14:45:10","modified_gmt":"2015-05-16T12:45:10","slug":"sole-doro-2015-tutti-i-premiati","status":"publish","type":"post","link":"https:\/\/staging.varesenews.it\/2015\/05\/sole-doro-2015-tutti-i-premiati\/371837\/","title":{"rendered":"Sole d&#8217;Oro 2015: tutti i premiati"},"content":{"rendered":"<p><strong>Dino AZZALIN- Varese Presso CUAMM- Medici con l\u2019Africa- Varese<\/strong><\/p>\n<p>Dino Azzalin da anni \u00e8 un attivo promotore del volontariato: con impegno, professionalit\u00e0 e dedizione ha svolto mansioni e funzioni direttive, organizzative e culturali. Durante il suo operato in Kenia nella missione di volontariato nel 1994, fu rapito e sequestrato assieme ad altri sei volontari. Attualmente ricopre la carica di presidente del gruppo di appoggio, CUAMM, MEDICI CON L\u2019Africa- Varese.<\/p>\n<p><strong>Franca BERTOLONE- Malnate Presso EOS- Varese<\/strong><\/p>\n<p>Franca Bertolone grazie alla sua spiccata sensibilit\u00e0 ha accolto con empatia le donne vittime di maltrattamento comprendendone i negativi risvolti psicologici, spesso anche gravi. Ha ideato percorsi originali contribuendo alla creazione di programmi a sostegno delle donne per rendere nota l\u2019associazione presso cui opera, favorendo la collaborazione di altre associazioni e di giovani volontarie.<\/p>\n<p><strong>Luciana BISIOLI- Saronno Presso A.G.R.E.S. ONLUS ASD- Cislago<\/strong><\/p>\n<p>Luciana Bisioli \u00e8 instancabile nello svolgere le mansioni del volontariato: raccoglie fondi, allestisce mercatini e sensibilizza chiunque incontri. Ha a cuore la sua associazione, che si occupa di ippoterapia per ragazzi disabili e ne parla sempre con spirito incredibile: i volontari, gi operatori, i genitori la apprezzano moltissimo. \u00c8 sempre disposta ad aiutare e ha un cuore grande.<\/p>\n<p><strong>Eraldo CAPRA &#8211; Castelveccana Presso Circolo ACLI di Castelveccana- Busto Arsizio<\/strong><\/p>\n<p>Eraldo Capra ha apportato un grosso contributo al circolo ACLI, assistendo gli anziani e gli ammalati nel trasporto per cure, ricoveri,case di riposo e ospedali. Ha dedicato gran parte del suo tempo nell&#8217;organizzazione di corsi di vela per i ragazzi delle scuole medie ed elementari. Ha adempiuto al compito di amministratore di sostegno affiancando persone con gravi disturbi psichici e fisici contribuendo talvolta con proprie risorse economiche ai bisogni delle persone assistite.<\/p>\n<p><strong>Pietro MAGISTRELLI- Busto Arsizio Presso Associazione ANFFAS Onlus- Varese<\/strong><\/p>\n<p>Pietro Magistrelli da tanti anni dedica il suo instancabile impegno ed il suo tempo nel coordinare tutta l\u2019associazione tenendo contatti con enti, assistenti sociali e soci. Volontario a tempo pieno \u00e8 una fonte inesauribile di iniziative nonostante l\u2019et\u00e0 che avanza e la salute che non gli impedisce di presentarsi in ufficio alle otto ogni mattina.<\/p>\n<p><strong>Paola MASCIOCCHI- Tradate Presso Societ\u00e0 San Vincenzo De Paoli- Consiglio Centrale Di Varese.<\/strong><\/p>\n<p>Paola Masciocchi fin dall\u2019inizio del suo operato come volontaria nella Societ\u00e0 San Vincenzo de Paoli ha sempre svolto i suoi incarichi con entusiasmo, generosit\u00e0 e particolare sollecitudine distinguendosi per la sua affidabilit\u00e0 e per il suo desiderio di mantenere rapporti amicali, sia con le consorelle che con gli assistiti. In accordo con le proprie vicissitudini personali ha collaborato per mantenersi attiva e fedele ai principi vincenziani.<\/p>\n<p><strong>Marco PALMARA MESIANO &#8211; Somma Lombardo Presso Hope and Smile Onlus- Busto Arsizio<\/strong><\/p>\n<p>Marco Palamara Mesiano coordinando i progetti per lo sviluppo in campo apistico in Kenia e in Etiopia, ha contribuito alla formazione di venti contadini, attualmente apicoltori, mettendo a loro a disposizione apiari per lo studio naturalistico. Ha dimostrato una grande competenza scientifica e uno spiccato senso di solidariet\u00e0.<\/p>\n<p><strong>Tiziano ROSCIO-Viggi\u00f9 Presso Croce Rossa Italiana, Comitato Locale della Valceresio<\/strong><\/p>\n<p>Tiziano Roscio da anni si dedica con passione all\u2019associazione, originariamente come volontario soccorritore e successivamente come Presidente, guidando il Comitato locale e i volontari con affettuosit\u00e0 e determinazione. Il suo spirito da uomo della Croce Rossa Italiana si antepone a qualsiasi altra mansione che lo possa distogliere dal suo incarico, infatti oltre al ruolo di Presidente \u00e8 anche istruttore di disostruzione pediatrica, attivit\u00e0 nella quale crede molto.<\/p>\n<p><strong>Giuliana TADIELLO- Castronno &#8211; Presso Good Smaritan Onlus &#8211; Caronno Varesino<\/strong><\/p>\n<p>Giuliana Tadiello \u00e8 l\u2019anima di questa iniziativa sin dal 1999, dedica ancora oggi tempo ed energia per sostenere la cruda realt\u00e0 del Nord Uganda, colpita dal dramma della guerra e dalla diffusione dell\u2019HIV. Come il Buon Samaritano, da cui l\u2019associazione ha preso il nome, l\u2019attenzione di Giuliana \u00e8 sempre stata rivolta verso chi \u00e8 pi\u00f9 povero, chi si trova ai margini della strada, verso coloro che Papa Francesco suole chiamare \u201cscarti\u201d, perch\u00e9 a nessuno sia negata la possibilit\u00e0 di essere accolto, curato e aiutato a camminare da solo.<\/p>\n<p><strong>Ferruccio ZUCCARO Presso Mutua Volontaria gi\u00e0 societ\u00e0 di mutuo soccorso tra Operai- Artisti Commercianti a Varese<\/strong><\/p>\n<p>Ferruccio Zuccaro \u00e8 uno stimatissimo avvocato, pubblicista, per pi\u00f9 anni pubblico amministratore e strenuo fautore dell\u2019insediamento dell&#8217;universit\u00e0 a Varese. Si \u00e8 sempre dimostrato in prima linea nel volontariato, anche come presidente in vari sodalizi tra cui Varese Alzheimer. Sempre impegnato nella promozione dell\u2019istruzione superiore, dell\u2019arte e della cultura. Cavaliere della Repubblica Italiana, Rosa Comacina, Girometta D\u2019oro.<\/p>\n<p>Premio &#8220;Giovani nel volontariato&#8221;<br \/>\n<strong>Tommaso Albrigi Worldwide Assistance Foundation Onlus (WAF Onlus)<\/strong><\/p>\n<p>Tommaso, durante la sua permanenza in due villaggi indiani dove l&#8217;associazione opera con adozioni a distanza, ha tenuto doposcuola di matematica e inglese ed \u00e8 riuscito ad intessere un rapporto di grande confidenza ed amabilit\u00e0 con i bambini. Nel secondo villaggio in cui si \u00e8 recato ha svolto una funzione di segretario-infermiere, aiutando il responsabile medico dell&#8217;associazione a visitare i bambini.<\/p>\n<p><strong>Rete Associazioni giovanili progetto Discobus<\/strong><\/p>\n<p>La rete di associazioni giovanili \u00e8 la testimonianza dell&#8217;impegno di cittadinanza attiva di molti giovani che hanno saputo mettersi in rete per dare vita a iniziative con risvolti sociali pratici legati anche a raccolte fondi. Inoltre, durante le loro feste, i giovani delle associazioni lanciano ai loro coetanei messaggi postivi contro l&#8217;abuso di sostanze e per la prevenzione di malattie sessualmente trasmissibili.<\/p>\n","protected":false},"excerpt":{"rendered":"<p>Ecco l&#8217;elenco dei premiati con il &#8220;Sole d&#8217;Oro&#8221; del Cesvov con le rispettive motivazioni. Questa \u00e8 la sedicesima edizione del premio<\/p>\n","protected":false},"author":42,"featured_media":0,"comment_status":"open","ping_status":"open","sticky":false,"template":"","format":"standard","meta":{"footnotes":""},"categories":[2],"tags":[769,16986],"acf":[],"yoast_head":"<!-- This site is optimized with the Yoast SEO plugin v20.1 - https:\/\/yoast.com\/wordpress\/plugins\/seo\/ -->\n<title>Sole d&#039;Oro 2015: tutti i premiati<\/title>\n<meta name=\"description\" content=\"Ecco l&#039;elenco dei premiati con il &quot;Sole d&#039;Oro&quot; del Cesvov con le rispettive motivazioni. Questa \u00e8 la sedicesima edizione del premio\" \/>\n<meta name=\"robots\" content=\"noindex, follow, max-snippet:-1, max-image-preview:large, max-video-preview:-1\" \/>\n<meta property=\"og:locale\" content=\"it_IT\" \/>\n<meta property=\"og:type\" content=\"article\" \/>\n<meta property=\"og:title\" content=\"Sole d&#039;Oro 2015: tutti i premiati\" \/>\n<meta property=\"og:description\" content=\"Ecco l&#039;elenco dei premiati con il &quot;Sole d&#039;Oro&quot; del Cesvov con le rispettive motivazioni. Questa \u00e8 la sedicesima edizione del premio\" \/>\n<meta property=\"og:url\" content=\"https:\/\/staging.varesenews.it\/2015\/05\/sole-doro-2015-tutti-i-premiati\/371837\/\" \/>\n<meta property=\"og:site_name\" content=\"VareseNews\" \/>\n<meta property=\"article:publisher\" content=\"https:\/\/www.facebook.com\/varesenews\" \/>\n<meta property=\"article:published_time\" content=\"2015-05-16T12:45:10+00:00\" \/>\n<meta name=\"author\" content=\"Marco Corso\" \/>\n<meta name=\"twitter:card\" content=\"summary_large_image\" \/>\n<meta name=\"twitter:creator\" content=\"@varesenews\" \/>\n<meta name=\"twitter:site\" content=\"@varesenews\" \/>\n<meta name=\"twitter:label1\" content=\"Scritto da\" \/>\n\t<meta name=\"twitter:data1\" content=\"Marco Corso\" \/>\n\t<meta name=\"twitter:label2\" content=\"Tempo di lettura stimato\" \/>\n\t<meta name=\"twitter:data2\" content=\"4 minuti\" \/>\n<script type=\"application\/ld+json\" class=\"yoast-schema-graph\">{\"@context\":\"https:\/\/schema.org\",\"@graph\":[{\"@type\":\"WebPage\",\"@id\":\"https:\/\/staging.varesenews.it\/2015\/05\/sole-doro-2015-tutti-i-premiati\/371837\/\",\"url\":\"https:\/\/staging.varesenews.it\/2015\/05\/sole-doro-2015-tutti-i-premiati\/371837\/\",\"name\":\"Sole d'Oro 2015: tutti i premiati\",\"isPartOf\":{\"@id\":\"https:\/\/staging.varesenews.it\/#website\"},\"datePublished\":\"2015-05-16T12:45:10+00:00\",\"dateModified\":\"2015-05-16T12:45:10+00:00\",\"author\":{\"@id\":\"https:\/\/staging.varesenews.it\/#\/schema\/person\/f0b866bf1a4a7b2b1558574309a927fa\"},\"description\":\"Ecco l'elenco dei premiati con il \\\"Sole d'Oro\\\" del Cesvov con le rispettive motivazioni. Questa \u00e8 la sedicesima edizione del premio\",\"breadcrumb\":{\"@id\":\"https:\/\/staging.varesenews.it\/2015\/05\/sole-doro-2015-tutti-i-premiati\/371837\/#breadcrumb\"},\"inLanguage\":\"it-IT\",\"potentialAction\":[{\"@type\":\"ReadAction\",\"target\":[\"https:\/\/staging.varesenews.it\/2015\/05\/sole-doro-2015-tutti-i-premiati\/371837\/\"]}]},{\"@type\":\"BreadcrumbList\",\"@id\":\"https:\/\/staging.varesenews.it\/2015\/05\/sole-doro-2015-tutti-i-premiati\/371837\/#breadcrumb\",\"itemListElement\":[{\"@type\":\"ListItem\",\"position\":1,\"name\":\"Home\",\"item\":\"https:\/\/www.varesenews.it\/\"},{\"@type\":\"ListItem\",\"position\":2,\"name\":\"Sole d&#8217;Oro 2015: tutti i premiati\"}]},{\"@type\":\"WebSite\",\"@id\":\"https:\/\/staging.varesenews.it\/#website\",\"url\":\"https:\/\/staging.varesenews.it\/\",\"name\":\"VareseNews\",\"description\":\"\",\"potentialAction\":[{\"@type\":\"SearchAction\",\"target\":{\"@type\":\"EntryPoint\",\"urlTemplate\":\"https:\/\/staging.varesenews.it\/?s={search_term_string}\"},\"query-input\":\"required name=search_term_string\"}],\"inLanguage\":\"it-IT\"},{\"@type\":\"Person\",\"@id\":\"https:\/\/staging.varesenews.it\/#\/schema\/person\/f0b866bf1a4a7b2b1558574309a927fa\",\"name\":\"Marco Corso\",\"image\":{\"@type\":\"ImageObject\",\"inLanguage\":\"it-IT\",\"@id\":\"https:\/\/staging.varesenews.it\/#\/schema\/person\/image\/\",\"url\":\"https:\/\/staging.varesenews.it\/wp-content\/uploads\/2020\/12\/marco_corso_colori_500.jpg\",\"contentUrl\":\"https:\/\/staging.varesenews.it\/wp-content\/uploads\/2020\/12\/marco_corso_colori_500.jpg\",\"caption\":\"Marco Corso\"},\"description\":\"Classe 91, per diversi anni mi sono fregiato del titolo di pi&ugrave; giovane della redazione, ma adesso faccio il fratello maggiore alle nuove leve. Mi sono laureato nel 2013 in Scienze Sociali per la Globalizzazione alla Statale di Milano e nel 2015 mi sono diplomato in videogiornalismo alla Civica Scuola di Cinema di Milano. A VareseNews da 10 anni, ho seguito da sempre diversi progetti, partendo dalla mia Busto Arsizio per attraversare tutta la provincia. Adesso la \\\"sorvolo\\\" anche con il mio drone, regalando alle mie riprese sempre un punto di vista emozionale e narrativo sui luoghi e le vicende che racconto, ma rimanendo fedele alla cronaca. Quando non faccio il giornalista viaggio o mi arrampico sui monti, per guardare il mondo da altri punti di vista.\",\"sameAs\":[\"mar_corso\"],\"url\":\"https:\/\/staging.varesenews.it\/persona\/marco-corso1\/\"}]}<\/script>\n<!-- \/ Yoast SEO plugin. -->","yoast_head_json":{"title":"Sole d'Oro 2015: tutti i premiati","description":"Ecco l'elenco dei premiati con il \"Sole d'Oro\" del Cesvov con le rispettive motivazioni. Questa \u00e8 la sedicesima edizione del premio","robots":{"index":"noindex","follow":"follow","max-snippet":"max-snippet:-1","max-image-preview":"max-image-preview:large","max-video-preview":"max-video-preview:-1"},"og_locale":"it_IT","og_type":"article","og_title":"Sole d'Oro 2015: tutti i premiati","og_description":"Ecco l'elenco dei premiati con il \"Sole d'Oro\" del Cesvov con le rispettive motivazioni. Questa \u00e8 la sedicesima edizione del premio","og_url":"https:\/\/staging.varesenews.it\/2015\/05\/sole-doro-2015-tutti-i-premiati\/371837\/","og_site_name":"VareseNews","article_publisher":"https:\/\/www.facebook.com\/varesenews","article_published_time":"2015-05-16T12:45:10+00:00","author":"Marco Corso","twitter_card":"summary_large_image","twitter_creator":"@varesenews","twitter_site":"@varesenews","twitter_misc":{"Scritto da":"Marco Corso","Tempo di lettura stimato":"4 minuti"},"schema":{"@context":"https:\/\/schema.org","@graph":[{"@type":"WebPage","@id":"https:\/\/staging.varesenews.it\/2015\/05\/sole-doro-2015-tutti-i-premiati\/371837\/","url":"https:\/\/staging.varesenews.it\/2015\/05\/sole-doro-2015-tutti-i-premiati\/371837\/","name":"Sole d'Oro 2015: tutti i premiati","isPartOf":{"@id":"https:\/\/staging.varesenews.it\/#website"},"datePublished":"2015-05-16T12:45:10+00:00","dateModified":"2015-05-16T12:45:10+00:00","author":{"@id":"https:\/\/staging.varesenews.it\/#\/schema\/person\/f0b866bf1a4a7b2b1558574309a927fa"},"description":"Ecco l'elenco dei premiati con il \"Sole d'Oro\" del Cesvov con le rispettive motivazioni. Questa \u00e8 la sedicesima edizione del premio","breadcrumb":{"@id":"https:\/\/staging.varesenews.it\/2015\/05\/sole-doro-2015-tutti-i-premiati\/371837\/#breadcrumb"},"inLanguage":"it-IT","potentialAction":[{"@type":"ReadAction","target":["https:\/\/staging.varesenews.it\/2015\/05\/sole-doro-2015-tutti-i-premiati\/371837\/"]}]},{"@type":"BreadcrumbList","@id":"https:\/\/staging.varesenews.it\/2015\/05\/sole-doro-2015-tutti-i-premiati\/371837\/#breadcrumb","itemListElement":[{"@type":"ListItem","position":1,"name":"Home","item":"https:\/\/www.varesenews.it\/"},{"@type":"ListItem","position":2,"name":"Sole d&#8217;Oro 2015: tutti i premiati"}]},{"@type":"WebSite","@id":"https:\/\/staging.varesenews.it\/#website","url":"https:\/\/staging.varesenews.it\/","name":"VareseNews","description":"","potentialAction":[{"@type":"SearchAction","target":{"@type":"EntryPoint","urlTemplate":"https:\/\/staging.varesenews.it\/?s={search_term_string}"},"query-input":"required name=search_term_string"}],"inLanguage":"it-IT"},{"@type":"Person","@id":"https:\/\/staging.varesenews.it\/#\/schema\/person\/f0b866bf1a4a7b2b1558574309a927fa","name":"Marco Corso","image":{"@type":"ImageObject","inLanguage":"it-IT","@id":"https:\/\/staging.varesenews.it\/#\/schema\/person\/image\/","url":"https:\/\/staging.varesenews.it\/wp-content\/uploads\/2020\/12\/marco_corso_colori_500.jpg","contentUrl":"https:\/\/staging.varesenews.it\/wp-content\/uploads\/2020\/12\/marco_corso_colori_500.jpg","caption":"Marco Corso"},"description":"Classe 91, per diversi anni mi sono fregiato del titolo di pi&ugrave; giovane della redazione, ma adesso faccio il fratello maggiore alle nuove leve. Mi sono laureato nel 2013 in Scienze Sociali per la Globalizzazione alla Statale di Milano e nel 2015 mi sono diplomato in videogiornalismo alla Civica Scuola di Cinema di Milano. A VareseNews da 10 anni, ho seguito da sempre diversi progetti, partendo dalla mia Busto Arsizio per attraversare tutta la provincia. Adesso la \"sorvolo\" anche con il mio drone, regalando alle mie riprese sempre un punto di vista emozionale e narrativo sui luoghi e le vicende che racconto, ma rimanendo fedele alla cronaca. Quando non faccio il giornalista viaggio o mi arrampico sui monti, per guardare il mondo da altri punti di vista.","sameAs":["mar_corso"],"url":"https:\/\/staging.varesenews.it\/persona\/marco-corso1\/"}]}},"post_meta":{"_edit_lock":"1431780216:42","_edit_last":"42","_category_permalink":"2","wdfb_og_title":"","wdfb_og_type":"","wdfb_og_description":"","wdfb_og_images":"a:1:{i:0;s:0:\"\";}","wdfb_og_custom_name":"a:1:{i:0;s:0:\"\";}","wdfb_og_custom_value":"a:1:{i:0;s:0:\"\";}","foto":"453143","_jd_twitter":"","_jd_tweet_this":"yes","argomento":"Varese","ratings_users":"0","ratings_score":"0","ratings_average":"0","id_leggi_anche":"371809","firma_come_redazione":"1","_wpt_short_url":"http:\/\/www.varesenews.it\/2015\/05\/sole-doro-2015-tutti-i-premiati\/371837\/","_wp_jd_target":"http:\/\/www.varesenews.it\/2015\/05\/sole-doro-2015-tutti-i-premiati\/371837\/","_jd_wp_twitter":"a:1:{i:0;s:124:\"Sole d'Oro 2015: tutti i premiati http:\/\/www.varesenews.it\/2015\/05\/sole-doro-2015-tutti-i-premiati\/371837\/ #cesvov #soledoro\";}","_wpt_status_message":"Tweet inviato con successo."},"photos":[{"original":"https:\/\/staging.varesenews.it\/photogallery_new\/images\/2015\/05\/la-premiazione-del-sole-d-oro-2015-453143.jpg","full":"https:\/\/staging.varesenews.it\/photogallery_new\/images\/2015\/05\/la-premiazione-del-sole-d-oro-2015-453143.1024x768.jpg","large":"https:\/\/staging.varesenews.it\/photogallery_new\/images\/2015\/05\/la-premiazione-del-sole-d-oro-2015-453143.610x431.jpg"}],"_links":{"self":[{"href":"https:\/\/staging.varesenews.it\/swgapi\/v1\/wp\/v2\/posts\/371837"}],"collection":[{"href":"https:\/\/staging.varesenews.it\/swgapi\/v1\/wp\/v2\/posts"}],"about":[{"href":"https:\/\/staging.varesenews.it\/swgapi\/v1\/wp\/v2\/types\/post"}],"author":[{"embeddable":true,"href":"https:\/\/staging.varesenews.it\/swgapi\/v1\/wp\/v2\/users\/42"}],"replies":[{"embeddable":true,"href":"https:\/\/staging.varesenews.it\/swgapi\/v1\/wp\/v2\/comments?post=371837"}],"version-history":[{"count":0,"href":"https:\/\/staging.varesenews.it\/swgapi\/v1\/wp\/v2\/posts\/371837\/revisions"}],"wp:attachment":[{"href":"https:\/\/staging.varesenews.it\/swgapi\/v1\/wp\/v2\/media?parent=371837"}],"wp:term":[{"taxonomy":"category","embeddable":true,"href":"https:\/\/staging.varesenews.it\/swgapi\/v1\/wp\/v2\/categories?post=371837"},{"taxonomy":"post_tag","embeddable":true,"href":"https:\/\/staging.varesenews.it\/swgapi\/v1\/wp\/v2\/tags?post=371837"}],"curies":[{"name":"wp","href":"https:\/\/api.w.org\/{rel}","templated":true}]}}