{"id":372879,"date":"2015-05-19T19:59:31","date_gmt":"2015-05-19T17:59:31","guid":{"rendered":"http:\/\/www.varesenews.it\/?p=372879"},"modified":"2015-05-20T07:50:30","modified_gmt":"2015-05-20T05:50:30","slug":"lu-ve-strada-spianata-per-la-quotazione","status":"publish","type":"post","link":"https:\/\/staging.varesenews.it\/2015\/05\/lu-ve-strada-spianata-per-la-quotazione\/372879\/","title":{"rendered":"Lu-Ve, strada spianata per la quotazione"},"content":{"rendered":"<p>Il\u00a014 maggio scadeva il termine per l\u2019esercizio del diritto di recesso, previsto in favore dei titolari di azioni ordinarie ISI che non avessero concorso alla delibera con riferimento alla <strong>fusione per incorporazione di Isi (Industrial Stars of Italy) con\u00a0Lu-Ve spa<\/strong>. A questa data <strong>non \u00e8 stato\u00a0esercitato il diritto di recesso<\/strong>\u00a0per alcuna delle azioni ordinarie di Isi e non si \u00e8 dunque avverata la condizione risolutiva della delibera assembleare di approvazione della\u00a0business combination\u00a0prevista dallo statuto di Isi (art. 15.3). Pertanto l\u2019operazione si avvia con successo alla conclusione, con la fusione per incorporazione di <strong>Isi in\u00a0Lu-Ve\u00a0<\/strong>prevista indicativamente per fine giugno con effetto entro la prima met\u00e0 di luglio.<\/p>\n<div class=\"related-posts related-01\"><h4>Leggi anche<\/h4><ul><li><a title=\"Consigli per le imprese: quotatevi e mettete fieno in cascina\" target=\"_blank\" href=\"https:\/\/staging.varesenews.it\/2015\/03\/consigli-per-le-imprese-quotatevi-e-mettete-fieno-in-cascina\/371764\/\"><strong>Economia <\/strong> - Consigli per le imprese: quotatevi e mettete fieno in cascina<\/a><\/li><li><a title=\"Glocal e all&#8217;avanguardia, Lu-Ve spa si quota in borsa\" target=\"_blank\" href=\"https:\/\/staging.varesenews.it\/2015\/04\/glocal-e-allavanguardia-lu-ve-spa-si-quota-in-borsa\/372884\/\"><strong>Economia <\/strong> - Glocal e all&#8217;avanguardia, Lu-Ve spa si quota in borsa<\/a><\/li><li><a title=\"Dal Bolshoi all&#8217;Eliseo, Lu-Ve &#8220;condiziona&#8221; il mondo\" target=\"_blank\" href=\"https:\/\/staging.varesenews.it\/2015\/04\/dal-bolshoi-alleliseo-lu-ve-condiziona-il-mondo\/372886\/\"><strong>Economia <\/strong> - Dal Bolshoi all&#8217;Eliseo, Lu-Ve &#8220;condiziona&#8221; il mondo<\/a><\/li><li><a title=\"Per finanziare un&#8217;impresa non esiste solo la banca\" target=\"_blank\" href=\"https:\/\/staging.varesenews.it\/2015\/03\/per-finanziare-unimpresa-non-esiste-solo-la-banc\/371771\/\"><strong>Economia <\/strong> - Per finanziare un&#8217;impresa non esiste solo la banca<\/a><\/li><li><a title=\"La quotazione in borsa \u00e8 come un matrimonio\" target=\"_blank\" href=\"https:\/\/staging.varesenews.it\/2014\/05\/la-quotazione-in-borsa-e-come-un-matrimonio\/34841\/\"><strong>Castellanza <\/strong> - La quotazione in borsa \u00e8 come un matrimonio<\/a><\/li><li><a title=\"Credito alle imprese, si stanno scontrando due culture\" target=\"_blank\" href=\"https:\/\/staging.varesenews.it\/2015\/07\/credito-alle-imprese-si-stanno-scontrando-due-culture\/386498\/\"><strong>Economia <\/strong> - Credito alle imprese, si stanno scontrando due culture<\/a><\/li><li><a title=\"La Lu-Ve raffredda i sistemi di comando del nuovo canale di Panama\" target=\"_blank\" href=\"https:\/\/staging.varesenews.it\/2016\/06\/la-lu-ve-raffredda-i-sistemi-di-comando-del-nuovo-canale-di-panama\/532095\/\"><strong>Uboldo <\/strong> - La Lu-Ve raffredda i sistemi di comando del nuovo canale di Panama<\/a><\/li><li><a title=\"Stefano Paleari  guider\u00e0 il comitato per Human Technopole\" target=\"_blank\" href=\"https:\/\/staging.varesenews.it\/2016\/09\/stefano-paleari-guidera-il-comitato-per-human-technopole\/556065\/\"><strong>Uboldo <\/strong> - Stefano Paleari  guider\u00e0 il comitato per Human Technopole<\/a><\/li><li><a title=\"Lu-Ve spa ha perfezionato l\u2019acquisizione di Spirotech\" target=\"_blank\" href=\"https:\/\/staging.varesenews.it\/2016\/10\/lu-ve-spa-ha-perfezionato-lacquisizione-di-spirotech\/556946\/\"><strong>Economia <\/strong> - Lu-Ve spa ha perfezionato l\u2019acquisizione di Spirotech<\/a><\/li><li><a title=\"Stipulato oggi l\u2019atto di fusione di Industrial Stars of Italy in Lu-Ve S.p.A.\" target=\"_blank\" href=\"https:\/\/staging.varesenews.it\/2015\/06\/stipulato-oggi-latto-di-fusione-di-industrial-stars-of-italy-in-lu-ve-s-p-a\/384049\/\"><strong>Milano <\/strong> - Stipulato oggi l\u2019atto di fusione di Industrial Stars of Italy in Lu-Ve S.p.A.<\/a><\/li><\/ul><\/div>\n<p>\u00abSiamo molto soddisfatti di questo risultato,\u00a0&#8211; hanno dichiarato\u00a0<strong>Attilio Arietti e Giovanni Cavallini<\/strong>, promotori di Industrial Stars of Italy &#8211;\u00a0non solo perch\u00e9 sancisce il successo di questa operazione, ma perch\u00e9 conferma il ruolo crescente delle Spac come nuova ed efficace via italiana alla quotazione. Non \u00e8 un caso che proprio oggi, Borsa Italiana abbia organizzato un convegno a Palazzo Mezzanotte su questo tema nel quale siamo presenti per dare il nostro contributo. Se poi pensiamo che negli Stati Uniti, dove questo strumento \u00e8 utilizzato da tempo, si registra <strong>una media di recessi del 10-12% circa<\/strong>, il risultato della nostra operazione \u00e8 particolarmente incoraggiante e rappresenta la testimonianza evidente della fiducia degli investitori di Industrial Stars of Italy\u00bb.<\/p>\n<p>\u00abLa fiducia che il mercato ha riposto in noi \u00e8 motivo di grande soddisfazione \u2013 ha aggiunto\u00a0<strong>Iginio Liberali<\/strong>, presidente di\u00a0Lu-Ve Group\u00a0&#8211;\u00a0\u00a0L\u2019obiettivo dell\u2019operazione con <strong>Isi<\/strong> era quello di avere ulteriori risorse per la crescita, mirata soprattutto ai mercati esteri e all\u2019ampliamento della nostra gamma di applicazioni. L\u2019apertura del capitale e l\u2019accesso alla Borsa sono la prosecuzione della crescita che ci ha contraddistinti fin qui, seguendo i nostri tradizionali principi: leadership e passione. I fondi raccolti saranno dedicati a nuovi investimenti di sviluppo organico ed esterno, con l\u2019obiettivo di rafforzarci ulteriormente sui mercati a pi\u00f9 alto tasso di sviluppo\u00bb.<\/p>\n","protected":false},"excerpt":{"rendered":"<p>L\u2019operazione si avvia con successo alla conclusione, con la fusione per incorporazione di Isi prevista indicativamente per fine giugno con effetto entro la prima met\u00e0 di luglio<\/p>\n","protected":false},"author":45,"featured_media":0,"comment_status":"open","ping_status":"open","sticky":false,"template":"","format":"standard","meta":{"footnotes":""},"categories":[15],"tags":[47741,26929],"acf":[],"yoast_head":"<!-- This site is optimized with the Yoast SEO plugin v20.1 - https:\/\/yoast.com\/wordpress\/plugins\/seo\/ -->\n<title>Lu-Ve, strada spianata per la quotazione<\/title>\n<meta name=\"description\" content=\"quotazione in borsa lu-ve spa uboldo\" \/>\n<meta name=\"robots\" content=\"noindex, follow, max-snippet:-1, max-image-preview:large, max-video-preview:-1\" \/>\n<meta property=\"og:locale\" content=\"it_IT\" \/>\n<meta property=\"og:type\" content=\"article\" \/>\n<meta property=\"og:title\" content=\"Lu-Ve, strada spianata per la quotazione\" \/>\n<meta property=\"og:description\" content=\"quotazione in borsa lu-ve spa uboldo\" \/>\n<meta property=\"og:url\" content=\"https:\/\/staging.varesenews.it\/2015\/05\/lu-ve-strada-spianata-per-la-quotazione\/372879\/\" \/>\n<meta property=\"og:site_name\" content=\"VareseNews\" \/>\n<meta property=\"article:publisher\" content=\"https:\/\/www.facebook.com\/varesenews\" \/>\n<meta property=\"article:author\" content=\"https:\/\/www.facebook.com\/michele.mancino.5\" \/>\n<meta property=\"article:published_time\" content=\"2015-05-19T17:59:31+00:00\" \/>\n<meta property=\"article:modified_time\" content=\"2015-05-20T05:50:30+00:00\" \/>\n<meta name=\"author\" content=\"Michele Mancino\" \/>\n<meta name=\"twitter:card\" content=\"summary_large_image\" \/>\n<meta name=\"twitter:creator\" content=\"@micmancio\" \/>\n<meta name=\"twitter:site\" content=\"@varesenews\" \/>\n<meta name=\"twitter:label1\" content=\"Scritto da\" \/>\n\t<meta name=\"twitter:data1\" content=\"Michele Mancino\" \/>\n\t<meta name=\"twitter:label2\" content=\"Tempo di lettura stimato\" \/>\n\t<meta name=\"twitter:data2\" content=\"2 minuti\" \/>\n<script type=\"application\/ld+json\" class=\"yoast-schema-graph\">{\"@context\":\"https:\/\/schema.org\",\"@graph\":[{\"@type\":\"WebPage\",\"@id\":\"https:\/\/staging.varesenews.it\/2015\/05\/lu-ve-strada-spianata-per-la-quotazione\/372879\/\",\"url\":\"https:\/\/staging.varesenews.it\/2015\/05\/lu-ve-strada-spianata-per-la-quotazione\/372879\/\",\"name\":\"Lu-Ve, strada spianata per la quotazione\",\"isPartOf\":{\"@id\":\"https:\/\/staging.varesenews.it\/#website\"},\"datePublished\":\"2015-05-19T17:59:31+00:00\",\"dateModified\":\"2015-05-20T05:50:30+00:00\",\"author\":{\"@id\":\"https:\/\/staging.varesenews.it\/#\/schema\/person\/308b491d3cb680ead199e5ff6c6ce540\"},\"description\":\"quotazione in borsa lu-ve spa uboldo\",\"breadcrumb\":{\"@id\":\"https:\/\/staging.varesenews.it\/2015\/05\/lu-ve-strada-spianata-per-la-quotazione\/372879\/#breadcrumb\"},\"inLanguage\":\"it-IT\",\"potentialAction\":[{\"@type\":\"ReadAction\",\"target\":[\"https:\/\/staging.varesenews.it\/2015\/05\/lu-ve-strada-spianata-per-la-quotazione\/372879\/\"]}]},{\"@type\":\"BreadcrumbList\",\"@id\":\"https:\/\/staging.varesenews.it\/2015\/05\/lu-ve-strada-spianata-per-la-quotazione\/372879\/#breadcrumb\",\"itemListElement\":[{\"@type\":\"ListItem\",\"position\":1,\"name\":\"Home\",\"item\":\"https:\/\/www.varesenews.it\/\"},{\"@type\":\"ListItem\",\"position\":2,\"name\":\"Lu-Ve, strada spianata per la quotazione\"}]},{\"@type\":\"WebSite\",\"@id\":\"https:\/\/staging.varesenews.it\/#website\",\"url\":\"https:\/\/staging.varesenews.it\/\",\"name\":\"VareseNews\",\"description\":\"\",\"potentialAction\":[{\"@type\":\"SearchAction\",\"target\":{\"@type\":\"EntryPoint\",\"urlTemplate\":\"https:\/\/staging.varesenews.it\/?s={search_term_string}\"},\"query-input\":\"required name=search_term_string\"}],\"inLanguage\":\"it-IT\"},{\"@type\":\"Person\",\"@id\":\"https:\/\/staging.varesenews.it\/#\/schema\/person\/308b491d3cb680ead199e5ff6c6ce540\",\"name\":\"Michele Mancino\",\"image\":{\"@type\":\"ImageObject\",\"inLanguage\":\"it-IT\",\"@id\":\"https:\/\/staging.varesenews.it\/#\/schema\/person\/image\/\",\"url\":\"https:\/\/staging.varesenews.it\/wp-content\/uploads\/2020\/12\/michele_mancino_colori_500.jpg\",\"contentUrl\":\"https:\/\/staging.varesenews.it\/wp-content\/uploads\/2020\/12\/michele_mancino_colori_500.jpg\",\"caption\":\"Michele Mancino\"},\"description\":\"Sono a VareseNews da prima che nascesse. Ho inserito le prime notizie in una stringa di codice html, la lingua di internet. Aprivo i computer, cambiavo schede di rete e portavo i server dal provider. A met&agrave; degli anni &rsquo;90 il giornalista online doveva saper fare anche questo. Ho vissuto gli anni drammatici della bolla speculativa di Internet e quelli entusiastici della crescita, anni in cui VareseNews era un Davide in mezzo a tanti Golia. Poi sono arrivati i social, le nuove piattaforme e soprattutto gli smartphone, una postazione di lavoro racchiusa in una mano. Una nuova rivoluzione. Insomma, &egrave; stata, ed &egrave; ancora, un&rsquo;avventura entusiasmante perch&eacute; mi insegna giorno dopo giorno che il cambiamento &egrave; l&rsquo;unica certezza di questa fragile esistenza.\",\"sameAs\":[\"https:\/\/www.facebook.com\/michele.mancino.5\",\"micmancio\",\"Aggiorna le impostazioni del tuo profilo pubblicoit.linkedin.com\/pub\/michele-mancino\/28\/b71\/890\/it\",\"https:\/\/twitter.com\/micmancio\"],\"url\":\"https:\/\/staging.varesenews.it\/persona\/michele_mancino\/\"}]}<\/script>\n<!-- \/ Yoast SEO plugin. -->","yoast_head_json":{"title":"Lu-Ve, strada spianata per la quotazione","description":"quotazione in borsa lu-ve spa uboldo","robots":{"index":"noindex","follow":"follow","max-snippet":"max-snippet:-1","max-image-preview":"max-image-preview:large","max-video-preview":"max-video-preview:-1"},"og_locale":"it_IT","og_type":"article","og_title":"Lu-Ve, strada spianata per la quotazione","og_description":"quotazione in borsa lu-ve spa uboldo","og_url":"https:\/\/staging.varesenews.it\/2015\/05\/lu-ve-strada-spianata-per-la-quotazione\/372879\/","og_site_name":"VareseNews","article_publisher":"https:\/\/www.facebook.com\/varesenews","article_author":"https:\/\/www.facebook.com\/michele.mancino.5","article_published_time":"2015-05-19T17:59:31+00:00","article_modified_time":"2015-05-20T05:50:30+00:00","author":"Michele Mancino","twitter_card":"summary_large_image","twitter_creator":"@micmancio","twitter_site":"@varesenews","twitter_misc":{"Scritto da":"Michele Mancino","Tempo di lettura stimato":"2 minuti"},"schema":{"@context":"https:\/\/schema.org","@graph":[{"@type":"WebPage","@id":"https:\/\/staging.varesenews.it\/2015\/05\/lu-ve-strada-spianata-per-la-quotazione\/372879\/","url":"https:\/\/staging.varesenews.it\/2015\/05\/lu-ve-strada-spianata-per-la-quotazione\/372879\/","name":"Lu-Ve, strada spianata per la quotazione","isPartOf":{"@id":"https:\/\/staging.varesenews.it\/#website"},"datePublished":"2015-05-19T17:59:31+00:00","dateModified":"2015-05-20T05:50:30+00:00","author":{"@id":"https:\/\/staging.varesenews.it\/#\/schema\/person\/308b491d3cb680ead199e5ff6c6ce540"},"description":"quotazione in borsa lu-ve spa uboldo","breadcrumb":{"@id":"https:\/\/staging.varesenews.it\/2015\/05\/lu-ve-strada-spianata-per-la-quotazione\/372879\/#breadcrumb"},"inLanguage":"it-IT","potentialAction":[{"@type":"ReadAction","target":["https:\/\/staging.varesenews.it\/2015\/05\/lu-ve-strada-spianata-per-la-quotazione\/372879\/"]}]},{"@type":"BreadcrumbList","@id":"https:\/\/staging.varesenews.it\/2015\/05\/lu-ve-strada-spianata-per-la-quotazione\/372879\/#breadcrumb","itemListElement":[{"@type":"ListItem","position":1,"name":"Home","item":"https:\/\/www.varesenews.it\/"},{"@type":"ListItem","position":2,"name":"Lu-Ve, strada spianata per la quotazione"}]},{"@type":"WebSite","@id":"https:\/\/staging.varesenews.it\/#website","url":"https:\/\/staging.varesenews.it\/","name":"VareseNews","description":"","potentialAction":[{"@type":"SearchAction","target":{"@type":"EntryPoint","urlTemplate":"https:\/\/staging.varesenews.it\/?s={search_term_string}"},"query-input":"required name=search_term_string"}],"inLanguage":"it-IT"},{"@type":"Person","@id":"https:\/\/staging.varesenews.it\/#\/schema\/person\/308b491d3cb680ead199e5ff6c6ce540","name":"Michele Mancino","image":{"@type":"ImageObject","inLanguage":"it-IT","@id":"https:\/\/staging.varesenews.it\/#\/schema\/person\/image\/","url":"https:\/\/staging.varesenews.it\/wp-content\/uploads\/2020\/12\/michele_mancino_colori_500.jpg","contentUrl":"https:\/\/staging.varesenews.it\/wp-content\/uploads\/2020\/12\/michele_mancino_colori_500.jpg","caption":"Michele Mancino"},"description":"Sono a VareseNews da prima che nascesse. Ho inserito le prime notizie in una stringa di codice html, la lingua di internet. Aprivo i computer, cambiavo schede di rete e portavo i server dal provider. A met&agrave; degli anni &rsquo;90 il giornalista online doveva saper fare anche questo. Ho vissuto gli anni drammatici della bolla speculativa di Internet e quelli entusiastici della crescita, anni in cui VareseNews era un Davide in mezzo a tanti Golia. Poi sono arrivati i social, le nuove piattaforme e soprattutto gli smartphone, una postazione di lavoro racchiusa in una mano. Una nuova rivoluzione. Insomma, &egrave; stata, ed &egrave; ancora, un&rsquo;avventura entusiasmante perch&eacute; mi insegna giorno dopo giorno che il cambiamento &egrave; l&rsquo;unica certezza di questa fragile esistenza.","sameAs":["https:\/\/www.facebook.com\/michele.mancino.5","micmancio","Aggiorna le impostazioni del tuo profilo pubblicoit.linkedin.com\/pub\/michele-mancino\/28\/b71\/890\/it","https:\/\/twitter.com\/micmancio"],"url":"https:\/\/staging.varesenews.it\/persona\/michele_mancino\/"}]}},"post_meta":{"_edit_lock":"1435696375:52","_edit_last":"45","_category_permalink":"","wdfb_og_title":"","wdfb_og_type":"","wdfb_og_description":"","wdfb_og_images":"a:1:{i:0;s:0:\"\";}","wdfb_og_custom_name":"a:1:{i:0;s:0:\"\";}","wdfb_og_custom_value":"a:1:{i:0;s:0:\"\";}","_jd_twitter":"","_jd_tweet_this":"yes","ratings_users":"0","ratings_score":"0","ratings_average":"0","foto":"454175","firma_come_redazione":"1","argomento":"Economia","_wpt_short_url":"http:\/\/www.varesenews.it\/2015\/05\/lu-ve-strada-spianata-per-la-quotazione\/372879\/","_wp_jd_target":"http:\/\/www.varesenews.it\/2015\/05\/lu-ve-strada-spianata-per-la-quotazione\/372879\/","_jd_wp_twitter":"a:1:{i:0;s:130:\"Lu-Ve, strada spianata per la quotazione http:\/\/www.varesenews.it\/2015\/05\/lu-ve-strada-spianata-per-la-quotazione\/372879\/ #luvespa\";}","_wpt_status_message":"Tweet inviato con successo.","_yoast_wpseo_focuskw":"lu-ve","_yoast_wpseo_metadesc":"quotazione in borsa lu-ve spa uboldo","_yoast_wpseo_linkdex":"80","id_leggi_anche":"371764,372884,372886,371771,34841,386498,532095,556065,556946,384049"},"photos":[{"original":"https:\/\/staging.varesenews.it\/photogallery_new\/images\/2015\/05\/lu-ve-spa-454175.jpg","full":"https:\/\/staging.varesenews.it\/photogallery_new\/images\/2015\/05\/lu-ve-spa-454175.1024x768.jpg","large":"https:\/\/staging.varesenews.it\/photogallery_new\/images\/2015\/05\/lu-ve-spa-454175.610x431.jpg"}],"_links":{"self":[{"href":"https:\/\/staging.varesenews.it\/swgapi\/v1\/wp\/v2\/posts\/372879"}],"collection":[{"href":"https:\/\/staging.varesenews.it\/swgapi\/v1\/wp\/v2\/posts"}],"about":[{"href":"https:\/\/staging.varesenews.it\/swgapi\/v1\/wp\/v2\/types\/post"}],"author":[{"embeddable":true,"href":"https:\/\/staging.varesenews.it\/swgapi\/v1\/wp\/v2\/users\/45"}],"replies":[{"embeddable":true,"href":"https:\/\/staging.varesenews.it\/swgapi\/v1\/wp\/v2\/comments?post=372879"}],"version-history":[{"count":0,"href":"https:\/\/staging.varesenews.it\/swgapi\/v1\/wp\/v2\/posts\/372879\/revisions"}],"wp:attachment":[{"href":"https:\/\/staging.varesenews.it\/swgapi\/v1\/wp\/v2\/media?parent=372879"}],"wp:term":[{"taxonomy":"category","embeddable":true,"href":"https:\/\/staging.varesenews.it\/swgapi\/v1\/wp\/v2\/categories?post=372879"},{"taxonomy":"post_tag","embeddable":true,"href":"https:\/\/staging.varesenews.it\/swgapi\/v1\/wp\/v2\/tags?post=372879"}],"curies":[{"name":"wp","href":"https:\/\/api.w.org\/{rel}","templated":true}]}}