{"id":373795,"date":"2015-05-22T14:52:05","date_gmt":"2015-05-22T12:52:05","guid":{"rendered":"http:\/\/www.varesenews.it\/?p=373795"},"modified":"2015-05-22T17:25:38","modified_gmt":"2015-05-22T15:25:38","slug":"fagioli-presenta-i-suoi-progetti-ai-commercianti","status":"publish","type":"post","link":"https:\/\/staging.varesenews.it\/2015\/05\/fagioli-presenta-i-suoi-progetti-ai-commercianti\/373795\/","title":{"rendered":"Fagioli presenta i suoi progetti ai commercianti"},"content":{"rendered":"<p><strong>Alessandro Fagioli<\/strong>, candidato sindaco per Lega Nord, Fratelli d&#8217;Italia, Saronno Protagonista e Dom\u00e0 Nunch, ha incontrato, insieme a <strong>Guido Angeli e Elisabetta Busnelli<\/strong> (SP), il direttivo dell&#8217;associazione commercianti saronnese ASCOM.<\/p>\n<p>\u00abSono stati affrontati diversi temi e problematiche inerenti alle attivit\u00e0 commerciali della nostra citt\u00e0 e tutto ci\u00f2 che vi \u00e8 correlato &#8211; spiega Fagioli -: <strong>sicurezza, viabilit\u00e0 parcheggi e ZTL, vivibilit\u00e0, immagine e decoro urbano,<\/strong> coinvolgimento delle associazioni, realizzazione di un&#8217;area feste che non sia impattante con gli esercizi della ristorazione, rivisitazione dell&#8217;area mercato, aree dismesse, mercati di quartiere, manifestazioni sportive culturali e ludiche, sostegno ai saronnesi in difficolt\u00e0, regolamentazione delle manifestazioni politiche\u00bb.<\/p>\n<p>\u00abSono onorato di essere stato accolto presso la sede di ASCOM Saronno da parte del direttivo dell&#8217;associazione &#8211; commenta il candidato sindaco -. Vi ero gi\u00e0 stato in passato q<strong>uando ricoprivo il ruolo di assessore provinciale al lavoro,<\/strong> ma in veste di candidato sindaco ha un significato diverso: offrire le esperienze maturate in ambito politico-amministrativo a pi\u00f9 stretto contatto con la propria comunit\u00e0.\u00a0Il messaggio che ho desiderato trasmettere, e sono convinto sia stato colto positivamente, \u00e8 di metodo: la volont\u00e0 di interagire con le associazioni affinch\u00e9 ogni singolo euro speso dall&#8217;amministrazione comunale<strong> sia in sintonia con le esigenze dei saronnesi,<\/strong> attraverso progetti ed iniziative organiche alla crescita del territorio. Sono soddisfatto di avere una ulteriore conferma, che le priorit\u00e0 da noi indicate nel programma amministrativo segnalateci dai cittadini, trovino riscontro positivo anche ai tavoli di pi\u00f9 alto profilo.<strong> Mi auguro che le nostre proposte siano state colte come un punto di partenza<\/strong> per una proficua collaborazione e non come un pacchetto preconfezionato del tipo &#8220;prendere o lasciare&#8221;\u00bb.<\/p>\n<p>Anche Guido Angeli commenta: \u00abSono altrettanto soddisfatto da commerciante e candidato al consiglio comunale di aver ricevuto <strong>un positivo interesse sui progetti presentati<\/strong> in particolar modo per quanto mi riguarda per il rilancio del commercio cittadino e la visibilit\u00e0 di tutte le attivit\u00e0 presenti a Saronno\u00bb.<\/p>\n","protected":false},"excerpt":{"rendered":"<p>Alessandro Fagioli, candidato sindaco per Lega Nord, Fratelli d&#8217;Italia, Saronno Protagonista e Dom\u00e0 Nunch, ha incontrato il direttivo dell&#8217;associazione commercianti saronnese Ascom<\/p>\n","protected":false},"author":51,"featured_media":0,"comment_status":"open","ping_status":"open","sticky":false,"template":"","format":"standard","meta":{"footnotes":""},"categories":[16,5],"tags":[904,44991,1926],"acf":[],"yoast_head":"<!-- This site is optimized with the Yoast SEO plugin v20.1 - https:\/\/yoast.com\/wordpress\/plugins\/seo\/ -->\n<title>Fagioli presenta i suoi progetti ai commercianti<\/title>\n<meta name=\"description\" content=\"Alessandro Fagioli, candidato sindaco per Lega Nord, Fratelli d&#039;Italia, Saronno Protagonista e Dom\u00e0 Nunch, ha incontrato il direttivo dell&#039;associazione commercianti saronnese Ascom\" \/>\n<meta name=\"robots\" content=\"noindex, follow, max-snippet:-1, max-image-preview:large, max-video-preview:-1\" \/>\n<meta property=\"og:locale\" content=\"it_IT\" \/>\n<meta property=\"og:type\" content=\"article\" \/>\n<meta property=\"og:title\" content=\"Fagioli presenta i suoi progetti ai commercianti\" \/>\n<meta property=\"og:description\" content=\"Alessandro Fagioli, candidato sindaco per Lega Nord, Fratelli d&#039;Italia, Saronno Protagonista e Dom\u00e0 Nunch, ha incontrato il direttivo dell&#039;associazione commercianti saronnese Ascom\" \/>\n<meta property=\"og:url\" content=\"https:\/\/staging.varesenews.it\/2015\/05\/fagioli-presenta-i-suoi-progetti-ai-commercianti\/373795\/\" \/>\n<meta property=\"og:site_name\" content=\"VareseNews\" \/>\n<meta property=\"article:publisher\" content=\"https:\/\/www.facebook.com\/varesenews\" \/>\n<meta property=\"article:author\" content=\"https:\/\/www.facebook.com\/manuel.sgarella\" \/>\n<meta property=\"article:published_time\" content=\"2015-05-22T12:52:05+00:00\" \/>\n<meta property=\"article:modified_time\" content=\"2015-05-22T15:25:38+00:00\" \/>\n<meta name=\"author\" content=\"Manuel Sgarella\" \/>\n<meta name=\"twitter:card\" content=\"summary_large_image\" \/>\n<meta name=\"twitter:creator\" content=\"@Sgarel\" \/>\n<meta name=\"twitter:site\" content=\"@varesenews\" \/>\n<meta name=\"twitter:label1\" content=\"Scritto da\" \/>\n\t<meta name=\"twitter:data1\" content=\"Manuel Sgarella\" \/>\n\t<meta name=\"twitter:label2\" content=\"Tempo di lettura stimato\" \/>\n\t<meta name=\"twitter:data2\" content=\"2 minuti\" \/>\n<script type=\"application\/ld+json\" class=\"yoast-schema-graph\">{\"@context\":\"https:\/\/schema.org\",\"@graph\":[{\"@type\":\"WebPage\",\"@id\":\"https:\/\/staging.varesenews.it\/2015\/05\/fagioli-presenta-i-suoi-progetti-ai-commercianti\/373795\/\",\"url\":\"https:\/\/staging.varesenews.it\/2015\/05\/fagioli-presenta-i-suoi-progetti-ai-commercianti\/373795\/\",\"name\":\"Fagioli presenta i suoi progetti ai commercianti\",\"isPartOf\":{\"@id\":\"https:\/\/staging.varesenews.it\/#website\"},\"datePublished\":\"2015-05-22T12:52:05+00:00\",\"dateModified\":\"2015-05-22T15:25:38+00:00\",\"author\":{\"@id\":\"https:\/\/staging.varesenews.it\/#\/schema\/person\/1ec987bf360cbcf5fab38b0367dbc9d4\"},\"description\":\"Alessandro Fagioli, candidato sindaco per Lega Nord, Fratelli d'Italia, Saronno Protagonista e Dom\u00e0 Nunch, ha incontrato il direttivo dell'associazione commercianti saronnese Ascom\",\"breadcrumb\":{\"@id\":\"https:\/\/staging.varesenews.it\/2015\/05\/fagioli-presenta-i-suoi-progetti-ai-commercianti\/373795\/#breadcrumb\"},\"inLanguage\":\"it-IT\",\"potentialAction\":[{\"@type\":\"ReadAction\",\"target\":[\"https:\/\/staging.varesenews.it\/2015\/05\/fagioli-presenta-i-suoi-progetti-ai-commercianti\/373795\/\"]}]},{\"@type\":\"BreadcrumbList\",\"@id\":\"https:\/\/staging.varesenews.it\/2015\/05\/fagioli-presenta-i-suoi-progetti-ai-commercianti\/373795\/#breadcrumb\",\"itemListElement\":[{\"@type\":\"ListItem\",\"position\":1,\"name\":\"Home\",\"item\":\"https:\/\/www.varesenews.it\/\"},{\"@type\":\"ListItem\",\"position\":2,\"name\":\"Fagioli presenta i suoi progetti ai commercianti\"}]},{\"@type\":\"WebSite\",\"@id\":\"https:\/\/staging.varesenews.it\/#website\",\"url\":\"https:\/\/staging.varesenews.it\/\",\"name\":\"VareseNews\",\"description\":\"\",\"potentialAction\":[{\"@type\":\"SearchAction\",\"target\":{\"@type\":\"EntryPoint\",\"urlTemplate\":\"https:\/\/staging.varesenews.it\/?s={search_term_string}\"},\"query-input\":\"required name=search_term_string\"}],\"inLanguage\":\"it-IT\"},{\"@type\":\"Person\",\"@id\":\"https:\/\/staging.varesenews.it\/#\/schema\/person\/1ec987bf360cbcf5fab38b0367dbc9d4\",\"name\":\"Manuel Sgarella\",\"image\":{\"@type\":\"ImageObject\",\"inLanguage\":\"it-IT\",\"@id\":\"https:\/\/staging.varesenews.it\/#\/schema\/person\/image\/\",\"url\":\"https:\/\/staging.varesenews.it\/wp-content\/uploads\/2020\/12\/manuel_sgarella_colori_500.jpg\",\"contentUrl\":\"https:\/\/staging.varesenews.it\/wp-content\/uploads\/2020\/12\/manuel_sgarella_colori_500.jpg\",\"caption\":\"Manuel Sgarella\"},\"description\":\"A VareseNews dal 1999, da quando ho iniziato a collaborare per la pagina del cinema. Col tempo mi sono occupato della cronaca del territorio di Saronno-Tradate e dell'organizzazione di alcuni progetti speciali di VareseNews, tra cui la produzione del film Digitalife. Dal 2009 sono giornalista professionista. Diplomato alla Civica scuola del cinema di Milano, coltivo da sempre una passione per tutto quello che &egrave; narrazione, soprattutto per film e serie tv. Dal 2014 Pubblico romanzi come autore indipendente.&nbsp;\",\"sameAs\":[\"https:\/\/www.facebook.com\/manuel.sgarella\",\"Sgarel\",\"https:\/\/twitter.com\/Sgarel\"],\"url\":\"https:\/\/staging.varesenews.it\/persona\/manuel-sgarella1\/\"}]}<\/script>\n<!-- \/ Yoast SEO plugin. -->","yoast_head_json":{"title":"Fagioli presenta i suoi progetti ai commercianti","description":"Alessandro Fagioli, candidato sindaco per Lega Nord, Fratelli d'Italia, Saronno Protagonista e Dom\u00e0 Nunch, ha incontrato il direttivo dell'associazione commercianti saronnese Ascom","robots":{"index":"noindex","follow":"follow","max-snippet":"max-snippet:-1","max-image-preview":"max-image-preview:large","max-video-preview":"max-video-preview:-1"},"og_locale":"it_IT","og_type":"article","og_title":"Fagioli presenta i suoi progetti ai commercianti","og_description":"Alessandro Fagioli, candidato sindaco per Lega Nord, Fratelli d'Italia, Saronno Protagonista e Dom\u00e0 Nunch, ha incontrato il direttivo dell'associazione commercianti saronnese Ascom","og_url":"https:\/\/staging.varesenews.it\/2015\/05\/fagioli-presenta-i-suoi-progetti-ai-commercianti\/373795\/","og_site_name":"VareseNews","article_publisher":"https:\/\/www.facebook.com\/varesenews","article_author":"https:\/\/www.facebook.com\/manuel.sgarella","article_published_time":"2015-05-22T12:52:05+00:00","article_modified_time":"2015-05-22T15:25:38+00:00","author":"Manuel Sgarella","twitter_card":"summary_large_image","twitter_creator":"@Sgarel","twitter_site":"@varesenews","twitter_misc":{"Scritto da":"Manuel Sgarella","Tempo di lettura stimato":"2 minuti"},"schema":{"@context":"https:\/\/schema.org","@graph":[{"@type":"WebPage","@id":"https:\/\/staging.varesenews.it\/2015\/05\/fagioli-presenta-i-suoi-progetti-ai-commercianti\/373795\/","url":"https:\/\/staging.varesenews.it\/2015\/05\/fagioli-presenta-i-suoi-progetti-ai-commercianti\/373795\/","name":"Fagioli presenta i suoi progetti ai commercianti","isPartOf":{"@id":"https:\/\/staging.varesenews.it\/#website"},"datePublished":"2015-05-22T12:52:05+00:00","dateModified":"2015-05-22T15:25:38+00:00","author":{"@id":"https:\/\/staging.varesenews.it\/#\/schema\/person\/1ec987bf360cbcf5fab38b0367dbc9d4"},"description":"Alessandro Fagioli, candidato sindaco per Lega Nord, Fratelli d'Italia, Saronno Protagonista e Dom\u00e0 Nunch, ha incontrato il direttivo dell'associazione commercianti saronnese Ascom","breadcrumb":{"@id":"https:\/\/staging.varesenews.it\/2015\/05\/fagioli-presenta-i-suoi-progetti-ai-commercianti\/373795\/#breadcrumb"},"inLanguage":"it-IT","potentialAction":[{"@type":"ReadAction","target":["https:\/\/staging.varesenews.it\/2015\/05\/fagioli-presenta-i-suoi-progetti-ai-commercianti\/373795\/"]}]},{"@type":"BreadcrumbList","@id":"https:\/\/staging.varesenews.it\/2015\/05\/fagioli-presenta-i-suoi-progetti-ai-commercianti\/373795\/#breadcrumb","itemListElement":[{"@type":"ListItem","position":1,"name":"Home","item":"https:\/\/www.varesenews.it\/"},{"@type":"ListItem","position":2,"name":"Fagioli presenta i suoi progetti ai commercianti"}]},{"@type":"WebSite","@id":"https:\/\/staging.varesenews.it\/#website","url":"https:\/\/staging.varesenews.it\/","name":"VareseNews","description":"","potentialAction":[{"@type":"SearchAction","target":{"@type":"EntryPoint","urlTemplate":"https:\/\/staging.varesenews.it\/?s={search_term_string}"},"query-input":"required name=search_term_string"}],"inLanguage":"it-IT"},{"@type":"Person","@id":"https:\/\/staging.varesenews.it\/#\/schema\/person\/1ec987bf360cbcf5fab38b0367dbc9d4","name":"Manuel Sgarella","image":{"@type":"ImageObject","inLanguage":"it-IT","@id":"https:\/\/staging.varesenews.it\/#\/schema\/person\/image\/","url":"https:\/\/staging.varesenews.it\/wp-content\/uploads\/2020\/12\/manuel_sgarella_colori_500.jpg","contentUrl":"https:\/\/staging.varesenews.it\/wp-content\/uploads\/2020\/12\/manuel_sgarella_colori_500.jpg","caption":"Manuel Sgarella"},"description":"A VareseNews dal 1999, da quando ho iniziato a collaborare per la pagina del cinema. Col tempo mi sono occupato della cronaca del territorio di Saronno-Tradate e dell'organizzazione di alcuni progetti speciali di VareseNews, tra cui la produzione del film Digitalife. Dal 2009 sono giornalista professionista. Diplomato alla Civica scuola del cinema di Milano, coltivo da sempre una passione per tutto quello che &egrave; narrazione, soprattutto per film e serie tv. Dal 2014 Pubblico romanzi come autore indipendente.&nbsp;","sameAs":["https:\/\/www.facebook.com\/manuel.sgarella","Sgarel","https:\/\/twitter.com\/Sgarel"],"url":"https:\/\/staging.varesenews.it\/persona\/manuel-sgarella1\/"}]}},"post_meta":{"_edit_lock":"1432308523:51","_edit_last":"51","_category_permalink":"5","ratings_users":"0","ratings_score":"0","ratings_average":"0","wdfb_og_title":"","wdfb_og_type":"","wdfb_og_description":"","wdfb_og_images":"a:1:{i:0;s:0:\"\";}","wdfb_og_custom_name":"a:1:{i:0;s:0:\"\";}","wdfb_og_custom_value":"a:1:{i:0;s:0:\"\";}","foto":"441744","argomento":"Saronno","_yoast_wpseo_focuskw":"fagioli","_yoast_wpseo_metadesc":"Alessandro Fagioli, candidato sindaco per Lega Nord, Fratelli d'Italia, Saronno Protagonista e Dom\u00e0 Nunch, ha incontrato il direttivo dell'associazione commercianti saronnese Ascom","_jd_twitter":"","_jd_tweet_this":"yes","_wpt_short_url":"http:\/\/www.varesenews.it\/2015\/05\/fagioli-presenta-i-suoi-progetti-ai-commercianti\/373795\/","_wp_jd_target":"http:\/\/www.varesenews.it\/2015\/05\/fagioli-presenta-i-suoi-progetti-ai-commercianti\/373795\/","_jd_wp_twitter":"a:1:{i:0;s:155:\"Fagioli presenta i suoi progetti ai commercianti http:\/\/www.varesenews.it\/2015\/05\/fagioli-presenta-i-suoi-progetti-ai-commercianti\/373795\/ #leganordsaronno\";}","_wpt_status_message":"Tweet inviato con successo.","_yoast_wpseo_linkdex":"74"},"photos":[{"original":"https:\/\/staging.varesenews.it\/photogallery_new\/images\/2015\/03\/alessandro-fagioli-441744.jpg","full":"https:\/\/staging.varesenews.it\/photogallery_new\/images\/2015\/03\/alessandro-fagioli-441744.1024x768.jpg","large":"https:\/\/staging.varesenews.it\/photogallery_new\/images\/2015\/03\/alessandro-fagioli-441744.610x431.jpg"}],"_links":{"self":[{"href":"https:\/\/staging.varesenews.it\/swgapi\/v1\/wp\/v2\/posts\/373795"}],"collection":[{"href":"https:\/\/staging.varesenews.it\/swgapi\/v1\/wp\/v2\/posts"}],"about":[{"href":"https:\/\/staging.varesenews.it\/swgapi\/v1\/wp\/v2\/types\/post"}],"author":[{"embeddable":true,"href":"https:\/\/staging.varesenews.it\/swgapi\/v1\/wp\/v2\/users\/51"}],"replies":[{"embeddable":true,"href":"https:\/\/staging.varesenews.it\/swgapi\/v1\/wp\/v2\/comments?post=373795"}],"version-history":[{"count":0,"href":"https:\/\/staging.varesenews.it\/swgapi\/v1\/wp\/v2\/posts\/373795\/revisions"}],"wp:attachment":[{"href":"https:\/\/staging.varesenews.it\/swgapi\/v1\/wp\/v2\/media?parent=373795"}],"wp:term":[{"taxonomy":"category","embeddable":true,"href":"https:\/\/staging.varesenews.it\/swgapi\/v1\/wp\/v2\/categories?post=373795"},{"taxonomy":"post_tag","embeddable":true,"href":"https:\/\/staging.varesenews.it\/swgapi\/v1\/wp\/v2\/tags?post=373795"}],"curies":[{"name":"wp","href":"https:\/\/api.w.org\/{rel}","templated":true}]}}