{"id":374575,"date":"2015-05-27T07:00:33","date_gmt":"2015-05-27T05:00:33","guid":{"rendered":"http:\/\/www.varesenews.it\/?p=374575"},"modified":"2015-05-25T22:25:59","modified_gmt":"2015-05-25T20:25:59","slug":"silighini-votate-e-giudicate-i-fatti-concreti","status":"publish","type":"post","link":"https:\/\/staging.varesenews.it\/2015\/05\/silighini-votate-e-giudicate-i-fatti-concreti\/374575\/","title":{"rendered":"Silighini: &#8220;Votate e giudicate i fatti concreti&#8221;"},"content":{"rendered":"<p><strong>Luciano Silighini Garagnani<\/strong> ha 39 anni, \u00e8 nato a Genova, \u00e8 sposato e ha una bambina di tre anni. Vive a Saronno dal 2008. Si occupa di produzioni cinematografiche e televisive e oggi \u00e8 il candidato sindaco della lista <strong>L&#8217;Italia che verr\u00e0.<\/strong><\/p>\n<p><strong>Perch\u00e9 ha deciso di candidarsi?<\/strong><br \/>\n\u00ab\u00c8 perch\u00e9 c&#8217;\u00e8 stata in 15 anni una totale mancanza di vicinanza tra la classe politica saronnese e i cittadini, soprattutto in qiesti 5 anni di governo Pd dove l&#8217;opposizione di Lega, Forza Italia e altre forze \u00e8 stata inesistente. Ho cercato di unire tutte le anime alternative alla sinistra dando disponibilit\u00e0 a convergere su un unico nome scelto collegialmente, ma la Saronno dei poteri forti e delle logiche di partito ha voluto una nuova divisione in quattro liste di centrodestra\u00bb.<\/p>\n<p><strong> Questo non generer\u00e0 confusione tra gli elettori?<\/strong><br \/>\n\u00abNo perch\u00e9 l&#8217;unica persone che ha fatto opposizione via alla classe politica governante ed \u00e8 stato vicino ai cittadini negli ultimi tre anni ha un nome: Luciano Silighini\u00bb.<\/p>\n<p><strong>Silighini ha voluto fare la foto di fronte all&#8217;ex centro sociale del Telos. Perch\u00e9?<\/strong><br \/>\n\u00abQuesto rappresenta il punto Unione tra Gilli e il Pd di Licata in quanto il Telos \u00e8 nato sotto il primo ed \u00e8 fiorito con il governo del Pd, rappresentando la Saronno che noi vogliamo radere al suolo\u00bb.<\/p>\n<p><strong>Per affrontare il discorso delle aree dismesse, Silighini indica una scritta su un edificio\u00a0abbandonato\u00a0di via Varese, di periodo fascista: &#8220;Questa \u00e8 l&#8217;epoca nella quale bisogna sentire l&#8217;orgoglio di vivere, di lavorare, di combattere&#8221;.<\/strong><br \/>\n\u00abQui nasceva il cuore della Saronno che lavorava e produceva, ora \u00e8 diventata il simbolo della mala politica e dell&#8217;incapacit\u00e0 di vedere verso l&#8217;avvenire. Sentire i miei sette avversari dubitare che il recupero delle aree dismesse sia necessario e utile, mi fa capire il perch\u00e9 Saronno non \u00e8 nemmeno riuscita a trarre giovamento economico e turistico dall&#8217;Expo di Milano che si fa a 10 chilometri da qui. Noi qui, con intervento dei privati creeremo un parco tematico dedicato ai bambini che porter\u00e0 a Saronno turisti, lavoro e pubblicit\u00e0. Al Matteotti creeremo nella fabbrica dismessa l&#8217;area di accoglienza turistica, la casa per le associazioni, grande aree verdi con campi da gioco per i giovani, spazi per gli anziani. Cos\u00ec la renderemo un piccolo salotto con palme e fontane che si illumineranno la notte. Nell&#8217;ex Cantoni di via Miola secondo noi sorger\u00e0 il pala concerti, una piccola Cinecitt\u00e0, una palazzina della sicurezza, tutti immersi nel verde. Un miliardo di euro di investimenti con 10 mila posti di lavoro\u00bb.<\/p>\n<p><strong>E che pagher\u00e0 questi interventi?<\/strong><br \/>\n\u00abGli investitori privati russi che ho gi\u00e0 contattato e che hanno gi\u00e0 svolto lo stesso identico progetto a San Pietroburgo, in aree della stessa superficie\u00bb.<\/p>\n<p><strong>Quanto sono importanti per il futuro amministrativo di una citt\u00e0 i Social network e la digitalizzazione?<\/strong><br \/>\n\u00abNoi creeremo una pigna Facebook, Twitter e creeremo ogni possibile metodo di comunicazione e conoscenza, nonch\u00e9 contatto tra comune e cittadini, rendendo realmente e non a parole il comune la casa del popolo saronnese. Il sindaco sar\u00e0 non il primo cittadino ma l&#8217;ultimo tra i cittadini\u00bb.<\/p>\n<p><strong>Esiste il problema sicurezza?<\/strong><br \/>\n\u00abIo ho focalizzato quasi tutta la mia attivit\u00e0 degli ultimi anni sull&#8217;emergenza sicurezza e disorganizzazione comunale. Ma questa campagna elettorale la sto incentrando sul problema che genera tutti gli altri problemi: la mala gestione economica del Comune. Se si fa circolare pi\u00f9 denaro tagliando gli sprechi, aiutando i cittadini, creando nuove attivit\u00e0 commerciali totalmente detassate, la gente esce di casa e Saronno vive. Sulla sicurezza nello specifico ricorder\u00f2 ai vigili urbani di essere innanzitutto poliziotti municipali: le multe le faranno gli ausiliari mentre gli oltre 30 vigili faranno pattugliamenti continui della citt\u00e0, coadiuvati dagli ausiliari della sicurezza, ovvero cittadini volontari arruolati in una sorta di milizia per la sicurezza cittadina. Saronno avr\u00e0 un&#8217;aria irrespirabile per delinquenti e spacciatori. Chi sbaglia o crea allarme sociale ricever\u00e0 il foglio di via e sar\u00e0 costretto a lasciare la citt\u00e0\u00bb.<\/p>\n<p><strong>Appello finale per Silighini:<\/strong><br \/>\n\u00abTutti i candidati che voi vedete o i loro candidati in consiglio, sono persone che hanno avuto responsabilit\u00e0 di governo o avevano il dovere di fare opposizione. Presentarsi come alternativa credibile per sistemare Saronno dopo anni di totale inefficienza \u00e8 ridicolo. Chi vuole realmente che Saronno risorga pu\u00f2 votare solo me. Se qualcuno vuole caricarsi dell&#8217;onere di costruire la lapide finale sotto la quale seppellire la citt\u00e0, voti pure gli altri candidati\u00bb.<\/p>\n","protected":false},"excerpt":{"rendered":"<p>Intervista a Luciano Silighini Garagnani, candidato sindaco della lista civica L&#8217;Italia che verr\u00e0<\/p>\n","protected":false},"author":51,"featured_media":0,"comment_status":"open","ping_status":"open","sticky":false,"template":"","format":"standard","meta":{"footnotes":""},"categories":[16,5],"tags":[904,44991,47978,903],"acf":[],"yoast_head":"<!-- This site is optimized with the Yoast SEO plugin v20.1 - https:\/\/yoast.com\/wordpress\/plugins\/seo\/ -->\n<title>Silighini: &quot;Votate e giudicate i fatti concreti&quot;<\/title>\n<meta name=\"description\" content=\"Intervista a Luciano Silighini Garagnani, candidato sindaco della lista civica L&#039;Italia che verr\u00e0\" \/>\n<meta name=\"robots\" content=\"noindex, follow, max-snippet:-1, max-image-preview:large, max-video-preview:-1\" \/>\n<meta property=\"og:locale\" content=\"it_IT\" \/>\n<meta property=\"og:type\" content=\"article\" \/>\n<meta property=\"og:title\" content=\"Silighini: &quot;Votate e giudicate i fatti concreti&quot;\" \/>\n<meta property=\"og:description\" content=\"Intervista a Luciano Silighini Garagnani, candidato sindaco della lista civica L&#039;Italia che verr\u00e0\" \/>\n<meta property=\"og:url\" content=\"https:\/\/staging.varesenews.it\/2015\/05\/silighini-votate-e-giudicate-i-fatti-concreti\/374575\/\" \/>\n<meta property=\"og:site_name\" content=\"VareseNews\" \/>\n<meta property=\"article:publisher\" content=\"https:\/\/www.facebook.com\/varesenews\" \/>\n<meta property=\"article:author\" content=\"https:\/\/www.facebook.com\/manuel.sgarella\" \/>\n<meta property=\"article:published_time\" content=\"2015-05-27T05:00:33+00:00\" \/>\n<meta property=\"article:modified_time\" content=\"2015-05-25T20:25:59+00:00\" \/>\n<meta name=\"author\" content=\"Manuel Sgarella\" \/>\n<meta name=\"twitter:card\" content=\"summary_large_image\" \/>\n<meta name=\"twitter:creator\" content=\"@Sgarel\" \/>\n<meta name=\"twitter:site\" content=\"@varesenews\" \/>\n<meta name=\"twitter:label1\" content=\"Scritto da\" \/>\n\t<meta name=\"twitter:data1\" content=\"Manuel Sgarella\" \/>\n\t<meta name=\"twitter:label2\" content=\"Tempo di lettura stimato\" \/>\n\t<meta name=\"twitter:data2\" content=\"4 minuti\" \/>\n<script type=\"application\/ld+json\" class=\"yoast-schema-graph\">{\"@context\":\"https:\/\/schema.org\",\"@graph\":[{\"@type\":\"WebPage\",\"@id\":\"https:\/\/staging.varesenews.it\/2015\/05\/silighini-votate-e-giudicate-i-fatti-concreti\/374575\/\",\"url\":\"https:\/\/staging.varesenews.it\/2015\/05\/silighini-votate-e-giudicate-i-fatti-concreti\/374575\/\",\"name\":\"Silighini: \\\"Votate e giudicate i fatti concreti\\\"\",\"isPartOf\":{\"@id\":\"https:\/\/staging.varesenews.it\/#website\"},\"datePublished\":\"2015-05-27T05:00:33+00:00\",\"dateModified\":\"2015-05-25T20:25:59+00:00\",\"author\":{\"@id\":\"https:\/\/staging.varesenews.it\/#\/schema\/person\/1ec987bf360cbcf5fab38b0367dbc9d4\"},\"description\":\"Intervista a Luciano Silighini Garagnani, candidato sindaco della lista civica L'Italia che verr\u00e0\",\"breadcrumb\":{\"@id\":\"https:\/\/staging.varesenews.it\/2015\/05\/silighini-votate-e-giudicate-i-fatti-concreti\/374575\/#breadcrumb\"},\"inLanguage\":\"it-IT\",\"potentialAction\":[{\"@type\":\"ReadAction\",\"target\":[\"https:\/\/staging.varesenews.it\/2015\/05\/silighini-votate-e-giudicate-i-fatti-concreti\/374575\/\"]}]},{\"@type\":\"BreadcrumbList\",\"@id\":\"https:\/\/staging.varesenews.it\/2015\/05\/silighini-votate-e-giudicate-i-fatti-concreti\/374575\/#breadcrumb\",\"itemListElement\":[{\"@type\":\"ListItem\",\"position\":1,\"name\":\"Home\",\"item\":\"https:\/\/www.varesenews.it\/\"},{\"@type\":\"ListItem\",\"position\":2,\"name\":\"Silighini: &#8220;Votate e giudicate i fatti concreti&#8221;\"}]},{\"@type\":\"WebSite\",\"@id\":\"https:\/\/staging.varesenews.it\/#website\",\"url\":\"https:\/\/staging.varesenews.it\/\",\"name\":\"VareseNews\",\"description\":\"\",\"potentialAction\":[{\"@type\":\"SearchAction\",\"target\":{\"@type\":\"EntryPoint\",\"urlTemplate\":\"https:\/\/staging.varesenews.it\/?s={search_term_string}\"},\"query-input\":\"required name=search_term_string\"}],\"inLanguage\":\"it-IT\"},{\"@type\":\"Person\",\"@id\":\"https:\/\/staging.varesenews.it\/#\/schema\/person\/1ec987bf360cbcf5fab38b0367dbc9d4\",\"name\":\"Manuel Sgarella\",\"image\":{\"@type\":\"ImageObject\",\"inLanguage\":\"it-IT\",\"@id\":\"https:\/\/staging.varesenews.it\/#\/schema\/person\/image\/\",\"url\":\"https:\/\/staging.varesenews.it\/wp-content\/uploads\/2020\/12\/manuel_sgarella_colori_500.jpg\",\"contentUrl\":\"https:\/\/staging.varesenews.it\/wp-content\/uploads\/2020\/12\/manuel_sgarella_colori_500.jpg\",\"caption\":\"Manuel Sgarella\"},\"description\":\"A VareseNews dal 1999, da quando ho iniziato a collaborare per la pagina del cinema. Col tempo mi sono occupato della cronaca del territorio di Saronno-Tradate e dell'organizzazione di alcuni progetti speciali di VareseNews, tra cui la produzione del film Digitalife. Dal 2009 sono giornalista professionista. Diplomato alla Civica scuola del cinema di Milano, coltivo da sempre una passione per tutto quello che &egrave; narrazione, soprattutto per film e serie tv. Dal 2014 Pubblico romanzi come autore indipendente.&nbsp;\",\"sameAs\":[\"https:\/\/www.facebook.com\/manuel.sgarella\",\"Sgarel\",\"https:\/\/twitter.com\/Sgarel\"],\"url\":\"https:\/\/staging.varesenews.it\/persona\/manuel-sgarella1\/\"}]}<\/script>\n<!-- \/ Yoast SEO plugin. -->","yoast_head_json":{"title":"Silighini: \"Votate e giudicate i fatti concreti\"","description":"Intervista a Luciano Silighini Garagnani, candidato sindaco della lista civica L'Italia che verr\u00e0","robots":{"index":"noindex","follow":"follow","max-snippet":"max-snippet:-1","max-image-preview":"max-image-preview:large","max-video-preview":"max-video-preview:-1"},"og_locale":"it_IT","og_type":"article","og_title":"Silighini: \"Votate e giudicate i fatti concreti\"","og_description":"Intervista a Luciano Silighini Garagnani, candidato sindaco della lista civica L'Italia che verr\u00e0","og_url":"https:\/\/staging.varesenews.it\/2015\/05\/silighini-votate-e-giudicate-i-fatti-concreti\/374575\/","og_site_name":"VareseNews","article_publisher":"https:\/\/www.facebook.com\/varesenews","article_author":"https:\/\/www.facebook.com\/manuel.sgarella","article_published_time":"2015-05-27T05:00:33+00:00","article_modified_time":"2015-05-25T20:25:59+00:00","author":"Manuel Sgarella","twitter_card":"summary_large_image","twitter_creator":"@Sgarel","twitter_site":"@varesenews","twitter_misc":{"Scritto da":"Manuel Sgarella","Tempo di lettura stimato":"4 minuti"},"schema":{"@context":"https:\/\/schema.org","@graph":[{"@type":"WebPage","@id":"https:\/\/staging.varesenews.it\/2015\/05\/silighini-votate-e-giudicate-i-fatti-concreti\/374575\/","url":"https:\/\/staging.varesenews.it\/2015\/05\/silighini-votate-e-giudicate-i-fatti-concreti\/374575\/","name":"Silighini: \"Votate e giudicate i fatti concreti\"","isPartOf":{"@id":"https:\/\/staging.varesenews.it\/#website"},"datePublished":"2015-05-27T05:00:33+00:00","dateModified":"2015-05-25T20:25:59+00:00","author":{"@id":"https:\/\/staging.varesenews.it\/#\/schema\/person\/1ec987bf360cbcf5fab38b0367dbc9d4"},"description":"Intervista a Luciano Silighini Garagnani, candidato sindaco della lista civica L'Italia che verr\u00e0","breadcrumb":{"@id":"https:\/\/staging.varesenews.it\/2015\/05\/silighini-votate-e-giudicate-i-fatti-concreti\/374575\/#breadcrumb"},"inLanguage":"it-IT","potentialAction":[{"@type":"ReadAction","target":["https:\/\/staging.varesenews.it\/2015\/05\/silighini-votate-e-giudicate-i-fatti-concreti\/374575\/"]}]},{"@type":"BreadcrumbList","@id":"https:\/\/staging.varesenews.it\/2015\/05\/silighini-votate-e-giudicate-i-fatti-concreti\/374575\/#breadcrumb","itemListElement":[{"@type":"ListItem","position":1,"name":"Home","item":"https:\/\/www.varesenews.it\/"},{"@type":"ListItem","position":2,"name":"Silighini: &#8220;Votate e giudicate i fatti concreti&#8221;"}]},{"@type":"WebSite","@id":"https:\/\/staging.varesenews.it\/#website","url":"https:\/\/staging.varesenews.it\/","name":"VareseNews","description":"","potentialAction":[{"@type":"SearchAction","target":{"@type":"EntryPoint","urlTemplate":"https:\/\/staging.varesenews.it\/?s={search_term_string}"},"query-input":"required name=search_term_string"}],"inLanguage":"it-IT"},{"@type":"Person","@id":"https:\/\/staging.varesenews.it\/#\/schema\/person\/1ec987bf360cbcf5fab38b0367dbc9d4","name":"Manuel Sgarella","image":{"@type":"ImageObject","inLanguage":"it-IT","@id":"https:\/\/staging.varesenews.it\/#\/schema\/person\/image\/","url":"https:\/\/staging.varesenews.it\/wp-content\/uploads\/2020\/12\/manuel_sgarella_colori_500.jpg","contentUrl":"https:\/\/staging.varesenews.it\/wp-content\/uploads\/2020\/12\/manuel_sgarella_colori_500.jpg","caption":"Manuel Sgarella"},"description":"A VareseNews dal 1999, da quando ho iniziato a collaborare per la pagina del cinema. Col tempo mi sono occupato della cronaca del territorio di Saronno-Tradate e dell'organizzazione di alcuni progetti speciali di VareseNews, tra cui la produzione del film Digitalife. Dal 2009 sono giornalista professionista. Diplomato alla Civica scuola del cinema di Milano, coltivo da sempre una passione per tutto quello che &egrave; narrazione, soprattutto per film e serie tv. Dal 2014 Pubblico romanzi come autore indipendente.&nbsp;","sameAs":["https:\/\/www.facebook.com\/manuel.sgarella","Sgarel","https:\/\/twitter.com\/Sgarel"],"url":"https:\/\/staging.varesenews.it\/persona\/manuel-sgarella1\/"}]}},"post_meta":{"_edit_lock":"1432613165:51","_edit_last":"51","_category_permalink":"5","wdfb_og_title":"","wdfb_og_type":"","wdfb_og_description":"","wdfb_og_images":"a:1:{i:0;s:0:\"\";}","wdfb_og_custom_name":"a:1:{i:0;s:0:\"\";}","wdfb_og_custom_value":"a:1:{i:0;s:0:\"\";}","foto":"454447","id_video":"bab9086f","argomento":"Saronno","_yoast_wpseo_focuskw":"silighini","_yoast_wpseo_metadesc":"Intervista a Luciano Silighini Garagnani, candidato sindaco della lista civica L'Italia che verr\u00e0","_jd_twitter":"","_jd_tweet_this":"yes","_yoast_wpseo_linkdex":"78","_wpt_short_url":"http:\/\/www.varesenews.it\/2015\/05\/silighini-votate-e-giudicate-i-fatti-concreti\/374575\/","_wp_jd_target":"http:\/\/www.varesenews.it\/2015\/05\/silighini-votate-e-giudicate-i-fatti-concreti\/374575\/","_jd_wp_twitter":"a:1:{i:0;s:153:\"Silighini: \"Votate e giudicate i fatti concreti\" http:\/\/www.varesenews.it\/2015\/05\/silighini-votate-e-giudicate-i-fatti-concreti\/374575\/ #litaliacheverr\u00e0\";}","_wpt_status_message":"Tweet inviato con successo.","ratings_users":"0","ratings_score":"0","ratings_average":"0","id_video_vzaar":"4497550"},"photos":[{"original":"https:\/\/staging.varesenews.it\/photogallery_new\/images\/2015\/05\/i-candidati-sindaco-di-saronno-2015-454447.jpg","full":"https:\/\/staging.varesenews.it\/photogallery_new\/images\/2015\/05\/i-candidati-sindaco-di-saronno-2015-454447.1024x768.jpg","large":"https:\/\/staging.varesenews.it\/photogallery_new\/images\/2015\/05\/i-candidati-sindaco-di-saronno-2015-454447.610x431.jpg"}],"_links":{"self":[{"href":"https:\/\/staging.varesenews.it\/swgapi\/v1\/wp\/v2\/posts\/374575"}],"collection":[{"href":"https:\/\/staging.varesenews.it\/swgapi\/v1\/wp\/v2\/posts"}],"about":[{"href":"https:\/\/staging.varesenews.it\/swgapi\/v1\/wp\/v2\/types\/post"}],"author":[{"embeddable":true,"href":"https:\/\/staging.varesenews.it\/swgapi\/v1\/wp\/v2\/users\/51"}],"replies":[{"embeddable":true,"href":"https:\/\/staging.varesenews.it\/swgapi\/v1\/wp\/v2\/comments?post=374575"}],"version-history":[{"count":0,"href":"https:\/\/staging.varesenews.it\/swgapi\/v1\/wp\/v2\/posts\/374575\/revisions"}],"wp:attachment":[{"href":"https:\/\/staging.varesenews.it\/swgapi\/v1\/wp\/v2\/media?parent=374575"}],"wp:term":[{"taxonomy":"category","embeddable":true,"href":"https:\/\/staging.varesenews.it\/swgapi\/v1\/wp\/v2\/categories?post=374575"},{"taxonomy":"post_tag","embeddable":true,"href":"https:\/\/staging.varesenews.it\/swgapi\/v1\/wp\/v2\/tags?post=374575"}],"curies":[{"name":"wp","href":"https:\/\/api.w.org\/{rel}","templated":true}]}}