{"id":376090,"date":"2015-05-29T17:16:54","date_gmt":"2015-05-29T15:16:54","guid":{"rendered":"http:\/\/www.varesenews.it\/?p=376090"},"modified":"2015-05-30T08:49:35","modified_gmt":"2015-05-30T06:49:35","slug":"un-weekend-di-rose-costine-e-fachiri","status":"publish","type":"post","link":"https:\/\/staging.varesenews.it\/2015\/05\/un-weekend-di-rose-costine-e-fachiri\/376090\/","title":{"rendered":"Un weekend di rose, costine e fachiri"},"content":{"rendered":"<p><strong>Sole e nuvole<\/strong> in un fine settimana ricco di iniziative. Con la bella stagione continuano le sagre da vivere all&#8217;aperto con iniziative per tutta la famiglia. E c&#8217;\u00e8 spazio anche per i golosi.<\/p>\n<p><strong>SAGRE E FESTE<\/strong><\/p>\n<p>E&#8217; il fine settimana in cui apre la tradizionale<strong> Festa di Erbamolle a Buguggiate,<\/strong> organizzata dall&#8217;Associazione Santacaterina APS. La festa, che continuer\u00e0 fino a domenica 14 giugno, inaugura sabato 30 alle 19 con l&#8217;apertura dello stand gastronomico. Alle 21 si balla con \u201cParole e Musica\u201d. Il giorno dopo, alle 12 ci sar\u00e0 il pranzo, alle 19 la cena e per concludere si balla con \u201cToni &amp; Max\u201d.<\/p>\n<p>Sabato 30 dalle 13 alle 20 e domenica 31 maggio 2015, dalle 10 alle 18, la splendida <strong>Villa Della Porta Bozzolo a Casalzuigno<\/strong> ospiter\u00e0 la <a href=\"http:\/\/www.varesenews.it\/2015\/05\/villa-della-porta-bozzolo-si-veste-di-rose\/375915\/\" target=\"_blank\">quarta edizione di \u201cRose di maggio\u201d<\/a>, mostra-mercato pensata dal FAI \u2013 Fondo Ambiente Italiano in onore di questo affascinante fiore, sinonimo di bellezza ed eleganza, che quest\u2019anno durer\u00e0 due giorni invece che uno, vista anche l\u2019alta affluenza di pubblico registrata nei precedenti appuntamenti.<\/p>\n<p>Alla <strong>Schiranna<\/strong>, in occasione dell\u2019apertura della Festa Democratica si terr\u00e0 il \u201c<a href=\"http:\/\/www.varesenews.it\/2015\/04\/schiranna-buskers-festival-una-serata-con-mangiafuoco-e-acrobati\/364157\/\" target=\"_blank\">Buskers Festival-il Festival degli artisti di strada\u201d<\/a>. L&#8217;appuntamento \u00e8 dalle 17 quando si esibiranno in un continuo susseguirsi di spettacoli e animazione. L\u2019area feste per l\u2019occasione si trasformer\u00e0 in un grande circo in cui per\u00f2 saranno banditi gli animali (sfruttati per spettacolo) e le vere attrazioni saranno quindi gli artisti: giocolieri, fachiri, mangiafuoco, bolle di sapone giganti, acrobati e chi pi\u00f9 ne ha pi\u00f9 ne metta.<\/p>\n<p>Torna domenica 31 maggio <strong><a href=\"http:\/\/www.varesenews.it\/2015\/05\/gelato-fiabe-e-spettacoli-una-domenica-con-un-sorriso-per-il-ponte\/375751\/\" target=\"_blank\">\u201cUn Sorriso per il Ponte\u201d <\/a><\/strong>per la gioia di tantissimi bambini e con lo scopo di sostenere la realizzazione di una casa di accoglienza per le famiglie dei bambini che devono rimanere accanto all\u2019ospedale per le terapie. Organizzata dalla fondazione Il Ponte del Sorriso Onlus in collaborazione con la Pro Loco, il Comune che quest\u2019anno ospita l\u2019edizione straordinaria di primavera della grande ludoteca all\u2019aperto, \u00e8<strong> Barasso.<\/strong><\/p>\n<p>A<strong> Travedona Monate<\/strong> <a href=\"http:\/\/www.varesenews.it\/2015\/05\/musica-e-cibo-per-le-vie-del-paese-torna-tacalaspina-2015\/373543\/\" target=\"_blank\">\u00e8 il fine settimana di Tacalaspina<\/a> con eventi per grandi e piccini. L&#8217;evento si apre infatti, con l&#8217;esibizione di Dado, clown famoso a livello internazionale ma le iniziative per i bambini saranno diverse. Tanti gli stand gastronomici. Per quanto riguarda la musica, per le strade del paese si potranno trovare artisti e band di tutti i generi. Tra questi si potr\u00e0 ascoltare la Babbutzi Orkestar con la sua musica balcanica, la Gnola Blues Band capitanata da Gnola, chitarrista di Van De Sfroos, i Briganti che faranno ballare il pubblico al ritmo della Taranta e tanti altri.<\/p>\n<p>Sabato 30 e domenica 31 maggio, al campo sportivo di <strong>Lissago<\/strong> <a href=\"http:\/\/www.varesenews.it\/2015\/05\/festa-di-primavera-tutti-a-lissago-per-il-comitato-maria-letizia-verga\/374491\/\" target=\"_blank\">si svolger\u00e0 la 36\u00b0 Festa di primavera<\/a> a favore del Il Comitato Maria Letizia Verga con tanti eventi per grandi e piccini.<\/p>\n<p><a href=\"http:\/\/www.varesenews.it\/2015\/05\/sapori-e-tradizioni-sul-lungolago-torna-luinitaly\/375181\/\" target=\"_blank\">Grande festa per Luinitaly<\/a> in programma il 30 maggio a<strong> Luino<\/strong> a partire, dalle ore 10. La citt\u00e0 si animer\u00e0 di eventi e di manifestazioni sin dalla mattinata: nel centro storico saranno presenti bancarelle con le tipicit\u00e0 del territorio come la Formaggella del Luinese, i mieli, la mela poppina, gli asparagi di Cantello, le pesche di Monate e proprio qui,le antiche corti ospiteranno le creative d\u2019arte e alcuni artisti. Nel pomeriggio eventi per i piccoli.<\/p>\n<p>Musica sport ed allegria per stare insieme e fare del bene: il 30 e 31 maggio si terr\u00e0 la sesta edizione del <strong><a href=\"http:\/\/www.varesenews.it\/2015\/05\/musica-sport-ed-allegria-torna-il-betty-boys-day\/375161\/\" target=\"_blank\">\u201cBetty Boys Day\u201d presso il parco \u201cBerrini\u201d di Ternate<\/a><\/strong>. Saranno due giornate ricche di iniziative per sostenere un ostello a Kolli Hills, in India; dove vengono accolti 57 bambini orfani garantendogli l\u2019istruzione di base e soprattutto un luogo dove crescere.<\/p>\n<p><a href=\"http:\/\/www.varesenews.it\/evento\/festa-ungherese\/\" target=\"_blank\"><strong>\u201cFesta Ungherese\u201d in programma a Cocquio Trevisago<\/strong> <\/a>sabato 30 maggio, a partire dalle ore 16. Avranno luogo laboratori per bambini (dalle ore 16), sar\u00e0 possibile cenare con le specialit\u00e0 tipiche a cominciare dal \u201cgulasch\u201d (dalle 19:30), e dalle 21 musicisti e ballerini giunti dall\u2019Ungheria proporranno canti e danze aperti a tutti.<\/p>\n<p><a href=\"http:\/\/www.varesenews.it\/evento\/costine-alla-spina-2015\/\" target=\"_blank\">\u201cCostine alla spina\u201d<\/a> da sabato 30 maggio a luned\u00ec 1 giugno a <strong>Brebbia.<\/strong><\/p>\n<p>Domenica 31 maggio<strong> <a href=\"http:\/\/www.varesenews.it\/2015\/05\/torna-bicipace-edizione-expo\/375807\/\" target=\"_blank\">torna la Bicipace,<\/a><\/strong> la pi\u00f9 grande manifestazione a pedali della Lombardia che da 33 anni percorre le strade di oltre 50 comuni tra Milano, Varese e Novara per chiedere tutela e rispetto per l\u2019ambiente, il territorio e la salute.<\/p>\n<p>Domenica 31 maggio apertura della <strong><a href=\"http:\/\/www.varesenews.it\/2015\/05\/domenica-a-quota-48-nella-grotta-remeron\/375854\/\" target=\"_blank\">Grotta Remeron di Comerio<\/a><\/strong>. Dalle ore 10.30 sar\u00e0 possibile visitare, accompagnati da una guida geologa, il percorso turistico della Grotta Remeron sino quota -48.<\/p>\n<p><a href=\"http:\/\/www.varesenews.it\/category-evento\/eventi-sagre-feste\/\" target=\"_blank\">LE ALTRE SAGRE E FESTE IN AGENDA<\/a><\/p>\n<p>GLI <a href=\"http:\/\/www.varesenews.it\/category-evento\/eventi-incontri\/\" target=\"_blank\">INCONTRI\u00a0IN AGENDA<\/a><\/p>\n<p><strong>BAMBINI<\/strong><\/p>\n<p>Domenica 31 maggio alla <strong><a href=\"http:\/\/www.varesenews.it\/2015\/05\/festa-di-primavera-al-castello-tra-libri-e-fiabe-nel-bosco\/375746\/\" target=\"_blank\">Fonderia delle arti di Malnate<\/a><\/strong>, si festeggia la primavera con libri, fiabe nel bosco, laboratori creativi e merenda per tutti i bambini nella bella cornice del Castello al Parco I Maggio. <a href=\"http:\/\/www.varesenews.it\/2015\/05\/festa-di-primavera-al-castello-tra-libri-e-fiabe-nel-bosco\/375746\/\">Per i grandi <strong>mercatino del libro usato<\/strong><\/a> con tantissimi volumi in vendita a prezzo simbolico.<\/p>\n<p>Un incontro dell\u2019associazione Il magazzino, a<strong> Varese<\/strong>, in via Armellini 31, proprio sotto la torre di Velate. Si chiama <a href=\"http:\/\/www.varesenews.it\/2015\/05\/375034\/375034\/\" target=\"_blank\">\u201cFavole sull\u2019erba, letture e suggestioni dal mondo dell\u2019infanzia\u201d<\/a>. E\u2019 dedicato a spettatori da 0 a 100 anni, sabato 6 giugno 2015 alle 16 e 30. I protagonisti saranno Michele Giuriola, Silvia Bernardi e Filippo Massaro del Gruppo Teatrale \u00d3rama.<\/p>\n<p>La <a href=\"http:\/\/www.varesenews.it\/2015\/05\/l-ponte-del-2-giugno-a-casa-pogliaghi\/375902\/\" target=\"_blank\"><strong>Casa Museo Lodovico Pogliaghi<\/strong> festeggia la Festa della Repubblica con un weekend di apertura continuata<\/a>: la casa museo sar\u00e0 aperta non solo sabato e domenica \u2013 come di consueto \u2013 ma anche luned\u00ec 1 e marted\u00ec 2 giugno dalle 10 alle 18. Durante l\u2019intero orario d\u2019apertura sar\u00e0 attivo il servizio di visite guidate incluse nel biglietto.<\/p>\n<p>GLI ALTRI <a href=\"http:\/\/www.varesenews.it\/category-evento\/eventi-bambini\/\" target=\"_blank\">EVENTI PER BAMBINI IN PROVINCIA<\/a><\/p>\n<p><strong>SPETTACOLI<\/strong><\/p>\n<p>Al<strong> <a href=\"http:\/\/www.varesenews.it\/2015\/05\/dj-set-black-eyed-dog-e-vincenzo-fasano-per-il-fine-settimana-al-twiggy\/374536\/\" target=\"_blank\">Twiggy Caff\u00e8 di Varese,<\/a> <\/strong>sabato 30 maggio la serata \u00e8 con Black Eyed Dog. Dopo aver concluso un lungo tour in Germania di spalla al cantautore americano Rocky Votolato, i Black Eyed Dog fanno tappa al Twiggy per la loro prima data italiana di presentazione del nuovo album Kill Me Twice.<br \/>\nDomenica 31 maggio \u00e8 dedicato al cantautorato con Vincenzo Fasano (ore 21:30, ingresso libero). La sua musica \u00e8 fortemente influenzata dalla mescolanza di culture, di Nord e Sud e dalle esperienze che hanno accompagnato le sue origini.<\/p>\n<p>A <strong>Besozzo<\/strong> continua<a href=\"http:\/\/www.varesenews.it\/2015\/05\/veronica-the-red-wine-serenaders-aprono-gli-appuntamenti-in-blues-di-besozzo-in-aria\/375012\/\" target=\"_blank\"> il festival \u201cBesozzo in Aria\u201d<\/a> e in programma ci sono tanti eventi musicali. Il 29 maggio nella corte del Comune di Besozzo (dalle 21.00 ingresso libero) ci sar\u00e0 Veronica &amp; The Red Wine Serenaders ormai considerati la punta di diamante in Europa di quel filone musicale che va sotto il generico nome di Old Time Music. Il 31 maggio invece, ci sar\u00e0 Watermelon Slim e Jaime Dolce&#8217;s Innersole. Il primo giugno Treves Blues Band, special guest Guitar Ray &amp; Gab D. Apertura di Luca Pedroni.<\/p>\n<p>Torna <a href=\"http:\/\/www.varesenews.it\/evento\/montonight-2015\/\" target=\"_blank\">Montonate Night<\/a>: il tradizionale panzerotto non manca ma ci sono anche concerti live. Uniposka e ArticoloJ venerd\u00ec.\u00a0\u00a0Sabato GliSplendidi: primo gruppo in Italia tributo a Jovanotti.<\/p>\n<p>A <strong>Legnano<\/strong> c&#8217;\u00e8 il <a href=\"http:\/\/www.varesenews.it\/evento\/palio-di-legnano\/\" target=\"_blank\">Palio di Legnano<\/a>, la tradizionale sfilata con 1100 figuranti per le vie della citt\u00e0 a partire dalle 15 e a seguire la corsa con cavalli e fantini delle <a href=\"http:\/\/www.varesenews.it\/tag\/palio-di-legnano-2015\/\" target=\"_blank\">8 contrade<\/a> allo stadio.<\/p>\n<p><strong>MOSTRE<\/strong><\/p>\n<p>Sar\u00e0 un pomeriggio ricco di iniziative <a href=\"http:\/\/www.varesenews.it\/2015\/05\/la-festa-di-fineanno-e-al-maga\/375926\/\" target=\"_blank\">quello che attende i visitatori e gli amici del MA*GA di<strong> Gallarate.<\/strong><\/a> Sabato 30 maggio 2015, infatti, si terr\u00e0 la festa di #fineanno. Si parte alle 15, con le visite guidate alla mostra Missoni, l\u2019arte, il colore, in programma fino all\u20198 novembre, a cura degli studenti del Liceo Classico Crespi di Busto Arsizio. Alle ore 16.30 s\u2019inaugurer\u00e0 la mostra, curata dal Dipartimento Educativo del museo, che presenta i progetti, realizzati durante gli stage dell\u2019Alternanza Scuola-Lavoro in collaborazione con i Licei Artistico, Coreutico e Classico di Busto Arsizio e il Liceo Artistico di Varese.<\/p>\n<p>Inaugura domani, venerd\u00ec 29 maggio, alle ore 18.00, <strong>al Castello di Masnago<\/strong>, <a href=\"http:\/\/www.varesenews.it\/2015\/05\/arte-ed-expo-al-castello-di-masnago-espongono-i-liberi-artisti\/375674\/\" target=\"_blank\">la mostra Artexpo,<\/a> nata da una collaborazione tra l\u2019Amministrazione Comunale di Varese, che ha messo a disposizione la prestigiosa sede museale del Castello, e l\u2019Associazione Liberi Artisti della Provincia di Varese.<\/p>\n<p>LE <a href=\"http:\/\/www.varesenews.it\/category-evento\/eventi-mostre\/\" target=\"_blank\">ALTRE MOSTRE IN AGENDA<\/a><\/p>\n","protected":false},"excerpt":{"rendered":"<p>Fine settimana ricco di iniziative per tutta la famiglia, tra sagre e spettacoli <\/p>\n","protected":false},"author":32,"featured_media":0,"comment_status":"open","ping_status":"open","sticky":false,"template":"","format":"standard","meta":{"footnotes":""},"categories":[4,3,5,21,2],"tags":[1228,183,158],"acf":[],"yoast_head":"<!-- This site is optimized with the Yoast SEO plugin v20.1 - https:\/\/yoast.com\/wordpress\/plugins\/seo\/ -->\n<title>Un weekend di rose, costine e fachiri<\/title>\n<meta name=\"description\" content=\"Fine settimana ricco di iniziative per tutta la famiglia, tra sagre e spettacoli\" \/>\n<meta name=\"robots\" content=\"noindex, follow, max-snippet:-1, max-image-preview:large, max-video-preview:-1\" \/>\n<meta property=\"og:locale\" content=\"it_IT\" \/>\n<meta property=\"og:type\" content=\"article\" \/>\n<meta property=\"og:title\" content=\"Un weekend di rose, costine e fachiri\" \/>\n<meta property=\"og:description\" content=\"Fine settimana ricco di iniziative per tutta la famiglia, tra sagre e spettacoli\" \/>\n<meta property=\"og:url\" content=\"https:\/\/staging.varesenews.it\/2015\/05\/un-weekend-di-rose-costine-e-fachiri\/376090\/\" \/>\n<meta property=\"og:site_name\" content=\"VareseNews\" \/>\n<meta property=\"article:publisher\" content=\"https:\/\/www.facebook.com\/varesenews\" \/>\n<meta property=\"article:published_time\" content=\"2015-05-29T15:16:54+00:00\" \/>\n<meta property=\"article:modified_time\" content=\"2015-05-30T06:49:35+00:00\" \/>\n<meta name=\"author\" content=\"Adelia Brigo\" \/>\n<meta name=\"twitter:card\" content=\"summary_large_image\" \/>\n<meta name=\"twitter:creator\" content=\"@AdeliaBrigo\" \/>\n<meta name=\"twitter:site\" content=\"@varesenews\" \/>\n<meta name=\"twitter:label1\" content=\"Scritto da\" \/>\n\t<meta name=\"twitter:data1\" content=\"Adelia Brigo\" \/>\n\t<meta name=\"twitter:label2\" content=\"Tempo di lettura stimato\" \/>\n\t<meta name=\"twitter:data2\" content=\"6 minuti\" \/>\n<script type=\"application\/ld+json\" class=\"yoast-schema-graph\">{\"@context\":\"https:\/\/schema.org\",\"@graph\":[{\"@type\":\"WebPage\",\"@id\":\"https:\/\/staging.varesenews.it\/2015\/05\/un-weekend-di-rose-costine-e-fachiri\/376090\/\",\"url\":\"https:\/\/staging.varesenews.it\/2015\/05\/un-weekend-di-rose-costine-e-fachiri\/376090\/\",\"name\":\"Un weekend di rose, costine e fachiri\",\"isPartOf\":{\"@id\":\"https:\/\/staging.varesenews.it\/#website\"},\"datePublished\":\"2015-05-29T15:16:54+00:00\",\"dateModified\":\"2015-05-30T06:49:35+00:00\",\"author\":{\"@id\":\"https:\/\/staging.varesenews.it\/#\/schema\/person\/272ac0f5b2dbfd572218c2d86e013f1a\"},\"description\":\"Fine settimana ricco di iniziative per tutta la famiglia, tra sagre e spettacoli\",\"breadcrumb\":{\"@id\":\"https:\/\/staging.varesenews.it\/2015\/05\/un-weekend-di-rose-costine-e-fachiri\/376090\/#breadcrumb\"},\"inLanguage\":\"it-IT\",\"potentialAction\":[{\"@type\":\"ReadAction\",\"target\":[\"https:\/\/staging.varesenews.it\/2015\/05\/un-weekend-di-rose-costine-e-fachiri\/376090\/\"]}]},{\"@type\":\"BreadcrumbList\",\"@id\":\"https:\/\/staging.varesenews.it\/2015\/05\/un-weekend-di-rose-costine-e-fachiri\/376090\/#breadcrumb\",\"itemListElement\":[{\"@type\":\"ListItem\",\"position\":1,\"name\":\"Home\",\"item\":\"https:\/\/www.varesenews.it\/\"},{\"@type\":\"ListItem\",\"position\":2,\"name\":\"Un weekend di rose, costine e fachiri\"}]},{\"@type\":\"WebSite\",\"@id\":\"https:\/\/staging.varesenews.it\/#website\",\"url\":\"https:\/\/staging.varesenews.it\/\",\"name\":\"VareseNews\",\"description\":\"\",\"potentialAction\":[{\"@type\":\"SearchAction\",\"target\":{\"@type\":\"EntryPoint\",\"urlTemplate\":\"https:\/\/staging.varesenews.it\/?s={search_term_string}\"},\"query-input\":\"required name=search_term_string\"}],\"inLanguage\":\"it-IT\"},{\"@type\":\"Person\",\"@id\":\"https:\/\/staging.varesenews.it\/#\/schema\/person\/272ac0f5b2dbfd572218c2d86e013f1a\",\"name\":\"Adelia Brigo\",\"image\":{\"@type\":\"ImageObject\",\"inLanguage\":\"it-IT\",\"@id\":\"https:\/\/staging.varesenews.it\/#\/schema\/person\/image\/\",\"url\":\"https:\/\/staging.varesenews.it\/wp-content\/uploads\/2020\/12\/adelia_brigo_colori_500.jpg\",\"contentUrl\":\"https:\/\/staging.varesenews.it\/wp-content\/uploads\/2020\/12\/adelia_brigo_colori_500.jpg\",\"caption\":\"Adelia Brigo\"},\"description\":\"Giornalista pubblicista, lavoro a VareseNews dal 2007 e mi occupo di cronaca locale e del settore dedicato alla cultura. In questi anni ho seguito diversi progetti di comunicazione, amo sperimentare strategie per i Social Network e raccontare storie. Varesina, classe 1984, sono laureata in Scienze della Comunicazione.&nbsp;\",\"sameAs\":[\"AdeliaBrigo\",\"https:\/\/twitter.com\/AdeliaBrigo\"],\"url\":\"https:\/\/staging.varesenews.it\/persona\/adelia_brigo\/\"}]}<\/script>\n<!-- \/ Yoast SEO plugin. -->","yoast_head_json":{"title":"Un weekend di rose, costine e fachiri","description":"Fine settimana ricco di iniziative per tutta la famiglia, tra sagre e spettacoli","robots":{"index":"noindex","follow":"follow","max-snippet":"max-snippet:-1","max-image-preview":"max-image-preview:large","max-video-preview":"max-video-preview:-1"},"og_locale":"it_IT","og_type":"article","og_title":"Un weekend di rose, costine e fachiri","og_description":"Fine settimana ricco di iniziative per tutta la famiglia, tra sagre e spettacoli","og_url":"https:\/\/staging.varesenews.it\/2015\/05\/un-weekend-di-rose-costine-e-fachiri\/376090\/","og_site_name":"VareseNews","article_publisher":"https:\/\/www.facebook.com\/varesenews","article_published_time":"2015-05-29T15:16:54+00:00","article_modified_time":"2015-05-30T06:49:35+00:00","author":"Adelia Brigo","twitter_card":"summary_large_image","twitter_creator":"@AdeliaBrigo","twitter_site":"@varesenews","twitter_misc":{"Scritto da":"Adelia Brigo","Tempo di lettura stimato":"6 minuti"},"schema":{"@context":"https:\/\/schema.org","@graph":[{"@type":"WebPage","@id":"https:\/\/staging.varesenews.it\/2015\/05\/un-weekend-di-rose-costine-e-fachiri\/376090\/","url":"https:\/\/staging.varesenews.it\/2015\/05\/un-weekend-di-rose-costine-e-fachiri\/376090\/","name":"Un weekend di rose, costine e fachiri","isPartOf":{"@id":"https:\/\/staging.varesenews.it\/#website"},"datePublished":"2015-05-29T15:16:54+00:00","dateModified":"2015-05-30T06:49:35+00:00","author":{"@id":"https:\/\/staging.varesenews.it\/#\/schema\/person\/272ac0f5b2dbfd572218c2d86e013f1a"},"description":"Fine settimana ricco di iniziative per tutta la famiglia, tra sagre e spettacoli","breadcrumb":{"@id":"https:\/\/staging.varesenews.it\/2015\/05\/un-weekend-di-rose-costine-e-fachiri\/376090\/#breadcrumb"},"inLanguage":"it-IT","potentialAction":[{"@type":"ReadAction","target":["https:\/\/staging.varesenews.it\/2015\/05\/un-weekend-di-rose-costine-e-fachiri\/376090\/"]}]},{"@type":"BreadcrumbList","@id":"https:\/\/staging.varesenews.it\/2015\/05\/un-weekend-di-rose-costine-e-fachiri\/376090\/#breadcrumb","itemListElement":[{"@type":"ListItem","position":1,"name":"Home","item":"https:\/\/www.varesenews.it\/"},{"@type":"ListItem","position":2,"name":"Un weekend di rose, costine e fachiri"}]},{"@type":"WebSite","@id":"https:\/\/staging.varesenews.it\/#website","url":"https:\/\/staging.varesenews.it\/","name":"VareseNews","description":"","potentialAction":[{"@type":"SearchAction","target":{"@type":"EntryPoint","urlTemplate":"https:\/\/staging.varesenews.it\/?s={search_term_string}"},"query-input":"required name=search_term_string"}],"inLanguage":"it-IT"},{"@type":"Person","@id":"https:\/\/staging.varesenews.it\/#\/schema\/person\/272ac0f5b2dbfd572218c2d86e013f1a","name":"Adelia Brigo","image":{"@type":"ImageObject","inLanguage":"it-IT","@id":"https:\/\/staging.varesenews.it\/#\/schema\/person\/image\/","url":"https:\/\/staging.varesenews.it\/wp-content\/uploads\/2020\/12\/adelia_brigo_colori_500.jpg","contentUrl":"https:\/\/staging.varesenews.it\/wp-content\/uploads\/2020\/12\/adelia_brigo_colori_500.jpg","caption":"Adelia Brigo"},"description":"Giornalista pubblicista, lavoro a VareseNews dal 2007 e mi occupo di cronaca locale e del settore dedicato alla cultura. In questi anni ho seguito diversi progetti di comunicazione, amo sperimentare strategie per i Social Network e raccontare storie. Varesina, classe 1984, sono laureata in Scienze della Comunicazione.&nbsp;","sameAs":["AdeliaBrigo","https:\/\/twitter.com\/AdeliaBrigo"],"url":"https:\/\/staging.varesenews.it\/persona\/adelia_brigo\/"}]}},"post_meta":{"_edit_lock":"1432988072:44","_edit_last":"44","ratings_users":"0","ratings_score":"0","ratings_average":"0","_category_permalink":"","wdfb_og_title":"","wdfb_og_type":"","wdfb_og_description":"","wdfb_og_images":"a:1:{i:0;s:0:\"\";}","wdfb_og_custom_name":"a:1:{i:0;s:0:\"\";}","wdfb_og_custom_value":"a:1:{i:0;s:0:\"\";}","foto":"455727","firma_come_redazione":"1","argomento":"Cosa fare nel weekend","_jd_twitter":"","_jd_tweet_this":"yes","_wpt_short_url":"http:\/\/www.varesenews.it\/2015\/05\/un-weekend-di-rose-costine-e-fachiri\/376090\/","_wp_jd_target":"http:\/\/www.varesenews.it\/2015\/05\/un-weekend-di-rose-costine-e-fachiri\/376090\/","_jd_wp_twitter":"a:1:{i:0;s:134:\"Un weekend di rose, costine e fachiri http:\/\/www.varesenews.it\/2015\/05\/un-weekend-di-rose-costine-e-fachiri\/376090\/ #incontri #weekend\";}","_wpt_status_message":"Tweet inviato con successo."},"photos":[{"original":"https:\/\/staging.varesenews.it\/photogallery_new\/images\/2015\/05\/la-festa-delle-rose-455727.jpg","full":"https:\/\/staging.varesenews.it\/photogallery_new\/images\/2015\/05\/la-festa-delle-rose-455727.1024x768.jpg","large":"https:\/\/staging.varesenews.it\/photogallery_new\/images\/2015\/05\/la-festa-delle-rose-455727.610x431.jpg"}],"_links":{"self":[{"href":"https:\/\/staging.varesenews.it\/swgapi\/v1\/wp\/v2\/posts\/376090"}],"collection":[{"href":"https:\/\/staging.varesenews.it\/swgapi\/v1\/wp\/v2\/posts"}],"about":[{"href":"https:\/\/staging.varesenews.it\/swgapi\/v1\/wp\/v2\/types\/post"}],"author":[{"embeddable":true,"href":"https:\/\/staging.varesenews.it\/swgapi\/v1\/wp\/v2\/users\/32"}],"replies":[{"embeddable":true,"href":"https:\/\/staging.varesenews.it\/swgapi\/v1\/wp\/v2\/comments?post=376090"}],"version-history":[{"count":0,"href":"https:\/\/staging.varesenews.it\/swgapi\/v1\/wp\/v2\/posts\/376090\/revisions"}],"wp:attachment":[{"href":"https:\/\/staging.varesenews.it\/swgapi\/v1\/wp\/v2\/media?parent=376090"}],"wp:term":[{"taxonomy":"category","embeddable":true,"href":"https:\/\/staging.varesenews.it\/swgapi\/v1\/wp\/v2\/categories?post=376090"},{"taxonomy":"post_tag","embeddable":true,"href":"https:\/\/staging.varesenews.it\/swgapi\/v1\/wp\/v2\/tags?post=376090"}],"curies":[{"name":"wp","href":"https:\/\/api.w.org\/{rel}","templated":true}]}}