{"id":376358,"date":"2015-05-31T10:02:41","date_gmt":"2015-05-31T08:02:41","guid":{"rendered":"http:\/\/www.varesenews.it\/?p=376358"},"modified":"2015-05-31T10:02:41","modified_gmt":"2015-05-31T08:02:41","slug":"anche-degradi-resta-alla-unendo-yamamay","status":"publish","type":"post","link":"https:\/\/staging.varesenews.it\/2015\/05\/anche-degradi-resta-alla-unendo-yamamay\/376358\/","title":{"rendered":"Anche Degradi resta alla Unendo Yamamay"},"content":{"rendered":"<p class=\"p1\"><b>Nei progetti della Futura 2.0 c\u2019\u00e8 anche Alice Degradi<\/b>, una delle pi\u00f9 belle sorprese della stagione appena conclusa e fortemente voluta anche da coach Mencarelli.<\/p>\n<p class=\"p1\">Alice \u00e8 stata sempre pronta quando chiamata in causa durante i match di campionato e Champions League e questo le \u00e8 valso anche la convocazione con la <b>nazionale Under 20<\/b>, con la quale parteciper\u00e0 al <b>Campionato del Mondo<\/b> di categoria che si giocher\u00e0 <b>a Portorico dal 3 al 12 luglio<\/b>.<\/p>\n<p class=\"p1\">\u00ab<b>La riconferma \u00e8 per me motivo di grande orgoglio<\/b>, ringrazio la societ\u00e0 che ha riposto ancora in me la sua fiducia. Giocare qui per me \u00e8 importante perch\u00e9 qui sono cresciuta e perch\u00e9 sono sicura che questo sia <b>l&#8217;ambiente ideale per fare pallavolo<\/b>, probabilmente il migliore in Italia\u00bb.<\/p>\n<p class=\"p1\">Le prime parole di Alice dopo aver avuto la conferma da parte della societ\u00e0. \u00abMi piace il nuovo progetto di rinnovamento e sono fiera di farne parte. Ho sentito le parole di Marco Mencarelli che prospetta tanto lavoro e tanti allenamenti: per me \u00e8 il massimo, <b>io sono fatta per stare in palestra e sudare per migliorarmi<\/b>. Dopo la scorsa stagione, nonostante il risultato eccezionale dell&#8217;argento di Champions, \u00e8 rimasto un po&#8217; di rammarico per essere uscite cos\u00ec presto dai playoff scudetto: sento dentro tanto <b>desiderio di rivincita e voglia di impegnarmi<\/b> nella nuova avventura. Credo che <b>dovremo avere tutte entusiasmo e voglia di vincere<\/b>, dare sempre il meglio di noi stesse per raggiungere i nostri obiettivi. L&#8217;esperienza di Casalmaggiore di quest&#8217;anno insegna molto a riguardo\u00bb.<\/p>\n<p class=\"p1\">Ma la giovane Alice adesso \u00e8 impegnata per raggiungere un traguardo importante: \u201cOra torno a studiare, perch\u00e9 <b>mi aspetta la maturit\u00e0 a scuola, ma poi la mia testa sar\u00e0 ancora tutta sulla pallavolo<\/b>&#8220;.<\/p>\n","protected":false},"excerpt":{"rendered":"<p>Dopo Giulia Pisani, anche la Degradi viene riconfermata: \u00abLa riconferma \u00e8 per me motivo di grande orgoglio\u00bb<\/p>\n","protected":false},"author":37,"featured_media":0,"comment_status":"open","ping_status":"open","sticky":false,"template":"","format":"standard","meta":{"footnotes":""},"categories":[14],"tags":[41253,1156],"acf":[],"yoast_head":"<!-- This site is optimized with the Yoast SEO plugin v20.1 - https:\/\/yoast.com\/wordpress\/plugins\/seo\/ -->\n<title>Anche Degradi resta alla Unendo Yamamay<\/title>\n<meta name=\"description\" content=\"Dopo Giulia Pisani, anche la Degradi viene riconfermata: \u00abLa riconferma \u00e8 per me motivo di grande orgoglio\u00bb\" \/>\n<meta name=\"robots\" content=\"noindex, follow, max-snippet:-1, max-image-preview:large, max-video-preview:-1\" \/>\n<meta property=\"og:locale\" content=\"it_IT\" \/>\n<meta property=\"og:type\" content=\"article\" \/>\n<meta property=\"og:title\" content=\"Anche Degradi resta alla Unendo Yamamay\" \/>\n<meta property=\"og:description\" content=\"Dopo Giulia Pisani, anche la Degradi viene riconfermata: \u00abLa riconferma \u00e8 per me motivo di grande orgoglio\u00bb\" \/>\n<meta property=\"og:url\" content=\"https:\/\/staging.varesenews.it\/2015\/05\/anche-degradi-resta-alla-unendo-yamamay\/376358\/\" \/>\n<meta property=\"og:site_name\" content=\"VareseNews\" \/>\n<meta property=\"article:publisher\" content=\"https:\/\/www.facebook.com\/varesenews\" \/>\n<meta property=\"article:published_time\" content=\"2015-05-31T08:02:41+00:00\" \/>\n<meta name=\"author\" content=\"Francesco Mazzoleni\" \/>\n<meta name=\"twitter:card\" content=\"summary_large_image\" \/>\n<meta name=\"twitter:creator\" content=\"@fmazzof\" \/>\n<meta name=\"twitter:site\" content=\"@varesenews\" \/>\n<meta name=\"twitter:label1\" content=\"Scritto da\" \/>\n\t<meta name=\"twitter:data1\" content=\"Francesco Mazzoleni\" \/>\n\t<meta name=\"twitter:label2\" content=\"Tempo di lettura stimato\" \/>\n\t<meta name=\"twitter:data2\" content=\"1 minuto\" \/>\n<script type=\"application\/ld+json\" class=\"yoast-schema-graph\">{\"@context\":\"https:\/\/schema.org\",\"@graph\":[{\"@type\":\"WebPage\",\"@id\":\"https:\/\/staging.varesenews.it\/2015\/05\/anche-degradi-resta-alla-unendo-yamamay\/376358\/\",\"url\":\"https:\/\/staging.varesenews.it\/2015\/05\/anche-degradi-resta-alla-unendo-yamamay\/376358\/\",\"name\":\"Anche Degradi resta alla Unendo Yamamay\",\"isPartOf\":{\"@id\":\"https:\/\/staging.varesenews.it\/#website\"},\"datePublished\":\"2015-05-31T08:02:41+00:00\",\"dateModified\":\"2015-05-31T08:02:41+00:00\",\"author\":{\"@id\":\"https:\/\/staging.varesenews.it\/#\/schema\/person\/e82236e79160d30d4e1f942004ac3038\"},\"description\":\"Dopo Giulia Pisani, anche la Degradi viene riconfermata: \u00abLa riconferma \u00e8 per me motivo di grande orgoglio\u00bb\",\"breadcrumb\":{\"@id\":\"https:\/\/staging.varesenews.it\/2015\/05\/anche-degradi-resta-alla-unendo-yamamay\/376358\/#breadcrumb\"},\"inLanguage\":\"it-IT\",\"potentialAction\":[{\"@type\":\"ReadAction\",\"target\":[\"https:\/\/staging.varesenews.it\/2015\/05\/anche-degradi-resta-alla-unendo-yamamay\/376358\/\"]}]},{\"@type\":\"BreadcrumbList\",\"@id\":\"https:\/\/staging.varesenews.it\/2015\/05\/anche-degradi-resta-alla-unendo-yamamay\/376358\/#breadcrumb\",\"itemListElement\":[{\"@type\":\"ListItem\",\"position\":1,\"name\":\"Home\",\"item\":\"https:\/\/www.varesenews.it\/\"},{\"@type\":\"ListItem\",\"position\":2,\"name\":\"Anche Degradi resta alla Unendo Yamamay\"}]},{\"@type\":\"WebSite\",\"@id\":\"https:\/\/staging.varesenews.it\/#website\",\"url\":\"https:\/\/staging.varesenews.it\/\",\"name\":\"VareseNews\",\"description\":\"\",\"potentialAction\":[{\"@type\":\"SearchAction\",\"target\":{\"@type\":\"EntryPoint\",\"urlTemplate\":\"https:\/\/staging.varesenews.it\/?s={search_term_string}\"},\"query-input\":\"required name=search_term_string\"}],\"inLanguage\":\"it-IT\"},{\"@type\":\"Person\",\"@id\":\"https:\/\/staging.varesenews.it\/#\/schema\/person\/e82236e79160d30d4e1f942004ac3038\",\"name\":\"Francesco Mazzoleni\",\"image\":{\"@type\":\"ImageObject\",\"inLanguage\":\"it-IT\",\"@id\":\"https:\/\/staging.varesenews.it\/#\/schema\/person\/image\/\",\"url\":\"https:\/\/staging.varesenews.it\/wp-content\/uploads\/2020\/12\/francesco_mazzoleni_colori_500-1.jpg\",\"contentUrl\":\"https:\/\/staging.varesenews.it\/wp-content\/uploads\/2020\/12\/francesco_mazzoleni_colori_500-1.jpg\",\"caption\":\"Francesco Mazzoleni\"},\"description\":\"\\\"Uomo di campo\\\" della redazione sportiva. Nutro una vera passione per il calcio, che sia ad alti livelli, sui campi di provincia o in altri continenti. Sono nato a Varese nel 1984, vivo da sempre a Malnate e ho una laurea in Scienze Motorie. Ho mosso i primi passi a VareseNews da stagista nel 2002; nel 2008 ho iniziato a collaborare con maggiore continuit\u00e0 e dal 2018 sono giornalista professionista. Orgoglioso pap\u00e0 di Federico e Adelaide.\",\"sameAs\":[\"fmazzof\",\"it.linkedin.com\/in\/francescomazzolenif\",\"https:\/\/twitter.com\/fmazzof\"],\"url\":\"https:\/\/staging.varesenews.it\/persona\/francesco_mazzoleniferracini\/\"}]}<\/script>\n<!-- \/ Yoast SEO plugin. -->","yoast_head_json":{"title":"Anche Degradi resta alla Unendo Yamamay","description":"Dopo Giulia Pisani, anche la Degradi viene riconfermata: \u00abLa riconferma \u00e8 per me motivo di grande orgoglio\u00bb","robots":{"index":"noindex","follow":"follow","max-snippet":"max-snippet:-1","max-image-preview":"max-image-preview:large","max-video-preview":"max-video-preview:-1"},"og_locale":"it_IT","og_type":"article","og_title":"Anche Degradi resta alla Unendo Yamamay","og_description":"Dopo Giulia Pisani, anche la Degradi viene riconfermata: \u00abLa riconferma \u00e8 per me motivo di grande orgoglio\u00bb","og_url":"https:\/\/staging.varesenews.it\/2015\/05\/anche-degradi-resta-alla-unendo-yamamay\/376358\/","og_site_name":"VareseNews","article_publisher":"https:\/\/www.facebook.com\/varesenews","article_published_time":"2015-05-31T08:02:41+00:00","author":"Francesco Mazzoleni","twitter_card":"summary_large_image","twitter_creator":"@fmazzof","twitter_site":"@varesenews","twitter_misc":{"Scritto da":"Francesco Mazzoleni","Tempo di lettura stimato":"1 minuto"},"schema":{"@context":"https:\/\/schema.org","@graph":[{"@type":"WebPage","@id":"https:\/\/staging.varesenews.it\/2015\/05\/anche-degradi-resta-alla-unendo-yamamay\/376358\/","url":"https:\/\/staging.varesenews.it\/2015\/05\/anche-degradi-resta-alla-unendo-yamamay\/376358\/","name":"Anche Degradi resta alla Unendo Yamamay","isPartOf":{"@id":"https:\/\/staging.varesenews.it\/#website"},"datePublished":"2015-05-31T08:02:41+00:00","dateModified":"2015-05-31T08:02:41+00:00","author":{"@id":"https:\/\/staging.varesenews.it\/#\/schema\/person\/e82236e79160d30d4e1f942004ac3038"},"description":"Dopo Giulia Pisani, anche la Degradi viene riconfermata: \u00abLa riconferma \u00e8 per me motivo di grande orgoglio\u00bb","breadcrumb":{"@id":"https:\/\/staging.varesenews.it\/2015\/05\/anche-degradi-resta-alla-unendo-yamamay\/376358\/#breadcrumb"},"inLanguage":"it-IT","potentialAction":[{"@type":"ReadAction","target":["https:\/\/staging.varesenews.it\/2015\/05\/anche-degradi-resta-alla-unendo-yamamay\/376358\/"]}]},{"@type":"BreadcrumbList","@id":"https:\/\/staging.varesenews.it\/2015\/05\/anche-degradi-resta-alla-unendo-yamamay\/376358\/#breadcrumb","itemListElement":[{"@type":"ListItem","position":1,"name":"Home","item":"https:\/\/www.varesenews.it\/"},{"@type":"ListItem","position":2,"name":"Anche Degradi resta alla Unendo Yamamay"}]},{"@type":"WebSite","@id":"https:\/\/staging.varesenews.it\/#website","url":"https:\/\/staging.varesenews.it\/","name":"VareseNews","description":"","potentialAction":[{"@type":"SearchAction","target":{"@type":"EntryPoint","urlTemplate":"https:\/\/staging.varesenews.it\/?s={search_term_string}"},"query-input":"required name=search_term_string"}],"inLanguage":"it-IT"},{"@type":"Person","@id":"https:\/\/staging.varesenews.it\/#\/schema\/person\/e82236e79160d30d4e1f942004ac3038","name":"Francesco Mazzoleni","image":{"@type":"ImageObject","inLanguage":"it-IT","@id":"https:\/\/staging.varesenews.it\/#\/schema\/person\/image\/","url":"https:\/\/staging.varesenews.it\/wp-content\/uploads\/2020\/12\/francesco_mazzoleni_colori_500-1.jpg","contentUrl":"https:\/\/staging.varesenews.it\/wp-content\/uploads\/2020\/12\/francesco_mazzoleni_colori_500-1.jpg","caption":"Francesco Mazzoleni"},"description":"\"Uomo di campo\" della redazione sportiva. Nutro una vera passione per il calcio, che sia ad alti livelli, sui campi di provincia o in altri continenti. Sono nato a Varese nel 1984, vivo da sempre a Malnate e ho una laurea in Scienze Motorie. Ho mosso i primi passi a VareseNews da stagista nel 2002; nel 2008 ho iniziato a collaborare con maggiore continuit\u00e0 e dal 2018 sono giornalista professionista. Orgoglioso pap\u00e0 di Federico e Adelaide.","sameAs":["fmazzof","it.linkedin.com\/in\/francescomazzolenif","https:\/\/twitter.com\/fmazzof"],"url":"https:\/\/staging.varesenews.it\/persona\/francesco_mazzoleniferracini\/"}]}},"post_meta":{"_edit_lock":"1433059285:37","_edit_last":"37","_category_permalink":"","wdfb_og_title":"","wdfb_og_type":"","wdfb_og_description":"","wdfb_og_images":"a:1:{i:0;s:0:\"\";}","wdfb_og_custom_name":"a:1:{i:0;s:0:\"\";}","wdfb_og_custom_value":"a:1:{i:0;s:0:\"\";}","foto":"457231","argomento":"Pallavolo","_yoast_wpseo_focuskw":"degradi","_jd_twitter":"","_jd_tweet_this":"yes","firma-personalizzata":"Manuela De Gregori","ratings_users":"0","ratings_score":"0","ratings_average":"0","_wpt_short_url":"http:\/\/www.varesenews.it\/2015\/05\/anche-degradi-resta-alla-unendo-yamamay\/376358\/","_wp_jd_target":"http:\/\/www.varesenews.it\/2015\/05\/anche-degradi-resta-alla-unendo-yamamay\/376358\/","_jd_wp_twitter":"a:1:{i:0;s:149:\"Anche Degradi resta alla Unendo Yamamay http:\/\/www.varesenews.it\/2015\/05\/anche-degradi-resta-alla-unendo-yamamay\/376358\/ #bustoarsizio #unendoyamamay\";}","_wpt_status_message":"Tweet inviato con successo.","_yoast_wpseo_linkdex":"72"},"photos":[{"original":"https:\/\/staging.varesenews.it\/photogallery_new\/images\/2015\/05\/alice-degradi-unendo-yamamay-457231.jpg","full":"https:\/\/staging.varesenews.it\/photogallery_new\/images\/2015\/05\/alice-degradi-unendo-yamamay-457231.1024x768.jpg","large":"https:\/\/staging.varesenews.it\/photogallery_new\/images\/2015\/05\/alice-degradi-unendo-yamamay-457231.610x431.jpg"}],"_links":{"self":[{"href":"https:\/\/staging.varesenews.it\/swgapi\/v1\/wp\/v2\/posts\/376358"}],"collection":[{"href":"https:\/\/staging.varesenews.it\/swgapi\/v1\/wp\/v2\/posts"}],"about":[{"href":"https:\/\/staging.varesenews.it\/swgapi\/v1\/wp\/v2\/types\/post"}],"author":[{"embeddable":true,"href":"https:\/\/staging.varesenews.it\/swgapi\/v1\/wp\/v2\/users\/37"}],"replies":[{"embeddable":true,"href":"https:\/\/staging.varesenews.it\/swgapi\/v1\/wp\/v2\/comments?post=376358"}],"version-history":[{"count":0,"href":"https:\/\/staging.varesenews.it\/swgapi\/v1\/wp\/v2\/posts\/376358\/revisions"}],"wp:attachment":[{"href":"https:\/\/staging.varesenews.it\/swgapi\/v1\/wp\/v2\/media?parent=376358"}],"wp:term":[{"taxonomy":"category","embeddable":true,"href":"https:\/\/staging.varesenews.it\/swgapi\/v1\/wp\/v2\/categories?post=376358"},{"taxonomy":"post_tag","embeddable":true,"href":"https:\/\/staging.varesenews.it\/swgapi\/v1\/wp\/v2\/tags?post=376358"}],"curies":[{"name":"wp","href":"https:\/\/api.w.org\/{rel}","templated":true}]}}