{"id":377265,"date":"2015-06-04T12:27:53","date_gmt":"2015-06-04T10:27:53","guid":{"rendered":"http:\/\/www.varesenews.it\/?p=377265"},"modified":"2015-06-04T12:27:53","modified_gmt":"2015-06-04T10:27:53","slug":"movimento-5-stelle-non-appoggeremo-ne-la-lega-ne-il-pd","status":"publish","type":"post","link":"https:\/\/staging.varesenews.it\/2015\/06\/movimento-5-stelle-non-appoggeremo-ne-la-lega-ne-il-pd\/377265\/","title":{"rendered":"Movimento 5 Stelle: &#8220;Non appoggeremo n\u00e9 la Lega n\u00e9 il Pd&#8221;"},"content":{"rendered":"<p>Il <strong>Movimento 5 stelle non far\u00e0 alleanze e non dar\u00e0 indicazioni di voto ai propri elettori<\/strong>. Ad annunciarlo \u00e8 il candidato sindaco Francesco Impari che, in vista del ballottaggio, ha deciso che non dar\u00e0 nessun suggerimento per i<strong>l voto del 14 giugno ai lettori che hanno votato il movimento<\/strong>. <div class=\"related-posts related-01\"><h4>Leggi anche<\/h4><ul><li><a title=\"Testa a testa Lega e Pd, al ballottaggio Licata e Fagioli\" target=\"_blank\" href=\"https:\/\/staging.varesenews.it\/2015\/06\/testa-a-testa-lega-e-pd-al-ballottaggio-licata-e-fagioli\/376501\/\"><strong>Saronno <\/strong> - Testa a testa Lega e Pd, al ballottaggio Licata e Fagioli<\/a><\/li><li><a title=\"Ballottaggio, si apre la danza di alleanze e apparentamenti\" target=\"_blank\" href=\"https:\/\/staging.varesenews.it\/2015\/06\/ballottaggio-si-apre-la-danza-di-alleanze-e-apparentamenti\/376693\/\"><strong>Saronno <\/strong> - Ballottaggio, si apre la danza di alleanze e apparentamenti<\/a><\/li><\/ul><\/div><\/p>\n<p>Ballottaggio che vedr\u00e0 protagonisti il leghista <strong>Alessandro Fagioli<\/strong> con la sua alleanza di centrodestra (Fratelli d&#8217;Italia, Saronno Protagonista, Dum\u00e0 Nunch) e <strong>Francesco Licata<\/strong> del Partito Democratico, appoggiato da socialisti di Saronno Bene Comune e della lista civica Coscienza Democratica.<\/p>\n<p><strong>Quella del Movimento 5 Stelle \u00e8 una percentuale importante di elettori, circa l&#8217;8 per cento<\/strong>: \u00abIl M5S non fa alleanze per la &#8220;poltrona&#8221; &#8211; spiega Impari, motivando la scelta del gruppo -. Per il ballottaggio noi non appoggeremo nessuno dei due candidati, ma in consiglio sosterremo con forza tutte le proposte che vadano incontro alla trasparenza, alla partecipazione e alla gestione sensata del territorio\u00bb.<\/p>\n<p>Resta ora da capire, per il ballottaggio quali indicazioni daranno <strong>Forza Italia, Unione Italiana e la lista civica Saronno al centro<\/strong>, forza quest&#8217;ultima che ha raccolto oltre il 10 per cento dei voti.<\/p>\n","protected":false},"excerpt":{"rendered":"<p>Il Movimento 5 stelle non far\u00e0 alleanze e non dar\u00e0 indicazioni di voto ai propri elettori. Ad annunciarlo \u00e8 l&#8217;ex candidato sindaco Francesco Impari<\/p>\n","protected":false},"author":51,"featured_media":0,"comment_status":"open","ping_status":"open","sticky":false,"template":"","format":"standard","meta":{"footnotes":""},"categories":[16,5],"tags":[904,44991],"acf":[],"yoast_head":"<!-- This site is optimized with the Yoast SEO plugin v20.1 - https:\/\/yoast.com\/wordpress\/plugins\/seo\/ -->\n<title>Movimento 5 Stelle: &quot;Non appoggeremo n\u00e9 la Lega n\u00e9 il Pd&quot;<\/title>\n<meta name=\"description\" content=\"Il Movimento 5 stelle non far\u00e0 alleanze e non dar\u00e0 indicazioni di voto ai propri elettori. Ad annunciarlo \u00e8 il candidato sindaco Francesco Impari\" \/>\n<meta name=\"robots\" content=\"noindex, follow, max-snippet:-1, max-image-preview:large, max-video-preview:-1\" \/>\n<meta property=\"og:locale\" content=\"it_IT\" \/>\n<meta property=\"og:type\" content=\"article\" \/>\n<meta property=\"og:title\" content=\"Movimento 5 Stelle: &quot;Non appoggeremo n\u00e9 la Lega n\u00e9 il Pd&quot;\" \/>\n<meta property=\"og:description\" content=\"Il Movimento 5 stelle non far\u00e0 alleanze e non dar\u00e0 indicazioni di voto ai propri elettori. Ad annunciarlo \u00e8 il candidato sindaco Francesco Impari\" \/>\n<meta property=\"og:url\" content=\"https:\/\/staging.varesenews.it\/2015\/06\/movimento-5-stelle-non-appoggeremo-ne-la-lega-ne-il-pd\/377265\/\" \/>\n<meta property=\"og:site_name\" content=\"VareseNews\" \/>\n<meta property=\"article:publisher\" content=\"https:\/\/www.facebook.com\/varesenews\" \/>\n<meta property=\"article:author\" content=\"https:\/\/www.facebook.com\/manuel.sgarella\" \/>\n<meta property=\"article:published_time\" content=\"2015-06-04T10:27:53+00:00\" \/>\n<meta name=\"author\" content=\"Manuel Sgarella\" \/>\n<meta name=\"twitter:card\" content=\"summary_large_image\" \/>\n<meta name=\"twitter:creator\" content=\"@Sgarel\" \/>\n<meta name=\"twitter:site\" content=\"@varesenews\" \/>\n<meta name=\"twitter:label1\" content=\"Scritto da\" \/>\n\t<meta name=\"twitter:data1\" content=\"Manuel Sgarella\" \/>\n\t<meta name=\"twitter:label2\" content=\"Tempo di lettura stimato\" \/>\n\t<meta name=\"twitter:data2\" content=\"1 minuto\" \/>\n<script type=\"application\/ld+json\" class=\"yoast-schema-graph\">{\"@context\":\"https:\/\/schema.org\",\"@graph\":[{\"@type\":\"WebPage\",\"@id\":\"https:\/\/staging.varesenews.it\/2015\/06\/movimento-5-stelle-non-appoggeremo-ne-la-lega-ne-il-pd\/377265\/\",\"url\":\"https:\/\/staging.varesenews.it\/2015\/06\/movimento-5-stelle-non-appoggeremo-ne-la-lega-ne-il-pd\/377265\/\",\"name\":\"Movimento 5 Stelle: \\\"Non appoggeremo n\u00e9 la Lega n\u00e9 il Pd\\\"\",\"isPartOf\":{\"@id\":\"https:\/\/staging.varesenews.it\/#website\"},\"datePublished\":\"2015-06-04T10:27:53+00:00\",\"dateModified\":\"2015-06-04T10:27:53+00:00\",\"author\":{\"@id\":\"https:\/\/staging.varesenews.it\/#\/schema\/person\/1ec987bf360cbcf5fab38b0367dbc9d4\"},\"description\":\"Il Movimento 5 stelle non far\u00e0 alleanze e non dar\u00e0 indicazioni di voto ai propri elettori. Ad annunciarlo \u00e8 il candidato sindaco Francesco Impari\",\"breadcrumb\":{\"@id\":\"https:\/\/staging.varesenews.it\/2015\/06\/movimento-5-stelle-non-appoggeremo-ne-la-lega-ne-il-pd\/377265\/#breadcrumb\"},\"inLanguage\":\"it-IT\",\"potentialAction\":[{\"@type\":\"ReadAction\",\"target\":[\"https:\/\/staging.varesenews.it\/2015\/06\/movimento-5-stelle-non-appoggeremo-ne-la-lega-ne-il-pd\/377265\/\"]}]},{\"@type\":\"BreadcrumbList\",\"@id\":\"https:\/\/staging.varesenews.it\/2015\/06\/movimento-5-stelle-non-appoggeremo-ne-la-lega-ne-il-pd\/377265\/#breadcrumb\",\"itemListElement\":[{\"@type\":\"ListItem\",\"position\":1,\"name\":\"Home\",\"item\":\"https:\/\/www.varesenews.it\/\"},{\"@type\":\"ListItem\",\"position\":2,\"name\":\"Movimento 5 Stelle: &#8220;Non appoggeremo n\u00e9 la Lega n\u00e9 il Pd&#8221;\"}]},{\"@type\":\"WebSite\",\"@id\":\"https:\/\/staging.varesenews.it\/#website\",\"url\":\"https:\/\/staging.varesenews.it\/\",\"name\":\"VareseNews\",\"description\":\"\",\"potentialAction\":[{\"@type\":\"SearchAction\",\"target\":{\"@type\":\"EntryPoint\",\"urlTemplate\":\"https:\/\/staging.varesenews.it\/?s={search_term_string}\"},\"query-input\":\"required name=search_term_string\"}],\"inLanguage\":\"it-IT\"},{\"@type\":\"Person\",\"@id\":\"https:\/\/staging.varesenews.it\/#\/schema\/person\/1ec987bf360cbcf5fab38b0367dbc9d4\",\"name\":\"Manuel Sgarella\",\"image\":{\"@type\":\"ImageObject\",\"inLanguage\":\"it-IT\",\"@id\":\"https:\/\/staging.varesenews.it\/#\/schema\/person\/image\/\",\"url\":\"https:\/\/staging.varesenews.it\/wp-content\/uploads\/2020\/12\/manuel_sgarella_colori_500.jpg\",\"contentUrl\":\"https:\/\/staging.varesenews.it\/wp-content\/uploads\/2020\/12\/manuel_sgarella_colori_500.jpg\",\"caption\":\"Manuel Sgarella\"},\"description\":\"A VareseNews dal 1999, da quando ho iniziato a collaborare per la pagina del cinema. Col tempo mi sono occupato della cronaca del territorio di Saronno-Tradate e dell'organizzazione di alcuni progetti speciali di VareseNews, tra cui la produzione del film Digitalife. Dal 2009 sono giornalista professionista. Diplomato alla Civica scuola del cinema di Milano, coltivo da sempre una passione per tutto quello che &egrave; narrazione, soprattutto per film e serie tv. Dal 2014 Pubblico romanzi come autore indipendente.&nbsp;\",\"sameAs\":[\"https:\/\/www.facebook.com\/manuel.sgarella\",\"Sgarel\",\"https:\/\/twitter.com\/Sgarel\"],\"url\":\"https:\/\/staging.varesenews.it\/persona\/manuel-sgarella1\/\"}]}<\/script>\n<!-- \/ Yoast SEO plugin. -->","yoast_head_json":{"title":"Movimento 5 Stelle: \"Non appoggeremo n\u00e9 la Lega n\u00e9 il Pd\"","description":"Il Movimento 5 stelle non far\u00e0 alleanze e non dar\u00e0 indicazioni di voto ai propri elettori. Ad annunciarlo \u00e8 il candidato sindaco Francesco Impari","robots":{"index":"noindex","follow":"follow","max-snippet":"max-snippet:-1","max-image-preview":"max-image-preview:large","max-video-preview":"max-video-preview:-1"},"og_locale":"it_IT","og_type":"article","og_title":"Movimento 5 Stelle: \"Non appoggeremo n\u00e9 la Lega n\u00e9 il Pd\"","og_description":"Il Movimento 5 stelle non far\u00e0 alleanze e non dar\u00e0 indicazioni di voto ai propri elettori. Ad annunciarlo \u00e8 il candidato sindaco Francesco Impari","og_url":"https:\/\/staging.varesenews.it\/2015\/06\/movimento-5-stelle-non-appoggeremo-ne-la-lega-ne-il-pd\/377265\/","og_site_name":"VareseNews","article_publisher":"https:\/\/www.facebook.com\/varesenews","article_author":"https:\/\/www.facebook.com\/manuel.sgarella","article_published_time":"2015-06-04T10:27:53+00:00","author":"Manuel Sgarella","twitter_card":"summary_large_image","twitter_creator":"@Sgarel","twitter_site":"@varesenews","twitter_misc":{"Scritto da":"Manuel Sgarella","Tempo di lettura stimato":"1 minuto"},"schema":{"@context":"https:\/\/schema.org","@graph":[{"@type":"WebPage","@id":"https:\/\/staging.varesenews.it\/2015\/06\/movimento-5-stelle-non-appoggeremo-ne-la-lega-ne-il-pd\/377265\/","url":"https:\/\/staging.varesenews.it\/2015\/06\/movimento-5-stelle-non-appoggeremo-ne-la-lega-ne-il-pd\/377265\/","name":"Movimento 5 Stelle: \"Non appoggeremo n\u00e9 la Lega n\u00e9 il Pd\"","isPartOf":{"@id":"https:\/\/staging.varesenews.it\/#website"},"datePublished":"2015-06-04T10:27:53+00:00","dateModified":"2015-06-04T10:27:53+00:00","author":{"@id":"https:\/\/staging.varesenews.it\/#\/schema\/person\/1ec987bf360cbcf5fab38b0367dbc9d4"},"description":"Il Movimento 5 stelle non far\u00e0 alleanze e non dar\u00e0 indicazioni di voto ai propri elettori. Ad annunciarlo \u00e8 il candidato sindaco Francesco Impari","breadcrumb":{"@id":"https:\/\/staging.varesenews.it\/2015\/06\/movimento-5-stelle-non-appoggeremo-ne-la-lega-ne-il-pd\/377265\/#breadcrumb"},"inLanguage":"it-IT","potentialAction":[{"@type":"ReadAction","target":["https:\/\/staging.varesenews.it\/2015\/06\/movimento-5-stelle-non-appoggeremo-ne-la-lega-ne-il-pd\/377265\/"]}]},{"@type":"BreadcrumbList","@id":"https:\/\/staging.varesenews.it\/2015\/06\/movimento-5-stelle-non-appoggeremo-ne-la-lega-ne-il-pd\/377265\/#breadcrumb","itemListElement":[{"@type":"ListItem","position":1,"name":"Home","item":"https:\/\/www.varesenews.it\/"},{"@type":"ListItem","position":2,"name":"Movimento 5 Stelle: &#8220;Non appoggeremo n\u00e9 la Lega n\u00e9 il Pd&#8221;"}]},{"@type":"WebSite","@id":"https:\/\/staging.varesenews.it\/#website","url":"https:\/\/staging.varesenews.it\/","name":"VareseNews","description":"","potentialAction":[{"@type":"SearchAction","target":{"@type":"EntryPoint","urlTemplate":"https:\/\/staging.varesenews.it\/?s={search_term_string}"},"query-input":"required name=search_term_string"}],"inLanguage":"it-IT"},{"@type":"Person","@id":"https:\/\/staging.varesenews.it\/#\/schema\/person\/1ec987bf360cbcf5fab38b0367dbc9d4","name":"Manuel Sgarella","image":{"@type":"ImageObject","inLanguage":"it-IT","@id":"https:\/\/staging.varesenews.it\/#\/schema\/person\/image\/","url":"https:\/\/staging.varesenews.it\/wp-content\/uploads\/2020\/12\/manuel_sgarella_colori_500.jpg","contentUrl":"https:\/\/staging.varesenews.it\/wp-content\/uploads\/2020\/12\/manuel_sgarella_colori_500.jpg","caption":"Manuel Sgarella"},"description":"A VareseNews dal 1999, da quando ho iniziato a collaborare per la pagina del cinema. Col tempo mi sono occupato della cronaca del territorio di Saronno-Tradate e dell'organizzazione di alcuni progetti speciali di VareseNews, tra cui la produzione del film Digitalife. Dal 2009 sono giornalista professionista. Diplomato alla Civica scuola del cinema di Milano, coltivo da sempre una passione per tutto quello che &egrave; narrazione, soprattutto per film e serie tv. Dal 2014 Pubblico romanzi come autore indipendente.&nbsp;","sameAs":["https:\/\/www.facebook.com\/manuel.sgarella","Sgarel","https:\/\/twitter.com\/Sgarel"],"url":"https:\/\/staging.varesenews.it\/persona\/manuel-sgarella1\/"}]}},"post_meta":{"_edit_lock":"1433417124:51","_edit_last":"51","_category_permalink":"5","ratings_users":"0","ratings_score":"0","ratings_average":"0","wdfb_og_title":"","wdfb_og_type":"","wdfb_og_description":"","wdfb_og_images":"a:1:{i:0;s:0:\"\";}","wdfb_og_custom_name":"a:1:{i:0;s:0:\"\";}","wdfb_og_custom_value":"a:1:{i:0;s:0:\"\";}","id_leggi_anche":"376501,376693","foto":"454442","argomento":"Saronno","_yoast_wpseo_focuskw":"movimento 5 stelle","_yoast_wpseo_metadesc":"Il Movimento 5 stelle non far\u00e0 alleanze e non dar\u00e0 indicazioni di voto ai propri elettori. Ad annunciarlo \u00e8 il candidato sindaco Francesco Impari","_jd_twitter":"","_jd_tweet_this":"yes","_wpt_short_url":"http:\/\/www.varesenews.it\/2015\/06\/movimento-5-stelle-non-appoggeremo-ne-la-lega-ne-il-pd\/377265\/","_wp_jd_target":"http:\/\/www.varesenews.it\/2015\/06\/movimento-5-stelle-non-appoggeremo-ne-la-lega-ne-il-pd\/377265\/","_jd_wp_twitter":"a:1:{i:0;s:167:\"Movimento 5 Stelle: \"Non appoggeremo n\u00e9 la Lega n\u00e9 il Pd\" http:\/\/www.varesenews.it\/2015\/06\/movimento-5-stelle-non-appoggeremo-ne-la-lega-ne-il-pd\/377265\/ #M5Ssaronno\";}","_wpt_status_message":"Tweet inviato con successo.","_yoast_wpseo_linkdex":"64"},"photos":[{"original":"https:\/\/staging.varesenews.it\/photogallery_new\/images\/2015\/05\/i-candidati-sindaco-di-saronno-2015-454442.jpg","full":"https:\/\/staging.varesenews.it\/photogallery_new\/images\/2015\/05\/i-candidati-sindaco-di-saronno-2015-454442.1024x768.jpg","large":"https:\/\/staging.varesenews.it\/photogallery_new\/images\/2015\/05\/i-candidati-sindaco-di-saronno-2015-454442.610x431.jpg"}],"_links":{"self":[{"href":"https:\/\/staging.varesenews.it\/swgapi\/v1\/wp\/v2\/posts\/377265"}],"collection":[{"href":"https:\/\/staging.varesenews.it\/swgapi\/v1\/wp\/v2\/posts"}],"about":[{"href":"https:\/\/staging.varesenews.it\/swgapi\/v1\/wp\/v2\/types\/post"}],"author":[{"embeddable":true,"href":"https:\/\/staging.varesenews.it\/swgapi\/v1\/wp\/v2\/users\/51"}],"replies":[{"embeddable":true,"href":"https:\/\/staging.varesenews.it\/swgapi\/v1\/wp\/v2\/comments?post=377265"}],"version-history":[{"count":0,"href":"https:\/\/staging.varesenews.it\/swgapi\/v1\/wp\/v2\/posts\/377265\/revisions"}],"wp:attachment":[{"href":"https:\/\/staging.varesenews.it\/swgapi\/v1\/wp\/v2\/media?parent=377265"}],"wp:term":[{"taxonomy":"category","embeddable":true,"href":"https:\/\/staging.varesenews.it\/swgapi\/v1\/wp\/v2\/categories?post=377265"},{"taxonomy":"post_tag","embeddable":true,"href":"https:\/\/staging.varesenews.it\/swgapi\/v1\/wp\/v2\/tags?post=377265"}],"curies":[{"name":"wp","href":"https:\/\/api.w.org\/{rel}","templated":true}]}}