{"id":377560,"date":"2015-06-05T13:00:36","date_gmt":"2015-06-05T11:00:36","guid":{"rendered":"http:\/\/www.varesenews.it\/?p=377560"},"modified":"2015-06-05T13:00:36","modified_gmt":"2015-06-05T11:00:36","slug":"musica-e-cocktail-bere-si-ma-responsabilmente","status":"publish","type":"post","link":"https:\/\/staging.varesenews.it\/2015\/06\/musica-e-cocktail-bere-si-ma-responsabilmente\/377560\/","title":{"rendered":"Musica e cocktail: bere s\u00ec, ma responsabilmente"},"content":{"rendered":"<p class=\"p1\"><span class=\"s1\">\u00ab Si trova molta pi\u00f9 attenzione e rispetto delle regole tra i ragazzi giovani che non tra gli over 35\u00bb. \u00c8 il dato pi\u00f9 evidente e diffuso che certifica<strong> la bont\u00e0 delle iniziative di prevenzione e di cultura<\/strong> che vengono promosse per sensibilizzare i ragazzi\u00a0sui <strong>diversi temi delle dipendenze<\/strong>. <\/span><\/p>\n<p class=\"p1\"><span class=\"s1\">Ne sono convinti gli organizzatori <strong>dell\u2019undicesima edizione dell\u2019Alcol Prevention\u00a0Yeah:<\/strong>\u00a0Comune di Varese, servizio Informagiovani, Cooperativa lotta contro l\u2019emarginazione, le associazioni di categoria Ascom, Confesercenti, Fipe, o\u00a0centri di formazione De Filippi e Agenzia Formativa, Slow Food, Aibes, Barman at Work e anche noi di Varesenews.<\/span><\/p>\n<p class=\"p1\"><span class=\"s1\">Cos\u00ec <strong>sabato 20 giugno,<\/strong> il centro cittadino si animer\u00e0 di presenze e iniziative che vogliono richiamare l\u2019attenzione sui problemi legati all\u2019abuso di alcol. Coinvolti innanzitutto i <strong>bar<\/strong> che, <strong>fino al 10 giugno prossimo,<\/strong> potranno iscriversi al <strong>concorso per la proclamazione del miglior aperitivo\u00a0a bassa gradazione alcolica (0,5).<\/strong> Una bevanda da\u00a0degustare appieno anche rinunciando all\u2019alcol. <\/span><\/p>\n<p class=\"p1\"><span class=\"s1\">A decretare il vincitore sar\u00e0 una <strong>doppia commissione<\/strong>:<\/span><span class=\"s2\"> nelle serate del <strong>16,17 e 18 giugno<\/strong>, una <strong>giuria tecnica<\/strong> composta da esponenti di ASCOM, Confesercenti, Agenzia Formativa della Provincia di Varese, Istituto alberghiero \u201cDe Filippi\u201de Slow Food , Aibes, Onav e Barman at work si recher\u00e0 nei bar che aderiscono all\u2019iniziativa per la degustazione dei cocktail e l&#8217;assaggio degli accompagnamenti gastronomici proposti.<\/span><span class=\"s1\"><strong> La seconda giuria giovani sar\u00e0 formata dai ragazzi<\/strong> delle associazioni giovanili che organizzano festival della Rete FesteDiscobus (Associazione Terven Castronno, Rugby Varese, Coincidenze Venegono I., Pro Cocquio, Mega Albizzate, Molla l\u2019Osso Casorate S.Woodinstock,Ternate, Gasch Gazzada Schianno) che, a seguito di una formazione sulla riduzione dei rischi nel mondo del divertimento notturno gestita dagli operatori di Cooperativa Lotta Contro l\u2019Emarginazione, valuter\u00e0 l\u2019aperitivo preferito al limite 0,5. <\/span><\/p>\n<p class=\"p1\"><span class=\"s1\"><strong>Il concorso \u00e8 aperto a tutti coloro che vorranno esprimere un giudizio<\/strong>, attraverso i like<span class=\"Apple-converted-space\">\u00a0 <\/span>sui social network <\/span><span class=\"s2\">(<a href=\"http:\/\/www.facebook.com\/AlcolPreventionYeah\"><span class=\"s3\">www.facebook.com\/AlcolPreventionYeah<\/span><\/a><\/span><span class=\"s1\">. All\u2019indirizzo<strong> <a href=\"www.varesenews.it\/alcolpreventionyeah\" target=\"_blank\">www.varesenews.it\/alcolpreventionyeah<\/a><\/strong> si potranno visionare, a partire alla settimana precedente, gli ingredienti e i nomi dei diversi cocktails. <\/span><\/p>\n<p class=\"p1\"><span class=\"s1\">Alla gara, si affiancheranno <strong>moltissime iniziative che animeranno Piazza Monte Grappa e Corso Matteotti<\/strong>: innanzitutto <strong>musica<\/strong><span class=\"Apple-converted-space\">\u00a0 <\/span>( il busker festival)con diverse band acustiche ma non solo: <\/span><span class=\"s2\">da <i>marching<\/i> <i>band <\/i>a bandelle, da vere e proprie orchestre a singoli musicisti, che si esibiranno in acustico e a cappella nelle vie coinvolte.<br \/>\n<\/span><span class=\"s1\"><strong> Ci saranno \u201cpeer\u201d educatori<\/strong> ( cio\u00e8 coetanei) ma anche <strong>volontari della Croce Rossa<\/strong> che daranno indicazioni e proveranno il tasso alcolemico puntando sul fattore culturale: \u00ab Il motto di quest\u2019anno &#8211; spiega l\u2019assessore <strong>Enrico Angelini<\/strong> &#8211; \u00e8 \u201c<strong>Chi sballa traballa\u201d<\/strong>, un bel modo di ricordare la necessit\u00e0 del gesto consapevole e responsabile\u00bb.<\/span><\/p>\n<p class=\"p1\"><span class=\"s1\">Ed \u00e8 proprio il fattore \u201cresponsabilit\u00e0\u201d ad essere al centro di questa undicesima edizione che si aprir\u00e0 <strong>mercoled\u00ec 10 giugno con un convegno a palazzo Estense <\/strong>dalle 9 alle 13<strong>,<\/strong> un momento culturale in cui si far\u00e0 il punto sui dati e gli strumenti, le sfide aperte e gli stereotipi. Esperti locali ma anche studiosi di altre citt\u00e0 italiane si ritroveranno per commentare una fotografia variegata anche a causa di una legge che non sempre aiuta a districarsi tra ci\u00f2 che \u00e8 legittimo\u00a0e ci\u00f2 che non lo \u00e8. Per questo, tra i gadget 2015 ci saranno anch<strong>e opuscoli informativi destinati ai minorenni e agli esercenti<\/strong> chiamati <strong>a non somministrare alcolici a minori di 16 anni ma, anche, a non vendere alcolici a tutti i minorenni<\/strong>: \u00ab Una situazione che mette in difficolt\u00e0 la categoria &#8211; ha chiarito <strong>Antonella<\/strong>\u00a0<strong>Zambelli<\/strong>, referente della Federazione italiana pubblici esercizi &#8211; Stiamo studiando a livello nazionale un <strong>codice etico<\/strong> che aiuti a districarsi nelle diverse normative. La nostra posizione sarebbe quella di<strong> vietare gli alcolici a tutti i minorenni<\/strong>\u00bb. Una posizione condivisa da <strong>Simone Centorrino dell\u2019Oca Ubriaca,<\/strong> un osservatorio privilegiato per capire i grandi benefici del consumo responsabile da parte dei giovani. <img decoding=\"async\" loading=\"lazy\" fetchpriority=\"low\" width=\"610\" height=\"431\" src=\"https:\/\/staging.varesenews.it\/photogallery_new\/images\/2015\/06\/alcol-prevention-yeah-458528.610x431.jpg\" alt=\"alcol prevention yeah\"><\/span><\/p>\n<p class=\"p1\"><span class=\"s1\">Scoprire il gusto del bere sano ma anche di qualit\u00e0, come auspica il presidente <strong>Claudio Moroni di Slow Food<\/strong> che lancia, per il prossimo anno, anche un\u2019iniziativa legata ai prodotti del territorio. <\/span><\/p>\n<p class=\"p3\"><span class=\"s4\">Sui maxischermo di Piazza Montegrappa, infine, verranno proiettati alcuni video realizzati dal <strong>Projetti Studios di Besozzo<\/strong> che ha fatto testare agli sportivi di otto societ\u00e0 professionistiche degli occhiali che simulano uno stato di ebrezza di 0,8. <\/span><span class=\"s1\">Hanno aderito: la Pallacanestro Varese, la Societ\u00e0 Varesina di Ginnastica e Scherma, CUS dei Laghi, il Varese 1910 Calcio, i Mastini dell\u2019Hockey ClubVarese, i Gorillas del Football Americano, il Rugby Varese, l\u2019Atletica leggera, la Canottieri Varese e\u00a0i Truzzi Volanti.<\/span><\/p>\n<p class=\"p4\"><span class=\"s1\">\u00a0<\/span><span class=\"s4\">Durante tutta la serata del 20 giugno sar\u00e0 possibile effettuare <\/span><span class=\"s1\">test alcolemici presso l\u2019Unit\u00e0 Mobile Discobus\u00a0 in corso Matteotti, con la\u00a0 Polizia Locale e la Polizia Stradale, rispettivamente in piazza Monte Grappa e Piazza Podest\u00e0;\u00a0<\/span>saranno presenti due postazioni gestite da peer educator formati dagli operatori di Cooperativa Lotta:<\/p>\n<p class=\"p4\"><span class=\"s1\">1.Postazione Corso Matteotti: gestita dai ragazzi della Croce Rossa Italiana, TASSO Team per la\u00a0 riduzione dei rischi su alcol, sesso e sostanze; si provano gli \u201cocchiali della sbronza\u201d: occhiali\u00a0 speciali che permettono, senza aver bevuto alcolici, di vedere, come se si avesse un\u2019alcolemia sopra lo 0,8;<\/span><\/p>\n<p class=\"p4\"><span class=\"s1\">2. Postazione Piazza Carducci: gestita dall\u2019Alcol Prevention Team del progetto Lucignolo\/STEP;\u00a0 alcuni <i>peer educator <\/i>fra i 16 e i 20 anni gestiranno il simulatore di guida, una moto con sella e manubrio collegati ad un computer che permette di mettere alla prova le proprie capacit\u00e0 di guida e le eventuali difficolt\u00e0 dovute al tasso alcolemico troppo alto.\u00a0\u00a0\u00a0\u00a0<\/span><\/p>\n","protected":false},"excerpt":{"rendered":"<p>Il 20 giugno torna l&#8217;Alcon Prevention Yeah, che si apre con un convegno il 10 giugno. Sfida tra i bar per conquistare il titolo di miglior cocktail a bassa gradazione<\/p>\n","protected":false},"author":33,"featured_media":0,"comment_status":"open","ping_status":"open","sticky":false,"template":"","format":"standard","meta":{"footnotes":""},"categories":[21,2],"tags":[5734,3423,1228,74370,158],"acf":[],"yoast_head":"<!-- This site is optimized with the Yoast SEO plugin v20.1 - https:\/\/yoast.com\/wordpress\/plugins\/seo\/ -->\n<title>Musica e cocktail: bere s\u00ec, ma responsabilmente<\/title>\n<meta name=\"description\" content=\"Torna la manifestazione che mira a sensibilizzare i giovani a un uso responsabile dell&#039;alcol. \u00c8 l&#039;undicesima edizione e si apre con un convegno\" \/>\n<meta name=\"robots\" content=\"noindex, follow, max-snippet:-1, max-image-preview:large, max-video-preview:-1\" \/>\n<meta property=\"og:locale\" content=\"it_IT\" \/>\n<meta property=\"og:type\" content=\"article\" \/>\n<meta property=\"og:title\" content=\"Musica e cocktail: bere s\u00ec, ma responsabilmente\" \/>\n<meta property=\"og:description\" content=\"Torna la manifestazione che mira a sensibilizzare i giovani a un uso responsabile dell&#039;alcol. \u00c8 l&#039;undicesima edizione e si apre con un convegno\" \/>\n<meta property=\"og:url\" content=\"https:\/\/staging.varesenews.it\/2015\/06\/musica-e-cocktail-bere-si-ma-responsabilmente\/377560\/\" \/>\n<meta property=\"og:site_name\" content=\"VareseNews\" \/>\n<meta property=\"article:publisher\" content=\"https:\/\/www.facebook.com\/varesenews\" \/>\n<meta property=\"article:author\" content=\"alessandra.toni7\" \/>\n<meta property=\"article:published_time\" content=\"2015-06-05T11:00:36+00:00\" \/>\n<meta name=\"author\" content=\"Alessandra Toni\" \/>\n<meta name=\"twitter:card\" content=\"summary_large_image\" \/>\n<meta name=\"twitter:creator\" content=\"@alessandra_toni\" \/>\n<meta name=\"twitter:site\" content=\"@varesenews\" \/>\n<meta name=\"twitter:label1\" content=\"Scritto da\" \/>\n\t<meta name=\"twitter:data1\" content=\"Alessandra Toni\" \/>\n\t<meta name=\"twitter:label2\" content=\"Tempo di lettura stimato\" \/>\n\t<meta name=\"twitter:data2\" content=\"4 minuti\" \/>\n<script type=\"application\/ld+json\" class=\"yoast-schema-graph\">{\"@context\":\"https:\/\/schema.org\",\"@graph\":[{\"@type\":\"WebPage\",\"@id\":\"https:\/\/staging.varesenews.it\/2015\/06\/musica-e-cocktail-bere-si-ma-responsabilmente\/377560\/\",\"url\":\"https:\/\/staging.varesenews.it\/2015\/06\/musica-e-cocktail-bere-si-ma-responsabilmente\/377560\/\",\"name\":\"Musica e cocktail: bere s\u00ec, ma responsabilmente\",\"isPartOf\":{\"@id\":\"https:\/\/staging.varesenews.it\/#website\"},\"datePublished\":\"2015-06-05T11:00:36+00:00\",\"dateModified\":\"2015-06-05T11:00:36+00:00\",\"author\":{\"@id\":\"https:\/\/staging.varesenews.it\/#\/schema\/person\/2643ce123d4a3c9511e015dc548779b8\"},\"description\":\"Torna la manifestazione che mira a sensibilizzare i giovani a un uso responsabile dell'alcol. \u00c8 l'undicesima edizione e si apre con un convegno\",\"breadcrumb\":{\"@id\":\"https:\/\/staging.varesenews.it\/2015\/06\/musica-e-cocktail-bere-si-ma-responsabilmente\/377560\/#breadcrumb\"},\"inLanguage\":\"it-IT\",\"potentialAction\":[{\"@type\":\"ReadAction\",\"target\":[\"https:\/\/staging.varesenews.it\/2015\/06\/musica-e-cocktail-bere-si-ma-responsabilmente\/377560\/\"]}]},{\"@type\":\"BreadcrumbList\",\"@id\":\"https:\/\/staging.varesenews.it\/2015\/06\/musica-e-cocktail-bere-si-ma-responsabilmente\/377560\/#breadcrumb\",\"itemListElement\":[{\"@type\":\"ListItem\",\"position\":1,\"name\":\"Home\",\"item\":\"https:\/\/www.varesenews.it\/\"},{\"@type\":\"ListItem\",\"position\":2,\"name\":\"Musica e cocktail: bere s\u00ec, ma responsabilmente\"}]},{\"@type\":\"WebSite\",\"@id\":\"https:\/\/staging.varesenews.it\/#website\",\"url\":\"https:\/\/staging.varesenews.it\/\",\"name\":\"VareseNews\",\"description\":\"\",\"potentialAction\":[{\"@type\":\"SearchAction\",\"target\":{\"@type\":\"EntryPoint\",\"urlTemplate\":\"https:\/\/staging.varesenews.it\/?s={search_term_string}\"},\"query-input\":\"required name=search_term_string\"}],\"inLanguage\":\"it-IT\"},{\"@type\":\"Person\",\"@id\":\"https:\/\/staging.varesenews.it\/#\/schema\/person\/2643ce123d4a3c9511e015dc548779b8\",\"name\":\"Alessandra Toni\",\"image\":{\"@type\":\"ImageObject\",\"inLanguage\":\"it-IT\",\"@id\":\"https:\/\/staging.varesenews.it\/#\/schema\/person\/image\/\",\"url\":\"https:\/\/staging.varesenews.it\/wp-content\/uploads\/2020\/12\/alessandra_toni_colori_500.jpg\",\"contentUrl\":\"https:\/\/staging.varesenews.it\/wp-content\/uploads\/2020\/12\/alessandra_toni_colori_500.jpg\",\"caption\":\"Alessandra Toni\"},\"description\":\"Sono entrata nella redazione di VareseNews nel lontano anno 2000. Ero reduce da una bellissima esperienza nella redazione giornalistica della TV Nuova Antennatre, sotto la direzione dell'indimenticabile direttore Adolfo Caldarini. Sono arrivata quando era ancora una piccola realt\u00e0 editoriale e insieme abbiamo fatto un lungo ed entusiasmante lavoro. Mi occupo prevalentemente di scuola e di sanit\u00e0, settori impegnativi di grande valore sociale.\u00a0\",\"sameAs\":[\"alessandra.toni7\",\"alessandra.toni\",\"https:\/\/twitter.com\/alessandra_toni\"],\"url\":\"https:\/\/staging.varesenews.it\/persona\/alessandra_toni1\/\"}]}<\/script>\n<!-- \/ Yoast SEO plugin. -->","yoast_head_json":{"title":"Musica e cocktail: bere s\u00ec, ma responsabilmente","description":"Torna la manifestazione che mira a sensibilizzare i giovani a un uso responsabile dell'alcol. \u00c8 l'undicesima edizione e si apre con un convegno","robots":{"index":"noindex","follow":"follow","max-snippet":"max-snippet:-1","max-image-preview":"max-image-preview:large","max-video-preview":"max-video-preview:-1"},"og_locale":"it_IT","og_type":"article","og_title":"Musica e cocktail: bere s\u00ec, ma responsabilmente","og_description":"Torna la manifestazione che mira a sensibilizzare i giovani a un uso responsabile dell'alcol. \u00c8 l'undicesima edizione e si apre con un convegno","og_url":"https:\/\/staging.varesenews.it\/2015\/06\/musica-e-cocktail-bere-si-ma-responsabilmente\/377560\/","og_site_name":"VareseNews","article_publisher":"https:\/\/www.facebook.com\/varesenews","article_author":"alessandra.toni7","article_published_time":"2015-06-05T11:00:36+00:00","author":"Alessandra Toni","twitter_card":"summary_large_image","twitter_creator":"@alessandra_toni","twitter_site":"@varesenews","twitter_misc":{"Scritto da":"Alessandra Toni","Tempo di lettura stimato":"4 minuti"},"schema":{"@context":"https:\/\/schema.org","@graph":[{"@type":"WebPage","@id":"https:\/\/staging.varesenews.it\/2015\/06\/musica-e-cocktail-bere-si-ma-responsabilmente\/377560\/","url":"https:\/\/staging.varesenews.it\/2015\/06\/musica-e-cocktail-bere-si-ma-responsabilmente\/377560\/","name":"Musica e cocktail: bere s\u00ec, ma responsabilmente","isPartOf":{"@id":"https:\/\/staging.varesenews.it\/#website"},"datePublished":"2015-06-05T11:00:36+00:00","dateModified":"2015-06-05T11:00:36+00:00","author":{"@id":"https:\/\/staging.varesenews.it\/#\/schema\/person\/2643ce123d4a3c9511e015dc548779b8"},"description":"Torna la manifestazione che mira a sensibilizzare i giovani a un uso responsabile dell'alcol. \u00c8 l'undicesima edizione e si apre con un convegno","breadcrumb":{"@id":"https:\/\/staging.varesenews.it\/2015\/06\/musica-e-cocktail-bere-si-ma-responsabilmente\/377560\/#breadcrumb"},"inLanguage":"it-IT","potentialAction":[{"@type":"ReadAction","target":["https:\/\/staging.varesenews.it\/2015\/06\/musica-e-cocktail-bere-si-ma-responsabilmente\/377560\/"]}]},{"@type":"BreadcrumbList","@id":"https:\/\/staging.varesenews.it\/2015\/06\/musica-e-cocktail-bere-si-ma-responsabilmente\/377560\/#breadcrumb","itemListElement":[{"@type":"ListItem","position":1,"name":"Home","item":"https:\/\/www.varesenews.it\/"},{"@type":"ListItem","position":2,"name":"Musica e cocktail: bere s\u00ec, ma responsabilmente"}]},{"@type":"WebSite","@id":"https:\/\/staging.varesenews.it\/#website","url":"https:\/\/staging.varesenews.it\/","name":"VareseNews","description":"","potentialAction":[{"@type":"SearchAction","target":{"@type":"EntryPoint","urlTemplate":"https:\/\/staging.varesenews.it\/?s={search_term_string}"},"query-input":"required name=search_term_string"}],"inLanguage":"it-IT"},{"@type":"Person","@id":"https:\/\/staging.varesenews.it\/#\/schema\/person\/2643ce123d4a3c9511e015dc548779b8","name":"Alessandra Toni","image":{"@type":"ImageObject","inLanguage":"it-IT","@id":"https:\/\/staging.varesenews.it\/#\/schema\/person\/image\/","url":"https:\/\/staging.varesenews.it\/wp-content\/uploads\/2020\/12\/alessandra_toni_colori_500.jpg","contentUrl":"https:\/\/staging.varesenews.it\/wp-content\/uploads\/2020\/12\/alessandra_toni_colori_500.jpg","caption":"Alessandra Toni"},"description":"Sono entrata nella redazione di VareseNews nel lontano anno 2000. Ero reduce da una bellissima esperienza nella redazione giornalistica della TV Nuova Antennatre, sotto la direzione dell'indimenticabile direttore Adolfo Caldarini. Sono arrivata quando era ancora una piccola realt\u00e0 editoriale e insieme abbiamo fatto un lungo ed entusiasmante lavoro. Mi occupo prevalentemente di scuola e di sanit\u00e0, settori impegnativi di grande valore sociale.\u00a0","sameAs":["alessandra.toni7","alessandra.toni","https:\/\/twitter.com\/alessandra_toni"],"url":"https:\/\/staging.varesenews.it\/persona\/alessandra_toni1\/"}]}},"post_meta":{"_edit_lock":"1435832652:32","_edit_last":"33","_category_permalink":"21","wdfb_og_title":"","wdfb_og_type":"","wdfb_og_description":"","wdfb_og_images":"a:1:{i:0;s:0:\"\";}","wdfb_og_custom_name":"a:1:{i:0;s:0:\"\";}","wdfb_og_custom_value":"a:1:{i:0;s:0:\"\";}","foto":"458528","id_video":"1ee9be4a","argomento":"Varese","_yoast_wpseo_focuskw":"alcol","_yoast_wpseo_metadesc":"Torna la manifestazione che mira a sensibilizzare i giovani a un uso responsabile dell'alcol. \u00c8 l'undicesima edizione e si apre con un convegno","_jd_twitter":"","_jd_tweet_this":"yes","ratings_users":"0","ratings_score":"0","ratings_average":"0","_wpt_short_url":"http:\/\/www.varesenews.it\/2015\/06\/musica-e-cocktail-bere-si-ma-responsabilmente\/377560\/","_wp_jd_target":"http:\/\/www.varesenews.it\/2015\/06\/musica-e-cocktail-bere-si-ma-responsabilmente\/377560\/","_jd_wp_twitter":"a:1:{i:0;s:157:\"Musica e cocktail: bere s\u00ec, ma responsabilmente http:\/\/www.varesenews.it\/2015\/06\/musica-e-cocktail-bere-si-ma-responsabilmente\/377560\/ #bar #Musica #weekend\";}","_wpt_status_message":"Tweet inviato con successo.","_yoast_wpseo_linkdex":"65","id_video_vzaar":"4496205"},"photos":[{"original":"https:\/\/staging.varesenews.it\/photogallery_new\/images\/2015\/06\/alcol-prevention-yeah-458528.jpg","full":"https:\/\/staging.varesenews.it\/photogallery_new\/images\/2015\/06\/alcol-prevention-yeah-458528.1024x768.jpg","large":"https:\/\/staging.varesenews.it\/photogallery_new\/images\/2015\/06\/alcol-prevention-yeah-458528.610x431.jpg"}],"_links":{"self":[{"href":"https:\/\/staging.varesenews.it\/swgapi\/v1\/wp\/v2\/posts\/377560"}],"collection":[{"href":"https:\/\/staging.varesenews.it\/swgapi\/v1\/wp\/v2\/posts"}],"about":[{"href":"https:\/\/staging.varesenews.it\/swgapi\/v1\/wp\/v2\/types\/post"}],"author":[{"embeddable":true,"href":"https:\/\/staging.varesenews.it\/swgapi\/v1\/wp\/v2\/users\/33"}],"replies":[{"embeddable":true,"href":"https:\/\/staging.varesenews.it\/swgapi\/v1\/wp\/v2\/comments?post=377560"}],"version-history":[{"count":0,"href":"https:\/\/staging.varesenews.it\/swgapi\/v1\/wp\/v2\/posts\/377560\/revisions"}],"wp:attachment":[{"href":"https:\/\/staging.varesenews.it\/swgapi\/v1\/wp\/v2\/media?parent=377560"}],"wp:term":[{"taxonomy":"category","embeddable":true,"href":"https:\/\/staging.varesenews.it\/swgapi\/v1\/wp\/v2\/categories?post=377560"},{"taxonomy":"post_tag","embeddable":true,"href":"https:\/\/staging.varesenews.it\/swgapi\/v1\/wp\/v2\/tags?post=377560"}],"curies":[{"name":"wp","href":"https:\/\/api.w.org\/{rel}","templated":true}]}}