{"id":377624,"date":"2015-06-05T15:22:09","date_gmt":"2015-06-05T13:22:09","guid":{"rendered":"http:\/\/www.varesenews.it\/?p=377624"},"modified":"2015-06-05T15:24:03","modified_gmt":"2015-06-05T13:24:03","slug":"al-via-la-notte-bianca-dello-sport","status":"publish","type":"post","link":"https:\/\/staging.varesenews.it\/2015\/06\/al-via-la-notte-bianca-dello-sport\/377624\/","title":{"rendered":"Al via la notte bianca dello sport"},"content":{"rendered":"<p><strong>Trenta\u00a0ore No\u2013Stop, con ingresso libero<\/strong>, dedicate allo sport e al divertimento per piccoli e grandi atleti di Caronno Varesino. Ma non solo: l&#8217;iniziativa \u00e8 dedicata <strong>a tutti coloro che\u00a0avranno voglia di stare insieme e vivere momenti da ricordare.<\/strong> Sar\u00e0 questo l\u2019obiettivo della sesta edizione de<strong> La Notte bianca dello Sport<\/strong> che si terr\u00e0<strong> sabato 6 e domenica 7 giugno a Caronno Varesino (VA)<\/strong>, presso il centro Sportivo Comunale di Via Diaz.<\/p>\n<p>Dopo il successo delle passate edizioni, la manifestazion<strong>e &#8211; nata dalla collaborazione tra il Comune e le associazioni sportive di Caronno Varesino<\/strong> &#8211; si presenter\u00e0 quest\u2019anno ancora pi\u00f9 ricca di appuntamenti e novit\u00e0. Si partir\u00e0 <strong>sabato 6 giugno alle 13:30 con la fiaccolata inaugurale per le vie del Paese,<\/strong> per poi entrare nel vivo con prove di tennis, gare di Karate e Minigolf per tutti. Dalle 14:30 si dar\u00e0 il via al torneo di calcio per i bambini nati nel 2007-2008 e, a seguire, spazio al torneo di pallavolo under 18, a gare di Minicross e dalle 19:00 ad un sorprendente spettacolo equestre.<\/p>\n<p><strong>Dalle ore 21:00 La notte Bianca dello Sport scalder\u00e0 i motori con il Torneo di calcetto notturno<\/strong> che si protrarr\u00e0, sfida dopo sfida, fino alle luci dell\u2019alba e oltre. A proposito di motori, nel corso della manifestazione, precisamente dalle 14:00, avverr\u00e0 anche un mega raduno di Auto Tuning in via Macchi, adiacente al centro sportivo. Per tutti gli amanti di questo hobby sar\u00e0 possibile ammirare per tutta al giornata di sabato, le automobili elaborate sapientemente dai proprietari.<\/p>\n<p>Per coloro che non sono propriamente sportivi ma amano una serata fuori dai luoghi comuni, a partire dalle 21:30, si aprir\u00e0 la serata danzante con la band Free to dance e<strong> l\u2019elezione di Miss Notte Bianca.<\/strong><br \/>\nIl palinsesto della domenica non sar\u00e0 da meno: si inizier\u00e0 presto, alle ore 9:30, con il torneo di Minivolley, mentre alle 10:00 sar\u00e0 la volta dei Pulcini che si sfideranno nel torneo calcistico. Altri tornei sportivi si susseguiranno per tutta la giornata che preveder\u00e0 anche momenti di Fitness, dimostrazioni di Total Fighting e, alle 17:00, la gara podistica per tutti.<\/p>\n<p>Fare sport, si sa, mette appetito\u2026per questo motivo per tutta al durata de La Notte Bianca dello Sport sar\u00e0 piacevole essere tentati dalle proposte culinarie dello<strong> stand gastronomico G.S Eagles.\u00a0<\/strong>La notte Bianca si concluder\u00e0 domenica alle 19:00 con le Premiazioni finali.<\/p>\n","protected":false},"excerpt":{"rendered":"<p>Dallo stand gastronomico alle iniziative sportive, passando per &#8220;Miss notte bianca&#8221;. Il tutto tra sabato 6 e domenica 7 giugno<\/p>\n","protected":false},"author":51,"featured_media":0,"comment_status":"open","ping_status":"open","sticky":false,"template":"","format":"standard","meta":{"footnotes":""},"categories":[5,21],"tags":[158],"acf":[],"yoast_head":"<!-- This site is optimized with the Yoast SEO plugin v20.1 - https:\/\/yoast.com\/wordpress\/plugins\/seo\/ -->\n<title>Al via la notte bianca dello sport<\/title>\n<meta name=\"description\" content=\"Dallo stand gastronomico alle iniziative sportive, passando per &quot;Miss notte bianca&quot;. Il tutto tra sabato 6 e domenica 7 giugno\" \/>\n<meta name=\"robots\" content=\"noindex, follow, max-snippet:-1, max-image-preview:large, max-video-preview:-1\" \/>\n<meta property=\"og:locale\" content=\"it_IT\" \/>\n<meta property=\"og:type\" content=\"article\" \/>\n<meta property=\"og:title\" content=\"Al via la notte bianca dello sport\" \/>\n<meta property=\"og:description\" content=\"Dallo stand gastronomico alle iniziative sportive, passando per &quot;Miss notte bianca&quot;. Il tutto tra sabato 6 e domenica 7 giugno\" \/>\n<meta property=\"og:url\" content=\"https:\/\/staging.varesenews.it\/2015\/06\/al-via-la-notte-bianca-dello-sport\/377624\/\" \/>\n<meta property=\"og:site_name\" content=\"VareseNews\" \/>\n<meta property=\"article:publisher\" content=\"https:\/\/www.facebook.com\/varesenews\" \/>\n<meta property=\"article:author\" content=\"https:\/\/www.facebook.com\/manuel.sgarella\" \/>\n<meta property=\"article:published_time\" content=\"2015-06-05T13:22:09+00:00\" \/>\n<meta property=\"article:modified_time\" content=\"2015-06-05T13:24:03+00:00\" \/>\n<meta name=\"author\" content=\"Manuel Sgarella\" \/>\n<meta name=\"twitter:card\" content=\"summary_large_image\" \/>\n<meta name=\"twitter:creator\" content=\"@Sgarel\" \/>\n<meta name=\"twitter:site\" content=\"@varesenews\" \/>\n<meta name=\"twitter:label1\" content=\"Scritto da\" \/>\n\t<meta name=\"twitter:data1\" content=\"Manuel Sgarella\" \/>\n\t<meta name=\"twitter:label2\" content=\"Tempo di lettura stimato\" \/>\n\t<meta name=\"twitter:data2\" content=\"2 minuti\" \/>\n<script type=\"application\/ld+json\" class=\"yoast-schema-graph\">{\"@context\":\"https:\/\/schema.org\",\"@graph\":[{\"@type\":\"WebPage\",\"@id\":\"https:\/\/staging.varesenews.it\/2015\/06\/al-via-la-notte-bianca-dello-sport\/377624\/\",\"url\":\"https:\/\/staging.varesenews.it\/2015\/06\/al-via-la-notte-bianca-dello-sport\/377624\/\",\"name\":\"Al via la notte bianca dello sport\",\"isPartOf\":{\"@id\":\"https:\/\/staging.varesenews.it\/#website\"},\"datePublished\":\"2015-06-05T13:22:09+00:00\",\"dateModified\":\"2015-06-05T13:24:03+00:00\",\"author\":{\"@id\":\"https:\/\/staging.varesenews.it\/#\/schema\/person\/1ec987bf360cbcf5fab38b0367dbc9d4\"},\"description\":\"Dallo stand gastronomico alle iniziative sportive, passando per \\\"Miss notte bianca\\\". Il tutto tra sabato 6 e domenica 7 giugno\",\"breadcrumb\":{\"@id\":\"https:\/\/staging.varesenews.it\/2015\/06\/al-via-la-notte-bianca-dello-sport\/377624\/#breadcrumb\"},\"inLanguage\":\"it-IT\",\"potentialAction\":[{\"@type\":\"ReadAction\",\"target\":[\"https:\/\/staging.varesenews.it\/2015\/06\/al-via-la-notte-bianca-dello-sport\/377624\/\"]}]},{\"@type\":\"BreadcrumbList\",\"@id\":\"https:\/\/staging.varesenews.it\/2015\/06\/al-via-la-notte-bianca-dello-sport\/377624\/#breadcrumb\",\"itemListElement\":[{\"@type\":\"ListItem\",\"position\":1,\"name\":\"Home\",\"item\":\"https:\/\/www.varesenews.it\/\"},{\"@type\":\"ListItem\",\"position\":2,\"name\":\"Al via la notte bianca dello sport\"}]},{\"@type\":\"WebSite\",\"@id\":\"https:\/\/staging.varesenews.it\/#website\",\"url\":\"https:\/\/staging.varesenews.it\/\",\"name\":\"VareseNews\",\"description\":\"\",\"potentialAction\":[{\"@type\":\"SearchAction\",\"target\":{\"@type\":\"EntryPoint\",\"urlTemplate\":\"https:\/\/staging.varesenews.it\/?s={search_term_string}\"},\"query-input\":\"required name=search_term_string\"}],\"inLanguage\":\"it-IT\"},{\"@type\":\"Person\",\"@id\":\"https:\/\/staging.varesenews.it\/#\/schema\/person\/1ec987bf360cbcf5fab38b0367dbc9d4\",\"name\":\"Manuel Sgarella\",\"image\":{\"@type\":\"ImageObject\",\"inLanguage\":\"it-IT\",\"@id\":\"https:\/\/staging.varesenews.it\/#\/schema\/person\/image\/\",\"url\":\"https:\/\/staging.varesenews.it\/wp-content\/uploads\/2020\/12\/manuel_sgarella_colori_500.jpg\",\"contentUrl\":\"https:\/\/staging.varesenews.it\/wp-content\/uploads\/2020\/12\/manuel_sgarella_colori_500.jpg\",\"caption\":\"Manuel Sgarella\"},\"description\":\"A VareseNews dal 1999, da quando ho iniziato a collaborare per la pagina del cinema. Col tempo mi sono occupato della cronaca del territorio di Saronno-Tradate e dell'organizzazione di alcuni progetti speciali di VareseNews, tra cui la produzione del film Digitalife. Dal 2009 sono giornalista professionista. Diplomato alla Civica scuola del cinema di Milano, coltivo da sempre una passione per tutto quello che &egrave; narrazione, soprattutto per film e serie tv. Dal 2014 Pubblico romanzi come autore indipendente.&nbsp;\",\"sameAs\":[\"https:\/\/www.facebook.com\/manuel.sgarella\",\"Sgarel\",\"https:\/\/twitter.com\/Sgarel\"],\"url\":\"https:\/\/staging.varesenews.it\/persona\/manuel-sgarella1\/\"}]}<\/script>\n<!-- \/ Yoast SEO plugin. -->","yoast_head_json":{"title":"Al via la notte bianca dello sport","description":"Dallo stand gastronomico alle iniziative sportive, passando per \"Miss notte bianca\". Il tutto tra sabato 6 e domenica 7 giugno","robots":{"index":"noindex","follow":"follow","max-snippet":"max-snippet:-1","max-image-preview":"max-image-preview:large","max-video-preview":"max-video-preview:-1"},"og_locale":"it_IT","og_type":"article","og_title":"Al via la notte bianca dello sport","og_description":"Dallo stand gastronomico alle iniziative sportive, passando per \"Miss notte bianca\". Il tutto tra sabato 6 e domenica 7 giugno","og_url":"https:\/\/staging.varesenews.it\/2015\/06\/al-via-la-notte-bianca-dello-sport\/377624\/","og_site_name":"VareseNews","article_publisher":"https:\/\/www.facebook.com\/varesenews","article_author":"https:\/\/www.facebook.com\/manuel.sgarella","article_published_time":"2015-06-05T13:22:09+00:00","article_modified_time":"2015-06-05T13:24:03+00:00","author":"Manuel Sgarella","twitter_card":"summary_large_image","twitter_creator":"@Sgarel","twitter_site":"@varesenews","twitter_misc":{"Scritto da":"Manuel Sgarella","Tempo di lettura stimato":"2 minuti"},"schema":{"@context":"https:\/\/schema.org","@graph":[{"@type":"WebPage","@id":"https:\/\/staging.varesenews.it\/2015\/06\/al-via-la-notte-bianca-dello-sport\/377624\/","url":"https:\/\/staging.varesenews.it\/2015\/06\/al-via-la-notte-bianca-dello-sport\/377624\/","name":"Al via la notte bianca dello sport","isPartOf":{"@id":"https:\/\/staging.varesenews.it\/#website"},"datePublished":"2015-06-05T13:22:09+00:00","dateModified":"2015-06-05T13:24:03+00:00","author":{"@id":"https:\/\/staging.varesenews.it\/#\/schema\/person\/1ec987bf360cbcf5fab38b0367dbc9d4"},"description":"Dallo stand gastronomico alle iniziative sportive, passando per \"Miss notte bianca\". Il tutto tra sabato 6 e domenica 7 giugno","breadcrumb":{"@id":"https:\/\/staging.varesenews.it\/2015\/06\/al-via-la-notte-bianca-dello-sport\/377624\/#breadcrumb"},"inLanguage":"it-IT","potentialAction":[{"@type":"ReadAction","target":["https:\/\/staging.varesenews.it\/2015\/06\/al-via-la-notte-bianca-dello-sport\/377624\/"]}]},{"@type":"BreadcrumbList","@id":"https:\/\/staging.varesenews.it\/2015\/06\/al-via-la-notte-bianca-dello-sport\/377624\/#breadcrumb","itemListElement":[{"@type":"ListItem","position":1,"name":"Home","item":"https:\/\/www.varesenews.it\/"},{"@type":"ListItem","position":2,"name":"Al via la notte bianca dello sport"}]},{"@type":"WebSite","@id":"https:\/\/staging.varesenews.it\/#website","url":"https:\/\/staging.varesenews.it\/","name":"VareseNews","description":"","potentialAction":[{"@type":"SearchAction","target":{"@type":"EntryPoint","urlTemplate":"https:\/\/staging.varesenews.it\/?s={search_term_string}"},"query-input":"required name=search_term_string"}],"inLanguage":"it-IT"},{"@type":"Person","@id":"https:\/\/staging.varesenews.it\/#\/schema\/person\/1ec987bf360cbcf5fab38b0367dbc9d4","name":"Manuel Sgarella","image":{"@type":"ImageObject","inLanguage":"it-IT","@id":"https:\/\/staging.varesenews.it\/#\/schema\/person\/image\/","url":"https:\/\/staging.varesenews.it\/wp-content\/uploads\/2020\/12\/manuel_sgarella_colori_500.jpg","contentUrl":"https:\/\/staging.varesenews.it\/wp-content\/uploads\/2020\/12\/manuel_sgarella_colori_500.jpg","caption":"Manuel Sgarella"},"description":"A VareseNews dal 1999, da quando ho iniziato a collaborare per la pagina del cinema. Col tempo mi sono occupato della cronaca del territorio di Saronno-Tradate e dell'organizzazione di alcuni progetti speciali di VareseNews, tra cui la produzione del film Digitalife. Dal 2009 sono giornalista professionista. Diplomato alla Civica scuola del cinema di Milano, coltivo da sempre una passione per tutto quello che &egrave; narrazione, soprattutto per film e serie tv. Dal 2014 Pubblico romanzi come autore indipendente.&nbsp;","sameAs":["https:\/\/www.facebook.com\/manuel.sgarella","Sgarel","https:\/\/twitter.com\/Sgarel"],"url":"https:\/\/staging.varesenews.it\/persona\/manuel-sgarella1\/"}]}},"post_meta":{"_edit_lock":"1433510515:51","_edit_last":"51","_category_permalink":"5","ratings_users":"0","ratings_score":"0","ratings_average":"0","wdfb_og_title":"","wdfb_og_type":"","wdfb_og_description":"","wdfb_og_images":"a:1:{i:0;s:0:\"\";}","wdfb_og_custom_name":"a:1:{i:0;s:0:\"\";}","wdfb_og_custom_value":"a:1:{i:0;s:0:\"\";}","argomento":"Caronno Varesino","_yoast_wpseo_focuskw":"sport","_yoast_wpseo_metadesc":"Dallo stand gastronomico alle iniziative sportive, passando per \"Miss notte bianca\". Il tutto tra sabato 6 e domenica 7 giugno","_jd_twitter":"","_jd_tweet_this":"yes","_wpt_short_url":"http:\/\/www.varesenews.it\/2015\/06\/al-via-la-notte-bianca-dello-sport\/377624\/","_wp_jd_target":"http:\/\/www.varesenews.it\/2015\/06\/al-via-la-notte-bianca-dello-sport\/377624\/","_jd_wp_twitter":"a:1:{i:0;s:119:\"Al via la notte bianca dello sport http:\/\/www.varesenews.it\/2015\/06\/al-via-la-notte-bianca-dello-sport\/377624\/ #weekend\";}","_wpt_status_message":"Tweet inviato con successo.","_yoast_wpseo_linkdex":"80","foto":"458560"},"photos":[{"original":"https:\/\/staging.varesenews.it\/photogallery_new\/images\/2015\/06\/caronno-varesino-generiche-458560.jpg","full":"https:\/\/staging.varesenews.it\/photogallery_new\/images\/2015\/06\/caronno-varesino-generiche-458560.1024x768.jpg","large":"https:\/\/staging.varesenews.it\/photogallery_new\/images\/2015\/06\/caronno-varesino-generiche-458560.610x431.jpg"}],"_links":{"self":[{"href":"https:\/\/staging.varesenews.it\/swgapi\/v1\/wp\/v2\/posts\/377624"}],"collection":[{"href":"https:\/\/staging.varesenews.it\/swgapi\/v1\/wp\/v2\/posts"}],"about":[{"href":"https:\/\/staging.varesenews.it\/swgapi\/v1\/wp\/v2\/types\/post"}],"author":[{"embeddable":true,"href":"https:\/\/staging.varesenews.it\/swgapi\/v1\/wp\/v2\/users\/51"}],"replies":[{"embeddable":true,"href":"https:\/\/staging.varesenews.it\/swgapi\/v1\/wp\/v2\/comments?post=377624"}],"version-history":[{"count":0,"href":"https:\/\/staging.varesenews.it\/swgapi\/v1\/wp\/v2\/posts\/377624\/revisions"}],"wp:attachment":[{"href":"https:\/\/staging.varesenews.it\/swgapi\/v1\/wp\/v2\/media?parent=377624"}],"wp:term":[{"taxonomy":"category","embeddable":true,"href":"https:\/\/staging.varesenews.it\/swgapi\/v1\/wp\/v2\/categories?post=377624"},{"taxonomy":"post_tag","embeddable":true,"href":"https:\/\/staging.varesenews.it\/swgapi\/v1\/wp\/v2\/tags?post=377624"}],"curies":[{"name":"wp","href":"https:\/\/api.w.org\/{rel}","templated":true}]}}