{"id":378805,"date":"2015-06-10T16:41:47","date_gmt":"2015-06-10T14:41:47","guid":{"rendered":"http:\/\/www.varesenews.it\/?p=378805"},"modified":"2015-06-10T16:41:47","modified_gmt":"2015-06-10T14:41:47","slug":"presi-topi-dappartamento-uno-era-evaso","status":"publish","type":"post","link":"https:\/\/staging.varesenews.it\/2015\/06\/presi-topi-dappartamento-uno-era-evaso\/378805\/","title":{"rendered":"Presi topi d&#8217;appartamento, uno era evaso"},"content":{"rendered":"<p>Sente rumori sospetti sul balcone del vicino, chiama il 112 e il rapido intervento dei carabinieri dell\u2019<strong>Aliquota Radiomobile del legnanese<\/strong>\u00a0permette l&#8217;arresto di\u00a0due extracomunitari trentenni per furto in abitazione in flagranza di reato. Il fatto \u00e8 avvenuto la notte scorsa nel comune di <strong>Nerviano<\/strong>.<\/p>\n<p>Il tutto nasce dalla segnalazione a<strong>l numero unico di emergenza 112<\/strong> di un possibile furto in atto presso l\u2019abitazione di un vicino.\u00a0Il condomino, infatti, aveva segnalato\u00a0rumori strani provenienti dal balcone dell\u2019abitazione affianco che ultimamente \u00e8 chiusa ed in disuso dato che i proprietari si sono trasferiti altrove.<\/p>\n<p>I militari, appena giunti, scovavano su quel balcone due soggetti che erano in quel momento riusciti a forzare la porta finestra per entrare nell&#8217;appartamento.\u00a0Vistisi scoperti, il primo si \u00e8 lanciato dal balcone, al primo piano, mancando per\u00f2 il giardino ed atterrando nella discesa dei box al piano seminterrato. Ha provato a fuggire ma \u00e8 stato subito bloccato.\u00a0Il secondo ha, invece, sfruttato degli appigli di fortuna per guadagnare la fuga ma una volta arrivato a terra \u00e8 stato anch\u2019egli prontamente bloccato.<\/p>\n<p>Addosso avevano\u00a0numerosi arnesi da scasso e una radio-scanner portatile nonch\u00e9 una chiave di una autovettura, poi rintracciata nel parcheggio vicino.\u00a0Anche quel mezzo di grossa cilindrata \u00e8 risultato rubato e con targhe rubate.<br \/>\nArrestati, immediatamente, quindi, sono stati portati presso la Caserma legnanese ove, poi, si \u00e8 scoperto che uno dei due risultava evaso e con una pena di pi\u00f9 di un anno e mezzo di carcere ancora da scontare sempre per i medesimi reati.<br \/>\nTerminati gli atti sono stati entrambi portati \u00a0nel carcere di San Vittore a Milano su disposizione dell\u2019Autorit\u00e0 Giudiziaria milanese che segue il caso.<\/p>\n","protected":false},"excerpt":{"rendered":"<p>A segnalare il colpo in atto un condomino che aveva sentito rumori. Alla vista dei carabinieri i due hanno tentato la fuga ma sono stati bloccati<\/p>\n","protected":false},"author":47,"featured_media":0,"comment_status":"open","ping_status":"open","sticky":false,"template":"","format":"standard","meta":{"footnotes":""},"categories":[4],"tags":[2292,2072],"acf":[],"yoast_head":"<!-- This site is optimized with the Yoast SEO plugin v20.1 - https:\/\/yoast.com\/wordpress\/plugins\/seo\/ -->\n<title>Presi topi d&#039;appartamento, uno era evaso<\/title>\n<meta name=\"description\" content=\"A segnalare il colpo in atto un condomino che aveva sentito rumori. Alla vista dei carabinieri i due hanno tentato la fuga ma sono stati bloccati\" \/>\n<meta name=\"robots\" content=\"noindex, follow, max-snippet:-1, max-image-preview:large, max-video-preview:-1\" \/>\n<meta property=\"og:locale\" content=\"it_IT\" \/>\n<meta property=\"og:type\" content=\"article\" \/>\n<meta property=\"og:title\" content=\"Presi topi d&#039;appartamento, uno era evaso\" \/>\n<meta property=\"og:description\" content=\"A segnalare il colpo in atto un condomino che aveva sentito rumori. Alla vista dei carabinieri i due hanno tentato la fuga ma sono stati bloccati\" \/>\n<meta property=\"og:url\" content=\"https:\/\/staging.varesenews.it\/2015\/06\/presi-topi-dappartamento-uno-era-evaso\/378805\/\" \/>\n<meta property=\"og:site_name\" content=\"VareseNews\" \/>\n<meta property=\"article:publisher\" content=\"https:\/\/www.facebook.com\/varesenews\" \/>\n<meta property=\"article:published_time\" content=\"2015-06-10T14:41:47+00:00\" \/>\n<meta name=\"author\" content=\"Orlando Mastrillo\" \/>\n<meta name=\"twitter:card\" content=\"summary_large_image\" \/>\n<meta name=\"twitter:creator\" content=\"@nando_mastrillo\" \/>\n<meta name=\"twitter:site\" content=\"@varesenews\" \/>\n<meta name=\"twitter:label1\" content=\"Scritto da\" \/>\n\t<meta name=\"twitter:data1\" content=\"Orlando Mastrillo\" \/>\n\t<meta name=\"twitter:label2\" content=\"Tempo di lettura stimato\" \/>\n\t<meta name=\"twitter:data2\" content=\"1 minuto\" \/>\n<script type=\"application\/ld+json\" class=\"yoast-schema-graph\">{\"@context\":\"https:\/\/schema.org\",\"@graph\":[{\"@type\":\"WebPage\",\"@id\":\"https:\/\/staging.varesenews.it\/2015\/06\/presi-topi-dappartamento-uno-era-evaso\/378805\/\",\"url\":\"https:\/\/staging.varesenews.it\/2015\/06\/presi-topi-dappartamento-uno-era-evaso\/378805\/\",\"name\":\"Presi topi d'appartamento, uno era evaso\",\"isPartOf\":{\"@id\":\"https:\/\/staging.varesenews.it\/#website\"},\"datePublished\":\"2015-06-10T14:41:47+00:00\",\"dateModified\":\"2015-06-10T14:41:47+00:00\",\"author\":{\"@id\":\"https:\/\/staging.varesenews.it\/#\/schema\/person\/14c47ccce537a9058dddce296f10b296\"},\"description\":\"A segnalare il colpo in atto un condomino che aveva sentito rumori. Alla vista dei carabinieri i due hanno tentato la fuga ma sono stati bloccati\",\"breadcrumb\":{\"@id\":\"https:\/\/staging.varesenews.it\/2015\/06\/presi-topi-dappartamento-uno-era-evaso\/378805\/#breadcrumb\"},\"inLanguage\":\"it-IT\",\"potentialAction\":[{\"@type\":\"ReadAction\",\"target\":[\"https:\/\/staging.varesenews.it\/2015\/06\/presi-topi-dappartamento-uno-era-evaso\/378805\/\"]}]},{\"@type\":\"BreadcrumbList\",\"@id\":\"https:\/\/staging.varesenews.it\/2015\/06\/presi-topi-dappartamento-uno-era-evaso\/378805\/#breadcrumb\",\"itemListElement\":[{\"@type\":\"ListItem\",\"position\":1,\"name\":\"Home\",\"item\":\"https:\/\/www.varesenews.it\/\"},{\"@type\":\"ListItem\",\"position\":2,\"name\":\"Presi topi d&#8217;appartamento, uno era evaso\"}]},{\"@type\":\"WebSite\",\"@id\":\"https:\/\/staging.varesenews.it\/#website\",\"url\":\"https:\/\/staging.varesenews.it\/\",\"name\":\"VareseNews\",\"description\":\"\",\"potentialAction\":[{\"@type\":\"SearchAction\",\"target\":{\"@type\":\"EntryPoint\",\"urlTemplate\":\"https:\/\/staging.varesenews.it\/?s={search_term_string}\"},\"query-input\":\"required name=search_term_string\"}],\"inLanguage\":\"it-IT\"},{\"@type\":\"Person\",\"@id\":\"https:\/\/staging.varesenews.it\/#\/schema\/person\/14c47ccce537a9058dddce296f10b296\",\"name\":\"Orlando Mastrillo\",\"image\":{\"@type\":\"ImageObject\",\"inLanguage\":\"it-IT\",\"@id\":\"https:\/\/staging.varesenews.it\/#\/schema\/person\/image\/\",\"url\":\"https:\/\/staging.varesenews.it\/wp-content\/uploads\/2020\/12\/orlando_mastrillo_colori_500.jpg\",\"contentUrl\":\"https:\/\/staging.varesenews.it\/wp-content\/uploads\/2020\/12\/orlando_mastrillo_colori_500.jpg\",\"caption\":\"Orlando Mastrillo\"},\"description\":\"Nasco a Luino nel 1981, ho iniziato questo lavoro nell'estate del 2003 nella redazione de Il Giorno di Varese e dall'anno successivo ho intrapreso la collaborazione con VareseNews. Dopo anni nell'Alto Varesotto mi sono trasferito a Busto Arsizio nel 2007, territorio che ho iniziato a seguire e che seguo tutt'oggi. Nel 2013 sono diventato giornalista professionista. Mi occupo di cronaca politica, giudiziaria e nera in una vasta area che comprende anche parte della Valle Olona e il Legnanese. Sono sposato con Valeria Arini e ho due splendide figlie.\",\"sameAs\":[\"or_ma\",\"https:\/\/twitter.com\/nando_mastrillo\"],\"url\":\"https:\/\/staging.varesenews.it\/persona\/orlando-mastrillo1\/\"}]}<\/script>\n<!-- \/ Yoast SEO plugin. -->","yoast_head_json":{"title":"Presi topi d'appartamento, uno era evaso","description":"A segnalare il colpo in atto un condomino che aveva sentito rumori. Alla vista dei carabinieri i due hanno tentato la fuga ma sono stati bloccati","robots":{"index":"noindex","follow":"follow","max-snippet":"max-snippet:-1","max-image-preview":"max-image-preview:large","max-video-preview":"max-video-preview:-1"},"og_locale":"it_IT","og_type":"article","og_title":"Presi topi d'appartamento, uno era evaso","og_description":"A segnalare il colpo in atto un condomino che aveva sentito rumori. Alla vista dei carabinieri i due hanno tentato la fuga ma sono stati bloccati","og_url":"https:\/\/staging.varesenews.it\/2015\/06\/presi-topi-dappartamento-uno-era-evaso\/378805\/","og_site_name":"VareseNews","article_publisher":"https:\/\/www.facebook.com\/varesenews","article_published_time":"2015-06-10T14:41:47+00:00","author":"Orlando Mastrillo","twitter_card":"summary_large_image","twitter_creator":"@nando_mastrillo","twitter_site":"@varesenews","twitter_misc":{"Scritto da":"Orlando Mastrillo","Tempo di lettura stimato":"1 minuto"},"schema":{"@context":"https:\/\/schema.org","@graph":[{"@type":"WebPage","@id":"https:\/\/staging.varesenews.it\/2015\/06\/presi-topi-dappartamento-uno-era-evaso\/378805\/","url":"https:\/\/staging.varesenews.it\/2015\/06\/presi-topi-dappartamento-uno-era-evaso\/378805\/","name":"Presi topi d'appartamento, uno era evaso","isPartOf":{"@id":"https:\/\/staging.varesenews.it\/#website"},"datePublished":"2015-06-10T14:41:47+00:00","dateModified":"2015-06-10T14:41:47+00:00","author":{"@id":"https:\/\/staging.varesenews.it\/#\/schema\/person\/14c47ccce537a9058dddce296f10b296"},"description":"A segnalare il colpo in atto un condomino che aveva sentito rumori. Alla vista dei carabinieri i due hanno tentato la fuga ma sono stati bloccati","breadcrumb":{"@id":"https:\/\/staging.varesenews.it\/2015\/06\/presi-topi-dappartamento-uno-era-evaso\/378805\/#breadcrumb"},"inLanguage":"it-IT","potentialAction":[{"@type":"ReadAction","target":["https:\/\/staging.varesenews.it\/2015\/06\/presi-topi-dappartamento-uno-era-evaso\/378805\/"]}]},{"@type":"BreadcrumbList","@id":"https:\/\/staging.varesenews.it\/2015\/06\/presi-topi-dappartamento-uno-era-evaso\/378805\/#breadcrumb","itemListElement":[{"@type":"ListItem","position":1,"name":"Home","item":"https:\/\/www.varesenews.it\/"},{"@type":"ListItem","position":2,"name":"Presi topi d&#8217;appartamento, uno era evaso"}]},{"@type":"WebSite","@id":"https:\/\/staging.varesenews.it\/#website","url":"https:\/\/staging.varesenews.it\/","name":"VareseNews","description":"","potentialAction":[{"@type":"SearchAction","target":{"@type":"EntryPoint","urlTemplate":"https:\/\/staging.varesenews.it\/?s={search_term_string}"},"query-input":"required name=search_term_string"}],"inLanguage":"it-IT"},{"@type":"Person","@id":"https:\/\/staging.varesenews.it\/#\/schema\/person\/14c47ccce537a9058dddce296f10b296","name":"Orlando Mastrillo","image":{"@type":"ImageObject","inLanguage":"it-IT","@id":"https:\/\/staging.varesenews.it\/#\/schema\/person\/image\/","url":"https:\/\/staging.varesenews.it\/wp-content\/uploads\/2020\/12\/orlando_mastrillo_colori_500.jpg","contentUrl":"https:\/\/staging.varesenews.it\/wp-content\/uploads\/2020\/12\/orlando_mastrillo_colori_500.jpg","caption":"Orlando Mastrillo"},"description":"Nasco a Luino nel 1981, ho iniziato questo lavoro nell'estate del 2003 nella redazione de Il Giorno di Varese e dall'anno successivo ho intrapreso la collaborazione con VareseNews. Dopo anni nell'Alto Varesotto mi sono trasferito a Busto Arsizio nel 2007, territorio che ho iniziato a seguire e che seguo tutt'oggi. Nel 2013 sono diventato giornalista professionista. Mi occupo di cronaca politica, giudiziaria e nera in una vasta area che comprende anche parte della Valle Olona e il Legnanese. Sono sposato con Valeria Arini e ho due splendide figlie.","sameAs":["or_ma","https:\/\/twitter.com\/nando_mastrillo"],"url":"https:\/\/staging.varesenews.it\/persona\/orlando-mastrillo1\/"}]}},"post_meta":{"_edit_lock":"1433948764:47","_edit_last":"47","ratings_users":"0","ratings_score":"0","ratings_average":"0","_category_permalink":"","wdfb_og_title":"","wdfb_og_type":"","wdfb_og_description":"","wdfb_og_images":"a:1:{i:0;s:0:\"\";}","wdfb_og_custom_name":"a:1:{i:0;s:0:\"\";}","wdfb_og_custom_value":"a:1:{i:0;s:0:\"\";}","foto":"459743","firma_come_redazione":"1","_jd_twitter":"","_jd_tweet_this":"yes","_wpt_short_url":"http:\/\/www.varesenews.it\/2015\/06\/presi-topi-dappartamento-uno-era-evaso\/378805\/","_wp_jd_target":"http:\/\/www.varesenews.it\/2015\/06\/presi-topi-dappartamento-uno-era-evaso\/378805\/","_jd_wp_twitter":"a:1:{i:0;s:127:\"Presi topi d'appartamento, uno era evaso http:\/\/www.varesenews.it\/2015\/06\/presi-topi-dappartamento-uno-era-evaso\/378805\/ #furti\";}","_wpt_status_message":"Tweet inviato con successo."},"photos":[{"original":"https:\/\/staging.varesenews.it\/photogallery_new\/images\/2015\/06\/carabinieri-legnano-furto-auto-459743.jpg","full":"https:\/\/staging.varesenews.it\/photogallery_new\/images\/2015\/06\/carabinieri-legnano-furto-auto-459743.1024x768.jpg","large":"https:\/\/staging.varesenews.it\/photogallery_new\/images\/2015\/06\/carabinieri-legnano-furto-auto-459743.610x431.jpg"}],"_links":{"self":[{"href":"https:\/\/staging.varesenews.it\/swgapi\/v1\/wp\/v2\/posts\/378805"}],"collection":[{"href":"https:\/\/staging.varesenews.it\/swgapi\/v1\/wp\/v2\/posts"}],"about":[{"href":"https:\/\/staging.varesenews.it\/swgapi\/v1\/wp\/v2\/types\/post"}],"author":[{"embeddable":true,"href":"https:\/\/staging.varesenews.it\/swgapi\/v1\/wp\/v2\/users\/47"}],"replies":[{"embeddable":true,"href":"https:\/\/staging.varesenews.it\/swgapi\/v1\/wp\/v2\/comments?post=378805"}],"version-history":[{"count":0,"href":"https:\/\/staging.varesenews.it\/swgapi\/v1\/wp\/v2\/posts\/378805\/revisions"}],"wp:attachment":[{"href":"https:\/\/staging.varesenews.it\/swgapi\/v1\/wp\/v2\/media?parent=378805"}],"wp:term":[{"taxonomy":"category","embeddable":true,"href":"https:\/\/staging.varesenews.it\/swgapi\/v1\/wp\/v2\/categories?post=378805"},{"taxonomy":"post_tag","embeddable":true,"href":"https:\/\/staging.varesenews.it\/swgapi\/v1\/wp\/v2\/tags?post=378805"}],"curies":[{"name":"wp","href":"https:\/\/api.w.org\/{rel}","templated":true}]}}