{"id":379632,"date":"2015-06-13T11:08:27","date_gmt":"2015-06-13T09:08:27","guid":{"rendered":"http:\/\/www.varesenews.it\/?p=379632"},"modified":"2015-06-13T11:08:27","modified_gmt":"2015-06-13T09:08:27","slug":"a-maria-ausiliatrice-ce-lexpo-della-ginnastica","status":"publish","type":"post","link":"https:\/\/staging.varesenews.it\/2015\/06\/a-maria-ausiliatrice-ce-lexpo-della-ginnastica\/379632\/","title":{"rendered":"A Maria Ausiliatrice c&#8217;\u00e8 l&#8217;Expo della ginnastica"},"content":{"rendered":"<p>Si terr\u00e0 oggi, sabato 13 giugno, a partire dalle 15\u00a0nella palestra dell&#8217;istituto Maria Ausiliatrice di Varese (via Monte Rosa) l&#8217;evento dal titolo <strong>&#8220;L&#8217;expo della ginnastica&#8221;<\/strong> saggio dimostrativo di chiusura dei corsi di ginnastica artistica dell&#8217;anno sportivo 2014-2015 della <strong>Societ\u00e0 Varesina di Ginnastica e Scherma<\/strong>. (foto di repertorio)<\/p>\n<p>L&#8217;evento si aprir\u00e0 con la sfilata di tutti gli atleti e l&#8217;esibizione corale; a seguire saranno 14 i gruppi che si alterneranno con esibizioni tutte in tema expo, con chiavi di lettura che si alternano tra alimentazione e celebrazione dell&#8217;internazionalit\u00e0.<\/p>\n<p>Il tema della manifestazione vuole esaltare <strong>i benefici dello sport per una vita sana e i valori sociali che lo sport tutela,<\/strong> mettendo cos\u00ec in evidenza il ruolo fondamentale dell&#8217;associazione sportiva &#8220;Societ\u00e0 Varesina di Ginnastica e Scherma&#8221; che da oltre 135 anni \u00e8 affermata scuola di sport e di vita per grandi e piccoli atleti. Non solo ginnastica artistica ma anche danza acrobatica e rock acrobatico oltre ad un assaggio delle altre discipline praticate presso la struttura di via Donatello a Varese, quale il Kung fu.<\/p>\n<p>L&#8217;ingresso \u00e8 libero&#8230; lasciatevi sorprendere&#8230; aggiungeremo un posto &#8220;a tavola&#8221; per ogni amico in pi\u00f9<\/p>\n","protected":false},"excerpt":{"rendered":"<p>Saggio dimostrativo dei corsi di ginnastica artistica dell&#8217;anno sportivo 2014-2015 della Societ\u00e0 Varesina di Ginnastica e Scherma<\/p>\n","protected":false},"author":47,"featured_media":0,"comment_status":"open","ping_status":"open","sticky":false,"template":"","format":"standard","meta":{"footnotes":""},"categories":[90,14,2],"tags":[4682,1124],"acf":[],"yoast_head":"<!-- This site is optimized with the Yoast SEO plugin v20.1 - https:\/\/yoast.com\/wordpress\/plugins\/seo\/ -->\n<title>A Maria Ausiliatrice c&#039;\u00e8 l&#039;Expo della ginnastica<\/title>\n<meta name=\"description\" content=\"Saggio dimostrativo dei corsi di ginnastica artistica dell&#039;anno sportivo 2014-2015 della Societ\u00e0 Varesina di Ginnastica e Scherma\" \/>\n<meta name=\"robots\" content=\"noindex, follow, max-snippet:-1, max-image-preview:large, max-video-preview:-1\" \/>\n<meta property=\"og:locale\" content=\"it_IT\" \/>\n<meta property=\"og:type\" content=\"article\" \/>\n<meta property=\"og:title\" content=\"A Maria Ausiliatrice c&#039;\u00e8 l&#039;Expo della ginnastica\" \/>\n<meta property=\"og:description\" content=\"Saggio dimostrativo dei corsi di ginnastica artistica dell&#039;anno sportivo 2014-2015 della Societ\u00e0 Varesina di Ginnastica e Scherma\" \/>\n<meta property=\"og:url\" content=\"https:\/\/staging.varesenews.it\/2015\/06\/a-maria-ausiliatrice-ce-lexpo-della-ginnastica\/379632\/\" \/>\n<meta property=\"og:site_name\" content=\"VareseNews\" \/>\n<meta property=\"article:publisher\" content=\"https:\/\/www.facebook.com\/varesenews\" \/>\n<meta property=\"article:published_time\" content=\"2015-06-13T09:08:27+00:00\" \/>\n<meta name=\"author\" content=\"Orlando Mastrillo\" \/>\n<meta name=\"twitter:card\" content=\"summary_large_image\" \/>\n<meta name=\"twitter:creator\" content=\"@nando_mastrillo\" \/>\n<meta name=\"twitter:site\" content=\"@varesenews\" \/>\n<meta name=\"twitter:label1\" content=\"Scritto da\" \/>\n\t<meta name=\"twitter:data1\" content=\"Orlando Mastrillo\" \/>\n\t<meta name=\"twitter:label2\" content=\"Tempo di lettura stimato\" \/>\n\t<meta name=\"twitter:data2\" content=\"1 minuto\" \/>\n<script type=\"application\/ld+json\" class=\"yoast-schema-graph\">{\"@context\":\"https:\/\/schema.org\",\"@graph\":[{\"@type\":\"WebPage\",\"@id\":\"https:\/\/staging.varesenews.it\/2015\/06\/a-maria-ausiliatrice-ce-lexpo-della-ginnastica\/379632\/\",\"url\":\"https:\/\/staging.varesenews.it\/2015\/06\/a-maria-ausiliatrice-ce-lexpo-della-ginnastica\/379632\/\",\"name\":\"A Maria Ausiliatrice c'\u00e8 l'Expo della ginnastica\",\"isPartOf\":{\"@id\":\"https:\/\/staging.varesenews.it\/#website\"},\"datePublished\":\"2015-06-13T09:08:27+00:00\",\"dateModified\":\"2015-06-13T09:08:27+00:00\",\"author\":{\"@id\":\"https:\/\/staging.varesenews.it\/#\/schema\/person\/14c47ccce537a9058dddce296f10b296\"},\"description\":\"Saggio dimostrativo dei corsi di ginnastica artistica dell'anno sportivo 2014-2015 della Societ\u00e0 Varesina di Ginnastica e Scherma\",\"breadcrumb\":{\"@id\":\"https:\/\/staging.varesenews.it\/2015\/06\/a-maria-ausiliatrice-ce-lexpo-della-ginnastica\/379632\/#breadcrumb\"},\"inLanguage\":\"it-IT\",\"potentialAction\":[{\"@type\":\"ReadAction\",\"target\":[\"https:\/\/staging.varesenews.it\/2015\/06\/a-maria-ausiliatrice-ce-lexpo-della-ginnastica\/379632\/\"]}]},{\"@type\":\"BreadcrumbList\",\"@id\":\"https:\/\/staging.varesenews.it\/2015\/06\/a-maria-ausiliatrice-ce-lexpo-della-ginnastica\/379632\/#breadcrumb\",\"itemListElement\":[{\"@type\":\"ListItem\",\"position\":1,\"name\":\"Home\",\"item\":\"https:\/\/www.varesenews.it\/\"},{\"@type\":\"ListItem\",\"position\":2,\"name\":\"A Maria Ausiliatrice c&#8217;\u00e8 l&#8217;Expo della ginnastica\"}]},{\"@type\":\"WebSite\",\"@id\":\"https:\/\/staging.varesenews.it\/#website\",\"url\":\"https:\/\/staging.varesenews.it\/\",\"name\":\"VareseNews\",\"description\":\"\",\"potentialAction\":[{\"@type\":\"SearchAction\",\"target\":{\"@type\":\"EntryPoint\",\"urlTemplate\":\"https:\/\/staging.varesenews.it\/?s={search_term_string}\"},\"query-input\":\"required name=search_term_string\"}],\"inLanguage\":\"it-IT\"},{\"@type\":\"Person\",\"@id\":\"https:\/\/staging.varesenews.it\/#\/schema\/person\/14c47ccce537a9058dddce296f10b296\",\"name\":\"Orlando Mastrillo\",\"image\":{\"@type\":\"ImageObject\",\"inLanguage\":\"it-IT\",\"@id\":\"https:\/\/staging.varesenews.it\/#\/schema\/person\/image\/\",\"url\":\"https:\/\/staging.varesenews.it\/wp-content\/uploads\/2020\/12\/orlando_mastrillo_colori_500.jpg\",\"contentUrl\":\"https:\/\/staging.varesenews.it\/wp-content\/uploads\/2020\/12\/orlando_mastrillo_colori_500.jpg\",\"caption\":\"Orlando Mastrillo\"},\"description\":\"Nasco a Luino nel 1981, ho iniziato questo lavoro nell'estate del 2003 nella redazione de Il Giorno di Varese e dall'anno successivo ho intrapreso la collaborazione con VareseNews. Dopo anni nell'Alto Varesotto mi sono trasferito a Busto Arsizio nel 2007, territorio che ho iniziato a seguire e che seguo tutt'oggi. Nel 2013 sono diventato giornalista professionista. Mi occupo di cronaca politica, giudiziaria e nera in una vasta area che comprende anche parte della Valle Olona e il Legnanese. Sono sposato con Valeria Arini e ho due splendide figlie.\",\"sameAs\":[\"or_ma\",\"https:\/\/twitter.com\/nando_mastrillo\"],\"url\":\"https:\/\/staging.varesenews.it\/persona\/orlando-mastrillo1\/\"}]}<\/script>\n<!-- \/ Yoast SEO plugin. -->","yoast_head_json":{"title":"A Maria Ausiliatrice c'\u00e8 l'Expo della ginnastica","description":"Saggio dimostrativo dei corsi di ginnastica artistica dell'anno sportivo 2014-2015 della Societ\u00e0 Varesina di Ginnastica e Scherma","robots":{"index":"noindex","follow":"follow","max-snippet":"max-snippet:-1","max-image-preview":"max-image-preview:large","max-video-preview":"max-video-preview:-1"},"og_locale":"it_IT","og_type":"article","og_title":"A Maria Ausiliatrice c'\u00e8 l'Expo della ginnastica","og_description":"Saggio dimostrativo dei corsi di ginnastica artistica dell'anno sportivo 2014-2015 della Societ\u00e0 Varesina di Ginnastica e Scherma","og_url":"https:\/\/staging.varesenews.it\/2015\/06\/a-maria-ausiliatrice-ce-lexpo-della-ginnastica\/379632\/","og_site_name":"VareseNews","article_publisher":"https:\/\/www.facebook.com\/varesenews","article_published_time":"2015-06-13T09:08:27+00:00","author":"Orlando Mastrillo","twitter_card":"summary_large_image","twitter_creator":"@nando_mastrillo","twitter_site":"@varesenews","twitter_misc":{"Scritto da":"Orlando Mastrillo","Tempo di lettura stimato":"1 minuto"},"schema":{"@context":"https:\/\/schema.org","@graph":[{"@type":"WebPage","@id":"https:\/\/staging.varesenews.it\/2015\/06\/a-maria-ausiliatrice-ce-lexpo-della-ginnastica\/379632\/","url":"https:\/\/staging.varesenews.it\/2015\/06\/a-maria-ausiliatrice-ce-lexpo-della-ginnastica\/379632\/","name":"A Maria Ausiliatrice c'\u00e8 l'Expo della ginnastica","isPartOf":{"@id":"https:\/\/staging.varesenews.it\/#website"},"datePublished":"2015-06-13T09:08:27+00:00","dateModified":"2015-06-13T09:08:27+00:00","author":{"@id":"https:\/\/staging.varesenews.it\/#\/schema\/person\/14c47ccce537a9058dddce296f10b296"},"description":"Saggio dimostrativo dei corsi di ginnastica artistica dell'anno sportivo 2014-2015 della Societ\u00e0 Varesina di Ginnastica e Scherma","breadcrumb":{"@id":"https:\/\/staging.varesenews.it\/2015\/06\/a-maria-ausiliatrice-ce-lexpo-della-ginnastica\/379632\/#breadcrumb"},"inLanguage":"it-IT","potentialAction":[{"@type":"ReadAction","target":["https:\/\/staging.varesenews.it\/2015\/06\/a-maria-ausiliatrice-ce-lexpo-della-ginnastica\/379632\/"]}]},{"@type":"BreadcrumbList","@id":"https:\/\/staging.varesenews.it\/2015\/06\/a-maria-ausiliatrice-ce-lexpo-della-ginnastica\/379632\/#breadcrumb","itemListElement":[{"@type":"ListItem","position":1,"name":"Home","item":"https:\/\/www.varesenews.it\/"},{"@type":"ListItem","position":2,"name":"A Maria Ausiliatrice c&#8217;\u00e8 l&#8217;Expo della ginnastica"}]},{"@type":"WebSite","@id":"https:\/\/staging.varesenews.it\/#website","url":"https:\/\/staging.varesenews.it\/","name":"VareseNews","description":"","potentialAction":[{"@type":"SearchAction","target":{"@type":"EntryPoint","urlTemplate":"https:\/\/staging.varesenews.it\/?s={search_term_string}"},"query-input":"required name=search_term_string"}],"inLanguage":"it-IT"},{"@type":"Person","@id":"https:\/\/staging.varesenews.it\/#\/schema\/person\/14c47ccce537a9058dddce296f10b296","name":"Orlando Mastrillo","image":{"@type":"ImageObject","inLanguage":"it-IT","@id":"https:\/\/staging.varesenews.it\/#\/schema\/person\/image\/","url":"https:\/\/staging.varesenews.it\/wp-content\/uploads\/2020\/12\/orlando_mastrillo_colori_500.jpg","contentUrl":"https:\/\/staging.varesenews.it\/wp-content\/uploads\/2020\/12\/orlando_mastrillo_colori_500.jpg","caption":"Orlando Mastrillo"},"description":"Nasco a Luino nel 1981, ho iniziato questo lavoro nell'estate del 2003 nella redazione de Il Giorno di Varese e dall'anno successivo ho intrapreso la collaborazione con VareseNews. Dopo anni nell'Alto Varesotto mi sono trasferito a Busto Arsizio nel 2007, territorio che ho iniziato a seguire e che seguo tutt'oggi. Nel 2013 sono diventato giornalista professionista. Mi occupo di cronaca politica, giudiziaria e nera in una vasta area che comprende anche parte della Valle Olona e il Legnanese. Sono sposato con Valeria Arini e ho due splendide figlie.","sameAs":["or_ma","https:\/\/twitter.com\/nando_mastrillo"],"url":"https:\/\/staging.varesenews.it\/persona\/orlando-mastrillo1\/"}]}},"post_meta":{"_edit_lock":"1434186524:47","_edit_last":"47","ratings_users":"0","ratings_score":"0","ratings_average":"0","_category_permalink":"","wdfb_og_title":"","wdfb_og_type":"","wdfb_og_description":"","wdfb_og_images":"a:1:{i:0;s:0:\"\";}","wdfb_og_custom_name":"a:1:{i:0;s:0:\"\";}","wdfb_og_custom_value":"a:1:{i:0;s:0:\"\";}","foto":"89177","firma_come_redazione":"1","argomento":"Sport","_jd_twitter":"","_jd_tweet_this":"yes","_wpt_short_url":"http:\/\/www.varesenews.it\/2015\/06\/a-maria-ausiliatrice-ce-lexpo-della-ginnastica\/379632\/","_wp_jd_target":"http:\/\/www.varesenews.it\/2015\/06\/a-maria-ausiliatrice-ce-lexpo-della-ginnastica\/379632\/","_jd_wp_twitter":"a:1:{i:0;s:149:\"A Maria Ausiliatrice c'\u00e8 l'Expo della ginnastica http:\/\/www.varesenews.it\/2015\/06\/a-maria-ausiliatrice-ce-lexpo-della-ginnastica\/379632\/ #ginnastica\";}","_wpt_status_message":"Tweet inviato con successo."},"photos":[{"original":"https:\/\/staging.varesenews.it\/photogallery_new\/images\/2013\/10\/una-giornata-di-ginnastica-varesina-inserita-in-galleria-89177.jpg","full":"https:\/\/staging.varesenews.it\/photogallery_new\/images\/2013\/10\/una-giornata-di-ginnastica-varesina-inserita-in-galleria-89177.1024x768.jpg","large":"https:\/\/staging.varesenews.it\/photogallery_new\/images\/2013\/10\/una-giornata-di-ginnastica-varesina-inserita-in-galleria-89177.610x431.jpg"}],"_links":{"self":[{"href":"https:\/\/staging.varesenews.it\/swgapi\/v1\/wp\/v2\/posts\/379632"}],"collection":[{"href":"https:\/\/staging.varesenews.it\/swgapi\/v1\/wp\/v2\/posts"}],"about":[{"href":"https:\/\/staging.varesenews.it\/swgapi\/v1\/wp\/v2\/types\/post"}],"author":[{"embeddable":true,"href":"https:\/\/staging.varesenews.it\/swgapi\/v1\/wp\/v2\/users\/47"}],"replies":[{"embeddable":true,"href":"https:\/\/staging.varesenews.it\/swgapi\/v1\/wp\/v2\/comments?post=379632"}],"version-history":[{"count":0,"href":"https:\/\/staging.varesenews.it\/swgapi\/v1\/wp\/v2\/posts\/379632\/revisions"}],"wp:attachment":[{"href":"https:\/\/staging.varesenews.it\/swgapi\/v1\/wp\/v2\/media?parent=379632"}],"wp:term":[{"taxonomy":"category","embeddable":true,"href":"https:\/\/staging.varesenews.it\/swgapi\/v1\/wp\/v2\/categories?post=379632"},{"taxonomy":"post_tag","embeddable":true,"href":"https:\/\/staging.varesenews.it\/swgapi\/v1\/wp\/v2\/tags?post=379632"}],"curies":[{"name":"wp","href":"https:\/\/api.w.org\/{rel}","templated":true}]}}