{"id":380822,"date":"2015-06-18T00:16:06","date_gmt":"2015-06-17T22:16:06","guid":{"rendered":"http:\/\/www.varesenews.it\/?p=380822"},"modified":"2015-07-22T23:40:49","modified_gmt":"2015-07-22T21:40:49","slug":"zaino-e-smartphone-lungo-la-via-francigena","status":"publish","type":"post","link":"https:\/\/staging.varesenews.it\/2015\/06\/zaino-e-smartphone-lungo-la-via-francigena\/380822\/","title":{"rendered":"Zaino e smartphone lungo la via Francigena"},"content":{"rendered":"<p><em>Da sabato il nostro direttore percorrer\u00e0 il tratto toscano e laziale della <a href=\"http:\/\/www.viefrancigene.org\/it\/\" target=\"_blank\"><strong>Via Francigena<\/strong><\/a>. Sono ventuno tappe per un totale di 560 chilometri. Tutti a piedi con lo spirito del pellegrino. Il giornale, nei limiti delle possibilit\u00e0, pubblicher\u00e0 ogni giorno il diario della tappa percorsa. <\/em><\/p>\n<p><em>Iniziamo oggi, a un giorno dalla partenza per il &#8220;campo base&#8221; alla Cisa, con le riflessioni di Marco sulle ragioni della sua scelta.<\/em><\/p>\n<p>L&#8217;idea di percorrere <strong><a href=\"http:\/\/www.viefrancigene.org\/it\/\" target=\"_blank\">la via Francigena<\/a> arriva da lontano<\/strong>. Da un parte c&#8217;\u00e8 la consapevolezza che <strong>questo cammino ha grandi potenzialit\u00e0<\/strong> sia in termini turistici che spirituali.<\/p>\n<p>Sulle orme di quello che fece <strong>Sigerico nel 990, quando parti da Canterbury per andare dal Papa a Roma<\/strong>, si incontrano bellezze uniche al mondo. Si pensi solo al Gran San Bernardo, a pezzi di Piemonte, Pavia, la Lunigiana, Lucca, San Gimignano, Siena, la Val d&#8217;Orcia, Bolsena, Viterbo e infine Roma. La Via Francigena pu\u00f2 diventare elemento di forte attrazione ben oltre la bellezza di questi luoghi. Sta anche qui la mia scelta di camminare lungo queste strade e non quelle spagnole che portano a\u00a0Santiago di Compostela. La voglia di capire come sta andando e cosa si incontra realmente nel cammino.<br \/>\n<strong>Dall&#8217;altra per\u00f2 c&#8217;\u00e8 una scelta personale molto pi\u00f9 profonda<\/strong>. A cinquantasei anni si pu\u00f2 guardare ancora molto avanti costruendo un proprio futuro attento a tutto quello che ci circonda. Cos\u00ec, di fronte a un momento di difficolt\u00e0 sanitaria, ho deciso di provare \u00a0a cambiare alcune cose della mia vita e ho iniziato a prestare maggiore attenzione al mio corpo.<\/p>\n<p>Dalle lunghe camminate sono passato a fare veri e propri percorsi di trekking e ho iniziato a dimagrire e a pensare di provare a mettermi in gioco seriamente. Sono stati tre mesi di preparazione fisica. Pochi, forse non sufficienti, ma questo lo scoprir\u00f2 solo nelle prossime settimane quando il cammino proceder\u00e0 giorno dopo giorno.<br \/>\nLo spirito \u00e8 cambiato lungo questo periodo. Piano piano la consapevolezza del poter lavorare a questo progetto ha preso un posto importante nei miei pensieri.<\/p>\n<p><strong>La Via Francigena mi sta accompagnando, aspettando, affiancando.\u00a0<\/strong>Ho letto molto perch\u00e9 curioso di sapere, scoprire, immergermi nelle atmosfere dei viaggiatori, pellegrini, camminatori.<\/p>\n<p>Cinque anni dopo un\u2019altra fantastica avventura, quale era stato <a href=\"http:\/\/www.invespa.com\" target=\"_blank\"><strong>il\u00a0viaggio in vespa da Ventimiglia a Trieste<\/strong><\/a>,\u00a0mi rimetto in cammino.<\/p>\n<p><strong>Questa volta sono lentezza e profondit\u00e0 le parole che mi risuonano.<\/strong>\u00a0Muoversi lentamente richiede cura, attenzione, pazienza e tanto ascolto. Ascolto prima di tutto del proprio corpo, delle emozioni, dei pensieri. Ma anche ascolto della vita che scorre accanto.<\/p>\n<p>Profondit\u00e0 \u00e8 connesso alla lentezza perch\u00e9 ogni situazione richiede di non stare in superficie, ma di entrare dentro. Non sar\u00e0 tanto importante il \u201cfuori\u201d quanto il \u201cdentro\u201d.\u00a0Star dentro con se stessi prima di tutto.<\/p>\n<p>Mancano solo due giorni e ora il corpo e lo spirito mandano nuovi segnali. Ascoltarli sar\u00e0 un esercizio importante. Noi possiamo permetterci di entrare in questa dimensione molto pi\u00f9 di quello che potevano fare i pellegrini durante il Medioevo, quando la Francigena divenne una delle strade pi\u00f9 importanti e trafficate al mondo. A differenza di quello che succedeva a loro, incontrare lupi o briganti \u00e8 una esperienza remota. Inoltre abbiamo sempre qualcuno che \u00e8 pronto ad accoglierci. Allora era tutto una vera incognita.<\/p>\n<p>In giornate come quelle che stiamo vivendo, in cui tutto sembra diventare emergenza, soprattutto quando si parla di persone in difficolt\u00e0, come i migranti provenienti da paesi dilaniati da drammatiche situazioni, pu\u00f2 sembrare un lusso concedersi tanto tempo per fare un cammino come la Via Francigena. Un po&#8217; in effetti lo \u00e8. Ed \u00e8 bene averne consapevolezza. \u00c8 anche vero per\u00f2 che \u00e8 fondamentale saper guardare con maggior fiducia al nostro prossimo e al futuro. Per vivere questo abbiamo bisogno di conoscere ed andare davvero in profondit\u00e0 alle cose, permettendo cos\u00ec di smuovere energie che ci sono, abbiamo, sappiamo generare. Basta solo non lasciar vincere le paure. Il cammino, il viaggio sono metafora perfetta di una condizione di speranza, scoperta e crescita oltre la persona che lo compie.<\/p>\n<p>In queste 21 tappe, con l&#8217;augurio di percorrerle tutte <strong>dal Passo della Cisa a Roma<\/strong>,\u00a0per comunicare,\u00a0avr\u00f2 con me solo uno smartphone. Quanto basta comunque per tenere una sorta di diario del cammino. Lo troverete su questo giornale, su altri sparsi per il centro Italia, sul mio blog <a href=\"http:\/\/www.marcogiovannelli.it\" target=\"_blank\">www.marcogiovannelli.it<\/a> e ovviamente sui social.<\/p>\n","protected":false},"excerpt":{"rendered":"<p>Da sabato 20 il direttore percorrer\u00e0 il tratto finale, dal Passo della Cisa, dell&#8217;antico cammino che da Canterbury porta a Roma. Saranno 21 giorni di strada a piedi. Un altro dei &#8220;viaggi&#8221; che potrete seguire sul nostro giornale<\/p>\n","protected":false},"author":54,"featured_media":0,"comment_status":"open","ping_status":"open","sticky":false,"template":"","format":"standard","meta":{"footnotes":""},"categories":[9],"tags":[50089,48280,5308],"acf":[],"yoast_head":"<!-- This site is optimized with the Yoast SEO plugin v20.1 - https:\/\/yoast.com\/wordpress\/plugins\/seo\/ -->\n<title>Zaino e smartphone lungo la via Francigena<\/title>\n<meta name=\"description\" content=\"Da sabato 20 il direttore percorrer\u00e0 il tratto finale, dal Passo della Cisa, dell&#039;antico cammino che da Canterbury porta a Roma. Saranno 21 giorni di strada a piedi. Un altro dei &quot;viaggi&quot; che potrete seguire sul nostro giornale\" \/>\n<meta name=\"robots\" content=\"noindex, follow, max-snippet:-1, max-image-preview:large, max-video-preview:-1\" \/>\n<meta property=\"og:locale\" content=\"it_IT\" \/>\n<meta property=\"og:type\" content=\"article\" \/>\n<meta property=\"og:title\" content=\"Zaino e smartphone lungo la via Francigena\" \/>\n<meta property=\"og:description\" content=\"Da sabato 20 il direttore percorrer\u00e0 il tratto finale, dal Passo della Cisa, dell&#039;antico cammino che da Canterbury porta a Roma. Saranno 21 giorni di strada a piedi. Un altro dei &quot;viaggi&quot; che potrete seguire sul nostro giornale\" \/>\n<meta property=\"og:url\" content=\"https:\/\/staging.varesenews.it\/2015\/06\/zaino-e-smartphone-lungo-la-via-francigena\/380822\/\" \/>\n<meta property=\"og:site_name\" content=\"VareseNews\" \/>\n<meta property=\"article:publisher\" content=\"https:\/\/www.facebook.com\/varesenews\" \/>\n<meta property=\"article:author\" content=\"https:\/\/www.facebook.com\/giovannelli.marco?fref=ts\" \/>\n<meta property=\"article:published_time\" content=\"2015-06-17T22:16:06+00:00\" \/>\n<meta property=\"article:modified_time\" content=\"2015-07-22T21:40:49+00:00\" \/>\n<meta name=\"author\" content=\"Marco Giovannelli\" \/>\n<meta name=\"twitter:card\" content=\"summary_large_image\" \/>\n<meta name=\"twitter:creator\" content=\"@marcogio59\" \/>\n<meta name=\"twitter:site\" content=\"@varesenews\" \/>\n<meta name=\"twitter:label1\" content=\"Scritto da\" \/>\n\t<meta name=\"twitter:data1\" content=\"Marco Giovannelli\" \/>\n\t<meta name=\"twitter:label2\" content=\"Tempo di lettura stimato\" \/>\n\t<meta name=\"twitter:data2\" content=\"4 minuti\" \/>\n<script type=\"application\/ld+json\" class=\"yoast-schema-graph\">{\"@context\":\"https:\/\/schema.org\",\"@graph\":[{\"@type\":\"WebPage\",\"@id\":\"https:\/\/staging.varesenews.it\/2015\/06\/zaino-e-smartphone-lungo-la-via-francigena\/380822\/\",\"url\":\"https:\/\/staging.varesenews.it\/2015\/06\/zaino-e-smartphone-lungo-la-via-francigena\/380822\/\",\"name\":\"Zaino e smartphone lungo la via Francigena\",\"isPartOf\":{\"@id\":\"https:\/\/staging.varesenews.it\/#website\"},\"datePublished\":\"2015-06-17T22:16:06+00:00\",\"dateModified\":\"2015-07-22T21:40:49+00:00\",\"author\":{\"@id\":\"https:\/\/staging.varesenews.it\/#\/schema\/person\/b32b6f44664f8274f79469e452856024\"},\"description\":\"Da sabato 20 il direttore percorrer\u00e0 il tratto finale, dal Passo della Cisa, dell'antico cammino che da Canterbury porta a Roma. Saranno 21 giorni di strada a piedi. Un altro dei \\\"viaggi\\\" che potrete seguire sul nostro giornale\",\"breadcrumb\":{\"@id\":\"https:\/\/staging.varesenews.it\/2015\/06\/zaino-e-smartphone-lungo-la-via-francigena\/380822\/#breadcrumb\"},\"inLanguage\":\"it-IT\",\"potentialAction\":[{\"@type\":\"ReadAction\",\"target\":[\"https:\/\/staging.varesenews.it\/2015\/06\/zaino-e-smartphone-lungo-la-via-francigena\/380822\/\"]}]},{\"@type\":\"BreadcrumbList\",\"@id\":\"https:\/\/staging.varesenews.it\/2015\/06\/zaino-e-smartphone-lungo-la-via-francigena\/380822\/#breadcrumb\",\"itemListElement\":[{\"@type\":\"ListItem\",\"position\":1,\"name\":\"Home\",\"item\":\"https:\/\/www.varesenews.it\/\"},{\"@type\":\"ListItem\",\"position\":2,\"name\":\"Zaino e smartphone lungo la via Francigena\"}]},{\"@type\":\"WebSite\",\"@id\":\"https:\/\/staging.varesenews.it\/#website\",\"url\":\"https:\/\/staging.varesenews.it\/\",\"name\":\"VareseNews\",\"description\":\"\",\"potentialAction\":[{\"@type\":\"SearchAction\",\"target\":{\"@type\":\"EntryPoint\",\"urlTemplate\":\"https:\/\/staging.varesenews.it\/?s={search_term_string}\"},\"query-input\":\"required name=search_term_string\"}],\"inLanguage\":\"it-IT\"},{\"@type\":\"Person\",\"@id\":\"https:\/\/staging.varesenews.it\/#\/schema\/person\/b32b6f44664f8274f79469e452856024\",\"name\":\"Marco Giovannelli\",\"image\":{\"@type\":\"ImageObject\",\"inLanguage\":\"it-IT\",\"@id\":\"https:\/\/staging.varesenews.it\/#\/schema\/person\/image\/\",\"url\":\"https:\/\/staging.varesenews.it\/wp-content\/uploads\/2020\/12\/marco_giovannelli_colori_500.jpg\",\"contentUrl\":\"https:\/\/staging.varesenews.it\/wp-content\/uploads\/2020\/12\/marco_giovannelli_colori_500.jpg\",\"caption\":\"Marco Giovannelli\"},\"description\":\"Viterbese di origine vivo a Varese dal 1978. Due figli grandi, due lauree in scienze &ldquo;inutili&rdquo; quanto affascinanti che mi portano a mettere lo studio ancora al primo posto. Dopo aver lavorato per il sindacato, fondato e lavorato al centro Gulliver, in una cooperativa che gestiva il Circolino a Varese, con un altro viterbese e un lucano ho fondato VareseNews quando nessuno o quasi sapeva cosa fosse Internet. Ho alcune grandi passioni, la prima &egrave; il cammino che cerco di vivere quotidianamente. Averne percorsi alcuni storici con Santiago e la Francigena mi ha poi portato a far diventare anche lavoro la loro valorizzazione e in particolare la Via Francisca del Lucomagno. Amo leggere, andare al cinema, viaggiare. Mi piace conoscere. La mia migliore attitudine &egrave; connettere mondi e per questo mi affascina la contemporaneit&agrave; e il digitale. Ho insegnato diritto ed economia per un decennio nelle scuole superiori. Ho tenuto diverse lezioni e laboratori allo Iulm e ora all&rsquo;Universit&agrave; dell&rsquo;Insubria con un corso di Giornalismo digitale alla specialistica. Ho fondato diversi progetti editoriali.&nbsp;\",\"sameAs\":[\"https:\/\/www.facebook.com\/giovannelli.marco?fref=ts\",\"marcogio59\",\"https:\/\/it.linkedin.com\/in\/giovannellimarco\",\"https:\/\/twitter.com\/marcogio59\"],\"url\":\"https:\/\/staging.varesenews.it\/persona\/marco_giovannelli-2\/\"}]}<\/script>\n<!-- \/ Yoast SEO plugin. -->","yoast_head_json":{"title":"Zaino e smartphone lungo la via Francigena","description":"Da sabato 20 il direttore percorrer\u00e0 il tratto finale, dal Passo della Cisa, dell'antico cammino che da Canterbury porta a Roma. Saranno 21 giorni di strada a piedi. Un altro dei \"viaggi\" che potrete seguire sul nostro giornale","robots":{"index":"noindex","follow":"follow","max-snippet":"max-snippet:-1","max-image-preview":"max-image-preview:large","max-video-preview":"max-video-preview:-1"},"og_locale":"it_IT","og_type":"article","og_title":"Zaino e smartphone lungo la via Francigena","og_description":"Da sabato 20 il direttore percorrer\u00e0 il tratto finale, dal Passo della Cisa, dell'antico cammino che da Canterbury porta a Roma. Saranno 21 giorni di strada a piedi. Un altro dei \"viaggi\" che potrete seguire sul nostro giornale","og_url":"https:\/\/staging.varesenews.it\/2015\/06\/zaino-e-smartphone-lungo-la-via-francigena\/380822\/","og_site_name":"VareseNews","article_publisher":"https:\/\/www.facebook.com\/varesenews","article_author":"https:\/\/www.facebook.com\/giovannelli.marco?fref=ts","article_published_time":"2015-06-17T22:16:06+00:00","article_modified_time":"2015-07-22T21:40:49+00:00","author":"Marco Giovannelli","twitter_card":"summary_large_image","twitter_creator":"@marcogio59","twitter_site":"@varesenews","twitter_misc":{"Scritto da":"Marco Giovannelli","Tempo di lettura stimato":"4 minuti"},"schema":{"@context":"https:\/\/schema.org","@graph":[{"@type":"WebPage","@id":"https:\/\/staging.varesenews.it\/2015\/06\/zaino-e-smartphone-lungo-la-via-francigena\/380822\/","url":"https:\/\/staging.varesenews.it\/2015\/06\/zaino-e-smartphone-lungo-la-via-francigena\/380822\/","name":"Zaino e smartphone lungo la via Francigena","isPartOf":{"@id":"https:\/\/staging.varesenews.it\/#website"},"datePublished":"2015-06-17T22:16:06+00:00","dateModified":"2015-07-22T21:40:49+00:00","author":{"@id":"https:\/\/staging.varesenews.it\/#\/schema\/person\/b32b6f44664f8274f79469e452856024"},"description":"Da sabato 20 il direttore percorrer\u00e0 il tratto finale, dal Passo della Cisa, dell'antico cammino che da Canterbury porta a Roma. Saranno 21 giorni di strada a piedi. Un altro dei \"viaggi\" che potrete seguire sul nostro giornale","breadcrumb":{"@id":"https:\/\/staging.varesenews.it\/2015\/06\/zaino-e-smartphone-lungo-la-via-francigena\/380822\/#breadcrumb"},"inLanguage":"it-IT","potentialAction":[{"@type":"ReadAction","target":["https:\/\/staging.varesenews.it\/2015\/06\/zaino-e-smartphone-lungo-la-via-francigena\/380822\/"]}]},{"@type":"BreadcrumbList","@id":"https:\/\/staging.varesenews.it\/2015\/06\/zaino-e-smartphone-lungo-la-via-francigena\/380822\/#breadcrumb","itemListElement":[{"@type":"ListItem","position":1,"name":"Home","item":"https:\/\/www.varesenews.it\/"},{"@type":"ListItem","position":2,"name":"Zaino e smartphone lungo la via Francigena"}]},{"@type":"WebSite","@id":"https:\/\/staging.varesenews.it\/#website","url":"https:\/\/staging.varesenews.it\/","name":"VareseNews","description":"","potentialAction":[{"@type":"SearchAction","target":{"@type":"EntryPoint","urlTemplate":"https:\/\/staging.varesenews.it\/?s={search_term_string}"},"query-input":"required name=search_term_string"}],"inLanguage":"it-IT"},{"@type":"Person","@id":"https:\/\/staging.varesenews.it\/#\/schema\/person\/b32b6f44664f8274f79469e452856024","name":"Marco Giovannelli","image":{"@type":"ImageObject","inLanguage":"it-IT","@id":"https:\/\/staging.varesenews.it\/#\/schema\/person\/image\/","url":"https:\/\/staging.varesenews.it\/wp-content\/uploads\/2020\/12\/marco_giovannelli_colori_500.jpg","contentUrl":"https:\/\/staging.varesenews.it\/wp-content\/uploads\/2020\/12\/marco_giovannelli_colori_500.jpg","caption":"Marco Giovannelli"},"description":"Viterbese di origine vivo a Varese dal 1978. Due figli grandi, due lauree in scienze &ldquo;inutili&rdquo; quanto affascinanti che mi portano a mettere lo studio ancora al primo posto. Dopo aver lavorato per il sindacato, fondato e lavorato al centro Gulliver, in una cooperativa che gestiva il Circolino a Varese, con un altro viterbese e un lucano ho fondato VareseNews quando nessuno o quasi sapeva cosa fosse Internet. Ho alcune grandi passioni, la prima &egrave; il cammino che cerco di vivere quotidianamente. Averne percorsi alcuni storici con Santiago e la Francigena mi ha poi portato a far diventare anche lavoro la loro valorizzazione e in particolare la Via Francisca del Lucomagno. Amo leggere, andare al cinema, viaggiare. Mi piace conoscere. La mia migliore attitudine &egrave; connettere mondi e per questo mi affascina la contemporaneit&agrave; e il digitale. Ho insegnato diritto ed economia per un decennio nelle scuole superiori. Ho tenuto diverse lezioni e laboratori allo Iulm e ora all&rsquo;Universit&agrave; dell&rsquo;Insubria con un corso di Giornalismo digitale alla specialistica. Ho fondato diversi progetti editoriali.&nbsp;","sameAs":["https:\/\/www.facebook.com\/giovannelli.marco?fref=ts","marcogio59","https:\/\/it.linkedin.com\/in\/giovannellimarco","https:\/\/twitter.com\/marcogio59"],"url":"https:\/\/staging.varesenews.it\/persona\/marco_giovannelli-2\/"}]}},"post_meta":{"_edit_lock":"1437601209:54","_edit_last":"54","_category_permalink":"","wdfb_og_title":"","wdfb_og_type":"","wdfb_og_description":"","wdfb_og_images":"a:1:{i:0;s:0:\"\";}","wdfb_og_custom_name":"a:1:{i:0;s:0:\"\";}","wdfb_og_custom_value":"a:1:{i:0;s:0:\"\";}","foto":"461680","argomento":"In viaggio con Varesenews","_jd_twitter":"","_jd_tweet_this":"yes","ratings_users":"0","ratings_score":"0","ratings_average":"0","_wpt_short_url":"http:\/\/www.varesenews.it\/2015\/06\/zaino-e-smartphone-lungo-la-via-francigena\/380822\/","_wp_jd_target":"http:\/\/www.varesenews.it\/2015\/06\/zaino-e-smartphone-lungo-la-via-francigena\/380822\/","_jd_wp_twitter":"a:1:{i:0;s:141:\"Zaino e smartphone lungo la via Francigena http:\/\/www.varesenews.it\/2015\/06\/zaino-e-smartphone-lungo-la-via-francigena\/380822\/ #ViaFrancigena\";}","_wpt_status_message":"Tweet inviato con successo.","id_leggi_anche":"644686"},"photos":[{"original":"https:\/\/staging.varesenews.it\/photogallery_new\/images\/2015\/06\/via-francigena-generiche-461680.jpg","full":"https:\/\/staging.varesenews.it\/photogallery_new\/images\/2015\/06\/via-francigena-generiche-461680.1024x768.jpg","large":"https:\/\/staging.varesenews.it\/photogallery_new\/images\/2015\/06\/via-francigena-generiche-461680.610x431.jpg"}],"_links":{"self":[{"href":"https:\/\/staging.varesenews.it\/swgapi\/v1\/wp\/v2\/posts\/380822"}],"collection":[{"href":"https:\/\/staging.varesenews.it\/swgapi\/v1\/wp\/v2\/posts"}],"about":[{"href":"https:\/\/staging.varesenews.it\/swgapi\/v1\/wp\/v2\/types\/post"}],"author":[{"embeddable":true,"href":"https:\/\/staging.varesenews.it\/swgapi\/v1\/wp\/v2\/users\/54"}],"replies":[{"embeddable":true,"href":"https:\/\/staging.varesenews.it\/swgapi\/v1\/wp\/v2\/comments?post=380822"}],"version-history":[{"count":0,"href":"https:\/\/staging.varesenews.it\/swgapi\/v1\/wp\/v2\/posts\/380822\/revisions"}],"wp:attachment":[{"href":"https:\/\/staging.varesenews.it\/swgapi\/v1\/wp\/v2\/media?parent=380822"}],"wp:term":[{"taxonomy":"category","embeddable":true,"href":"https:\/\/staging.varesenews.it\/swgapi\/v1\/wp\/v2\/categories?post=380822"},{"taxonomy":"post_tag","embeddable":true,"href":"https:\/\/staging.varesenews.it\/swgapi\/v1\/wp\/v2\/tags?post=380822"}],"curies":[{"name":"wp","href":"https:\/\/api.w.org\/{rel}","templated":true}]}}