{"id":381621,"date":"2015-06-21T20:17:14","date_gmt":"2015-06-21T18:17:14","guid":{"rendered":"http:\/\/www.varesenews.it\/?p=381621"},"modified":"2015-07-22T23:38:16","modified_gmt":"2015-07-22T21:38:16","slug":"via-francigena-seconda-tappa-da-pontremoli-ad-aulla","status":"publish","type":"post","link":"https:\/\/staging.varesenews.it\/2015\/06\/via-francigena-seconda-tappa-da-pontremoli-ad-aulla\/381621\/","title":{"rendered":"Via Francigena seconda tappa: da Pontremoli ad Aulla"},"content":{"rendered":"<p>E&#8217; arrivato fin qui partendo da casa sua in Austria. Ha percorso tutto il suo paese fino al Liechtenstein e da l\u00ec via per la Svizzera, ed \u00e8 arrivato in Italia camminando attraverso il passo dello Spluga: ho condiviso con <strong>Albert<\/strong> alcuni chilometri, i nostri primi, poi le strade si sono divise perch\u00e9 lui ha un passo da far paura, almeno a me.<\/p>\n<p>La sua storia assomiglia un po&#8217; a quella di Alasdair, l&#8217;australiano partito da Canterbury, che si era dato appuntamento con l&#8217;amico scozzese Eddie che non vedeva da sei anni e con cui \u00e8 diretto a Roma. Sono due bei signori, dalla faccia tipica dei rispettivi paesi e con un sorriso che ti contagia subito. Eddie para un po&#8217; di italiano, mentre con il suo amico si usa l&#8217;inglese, per quanto mi riesca e lo spagnolo.<\/p>\n<div class=\"related-posts related-01\"><h4>Leggi anche<\/h4><ul><li><a title=\"Via Francigena, la prima tappa\" target=\"_blank\" href=\"https:\/\/staging.varesenews.it\/2015\/06\/via-francigena-la-prima-tappa\/381520\/\"><strong>Via Francigena <\/strong> - Via Francigena, la prima tappa<\/a><\/li><\/ul><\/div>\n<p>Tutti i pellegrini se la cavano benissimo con le lingue e non si sentono per nulla a disagio.<br \/>\n<strong>La Via Francigena \u00e8 lontana dall&#8217;essere ancora conosciuta come Santiago di Compostela<\/strong>, ma sta crescendo nel numero dei frequentatori e si stanno moltiplicando le iniziative.<\/p>\n<p>\u00abNoi non abbiamo avuto la fortuna di avere un Paolo Coelho che l&#8217;ha percorsa e raccontata. &#8211; <strong>Mi racconta GianRoberto Costa, assessore al comune di Filattiera<\/strong> &#8211; Vediamo una costante crescita ogni anno. All&#8217;ostello di Aulla hanno gi\u00e0 raggiunto i 600 pernottamenti e siamo solo all&#8217;inizio della stagione. Loro registrano tutto delle persone che si fermano a dormire cos\u00ec abbiamo un&#8217;idea precisa. Poi ci sono tante persone che passano, si fanno timbrare le credenziali e ripartono. Stiamo lavorando con tantissimi sindaci per presentare il riconoscimento all&#8217;Unesco e questo potrebbe cambiare tante cose. In ogni caso siamo contenti perch\u00e9 c&#8217;\u00e8 molto interesse\u00bb.<\/p>\n<p>Incontro GianRoberto, milanese di origine e attento lettore di Varesenews, nel piazzale della Pieve di Sorano, un gioiello del Mille che \u00e8 conservato benissimo. Io ero l\u00ec con i piedi di fuori e un tavolo invaso dalle mie cose: zaino, borraccia, calze, solette degli scarponi e altro. Lui non si \u00e8 scandalizzato per nulla, anzi mi ha offerto di raggiungere il centro visita del parco dell&#8217;Appennino tosco-emiliano per poter avere anche la conessione. Io ero gi\u00e0 stato apprezzando gentilezza e attenzione delle persone che ci lavorano.<\/p>\n<p>L&#8217;arrivo alla Pieve \u00e8 stata una mezza benedizione perch\u00e9 proprio l\u00ec di fronte c&#8217;\u00e8 un piccolo supermercato in cui ho comprato della frutta, ma soprattutto perch\u00e9 proprio da l\u00ec si abbandona la statale della Cisa, dopo ben otto chilometri di asfalto.\u00a0Si sale a Filattiera, delizioso borgo medievale dove si stava celebrando anche un matrimonio con tuti gli invitati a festeggiare in una stradina.<\/p>\n<p>Il sentiero poi sale e si butta nel bosco e da quel momento si resta sempre immersi nel verde e lontani dalle auto. La vegetazione \u00e8 gi\u00e0 cambiata completamente. Si incontrano tante querce, robinie, castagni, nocciole e qualche pino marittimo, come a farci intendere che ormai il mare \u00e8 davvero vicino.<\/p>\n<p>Lungo uno dei sentieri ho incontrato anche un bel serpente, ma credo che lo spavento sia stato reciproco e lui se n&#8217;\u00e8 andato subito. Altro incontro, di ben altro piacere \u00e8 stato a Fornoli dove c&#8217;era un punto ristoro dell&#8217;iniziativa domenicale legata alla via Francigena. Appena mi hanno visto mi hanno subito adottato come pellegrino vero rimpinguandomi con dolci e succhi. Ho dovuto lasciarli subito perch\u00e9 il cammino da l\u00ec era ancora bello lungo e l&#8217;appuntamento era al massimo per le sette di sera.<\/p>\n<p>Tempo rispettato con ingresso nel piccolo museo e ufficio della parrocchia alle 18,30. Altra accoglienza calorosissima con vettovaglie casalinghe e aranciata. Non crediate&#8230; non basta tutto questo a recuperare fatica e chili persi, sono andato gi\u00e0 gi\u00f9 di una taglia e ora temo per i pantaloni che tra qualche tappa saranno grandi.<\/p>\n<p>E&#8217; delizioso vedere quanta passione mettono queste persone nella propria attivit\u00e0 completamente volontaria. Qui ad Aulla hanno avuto un&#8217;alluvione terribile in cui sono morte anche due persone. Il paese sommerso da acqua, fango e detriti, ma loro non hanno smesso di prestare il proprio servizio. L&#8217;ostello \u00e8 essenziale, ma i servizi sono curatissimi e loro ci tengono a far si che i pellegrini si trovino bene. C&#8217;\u00e8 perfino un pc, quello che sto usando stasera per scrivere, a disposizione di tutti.<\/p>\n<p>E&#8217; un&#8217;Italia autentica, essenziale, attenta al prossimo senza chiedere niente. I pellegrini stranieri restano colpiti nel vedere la differenza con altre situazioni.\u00a0Comunque anche oggi \u00e8 stata lunga: 34 chilometri, con uno zaino di dieci chili, non \u00e8 uno scherzo. Ora, dopo aver fatto la doccia e il bucato, esco a mangiare qualcosa qui vicino. Mi hanno detto di dire che sono un pellegrino e faccio il giornalista cos\u00ec mi fanno due sconti. La prima cosa la dir\u00f2, la seconda lasciamo stare. Prima si paga il conto e poi comunque gli si far\u00e0 una foto ricordo.<\/p>\n<p>Domani altra tappa lunghissima come oggi con l&#8217;aggravante di un dislivello forte appena partiti. Punto di arrivo dovrebbe esser Avenza e cos\u00ec si lasciano la Lunigiana e le montagne per un paio di tappe marine o quasi.<\/p>\n","protected":false},"excerpt":{"rendered":"<p>Tappa di 34 chilometri in cui si incontra anche un assessore che ci fa il punto sugli sviluppi dei progetti per valorizzare il cammino. Bella tappa e deliziosa accoglienza all&#8217;arrivo<\/p>\n","protected":false},"author":48,"featured_media":0,"comment_status":"open","ping_status":"open","sticky":false,"template":"","format":"standard","meta":{"footnotes":""},"categories":[9,46],"tags":[50089,5308],"acf":[],"yoast_head":"<!-- This site is optimized with the Yoast SEO plugin v20.1 - https:\/\/yoast.com\/wordpress\/plugins\/seo\/ -->\n<title>Via Francigena seconda tappa: da Pontremoli ad Aulla<\/title>\n<meta name=\"description\" content=\"Tappa di 34 chilometri in cui si incontra anche un assessore che ci fa il punto sugli sviluppi dei progetti per valorizzare il cammino\" \/>\n<meta name=\"robots\" content=\"noindex, follow, max-snippet:-1, max-image-preview:large, max-video-preview:-1\" \/>\n<meta property=\"og:locale\" content=\"it_IT\" \/>\n<meta property=\"og:type\" content=\"article\" \/>\n<meta property=\"og:title\" content=\"Via Francigena seconda tappa: da Pontremoli ad Aulla\" \/>\n<meta property=\"og:description\" content=\"Tappa di 34 chilometri in cui si incontra anche un assessore che ci fa il punto sugli sviluppi dei progetti per valorizzare il cammino\" \/>\n<meta property=\"og:url\" content=\"https:\/\/staging.varesenews.it\/2015\/06\/via-francigena-seconda-tappa-da-pontremoli-ad-aulla\/381621\/\" \/>\n<meta property=\"og:site_name\" content=\"VareseNews\" \/>\n<meta property=\"article:publisher\" content=\"https:\/\/www.facebook.com\/varesenews\" \/>\n<meta property=\"article:author\" content=\"https:\/\/www.facebook.com\/stefaniaradman\" \/>\n<meta property=\"article:published_time\" content=\"2015-06-21T18:17:14+00:00\" \/>\n<meta property=\"article:modified_time\" content=\"2015-07-22T21:38:16+00:00\" \/>\n<meta name=\"author\" content=\"Stefania Radman\" \/>\n<meta name=\"twitter:card\" content=\"summary_large_image\" \/>\n<meta name=\"twitter:creator\" content=\"@LaRadman\" \/>\n<meta name=\"twitter:site\" content=\"@varesenews\" \/>\n<meta name=\"twitter:label1\" content=\"Scritto da\" \/>\n\t<meta name=\"twitter:data1\" content=\"Stefania Radman\" \/>\n\t<meta name=\"twitter:label2\" content=\"Tempo di lettura stimato\" \/>\n\t<meta name=\"twitter:data2\" content=\"4 minuti\" \/>\n<script type=\"application\/ld+json\" class=\"yoast-schema-graph\">{\"@context\":\"https:\/\/schema.org\",\"@graph\":[{\"@type\":\"WebPage\",\"@id\":\"https:\/\/staging.varesenews.it\/2015\/06\/via-francigena-seconda-tappa-da-pontremoli-ad-aulla\/381621\/\",\"url\":\"https:\/\/staging.varesenews.it\/2015\/06\/via-francigena-seconda-tappa-da-pontremoli-ad-aulla\/381621\/\",\"name\":\"Via Francigena seconda tappa: da Pontremoli ad Aulla\",\"isPartOf\":{\"@id\":\"https:\/\/staging.varesenews.it\/#website\"},\"datePublished\":\"2015-06-21T18:17:14+00:00\",\"dateModified\":\"2015-07-22T21:38:16+00:00\",\"author\":{\"@id\":\"https:\/\/staging.varesenews.it\/#\/schema\/person\/995d2e6a31c67237a9a1bc1f0079f3aa\"},\"description\":\"Tappa di 34 chilometri in cui si incontra anche un assessore che ci fa il punto sugli sviluppi dei progetti per valorizzare il cammino\",\"breadcrumb\":{\"@id\":\"https:\/\/staging.varesenews.it\/2015\/06\/via-francigena-seconda-tappa-da-pontremoli-ad-aulla\/381621\/#breadcrumb\"},\"inLanguage\":\"it-IT\",\"potentialAction\":[{\"@type\":\"ReadAction\",\"target\":[\"https:\/\/staging.varesenews.it\/2015\/06\/via-francigena-seconda-tappa-da-pontremoli-ad-aulla\/381621\/\"]}]},{\"@type\":\"BreadcrumbList\",\"@id\":\"https:\/\/staging.varesenews.it\/2015\/06\/via-francigena-seconda-tappa-da-pontremoli-ad-aulla\/381621\/#breadcrumb\",\"itemListElement\":[{\"@type\":\"ListItem\",\"position\":1,\"name\":\"Home\",\"item\":\"https:\/\/www.varesenews.it\/\"},{\"@type\":\"ListItem\",\"position\":2,\"name\":\"Via Francigena seconda tappa: da Pontremoli ad Aulla\"}]},{\"@type\":\"WebSite\",\"@id\":\"https:\/\/staging.varesenews.it\/#website\",\"url\":\"https:\/\/staging.varesenews.it\/\",\"name\":\"VareseNews\",\"description\":\"\",\"potentialAction\":[{\"@type\":\"SearchAction\",\"target\":{\"@type\":\"EntryPoint\",\"urlTemplate\":\"https:\/\/staging.varesenews.it\/?s={search_term_string}\"},\"query-input\":\"required name=search_term_string\"}],\"inLanguage\":\"it-IT\"},{\"@type\":\"Person\",\"@id\":\"https:\/\/staging.varesenews.it\/#\/schema\/person\/995d2e6a31c67237a9a1bc1f0079f3aa\",\"name\":\"Stefania Radman\",\"image\":{\"@type\":\"ImageObject\",\"inLanguage\":\"it-IT\",\"@id\":\"https:\/\/staging.varesenews.it\/#\/schema\/person\/image\/\",\"url\":\"https:\/\/staging.varesenews.it\/wp-content\/uploads\/2020\/12\/stefania_radman_colori_500.jpg\",\"contentUrl\":\"https:\/\/staging.varesenews.it\/wp-content\/uploads\/2020\/12\/stefania_radman_colori_500.jpg\",\"caption\":\"Stefania Radman\"},\"description\":\"Varesina dal 1991, lavoro dal 2000 per Varesenews.it, prima come responsabile della pagina dell&rsquo;economia, poi della pagina life, ora della citt&agrave; di Varese.Ma sono (e sono stata) anche altro: per esempio, agli albori delle radio private ero dj in una radio milanese, Onda Radio. Da 20 anni sono corrispondente da Varese di Radio Popolare e ho collaborato con Espresso, Repubblica, Diario della Settimana, Italia Oggi. &ldquo;Smanettona&rdquo; da sempre, ho aperto il mio primo sito personale con Geocities nei primi anni novanta (chi se lo ricorda?) e i miei primi blog in Splinder all&rsquo;inizio del 2000. Ora sono sui social: qui quasi sempre sono semplicemente \\\"LaRadman&rdquo;.\",\"sameAs\":[\"http:\/\/laradman.blogspot.it\",\"https:\/\/www.facebook.com\/stefaniaradman\",\"@LaRadman\",\"https:\/\/www.linkedin.com\/in\/stefaniaradman\",\"https:\/\/twitter.com\/LaRadman\"],\"url\":\"https:\/\/staging.varesenews.it\/persona\/stefania-radman1\/\"}]}<\/script>\n<!-- \/ Yoast SEO plugin. -->","yoast_head_json":{"title":"Via Francigena seconda tappa: da Pontremoli ad Aulla","description":"Tappa di 34 chilometri in cui si incontra anche un assessore che ci fa il punto sugli sviluppi dei progetti per valorizzare il cammino","robots":{"index":"noindex","follow":"follow","max-snippet":"max-snippet:-1","max-image-preview":"max-image-preview:large","max-video-preview":"max-video-preview:-1"},"og_locale":"it_IT","og_type":"article","og_title":"Via Francigena seconda tappa: da Pontremoli ad Aulla","og_description":"Tappa di 34 chilometri in cui si incontra anche un assessore che ci fa il punto sugli sviluppi dei progetti per valorizzare il cammino","og_url":"https:\/\/staging.varesenews.it\/2015\/06\/via-francigena-seconda-tappa-da-pontremoli-ad-aulla\/381621\/","og_site_name":"VareseNews","article_publisher":"https:\/\/www.facebook.com\/varesenews","article_author":"https:\/\/www.facebook.com\/stefaniaradman","article_published_time":"2015-06-21T18:17:14+00:00","article_modified_time":"2015-07-22T21:38:16+00:00","author":"Stefania Radman","twitter_card":"summary_large_image","twitter_creator":"@LaRadman","twitter_site":"@varesenews","twitter_misc":{"Scritto da":"Stefania Radman","Tempo di lettura stimato":"4 minuti"},"schema":{"@context":"https:\/\/schema.org","@graph":[{"@type":"WebPage","@id":"https:\/\/staging.varesenews.it\/2015\/06\/via-francigena-seconda-tappa-da-pontremoli-ad-aulla\/381621\/","url":"https:\/\/staging.varesenews.it\/2015\/06\/via-francigena-seconda-tappa-da-pontremoli-ad-aulla\/381621\/","name":"Via Francigena seconda tappa: da Pontremoli ad Aulla","isPartOf":{"@id":"https:\/\/staging.varesenews.it\/#website"},"datePublished":"2015-06-21T18:17:14+00:00","dateModified":"2015-07-22T21:38:16+00:00","author":{"@id":"https:\/\/staging.varesenews.it\/#\/schema\/person\/995d2e6a31c67237a9a1bc1f0079f3aa"},"description":"Tappa di 34 chilometri in cui si incontra anche un assessore che ci fa il punto sugli sviluppi dei progetti per valorizzare il cammino","breadcrumb":{"@id":"https:\/\/staging.varesenews.it\/2015\/06\/via-francigena-seconda-tappa-da-pontremoli-ad-aulla\/381621\/#breadcrumb"},"inLanguage":"it-IT","potentialAction":[{"@type":"ReadAction","target":["https:\/\/staging.varesenews.it\/2015\/06\/via-francigena-seconda-tappa-da-pontremoli-ad-aulla\/381621\/"]}]},{"@type":"BreadcrumbList","@id":"https:\/\/staging.varesenews.it\/2015\/06\/via-francigena-seconda-tappa-da-pontremoli-ad-aulla\/381621\/#breadcrumb","itemListElement":[{"@type":"ListItem","position":1,"name":"Home","item":"https:\/\/www.varesenews.it\/"},{"@type":"ListItem","position":2,"name":"Via Francigena seconda tappa: da Pontremoli ad Aulla"}]},{"@type":"WebSite","@id":"https:\/\/staging.varesenews.it\/#website","url":"https:\/\/staging.varesenews.it\/","name":"VareseNews","description":"","potentialAction":[{"@type":"SearchAction","target":{"@type":"EntryPoint","urlTemplate":"https:\/\/staging.varesenews.it\/?s={search_term_string}"},"query-input":"required name=search_term_string"}],"inLanguage":"it-IT"},{"@type":"Person","@id":"https:\/\/staging.varesenews.it\/#\/schema\/person\/995d2e6a31c67237a9a1bc1f0079f3aa","name":"Stefania Radman","image":{"@type":"ImageObject","inLanguage":"it-IT","@id":"https:\/\/staging.varesenews.it\/#\/schema\/person\/image\/","url":"https:\/\/staging.varesenews.it\/wp-content\/uploads\/2020\/12\/stefania_radman_colori_500.jpg","contentUrl":"https:\/\/staging.varesenews.it\/wp-content\/uploads\/2020\/12\/stefania_radman_colori_500.jpg","caption":"Stefania Radman"},"description":"Varesina dal 1991, lavoro dal 2000 per Varesenews.it, prima come responsabile della pagina dell&rsquo;economia, poi della pagina life, ora della citt&agrave; di Varese.Ma sono (e sono stata) anche altro: per esempio, agli albori delle radio private ero dj in una radio milanese, Onda Radio. Da 20 anni sono corrispondente da Varese di Radio Popolare e ho collaborato con Espresso, Repubblica, Diario della Settimana, Italia Oggi. &ldquo;Smanettona&rdquo; da sempre, ho aperto il mio primo sito personale con Geocities nei primi anni novanta (chi se lo ricorda?) e i miei primi blog in Splinder all&rsquo;inizio del 2000. Ora sono sui social: qui quasi sempre sono semplicemente \"LaRadman&rdquo;.","sameAs":["http:\/\/laradman.blogspot.it","https:\/\/www.facebook.com\/stefaniaradman","@LaRadman","https:\/\/www.linkedin.com\/in\/stefaniaradman","https:\/\/twitter.com\/LaRadman"],"url":"https:\/\/staging.varesenews.it\/persona\/stefania-radman1\/"}]}},"post_meta":{"_edit_lock":"1438094433:50","_edit_last":"54","_category_permalink":"","wdfb_og_title":"","wdfb_og_type":"","wdfb_og_description":"","wdfb_og_images":"a:1:{i:0;s:0:\"\";}","wdfb_og_custom_name":"a:1:{i:0;s:0:\"\";}","wdfb_og_custom_value":"a:1:{i:0;s:0:\"\";}","id_leggi_anche":"381520","foto":"462707","id_link_fotogallery":"381618","argomento":"Via Francigena","_jd_twitter":"","_jd_tweet_this":"yes","firma_come_redazione":"1","firma-personalizzata":"Marco Giovannelli","ratings_users":"0","ratings_score":"0","ratings_average":"0","_wpt_short_url":"http:\/\/www.varesenews.it\/2015\/06\/via-francigena-seconda-tappa-da-pontremoli-ad-aulla\/381621\/","_wp_jd_target":"http:\/\/www.varesenews.it\/2015\/06\/via-francigena-seconda-tappa-da-pontremoli-ad-aulla\/381621\/","_jd_wp_twitter":"a:1:{i:0;s:160:\"Via Francigena seconda tappa: da Pontremoli ad Aulla http:\/\/www.varesenews.it\/2015\/06\/via-francigena-seconda-tappa-da-pontremoli-ad-aulla\/381621\/ #ViaFrancigena\";}","_wpt_status_message":"Tweet inviato con successo.","_yoast_wpseo_focuskw":"francigena","_yoast_wpseo_metadesc":"Tappa di 34 chilometri in cui si incontra anche un assessore che ci fa il punto sugli sviluppi dei progetti per valorizzare il cammino","_yoast_wpseo_linkdex":"68"},"photos":[{"original":"https:\/\/staging.varesenews.it\/photogallery_new\/images\/2015\/06\/via-francigena-seconda-tappa-da-pontremoli-ad-aulla-462707.jpg","full":"https:\/\/staging.varesenews.it\/photogallery_new\/images\/2015\/06\/via-francigena-seconda-tappa-da-pontremoli-ad-aulla-462707.1024x768.jpg","large":"https:\/\/staging.varesenews.it\/photogallery_new\/images\/2015\/06\/via-francigena-seconda-tappa-da-pontremoli-ad-aulla-462707.610x431.jpg"}],"_links":{"self":[{"href":"https:\/\/staging.varesenews.it\/swgapi\/v1\/wp\/v2\/posts\/381621"}],"collection":[{"href":"https:\/\/staging.varesenews.it\/swgapi\/v1\/wp\/v2\/posts"}],"about":[{"href":"https:\/\/staging.varesenews.it\/swgapi\/v1\/wp\/v2\/types\/post"}],"author":[{"embeddable":true,"href":"https:\/\/staging.varesenews.it\/swgapi\/v1\/wp\/v2\/users\/48"}],"replies":[{"embeddable":true,"href":"https:\/\/staging.varesenews.it\/swgapi\/v1\/wp\/v2\/comments?post=381621"}],"version-history":[{"count":0,"href":"https:\/\/staging.varesenews.it\/swgapi\/v1\/wp\/v2\/posts\/381621\/revisions"}],"wp:attachment":[{"href":"https:\/\/staging.varesenews.it\/swgapi\/v1\/wp\/v2\/media?parent=381621"}],"wp:term":[{"taxonomy":"category","embeddable":true,"href":"https:\/\/staging.varesenews.it\/swgapi\/v1\/wp\/v2\/categories?post=381621"},{"taxonomy":"post_tag","embeddable":true,"href":"https:\/\/staging.varesenews.it\/swgapi\/v1\/wp\/v2\/tags?post=381621"}],"curies":[{"name":"wp","href":"https:\/\/api.w.org\/{rel}","templated":true}]}}