{"id":381991,"date":"2015-06-23T10:09:35","date_gmt":"2015-06-23T08:09:35","guid":{"rendered":"http:\/\/www.varesenews.it\/?p=381991"},"modified":"2015-06-23T10:09:35","modified_gmt":"2015-06-23T08:09:35","slug":"la-riforma-della-sanita-e-piu-vicina","status":"publish","type":"post","link":"https:\/\/staging.varesenews.it\/2015\/06\/la-riforma-della-sanita-e-piu-vicina\/381991\/","title":{"rendered":"La Riforma della Sanit\u00e0 \u00e8 pi\u00f9 vicina"},"content":{"rendered":"<p class=\"p1\"><strong>La Riforma della Sanit\u00e0 \u00e8 pi\u00f9 vicina.<\/strong> In Commissione regionale, Lega e Ncd hanno ottenuto l\u2019approvazione<span class=\"Apple-converted-space\">\u00a0 <\/span>di tutti gli articoli del testo messo a punto dal presidente <strong>Fabio Rizzi<\/strong>. Voto favorevole anche da parte di <strong>Forza Italia<\/strong> che riesce a ottenere <strong>la \u201cflessibilit\u00e0\u201d del mega assessorato al Welfare:<\/strong> ogni presidente regionale potr\u00e0 o meno accorpare in un solo referente politico le funzioni sanitarie e sociali.<\/p>\n<p class=\"p1\">Ora il testo si avvia ad arrivare in aula: <strong>dal 14 luglio e fino al 6 agosto si discuter\u00e0 \u00a0un testo<\/strong> che pone fine a 17 anni di legge Formigoni. L\u2019opposizione \u00e8 pronta a dare battaglia anche perch\u00e9\u00a0che non \u00e8 stata accolta alcuna proposta dell\u2019opposizione.<\/p>\n<p class=\"p1\">La riforma prevede che<strong> vengano ridisegnate le aziende sanitarie<\/strong> che spariranno per lasciare il posto<span class=\"Apple-converted-space\">\u00a0 <\/span>alle <strong>Agenzie di Tutela della Salute<\/strong> che si occuperanno di programmazione dell\u2019offerta sanitaria con la contrattazione con le singole aziende ospedaliere ma <strong>non erogheranno pi\u00f9 alcun servizio<\/strong>.<span class=\"Apple-converted-space\">\u00a0 <\/span>Ancora non \u00e8 stato deciso il numero esatto: si parla di 8 ATS<span class=\"Apple-converted-space\">\u00a0 <\/span>tra cui quella varesina che sar\u00e0<strong> l\u2019ATS Insubria e accorper\u00e0 Varese e Como.<\/strong><\/p>\n<p class=\"p1\">Le prestazioni ospedaliere verranno garantite dalle <strong>Aziende sociosanitarie assistenziali<\/strong> che forniranno<strong> sia cure ospedaliere sia assistenza territoriale per garantire la \u201cpresa in carico del paziente\u201d.<\/strong> Anche la definizione del numero di aziende e le aree verr\u00e0 decisa la prossima settimana. Per ora la proposta \u00e8 quella di ridurre <strong>da 29 a 22 aziende<\/strong> a cui si aggiungeranno gli ospedali con oltre mille letti e due realt\u00e0 milanesi particolarmente importanti (Sacco e San Paolo).<\/p>\n<p class=\"p1\"><strong>Il privato continuer\u00e0 a erogare prestazioni in \u201dconcorrenza\u201d con il pubblico<\/strong> attraverso il sistema delle convenzioni che imporranno analoghi diritti e doveri ma anche un sistema burocratico amministrativo facilitato.<\/p>\n<p class=\"p1\">A vigilare sulla bont\u00e0<span class=\"Apple-converted-space\">\u00a0 <\/span>dell\u2019offerta sanitaria sar\u00e0 un\u2019<strong>Agenzia di Controllo<\/strong> che dovr\u00e0 prevenire eventuali distorsioni del sistema come quelli avvenuti negli scorsi anni. La gestione dell\u2019Agenzia sar\u00e0 affidata a un direttore generale e uno sanitario nominati dalla giunta pi\u00f9 altri due componenti scelti dal Consiglio regionale.<\/p>\n<p class=\"p1\"><strong>Pi\u00f9 potere avr\u00e0 anche l\u2019Areu<\/strong>, l\u2019agenzia regionale dell\u2019emergenza urgenza, che gestisce il 118 ma che potr\u00e0 avere anche competenze dirette sui pronto soccorso dei singoli ospedali.<\/p>\n","protected":false},"excerpt":{"rendered":"<p>Lega e Forza Italia trovano l&#8217;accordo e in commissione sanit\u00e0 viene approvato il testo che arriver\u00e0 in Consiglio il prossimo 14 luglio. Rinviata la definizione delle future aziende sociosanitarie<\/p>\n","protected":false},"author":33,"featured_media":0,"comment_status":"open","ping_status":"open","sticky":false,"template":"","format":"standard","meta":{"footnotes":""},"categories":[7,24],"tags":[4627,268],"acf":[],"yoast_head":"<!-- This site is optimized with the Yoast SEO plugin v20.1 - https:\/\/yoast.com\/wordpress\/plugins\/seo\/ -->\n<title>La Riforma della Sanit\u00e0 \u00e8 pi\u00f9 vicina<\/title>\n<meta name=\"description\" content=\"In commissione \u00e8 stata approvata la riforma della sanit\u00e0 che andr\u00e0 in Consiglio per la discussione dal 14 luglio\" \/>\n<meta name=\"robots\" content=\"noindex, follow, max-snippet:-1, max-image-preview:large, max-video-preview:-1\" \/>\n<meta property=\"og:locale\" content=\"it_IT\" \/>\n<meta property=\"og:type\" content=\"article\" \/>\n<meta property=\"og:title\" content=\"La Riforma della Sanit\u00e0 \u00e8 pi\u00f9 vicina\" \/>\n<meta property=\"og:description\" content=\"In commissione \u00e8 stata approvata la riforma della sanit\u00e0 che andr\u00e0 in Consiglio per la discussione dal 14 luglio\" \/>\n<meta property=\"og:url\" content=\"https:\/\/staging.varesenews.it\/2015\/06\/la-riforma-della-sanita-e-piu-vicina\/381991\/\" \/>\n<meta property=\"og:site_name\" content=\"VareseNews\" \/>\n<meta property=\"article:publisher\" content=\"https:\/\/www.facebook.com\/varesenews\" \/>\n<meta property=\"article:author\" content=\"alessandra.toni7\" \/>\n<meta property=\"article:published_time\" content=\"2015-06-23T08:09:35+00:00\" \/>\n<meta name=\"author\" content=\"Alessandra Toni\" \/>\n<meta name=\"twitter:card\" content=\"summary_large_image\" \/>\n<meta name=\"twitter:creator\" content=\"@alessandra_toni\" \/>\n<meta name=\"twitter:site\" content=\"@varesenews\" \/>\n<meta name=\"twitter:label1\" content=\"Scritto da\" \/>\n\t<meta name=\"twitter:data1\" content=\"Alessandra Toni\" \/>\n\t<meta name=\"twitter:label2\" content=\"Tempo di lettura stimato\" \/>\n\t<meta name=\"twitter:data2\" content=\"2 minuti\" \/>\n<script type=\"application\/ld+json\" class=\"yoast-schema-graph\">{\"@context\":\"https:\/\/schema.org\",\"@graph\":[{\"@type\":\"WebPage\",\"@id\":\"https:\/\/staging.varesenews.it\/2015\/06\/la-riforma-della-sanita-e-piu-vicina\/381991\/\",\"url\":\"https:\/\/staging.varesenews.it\/2015\/06\/la-riforma-della-sanita-e-piu-vicina\/381991\/\",\"name\":\"La Riforma della Sanit\u00e0 \u00e8 pi\u00f9 vicina\",\"isPartOf\":{\"@id\":\"https:\/\/staging.varesenews.it\/#website\"},\"datePublished\":\"2015-06-23T08:09:35+00:00\",\"dateModified\":\"2015-06-23T08:09:35+00:00\",\"author\":{\"@id\":\"https:\/\/staging.varesenews.it\/#\/schema\/person\/2643ce123d4a3c9511e015dc548779b8\"},\"description\":\"In commissione \u00e8 stata approvata la riforma della sanit\u00e0 che andr\u00e0 in Consiglio per la discussione dal 14 luglio\",\"breadcrumb\":{\"@id\":\"https:\/\/staging.varesenews.it\/2015\/06\/la-riforma-della-sanita-e-piu-vicina\/381991\/#breadcrumb\"},\"inLanguage\":\"it-IT\",\"potentialAction\":[{\"@type\":\"ReadAction\",\"target\":[\"https:\/\/staging.varesenews.it\/2015\/06\/la-riforma-della-sanita-e-piu-vicina\/381991\/\"]}]},{\"@type\":\"BreadcrumbList\",\"@id\":\"https:\/\/staging.varesenews.it\/2015\/06\/la-riforma-della-sanita-e-piu-vicina\/381991\/#breadcrumb\",\"itemListElement\":[{\"@type\":\"ListItem\",\"position\":1,\"name\":\"Home\",\"item\":\"https:\/\/www.varesenews.it\/\"},{\"@type\":\"ListItem\",\"position\":2,\"name\":\"La Riforma della Sanit\u00e0 \u00e8 pi\u00f9 vicina\"}]},{\"@type\":\"WebSite\",\"@id\":\"https:\/\/staging.varesenews.it\/#website\",\"url\":\"https:\/\/staging.varesenews.it\/\",\"name\":\"VareseNews\",\"description\":\"\",\"potentialAction\":[{\"@type\":\"SearchAction\",\"target\":{\"@type\":\"EntryPoint\",\"urlTemplate\":\"https:\/\/staging.varesenews.it\/?s={search_term_string}\"},\"query-input\":\"required name=search_term_string\"}],\"inLanguage\":\"it-IT\"},{\"@type\":\"Person\",\"@id\":\"https:\/\/staging.varesenews.it\/#\/schema\/person\/2643ce123d4a3c9511e015dc548779b8\",\"name\":\"Alessandra Toni\",\"image\":{\"@type\":\"ImageObject\",\"inLanguage\":\"it-IT\",\"@id\":\"https:\/\/staging.varesenews.it\/#\/schema\/person\/image\/\",\"url\":\"https:\/\/staging.varesenews.it\/wp-content\/uploads\/2020\/12\/alessandra_toni_colori_500.jpg\",\"contentUrl\":\"https:\/\/staging.varesenews.it\/wp-content\/uploads\/2020\/12\/alessandra_toni_colori_500.jpg\",\"caption\":\"Alessandra Toni\"},\"description\":\"Sono entrata nella redazione di VareseNews nel lontano anno 2000. Ero reduce da una bellissima esperienza nella redazione giornalistica della TV Nuova Antennatre, sotto la direzione dell'indimenticabile direttore Adolfo Caldarini. Sono arrivata quando era ancora una piccola realt\u00e0 editoriale e insieme abbiamo fatto un lungo ed entusiasmante lavoro. Mi occupo prevalentemente di scuola e di sanit\u00e0, settori impegnativi di grande valore sociale.\u00a0\",\"sameAs\":[\"alessandra.toni7\",\"alessandra.toni\",\"https:\/\/twitter.com\/alessandra_toni\"],\"url\":\"https:\/\/staging.varesenews.it\/persona\/alessandra_toni1\/\"}]}<\/script>\n<!-- \/ Yoast SEO plugin. -->","yoast_head_json":{"title":"La Riforma della Sanit\u00e0 \u00e8 pi\u00f9 vicina","description":"In commissione \u00e8 stata approvata la riforma della sanit\u00e0 che andr\u00e0 in Consiglio per la discussione dal 14 luglio","robots":{"index":"noindex","follow":"follow","max-snippet":"max-snippet:-1","max-image-preview":"max-image-preview:large","max-video-preview":"max-video-preview:-1"},"og_locale":"it_IT","og_type":"article","og_title":"La Riforma della Sanit\u00e0 \u00e8 pi\u00f9 vicina","og_description":"In commissione \u00e8 stata approvata la riforma della sanit\u00e0 che andr\u00e0 in Consiglio per la discussione dal 14 luglio","og_url":"https:\/\/staging.varesenews.it\/2015\/06\/la-riforma-della-sanita-e-piu-vicina\/381991\/","og_site_name":"VareseNews","article_publisher":"https:\/\/www.facebook.com\/varesenews","article_author":"alessandra.toni7","article_published_time":"2015-06-23T08:09:35+00:00","author":"Alessandra Toni","twitter_card":"summary_large_image","twitter_creator":"@alessandra_toni","twitter_site":"@varesenews","twitter_misc":{"Scritto da":"Alessandra Toni","Tempo di lettura stimato":"2 minuti"},"schema":{"@context":"https:\/\/schema.org","@graph":[{"@type":"WebPage","@id":"https:\/\/staging.varesenews.it\/2015\/06\/la-riforma-della-sanita-e-piu-vicina\/381991\/","url":"https:\/\/staging.varesenews.it\/2015\/06\/la-riforma-della-sanita-e-piu-vicina\/381991\/","name":"La Riforma della Sanit\u00e0 \u00e8 pi\u00f9 vicina","isPartOf":{"@id":"https:\/\/staging.varesenews.it\/#website"},"datePublished":"2015-06-23T08:09:35+00:00","dateModified":"2015-06-23T08:09:35+00:00","author":{"@id":"https:\/\/staging.varesenews.it\/#\/schema\/person\/2643ce123d4a3c9511e015dc548779b8"},"description":"In commissione \u00e8 stata approvata la riforma della sanit\u00e0 che andr\u00e0 in Consiglio per la discussione dal 14 luglio","breadcrumb":{"@id":"https:\/\/staging.varesenews.it\/2015\/06\/la-riforma-della-sanita-e-piu-vicina\/381991\/#breadcrumb"},"inLanguage":"it-IT","potentialAction":[{"@type":"ReadAction","target":["https:\/\/staging.varesenews.it\/2015\/06\/la-riforma-della-sanita-e-piu-vicina\/381991\/"]}]},{"@type":"BreadcrumbList","@id":"https:\/\/staging.varesenews.it\/2015\/06\/la-riforma-della-sanita-e-piu-vicina\/381991\/#breadcrumb","itemListElement":[{"@type":"ListItem","position":1,"name":"Home","item":"https:\/\/www.varesenews.it\/"},{"@type":"ListItem","position":2,"name":"La Riforma della Sanit\u00e0 \u00e8 pi\u00f9 vicina"}]},{"@type":"WebSite","@id":"https:\/\/staging.varesenews.it\/#website","url":"https:\/\/staging.varesenews.it\/","name":"VareseNews","description":"","potentialAction":[{"@type":"SearchAction","target":{"@type":"EntryPoint","urlTemplate":"https:\/\/staging.varesenews.it\/?s={search_term_string}"},"query-input":"required name=search_term_string"}],"inLanguage":"it-IT"},{"@type":"Person","@id":"https:\/\/staging.varesenews.it\/#\/schema\/person\/2643ce123d4a3c9511e015dc548779b8","name":"Alessandra Toni","image":{"@type":"ImageObject","inLanguage":"it-IT","@id":"https:\/\/staging.varesenews.it\/#\/schema\/person\/image\/","url":"https:\/\/staging.varesenews.it\/wp-content\/uploads\/2020\/12\/alessandra_toni_colori_500.jpg","contentUrl":"https:\/\/staging.varesenews.it\/wp-content\/uploads\/2020\/12\/alessandra_toni_colori_500.jpg","caption":"Alessandra Toni"},"description":"Sono entrata nella redazione di VareseNews nel lontano anno 2000. Ero reduce da una bellissima esperienza nella redazione giornalistica della TV Nuova Antennatre, sotto la direzione dell'indimenticabile direttore Adolfo Caldarini. Sono arrivata quando era ancora una piccola realt\u00e0 editoriale e insieme abbiamo fatto un lungo ed entusiasmante lavoro. Mi occupo prevalentemente di scuola e di sanit\u00e0, settori impegnativi di grande valore sociale.\u00a0","sameAs":["alessandra.toni7","alessandra.toni","https:\/\/twitter.com\/alessandra_toni"],"url":"https:\/\/staging.varesenews.it\/persona\/alessandra_toni1\/"}]}},"post_meta":{"_edit_lock":"1435047378:33","_edit_last":"33","_category_permalink":"24","wdfb_og_title":"","wdfb_og_type":"","wdfb_og_description":"","wdfb_og_images":"a:1:{i:0;s:0:\"\";}","wdfb_og_custom_name":"a:1:{i:0;s:0:\"\";}","wdfb_og_custom_value":"a:1:{i:0;s:0:\"\";}","foto":"445994","_jd_twitter":"","_jd_tweet_this":"yes","ratings_users":"0","ratings_score":"0","ratings_average":"0","firma_come_redazione":"1","argomento":"Milano","_yoast_wpseo_focuskw":"sanit\u00e0","_yoast_wpseo_metadesc":"In commissione \u00e8 stata approvata la riforma della sanit\u00e0 che andr\u00e0 in Consiglio per la discussione dal 14 luglio","_wpt_short_url":"http:\/\/www.varesenews.it\/2015\/06\/la-riforma-della-sanita-e-piu-vicina\/381991\/","_wp_jd_target":"http:\/\/www.varesenews.it\/2015\/06\/la-riforma-della-sanita-e-piu-vicina\/381991\/","_jd_wp_twitter":"a:1:{i:0;s:126:\"La Riforma della Sanit\u00e0 \u00e8 pi\u00f9 vicina http:\/\/www.varesenews.it\/2015\/06\/la-riforma-della-sanita-e-piu-vicina\/381991\/ #sanit\u00e0\";}","_wpt_status_message":"Tweet inviato con successo.","_yoast_wpseo_linkdex":"67"},"photos":[{"original":"https:\/\/staging.varesenews.it\/photogallery_new\/images\/2015\/04\/100-anni-ospedale-busto-arsizio-445994.jpg","full":"https:\/\/staging.varesenews.it\/photogallery_new\/images\/2015\/04\/100-anni-ospedale-busto-arsizio-445994.1024x768.jpg","large":"https:\/\/staging.varesenews.it\/photogallery_new\/images\/2015\/04\/100-anni-ospedale-busto-arsizio-445994.610x431.jpg"}],"_links":{"self":[{"href":"https:\/\/staging.varesenews.it\/swgapi\/v1\/wp\/v2\/posts\/381991"}],"collection":[{"href":"https:\/\/staging.varesenews.it\/swgapi\/v1\/wp\/v2\/posts"}],"about":[{"href":"https:\/\/staging.varesenews.it\/swgapi\/v1\/wp\/v2\/types\/post"}],"author":[{"embeddable":true,"href":"https:\/\/staging.varesenews.it\/swgapi\/v1\/wp\/v2\/users\/33"}],"replies":[{"embeddable":true,"href":"https:\/\/staging.varesenews.it\/swgapi\/v1\/wp\/v2\/comments?post=381991"}],"version-history":[{"count":0,"href":"https:\/\/staging.varesenews.it\/swgapi\/v1\/wp\/v2\/posts\/381991\/revisions"}],"wp:attachment":[{"href":"https:\/\/staging.varesenews.it\/swgapi\/v1\/wp\/v2\/media?parent=381991"}],"wp:term":[{"taxonomy":"category","embeddable":true,"href":"https:\/\/staging.varesenews.it\/swgapi\/v1\/wp\/v2\/categories?post=381991"},{"taxonomy":"post_tag","embeddable":true,"href":"https:\/\/staging.varesenews.it\/swgapi\/v1\/wp\/v2\/tags?post=381991"}],"curies":[{"name":"wp","href":"https:\/\/api.w.org\/{rel}","templated":true}]}}