{"id":382384,"date":"2015-06-24T12:02:32","date_gmt":"2015-06-24T10:02:32","guid":{"rendered":"http:\/\/www.varesenews.it\/?p=382384"},"modified":"2015-06-24T12:02:32","modified_gmt":"2015-06-24T10:02:32","slug":"lega-in-piazza-contro-la-legge-merlin","status":"publish","type":"post","link":"https:\/\/staging.varesenews.it\/2015\/06\/lega-in-piazza-contro-la-legge-merlin\/382384\/","title":{"rendered":"Lega in piazza contro la Legge Merlin"},"content":{"rendered":"<p>Durante la mattinata di sabato 27 giugno, la sezione <strong>Lega Nord di Caronno Pertusella &#8211; Bariola incontrer\u00e0 la cittadinanza in piazza Vittorio Veneto.\u00a0<\/strong>Oltre che discutere con i cittadini caronnesi di tematiche e problematiche locali, i militanti e sostenitori promuoveranno una raccolta firme per abrogare per via referendaria <strong>la legge Merlin.<\/strong><\/p>\n<p>\u00abRiteniamo che sia giunto il momento di compiere questo atto di civilt\u00e0 e risolvere, senza alcuna ipocrisia o pregiudizio morale, una situazione che per troppo tempo ha costretto migliaia di donne (e non solo) alla schiavit\u00f9 dei racket e alla mancanza di qualsiasi tutela da parte delle istituzioni\u00a0&#8211;\u00a0spiega<strong> il segretario della sezione cittadina Matteo Sinelli<\/strong> -. Non \u00e8 necessario essere leghisti per sottoscrivere la nostra raccolta firme; la condivisione di questi temi \u00e8 trasversale e pu\u00f2 coinvolgere qualsiasi movimento politico. Chiunque volesse incontrarci e confrontarsi con noi senza pregiudizi\u201d, conclude Sinelli, \u201csa dove trovarci\u201d.&#8221;<\/p>\n","protected":false},"excerpt":{"rendered":"<p>Gazebo della sezione cittadina del Carroccio in programma sabato mattina per raccogliere firme per abrogare la legge sulla prostituzione<\/p>\n","protected":false},"author":51,"featured_media":0,"comment_status":"open","ping_status":"open","sticky":false,"template":"","format":"standard","meta":{"footnotes":""},"categories":[5],"tags":[270],"acf":[],"yoast_head":"<!-- This site is optimized with the Yoast SEO plugin v20.1 - https:\/\/yoast.com\/wordpress\/plugins\/seo\/ -->\n<title>Lega in piazza contro la Legge Merlin<\/title>\n<meta name=\"description\" content=\"Gazebo della sezione cittadina del Carroccio in programma sabato mattina per raccogliere firme per abrogare la legge sulla prostituzione\" \/>\n<meta name=\"robots\" content=\"noindex, follow, max-snippet:-1, max-image-preview:large, max-video-preview:-1\" \/>\n<meta property=\"og:locale\" content=\"it_IT\" \/>\n<meta property=\"og:type\" content=\"article\" \/>\n<meta property=\"og:title\" content=\"Lega in piazza contro la Legge Merlin\" \/>\n<meta property=\"og:description\" content=\"Gazebo della sezione cittadina del Carroccio in programma sabato mattina per raccogliere firme per abrogare la legge sulla prostituzione\" \/>\n<meta property=\"og:url\" content=\"https:\/\/staging.varesenews.it\/2015\/06\/lega-in-piazza-contro-la-legge-merlin\/382384\/\" \/>\n<meta property=\"og:site_name\" content=\"VareseNews\" \/>\n<meta property=\"article:publisher\" content=\"https:\/\/www.facebook.com\/varesenews\" \/>\n<meta property=\"article:author\" content=\"https:\/\/www.facebook.com\/manuel.sgarella\" \/>\n<meta property=\"article:published_time\" content=\"2015-06-24T10:02:32+00:00\" \/>\n<meta name=\"author\" content=\"Manuel Sgarella\" \/>\n<meta name=\"twitter:card\" content=\"summary_large_image\" \/>\n<meta name=\"twitter:creator\" content=\"@Sgarel\" \/>\n<meta name=\"twitter:site\" content=\"@varesenews\" \/>\n<meta name=\"twitter:label1\" content=\"Scritto da\" \/>\n\t<meta name=\"twitter:data1\" content=\"Manuel Sgarella\" \/>\n\t<meta name=\"twitter:label2\" content=\"Tempo di lettura stimato\" \/>\n\t<meta name=\"twitter:data2\" content=\"1 minuto\" \/>\n<script type=\"application\/ld+json\" class=\"yoast-schema-graph\">{\"@context\":\"https:\/\/schema.org\",\"@graph\":[{\"@type\":\"WebPage\",\"@id\":\"https:\/\/staging.varesenews.it\/2015\/06\/lega-in-piazza-contro-la-legge-merlin\/382384\/\",\"url\":\"https:\/\/staging.varesenews.it\/2015\/06\/lega-in-piazza-contro-la-legge-merlin\/382384\/\",\"name\":\"Lega in piazza contro la Legge Merlin\",\"isPartOf\":{\"@id\":\"https:\/\/staging.varesenews.it\/#website\"},\"datePublished\":\"2015-06-24T10:02:32+00:00\",\"dateModified\":\"2015-06-24T10:02:32+00:00\",\"author\":{\"@id\":\"https:\/\/staging.varesenews.it\/#\/schema\/person\/1ec987bf360cbcf5fab38b0367dbc9d4\"},\"description\":\"Gazebo della sezione cittadina del Carroccio in programma sabato mattina per raccogliere firme per abrogare la legge sulla prostituzione\",\"breadcrumb\":{\"@id\":\"https:\/\/staging.varesenews.it\/2015\/06\/lega-in-piazza-contro-la-legge-merlin\/382384\/#breadcrumb\"},\"inLanguage\":\"it-IT\",\"potentialAction\":[{\"@type\":\"ReadAction\",\"target\":[\"https:\/\/staging.varesenews.it\/2015\/06\/lega-in-piazza-contro-la-legge-merlin\/382384\/\"]}]},{\"@type\":\"BreadcrumbList\",\"@id\":\"https:\/\/staging.varesenews.it\/2015\/06\/lega-in-piazza-contro-la-legge-merlin\/382384\/#breadcrumb\",\"itemListElement\":[{\"@type\":\"ListItem\",\"position\":1,\"name\":\"Home\",\"item\":\"https:\/\/www.varesenews.it\/\"},{\"@type\":\"ListItem\",\"position\":2,\"name\":\"Lega in piazza contro la Legge Merlin\"}]},{\"@type\":\"WebSite\",\"@id\":\"https:\/\/staging.varesenews.it\/#website\",\"url\":\"https:\/\/staging.varesenews.it\/\",\"name\":\"VareseNews\",\"description\":\"\",\"potentialAction\":[{\"@type\":\"SearchAction\",\"target\":{\"@type\":\"EntryPoint\",\"urlTemplate\":\"https:\/\/staging.varesenews.it\/?s={search_term_string}\"},\"query-input\":\"required name=search_term_string\"}],\"inLanguage\":\"it-IT\"},{\"@type\":\"Person\",\"@id\":\"https:\/\/staging.varesenews.it\/#\/schema\/person\/1ec987bf360cbcf5fab38b0367dbc9d4\",\"name\":\"Manuel Sgarella\",\"image\":{\"@type\":\"ImageObject\",\"inLanguage\":\"it-IT\",\"@id\":\"https:\/\/staging.varesenews.it\/#\/schema\/person\/image\/\",\"url\":\"https:\/\/staging.varesenews.it\/wp-content\/uploads\/2020\/12\/manuel_sgarella_colori_500.jpg\",\"contentUrl\":\"https:\/\/staging.varesenews.it\/wp-content\/uploads\/2020\/12\/manuel_sgarella_colori_500.jpg\",\"caption\":\"Manuel Sgarella\"},\"description\":\"A VareseNews dal 1999, da quando ho iniziato a collaborare per la pagina del cinema. Col tempo mi sono occupato della cronaca del territorio di Saronno-Tradate e dell'organizzazione di alcuni progetti speciali di VareseNews, tra cui la produzione del film Digitalife. Dal 2009 sono giornalista professionista. Diplomato alla Civica scuola del cinema di Milano, coltivo da sempre una passione per tutto quello che &egrave; narrazione, soprattutto per film e serie tv. Dal 2014 Pubblico romanzi come autore indipendente.&nbsp;\",\"sameAs\":[\"https:\/\/www.facebook.com\/manuel.sgarella\",\"Sgarel\",\"https:\/\/twitter.com\/Sgarel\"],\"url\":\"https:\/\/staging.varesenews.it\/persona\/manuel-sgarella1\/\"}]}<\/script>\n<!-- \/ Yoast SEO plugin. -->","yoast_head_json":{"title":"Lega in piazza contro la Legge Merlin","description":"Gazebo della sezione cittadina del Carroccio in programma sabato mattina per raccogliere firme per abrogare la legge sulla prostituzione","robots":{"index":"noindex","follow":"follow","max-snippet":"max-snippet:-1","max-image-preview":"max-image-preview:large","max-video-preview":"max-video-preview:-1"},"og_locale":"it_IT","og_type":"article","og_title":"Lega in piazza contro la Legge Merlin","og_description":"Gazebo della sezione cittadina del Carroccio in programma sabato mattina per raccogliere firme per abrogare la legge sulla prostituzione","og_url":"https:\/\/staging.varesenews.it\/2015\/06\/lega-in-piazza-contro-la-legge-merlin\/382384\/","og_site_name":"VareseNews","article_publisher":"https:\/\/www.facebook.com\/varesenews","article_author":"https:\/\/www.facebook.com\/manuel.sgarella","article_published_time":"2015-06-24T10:02:32+00:00","author":"Manuel Sgarella","twitter_card":"summary_large_image","twitter_creator":"@Sgarel","twitter_site":"@varesenews","twitter_misc":{"Scritto da":"Manuel Sgarella","Tempo di lettura stimato":"1 minuto"},"schema":{"@context":"https:\/\/schema.org","@graph":[{"@type":"WebPage","@id":"https:\/\/staging.varesenews.it\/2015\/06\/lega-in-piazza-contro-la-legge-merlin\/382384\/","url":"https:\/\/staging.varesenews.it\/2015\/06\/lega-in-piazza-contro-la-legge-merlin\/382384\/","name":"Lega in piazza contro la Legge Merlin","isPartOf":{"@id":"https:\/\/staging.varesenews.it\/#website"},"datePublished":"2015-06-24T10:02:32+00:00","dateModified":"2015-06-24T10:02:32+00:00","author":{"@id":"https:\/\/staging.varesenews.it\/#\/schema\/person\/1ec987bf360cbcf5fab38b0367dbc9d4"},"description":"Gazebo della sezione cittadina del Carroccio in programma sabato mattina per raccogliere firme per abrogare la legge sulla prostituzione","breadcrumb":{"@id":"https:\/\/staging.varesenews.it\/2015\/06\/lega-in-piazza-contro-la-legge-merlin\/382384\/#breadcrumb"},"inLanguage":"it-IT","potentialAction":[{"@type":"ReadAction","target":["https:\/\/staging.varesenews.it\/2015\/06\/lega-in-piazza-contro-la-legge-merlin\/382384\/"]}]},{"@type":"BreadcrumbList","@id":"https:\/\/staging.varesenews.it\/2015\/06\/lega-in-piazza-contro-la-legge-merlin\/382384\/#breadcrumb","itemListElement":[{"@type":"ListItem","position":1,"name":"Home","item":"https:\/\/www.varesenews.it\/"},{"@type":"ListItem","position":2,"name":"Lega in piazza contro la Legge Merlin"}]},{"@type":"WebSite","@id":"https:\/\/staging.varesenews.it\/#website","url":"https:\/\/staging.varesenews.it\/","name":"VareseNews","description":"","potentialAction":[{"@type":"SearchAction","target":{"@type":"EntryPoint","urlTemplate":"https:\/\/staging.varesenews.it\/?s={search_term_string}"},"query-input":"required name=search_term_string"}],"inLanguage":"it-IT"},{"@type":"Person","@id":"https:\/\/staging.varesenews.it\/#\/schema\/person\/1ec987bf360cbcf5fab38b0367dbc9d4","name":"Manuel Sgarella","image":{"@type":"ImageObject","inLanguage":"it-IT","@id":"https:\/\/staging.varesenews.it\/#\/schema\/person\/image\/","url":"https:\/\/staging.varesenews.it\/wp-content\/uploads\/2020\/12\/manuel_sgarella_colori_500.jpg","contentUrl":"https:\/\/staging.varesenews.it\/wp-content\/uploads\/2020\/12\/manuel_sgarella_colori_500.jpg","caption":"Manuel Sgarella"},"description":"A VareseNews dal 1999, da quando ho iniziato a collaborare per la pagina del cinema. Col tempo mi sono occupato della cronaca del territorio di Saronno-Tradate e dell'organizzazione di alcuni progetti speciali di VareseNews, tra cui la produzione del film Digitalife. Dal 2009 sono giornalista professionista. Diplomato alla Civica scuola del cinema di Milano, coltivo da sempre una passione per tutto quello che &egrave; narrazione, soprattutto per film e serie tv. Dal 2014 Pubblico romanzi come autore indipendente.&nbsp;","sameAs":["https:\/\/www.facebook.com\/manuel.sgarella","Sgarel","https:\/\/twitter.com\/Sgarel"],"url":"https:\/\/staging.varesenews.it\/persona\/manuel-sgarella1\/"}]}},"post_meta":{"_edit_lock":"1435140384:51","_edit_last":"51","ratings_users":"0","ratings_score":"0","ratings_average":"0","_category_permalink":"","wdfb_og_title":"","wdfb_og_type":"","wdfb_og_description":"","wdfb_og_images":"a:1:{i:0;s:0:\"\";}","wdfb_og_custom_name":"a:1:{i:0;s:0:\"\";}","wdfb_og_custom_value":"a:1:{i:0;s:0:\"\";}","foto":"87507","argomento":"Caronno Pertusella","_yoast_wpseo_focuskw":"merlin","_yoast_wpseo_metadesc":"Gazebo della sezione cittadina del Carroccio in programma sabato mattina per raccogliere firme per abrogare la legge sulla prostituzione","_jd_twitter":"","_jd_tweet_this":"yes","_wpt_short_url":"http:\/\/www.varesenews.it\/2015\/06\/lega-in-piazza-contro-la-legge-merlin\/382384\/","_wp_jd_target":"http:\/\/www.varesenews.it\/2015\/06\/lega-in-piazza-contro-la-legge-merlin\/382384\/","_jd_wp_twitter":"a:1:{i:0;s:139:\"Lega in piazza contro la Legge Merlin http:\/\/www.varesenews.it\/2015\/06\/lega-in-piazza-contro-la-legge-merlin\/382384\/ #leganord #leggemerlin\";}","_wpt_status_message":"Tweet inviato con successo.","_yoast_wpseo_linkdex":"59"},"photos":[{"original":"https:\/\/staging.varesenews.it\/photogallery_new\/images\/2013\/10\/i-big-della-lega-nord-a-torino-inserita-in-galleria-87507.jpg","full":"https:\/\/staging.varesenews.it\/photogallery_new\/images\/2013\/10\/i-big-della-lega-nord-a-torino-inserita-in-galleria-87507.1024x768.jpg","large":"https:\/\/staging.varesenews.it\/photogallery_new\/images\/2013\/10\/i-big-della-lega-nord-a-torino-inserita-in-galleria-87507.610x431.jpg"}],"_links":{"self":[{"href":"https:\/\/staging.varesenews.it\/swgapi\/v1\/wp\/v2\/posts\/382384"}],"collection":[{"href":"https:\/\/staging.varesenews.it\/swgapi\/v1\/wp\/v2\/posts"}],"about":[{"href":"https:\/\/staging.varesenews.it\/swgapi\/v1\/wp\/v2\/types\/post"}],"author":[{"embeddable":true,"href":"https:\/\/staging.varesenews.it\/swgapi\/v1\/wp\/v2\/users\/51"}],"replies":[{"embeddable":true,"href":"https:\/\/staging.varesenews.it\/swgapi\/v1\/wp\/v2\/comments?post=382384"}],"version-history":[{"count":0,"href":"https:\/\/staging.varesenews.it\/swgapi\/v1\/wp\/v2\/posts\/382384\/revisions"}],"wp:attachment":[{"href":"https:\/\/staging.varesenews.it\/swgapi\/v1\/wp\/v2\/media?parent=382384"}],"wp:term":[{"taxonomy":"category","embeddable":true,"href":"https:\/\/staging.varesenews.it\/swgapi\/v1\/wp\/v2\/categories?post=382384"},{"taxonomy":"post_tag","embeddable":true,"href":"https:\/\/staging.varesenews.it\/swgapi\/v1\/wp\/v2\/tags?post=382384"}],"curies":[{"name":"wp","href":"https:\/\/api.w.org\/{rel}","templated":true}]}}