{"id":382415,"date":"2015-06-24T18:32:34","date_gmt":"2015-06-24T16:32:34","guid":{"rendered":"http:\/\/www.varesenews.it\/?p=382415"},"modified":"2015-06-24T18:32:34","modified_gmt":"2015-06-24T16:32:34","slug":"fastweb-lancia-a-varese-il-wifi-condiviso","status":"publish","type":"post","link":"https:\/\/staging.varesenews.it\/2015\/06\/fastweb-lancia-a-varese-il-wifi-condiviso\/382415\/","title":{"rendered":"Fastweb lancia a Varese il WiFi condiviso"},"content":{"rendered":"<p>Fastweb lancia WOW Fi a Varese: <strong>ogni modem<\/strong> della societ\u00e0 installato nelle zone della citt\u00e0 raggiunte dalla fibra ottica, \u00a0<strong>diventa un punto di accesso wi-fi a disposizione della Community dei clienti<\/strong>.<\/p>\n<p>Il nuovo servizio arriva dopo una prima fase sperimentale\u00a0lanciata\u00a0a dicembre dello scorso anno a <strong>Monza<\/strong> e<strong> Livorno<\/strong> su 16 mila clienti, per verificarne il gradimento e l\u2019utilizzo. Con una risposta molto positiva:\u00a0gli utilizzatori, a pochi mesi dal lancio, \u00a0sono pi\u00f9 del 22% dei clienti Fastweb delle due citt\u00e0\u00a0e\u00a0il\u00a040% degli users accede al servizio tutti i giorni.<\/p>\n<p><strong>Varese<\/strong>, tra le prime citt\u00e0 ad essere state cablate dalla rete in fibra ottica di Fastweb con tecnologia Fiber to the Cabinet (FTTCab), \u00a0fa parte della &#8220;seconda fase&#8221; insieme a\u00a0<strong>Padova<\/strong> e <strong>Bergamo<\/strong>. La tecnologia FTTCab oggi raggiunge famiglie e imprese nelle zone di Varese Centro, Sant\u2019Ambrogio, Bobbiate, San Fermo, Bizzozero: <strong>circa 4 mila clienti<\/strong> che da oggi diventano potenziali &#8220;hotspot&#8221; in banda larga per chi \u00e8 cliente Fastweb.<\/p>\n<p>In che modo? Ogni cliente mette a disposizione una parte della propria connessione wi-fi ad altri clienti Fastweb quando non sta utilizzando internet e a sua volta, ha la possibilit\u00e0 di\u00a0connettersi al wi-fi degli altri membri della Community quando \u00e8 fuori casa, risparmiando traffico dati sulla sim mobile e godendo di una connessione gi\u00e0 sperimentata a casa.<\/p>\n<p>Come fare per approfittarne? Naturalmente, \u00e8 necessario essere clienti Fastweb: le password per Wow Fi\u00a0 vengono consegnate a chi ne ha diritto\u00a0via SMS\u00a0e vanno inserite in occasione del primo collegamento.\u00a0Nei collegamenti successivi per\u00f2 gli apparati autenticati si connetteranno automaticamente, ovunque sar\u00e0 disponibile la rete Wow Fi, senza la necessit\u00e0 di autenticarsi nuovamente.<\/p>\n<p>L\u2019utilizzo del Wow Fi, assicura la societ\u00e0, &#8220;non incide in alcun modo sulle prestazioni della connessione domestica e gli standard di sicurezza sono elevatissimi: le reti di accesso, di chi naviga da casa e di chi \u00e8 ospite, sono completamente separate e protette&#8221;.<\/p>\n<p>&nbsp;<\/p>\n","protected":false},"excerpt":{"rendered":"<p>Dopo le prime sperimentazioni a Monza e Livorno, la societ\u00e0 raggiunge con il nuovo servizio le citt\u00e0 raggiunte dalla banda larga: Varese \u00e8 tra le prime<\/p>\n","protected":false},"author":48,"featured_media":0,"comment_status":"open","ping_status":"open","sticky":false,"template":"","format":"standard","meta":{"footnotes":""},"categories":[25,2],"tags":[1490,4690,2170],"acf":[],"yoast_head":"<!-- This site is optimized with the Yoast SEO plugin v20.1 - https:\/\/yoast.com\/wordpress\/plugins\/seo\/ -->\n<title>Fastweb lancia a Varese il WiFi condiviso<\/title>\n<meta name=\"description\" content=\"Dopo le prime sperimentazioni wifi a Monza e Livorno, la societ\u00e0 raggiunge con il nuovo servizio le citt\u00e0 raggiunte dalla banda larga: Varese \u00e8 tra le prime\" \/>\n<meta name=\"robots\" content=\"noindex, follow, max-snippet:-1, max-image-preview:large, max-video-preview:-1\" \/>\n<meta property=\"og:locale\" content=\"it_IT\" \/>\n<meta property=\"og:type\" content=\"article\" \/>\n<meta property=\"og:title\" content=\"Fastweb lancia a Varese il WiFi condiviso\" \/>\n<meta property=\"og:description\" content=\"Dopo le prime sperimentazioni wifi a Monza e Livorno, la societ\u00e0 raggiunge con il nuovo servizio le citt\u00e0 raggiunte dalla banda larga: Varese \u00e8 tra le prime\" \/>\n<meta property=\"og:url\" content=\"https:\/\/staging.varesenews.it\/2015\/06\/fastweb-lancia-a-varese-il-wifi-condiviso\/382415\/\" \/>\n<meta property=\"og:site_name\" content=\"VareseNews\" \/>\n<meta property=\"article:publisher\" content=\"https:\/\/www.facebook.com\/varesenews\" \/>\n<meta property=\"article:author\" content=\"https:\/\/www.facebook.com\/stefaniaradman\" \/>\n<meta property=\"article:published_time\" content=\"2015-06-24T16:32:34+00:00\" \/>\n<meta name=\"author\" content=\"Stefania Radman\" \/>\n<meta name=\"twitter:card\" content=\"summary_large_image\" \/>\n<meta name=\"twitter:creator\" content=\"@LaRadman\" \/>\n<meta name=\"twitter:site\" content=\"@varesenews\" \/>\n<meta name=\"twitter:label1\" content=\"Scritto da\" \/>\n\t<meta name=\"twitter:data1\" content=\"Stefania Radman\" \/>\n\t<meta name=\"twitter:label2\" content=\"Tempo di lettura stimato\" \/>\n\t<meta name=\"twitter:data2\" content=\"2 minuti\" \/>\n<script type=\"application\/ld+json\" class=\"yoast-schema-graph\">{\"@context\":\"https:\/\/schema.org\",\"@graph\":[{\"@type\":\"WebPage\",\"@id\":\"https:\/\/staging.varesenews.it\/2015\/06\/fastweb-lancia-a-varese-il-wifi-condiviso\/382415\/\",\"url\":\"https:\/\/staging.varesenews.it\/2015\/06\/fastweb-lancia-a-varese-il-wifi-condiviso\/382415\/\",\"name\":\"Fastweb lancia a Varese il WiFi condiviso\",\"isPartOf\":{\"@id\":\"https:\/\/staging.varesenews.it\/#website\"},\"datePublished\":\"2015-06-24T16:32:34+00:00\",\"dateModified\":\"2015-06-24T16:32:34+00:00\",\"author\":{\"@id\":\"https:\/\/staging.varesenews.it\/#\/schema\/person\/995d2e6a31c67237a9a1bc1f0079f3aa\"},\"description\":\"Dopo le prime sperimentazioni wifi a Monza e Livorno, la societ\u00e0 raggiunge con il nuovo servizio le citt\u00e0 raggiunte dalla banda larga: Varese \u00e8 tra le prime\",\"breadcrumb\":{\"@id\":\"https:\/\/staging.varesenews.it\/2015\/06\/fastweb-lancia-a-varese-il-wifi-condiviso\/382415\/#breadcrumb\"},\"inLanguage\":\"it-IT\",\"potentialAction\":[{\"@type\":\"ReadAction\",\"target\":[\"https:\/\/staging.varesenews.it\/2015\/06\/fastweb-lancia-a-varese-il-wifi-condiviso\/382415\/\"]}]},{\"@type\":\"BreadcrumbList\",\"@id\":\"https:\/\/staging.varesenews.it\/2015\/06\/fastweb-lancia-a-varese-il-wifi-condiviso\/382415\/#breadcrumb\",\"itemListElement\":[{\"@type\":\"ListItem\",\"position\":1,\"name\":\"Home\",\"item\":\"https:\/\/www.varesenews.it\/\"},{\"@type\":\"ListItem\",\"position\":2,\"name\":\"Fastweb lancia a Varese il WiFi condiviso\"}]},{\"@type\":\"WebSite\",\"@id\":\"https:\/\/staging.varesenews.it\/#website\",\"url\":\"https:\/\/staging.varesenews.it\/\",\"name\":\"VareseNews\",\"description\":\"\",\"potentialAction\":[{\"@type\":\"SearchAction\",\"target\":{\"@type\":\"EntryPoint\",\"urlTemplate\":\"https:\/\/staging.varesenews.it\/?s={search_term_string}\"},\"query-input\":\"required name=search_term_string\"}],\"inLanguage\":\"it-IT\"},{\"@type\":\"Person\",\"@id\":\"https:\/\/staging.varesenews.it\/#\/schema\/person\/995d2e6a31c67237a9a1bc1f0079f3aa\",\"name\":\"Stefania Radman\",\"image\":{\"@type\":\"ImageObject\",\"inLanguage\":\"it-IT\",\"@id\":\"https:\/\/staging.varesenews.it\/#\/schema\/person\/image\/\",\"url\":\"https:\/\/staging.varesenews.it\/wp-content\/uploads\/2020\/12\/stefania_radman_colori_500.jpg\",\"contentUrl\":\"https:\/\/staging.varesenews.it\/wp-content\/uploads\/2020\/12\/stefania_radman_colori_500.jpg\",\"caption\":\"Stefania Radman\"},\"description\":\"Varesina dal 1991, lavoro dal 2000 per Varesenews.it, prima come responsabile della pagina dell&rsquo;economia, poi della pagina life, ora della citt&agrave; di Varese.Ma sono (e sono stata) anche altro: per esempio, agli albori delle radio private ero dj in una radio milanese, Onda Radio. Da 20 anni sono corrispondente da Varese di Radio Popolare e ho collaborato con Espresso, Repubblica, Diario della Settimana, Italia Oggi. &ldquo;Smanettona&rdquo; da sempre, ho aperto il mio primo sito personale con Geocities nei primi anni novanta (chi se lo ricorda?) e i miei primi blog in Splinder all&rsquo;inizio del 2000. Ora sono sui social: qui quasi sempre sono semplicemente \\\"LaRadman&rdquo;.\",\"sameAs\":[\"http:\/\/laradman.blogspot.it\",\"https:\/\/www.facebook.com\/stefaniaradman\",\"@LaRadman\",\"https:\/\/www.linkedin.com\/in\/stefaniaradman\",\"https:\/\/twitter.com\/LaRadman\"],\"url\":\"https:\/\/staging.varesenews.it\/persona\/stefania-radman1\/\"}]}<\/script>\n<!-- \/ Yoast SEO plugin. -->","yoast_head_json":{"title":"Fastweb lancia a Varese il WiFi condiviso","description":"Dopo le prime sperimentazioni wifi a Monza e Livorno, la societ\u00e0 raggiunge con il nuovo servizio le citt\u00e0 raggiunte dalla banda larga: Varese \u00e8 tra le prime","robots":{"index":"noindex","follow":"follow","max-snippet":"max-snippet:-1","max-image-preview":"max-image-preview:large","max-video-preview":"max-video-preview:-1"},"og_locale":"it_IT","og_type":"article","og_title":"Fastweb lancia a Varese il WiFi condiviso","og_description":"Dopo le prime sperimentazioni wifi a Monza e Livorno, la societ\u00e0 raggiunge con il nuovo servizio le citt\u00e0 raggiunte dalla banda larga: Varese \u00e8 tra le prime","og_url":"https:\/\/staging.varesenews.it\/2015\/06\/fastweb-lancia-a-varese-il-wifi-condiviso\/382415\/","og_site_name":"VareseNews","article_publisher":"https:\/\/www.facebook.com\/varesenews","article_author":"https:\/\/www.facebook.com\/stefaniaradman","article_published_time":"2015-06-24T16:32:34+00:00","author":"Stefania Radman","twitter_card":"summary_large_image","twitter_creator":"@LaRadman","twitter_site":"@varesenews","twitter_misc":{"Scritto da":"Stefania Radman","Tempo di lettura stimato":"2 minuti"},"schema":{"@context":"https:\/\/schema.org","@graph":[{"@type":"WebPage","@id":"https:\/\/staging.varesenews.it\/2015\/06\/fastweb-lancia-a-varese-il-wifi-condiviso\/382415\/","url":"https:\/\/staging.varesenews.it\/2015\/06\/fastweb-lancia-a-varese-il-wifi-condiviso\/382415\/","name":"Fastweb lancia a Varese il WiFi condiviso","isPartOf":{"@id":"https:\/\/staging.varesenews.it\/#website"},"datePublished":"2015-06-24T16:32:34+00:00","dateModified":"2015-06-24T16:32:34+00:00","author":{"@id":"https:\/\/staging.varesenews.it\/#\/schema\/person\/995d2e6a31c67237a9a1bc1f0079f3aa"},"description":"Dopo le prime sperimentazioni wifi a Monza e Livorno, la societ\u00e0 raggiunge con il nuovo servizio le citt\u00e0 raggiunte dalla banda larga: Varese \u00e8 tra le prime","breadcrumb":{"@id":"https:\/\/staging.varesenews.it\/2015\/06\/fastweb-lancia-a-varese-il-wifi-condiviso\/382415\/#breadcrumb"},"inLanguage":"it-IT","potentialAction":[{"@type":"ReadAction","target":["https:\/\/staging.varesenews.it\/2015\/06\/fastweb-lancia-a-varese-il-wifi-condiviso\/382415\/"]}]},{"@type":"BreadcrumbList","@id":"https:\/\/staging.varesenews.it\/2015\/06\/fastweb-lancia-a-varese-il-wifi-condiviso\/382415\/#breadcrumb","itemListElement":[{"@type":"ListItem","position":1,"name":"Home","item":"https:\/\/www.varesenews.it\/"},{"@type":"ListItem","position":2,"name":"Fastweb lancia a Varese il WiFi condiviso"}]},{"@type":"WebSite","@id":"https:\/\/staging.varesenews.it\/#website","url":"https:\/\/staging.varesenews.it\/","name":"VareseNews","description":"","potentialAction":[{"@type":"SearchAction","target":{"@type":"EntryPoint","urlTemplate":"https:\/\/staging.varesenews.it\/?s={search_term_string}"},"query-input":"required name=search_term_string"}],"inLanguage":"it-IT"},{"@type":"Person","@id":"https:\/\/staging.varesenews.it\/#\/schema\/person\/995d2e6a31c67237a9a1bc1f0079f3aa","name":"Stefania Radman","image":{"@type":"ImageObject","inLanguage":"it-IT","@id":"https:\/\/staging.varesenews.it\/#\/schema\/person\/image\/","url":"https:\/\/staging.varesenews.it\/wp-content\/uploads\/2020\/12\/stefania_radman_colori_500.jpg","contentUrl":"https:\/\/staging.varesenews.it\/wp-content\/uploads\/2020\/12\/stefania_radman_colori_500.jpg","caption":"Stefania Radman"},"description":"Varesina dal 1991, lavoro dal 2000 per Varesenews.it, prima come responsabile della pagina dell&rsquo;economia, poi della pagina life, ora della citt&agrave; di Varese.Ma sono (e sono stata) anche altro: per esempio, agli albori delle radio private ero dj in una radio milanese, Onda Radio. Da 20 anni sono corrispondente da Varese di Radio Popolare e ho collaborato con Espresso, Repubblica, Diario della Settimana, Italia Oggi. &ldquo;Smanettona&rdquo; da sempre, ho aperto il mio primo sito personale con Geocities nei primi anni novanta (chi se lo ricorda?) e i miei primi blog in Splinder all&rsquo;inizio del 2000. Ora sono sui social: qui quasi sempre sono semplicemente \"LaRadman&rdquo;.","sameAs":["http:\/\/laradman.blogspot.it","https:\/\/www.facebook.com\/stefaniaradman","@LaRadman","https:\/\/www.linkedin.com\/in\/stefaniaradman","https:\/\/twitter.com\/LaRadman"],"url":"https:\/\/staging.varesenews.it\/persona\/stefania-radman1\/"}]}},"post_meta":{"_edit_lock":"1435163889:48","_edit_last":"48","_category_permalink":"","wdfb_og_title":"","wdfb_og_type":"","wdfb_og_description":"","wdfb_og_images":"a:1:{i:0;s:0:\"\";}","wdfb_og_custom_name":"a:1:{i:0;s:0:\"\";}","wdfb_og_custom_value":"a:1:{i:0;s:0:\"\";}","_yoast_wpseo_focuskw":"wifi","_yoast_wpseo_metadesc":"Dopo le prime sperimentazioni wifi a Monza e Livorno, la societ\u00e0 raggiunge con il nuovo servizio le citt\u00e0 raggiunte dalla banda larga: Varese \u00e8 tra le prime","_jd_twitter":"","_jd_tweet_this":"yes","_yoast_wpseo_linkdex":"68","ratings_users":"0","ratings_score":"0","ratings_average":"0","foto":"144745","argomento":"Varese","_wpt_short_url":"http:\/\/www.varesenews.it\/2015\/06\/fastweb-lancia-a-varese-il-wifi-condiviso\/382415\/","_wp_jd_target":"http:\/\/www.varesenews.it\/2015\/06\/fastweb-lancia-a-varese-il-wifi-condiviso\/382415\/","_jd_wp_twitter":"a:1:{i:0;s:151:\"Fastweb lancia a Varese il WiFi condiviso http:\/\/www.varesenews.it\/2015\/06\/fastweb-lancia-a-varese-il-wifi-condiviso\/382415\/ #bandalarga #fastweb #wifi\";}","_wpt_status_message":"Tweet inviato con successo."},"photos":[{"original":"https:\/\/staging.varesenews.it\/photogallery_new\/images\/2012\/07\/wi-fi-pc-parco-wifi-144745.jpg","full":"https:\/\/staging.varesenews.it\/photogallery_new\/images\/2012\/07\/wi-fi-pc-parco-wifi-144745.1024x768.jpg","large":"https:\/\/staging.varesenews.it\/photogallery_new\/images\/2012\/07\/wi-fi-pc-parco-wifi-144745.610x431.jpg"}],"_links":{"self":[{"href":"https:\/\/staging.varesenews.it\/swgapi\/v1\/wp\/v2\/posts\/382415"}],"collection":[{"href":"https:\/\/staging.varesenews.it\/swgapi\/v1\/wp\/v2\/posts"}],"about":[{"href":"https:\/\/staging.varesenews.it\/swgapi\/v1\/wp\/v2\/types\/post"}],"author":[{"embeddable":true,"href":"https:\/\/staging.varesenews.it\/swgapi\/v1\/wp\/v2\/users\/48"}],"replies":[{"embeddable":true,"href":"https:\/\/staging.varesenews.it\/swgapi\/v1\/wp\/v2\/comments?post=382415"}],"version-history":[{"count":0,"href":"https:\/\/staging.varesenews.it\/swgapi\/v1\/wp\/v2\/posts\/382415\/revisions"}],"wp:attachment":[{"href":"https:\/\/staging.varesenews.it\/swgapi\/v1\/wp\/v2\/media?parent=382415"}],"wp:term":[{"taxonomy":"category","embeddable":true,"href":"https:\/\/staging.varesenews.it\/swgapi\/v1\/wp\/v2\/categories?post=382415"},{"taxonomy":"post_tag","embeddable":true,"href":"https:\/\/staging.varesenews.it\/swgapi\/v1\/wp\/v2\/tags?post=382415"}],"curies":[{"name":"wp","href":"https:\/\/api.w.org\/{rel}","templated":true}]}}