{"id":382533,"date":"2015-06-24T18:36:58","date_gmt":"2015-06-24T16:36:58","guid":{"rendered":"http:\/\/www.varesenews.it\/?p=382533"},"modified":"2015-06-24T18:37:36","modified_gmt":"2015-06-24T16:37:36","slug":"si-apre-con-la-butterfly-ledizione-2015-di-terra-e-laghi","status":"publish","type":"post","link":"https:\/\/staging.varesenews.it\/2015\/06\/si-apre-con-la-butterfly-ledizione-2015-di-terra-e-laghi\/382533\/","title":{"rendered":"Si apre con la &#8220;Butterfly&#8221; l&#8217;edizione 2015 di &#8220;Terra e Laghi&#8221;"},"content":{"rendered":"<p>Si \u00e8 svolta a\u00a0Villa Recalcati \u00a0<strong>la presentazione di Butterfly,<\/strong> prodotto dal Teatro Blu, evento di apertura di <a href=\"http:\/\/www.terraelaghifestival.com\/\" target=\"_blank\">Terra e Laghi<\/a>. Sono intervenuti il Presidente Nicola Vincenzi Gunnar, il Consigliere delegato Alberto Tognola e la Diretttrice artistica Silvia Priori.<\/p>\n<p>\u201cSiamo contenti e fieri \u2013 <strong>dice il Presidente Gunnar<\/strong> &#8211; di far parte di questo grande e straordinario Festival, promosso da Teatro Blu, che si svolger\u00e0 da luglio a ottobre in tutta l\u2019 Insubria, e che si avvale del consenso e del sostegno di tutte le Province dell\u2019 Insubria e della Repubblica del Canton Ticino. E\u2019 da tempo che conosco e apprezzo l\u2019 attivit\u00e0 e l\u2019 impegno di Teatro Blu e ringrazio Silvia Priori per la sua intraprendenza e creativit\u00e0. \u201cIl Festival \u2013 ha aggiunto il Consigliere Alberto Tognola &#8211;<strong> si aprir\u00e0 a Varese l\u2019 1 luglio alle h 21 ai Giardini Estensi ( in caso di maltempo all\u2019 UCC Teatro di Piazza Repubblica),<\/strong> ingresso gratuito, con la premi\u00e8re di \u201cBUTTERFLY\u201d ultima opera di Teatro Blu presentata in anteprima per Next e finanziata da Regione Lombardia e siamo felici di poter ospitare il 16 ottobre anche a Daverio.\u201d<\/p>\n<p>Una storia dedicata alla bellezza e alla ritualit\u00e0, alla fedelt\u00e0 e all\u2019onore ; una narrazione in opera giapponese tratta da uno studio su \u201c Madame Butterfly\u201d di David Belasco, scritto e interpretato da Silvia Priori con la regia di Kuniaki Ida e la partecipazione di: Kaoru Saito: soprano, Gruppo Aikido: Francesco Dess\u00ec, Federica Di Marino, Soraya Perez, Claudio Sala, Graziano Scicolone, Riccardo Tavolazzi, Gruppo Kotoji (Tamburi Taiko giapponesi), Collaborazione alla regia di Roberto Gerbol\u00e8s, Musiche: Robert Gorick &#8211; Scene: Luigi Bello Costumi: Sartoria Bianchi \u2013 Milano e Vittoria Papaleo. Butterfly \u00e8 una storia d\u2019 amore giapponese. Una delle storie d&#8217;amore pi\u00f9 profonde che mai siano state concepite. Amore sensuale, erotico ma sublime. Butterfly \u00e8 una geisha, un&#8217;artista del mondo che fluttua, canta, danza e vi intrattiene. Il resto \u00e8 ombra, il resto \u00e8 segreto.<\/p>\n<p><strong>\u00abRaccontiamo la vicenda intima di Butterfly, &#8211; spiega Silvia Pirori &#8211; la sua carica emotiva, la sua purezza, e la sua instancabile attesa in un\u2019 atmosfera esotica.<\/strong> La sua solitudine \u00e8 l\u2019 alcova per sognare il desiderato incontro con il suo amato, una Penelope orientale che tesse le trame di un amore infinito, fedele, devoto, che va oltre se stessa. Cio-cio-san, si veste di speranza e aspetta. Aspetta il ritorno del suo amato. E\u2019 capace di aspettare e la sua attesa \u00e8 intrisa di gioia, di ingenue aspettative, di sogni a colori, di incontri che mai si avverranno, di abbracci e di desideri. Ha fiducia, ed \u00e8 convinta che la sua attesa si possa volgere in gioia nel momento in cui il pennacchio di una nave, un fil di fumo, divider\u00e0 in due l&#8217;orizzonte del mare di Nagasaki. La nostra Butterfly \u00e8 la celebrazione della speranza sul confine fra realt\u00e0 e illusione, dell\u2019affetto materno fino a giungere all\u2019 autoeliminazione per la felicit\u00e0 altrui\u00bb.<\/p>\n<p><strong>LA TRAMA<\/strong><\/p>\n<p>Pinkerton \u00e8 un ufficiale della marina degli Stati Uniti, che sbarcato a Nagasaki, un po\u2019per vanit\u00e0 e spirito d&#8217;avventura si unisce in matrimonio, secondo le usanze locali, con una geisha quindicenne di nome Cio-Cio-San, termine giapponese che significa Madama (San) Farfalla (Ch\u014d), in inglese Butterfly, acquisendo cos\u00ec il diritto di ripudiare la moglie anche dopo un mese. Cos\u00ec infatti avviene, e Pinkerton ritorna in patria abbandonando la giovanissima sposa. Ma questa, forte di un amore ardente e tenace, pur struggendosi nella lunga attesa accanto al bimbo nato da quelle nozze, continua a ripetere a tutti la sua incrollabile fiducia nel ritorno dell&#8217;amato. Pinkerton infatti ritorna dopo due anni, ma non da solo: accompagnato da una giovane donna, da lui sposata regolarmente negli Stati Uniti, \u00e8 venuto a prendersi il bambino, della cui esistenza \u00e8 stato messo al corrente dal console Sharpless, per portarlo con s\u00e9 in patria ed educarlo secondo gli usi occidentali. Soltanto di fronte all&#8217;evidenza dei fatti Butterfly comprende: la sua grande illusione, la felicit\u00e0 sognata accanto all&#8217;uomo amato, \u00e8 svanita del tutto. Decide quindi di scomparire dalla scena del mondo, in silenzio, senza clamore; dopo aver abbracciato disperatamente il figlio, si uccide con una spada donatale dal padre. \u00abButterfly aprir\u00e0 il Festival Terra e Laghi e con esso torna una delle iniziative che pi\u00f9 sanno animare e dare lustro a Varese e a tutta l&#8217;Insubria: il suo grande pregio \u00e8 quello di contribuire a creare un&#8217;interazione virtuosa tra spettacolo, cultura e tradizioni del territorio\u00bb. <strong>Lo ha detto l\u2019Assessore Cristina Cappellini presentando la 9a edizione del festival &#8216;TERRA E LAGHI nell&#8217;Insubria.<\/strong><\/p>\n<p>\u00abNove anni di straordinarie relazioni internazionali \u2013<strong> ha affermato Silvia Priori<\/strong> &#8211; di capillare lavoro sul territorio, di collaborazioni con gruppi artistici di rilievo, di tenace ricerca di contributi, di fiducia ottenuta, di sfide coraggiose, di premi. Dal 2007 a oggi nove edizioni di un Festival diventato, grazie anche alla collaborazione di autori, registi, attori, un&#8217;eccellenza nell\u2019Insubria. <strong>In questi nove anni il Festival ha spiccato il volo portando con s\u00e9 bellissimi ricordi e calde emozioni<\/strong>, grazie alla presenza, nelle diverse edizioni, di nomi incredibili per un Festival indipendente, gestito da poche persone che lavorano con passione e amore e che hanno accettato di condividere questa straordinaria avventura. Oggi posso dire che Terra e Laghi sia un progetto, non di pochi fondatori, ma di un&#8217;ampia collettivit\u00e0 che ogni anno ne condivide l\u2019ideale, l\u2019impegno e la gioia. L\u2019idea del Festival \u00e8 di \u201cportare il teatro fuori dal teatro\u201d: gli spettacoli saranno infatti presentati nei luoghi pi\u00f9 caratteristici dell\u2019Insubria: <strong>siti archeologici, parchi, ville, canoniche, castelli, piazze e cortili.<\/strong> In questa ottica il teatro diventa uno strumento per valorizzare il patrimonio storico e architettonico appartenente ai territori di confine e reciprocamente queste bellezze fungeranno da splendida cornice agli eventi stessi. La grande adesione degli enti pubblici e privati e lo sviluppo esponenziale del network internazionale a questa IX edizione confermano l&#8217;efficacia del know how proposto, e quindi la necessit\u00e0 di continuare a lavorare in questa direzione per il prossimo futuro in modo da poter affinare sempre pi\u00f9 il metodo e intensificare le relazioni internazionali fra settore pubblico e privato, e fra le realt\u00e0 artistiche con particolare attenzione a quelle italiane e svizzere. Auguro a Terra e Laghi di disegnare orizzonti sempre pi\u00f9 ampi\u00bb.<\/p>\n<p>\u00abIl Festival &#8211;<strong> ha spiegato l&#8217;assessore Cristina Cappellini -,<\/strong> che quest&#8217;anno si aprir\u00e0 nella meravigliosa cornice dei Giardini Estensi, a Varese l\u2019 1 Luglio h 21 con \u201cButterfly\u201d di Teatro Blu, e <strong>avr\u00e0 un calendario ancora pi\u00f9 ambizioso rispetto agli scorsi anni<\/strong>, fa parte dei progetti integrati nella programmazione di Expo 2015. Nato come progetto italo-svizzero per la promozione turistica e culturale dei territori di confine, ha dato vita oggi a una solida rete tra istituzioni pubbliche, ne \u00e8 esempio quello con la Regione Piemonte e la Regio Insubrica, private, culturali e artistiche, italiane e svizzere, traendo la sua forza proprio dalla coesione e collaborazione tra queste realt\u00e0\u00bb.<\/p>\n<p>Una collaborazione che potrebbe coinvolgere, come \u00e8 stato annunciato durante la conferenza, il prossimo anno anche la Macroregione alpina, con spettacoli itineranti in tutti i 7 Stati che fanno parte del progetto. L&#8217;appuntamento, che rappresenta ormai una tradizione consolidata, riesce<strong>, tramite il teatro contemporaneo, quello comico, il teatro circense e quello di strada, la narrazione e la danza, a divenire un crocevia tra culture diverse:<\/strong> attraverso lo spettacolo si supera cos\u00ec qualsiasi frontiera geografica e comunicativa. Regione Lombardia &#8211; ha concluso l&#8217;esponente della Giunta Maroni &#8211; crede fortemente in questo progetto, che sostiene proprio in virt\u00f9 dell&#8217;alto valore artistico e qualitativo del Festival e, in generale, dell&#8217;attivit\u00e0 che in questi anni il Teatro Blu ha svolto e ha portato avanti con grande professionalit\u00e0&#8221;.<\/p>\n<p>\u201cTerra e Laghi\u201d &#8211;\u00a0ha aggiunto l\u2019 assessore alla cultura e Turismo di Regione Piemonte Antonella Parigi &#8211; <strong>si conferma una preziosa occasione di promozione turistica e culturale al contempo, grazie a una formula consolidata.<\/strong> Una rassegna capace di rispondere all\u2019obiettivo di divenire un elemento attrattore nei confronti di un pubblico ampio ed eterogeneo, attraverso una ricca serie di occasioni di fruizione teatrale di qualit\u00e0, incastonate nello scenografico contesto offerto da questo territorio di confine, fra i pi\u00f9 affascinanti del nostro Paese. Confermando quello che \u00e8 ormai un format affermato, la manifestazione si presenta ancora una volta offrendo un\u2019articolata serie di opportunit\u00e0 d\u2019incontro e confronto con dimensioni creative differenti, distinguendosi per l\u2019estrema variet\u00e0 dell\u2019offerta artistica, per la capacit\u00e0 di coniugare e miscelare generi e stili diversi, per la caratura delle proposte in cartellone, per lo sguardo attento riservato ad artisti emergenti della scena italiana e internazionale. Nell\u2019assolvere al proprio compito di sostegno e di promozione della cultura sul territorio, la Regione Piemonte \u00e8 pertanto lieta di contribuire, in partnership con gli enti e le istituzioni a carattere pubblico e privato di Italia e Svizzera, alla realizzazione di un calendario di appuntamenti capace di intrecciare una proposta culturale di alto livello con le bellezze paesaggistiche piemontesi.<\/p>\n<p><strong>I NUMERI &#8211;<\/strong> Il festival coinvolge 2 nazioni (Italia e Svizzera); 2 Regioni (Lombardia e Piemonte); 5 Province italiane (Varese, Como, Lecco, Verbania Cusio Ossola, Novara) e la Repubblica del Canton Ticino (Svizzera); 46 Comuni dell&#8217;Insubria. Sono previsti 53 spettacoli che vedranno impegnate 35 Compagnie professioniste e coinvolti 100 artisti provenienti da 3 continenti: Europa, America, Asia. 15.000 sono gli spettatori stimati per l&#8217;edizione 2015.<\/p>\n","protected":false},"excerpt":{"rendered":"<p>Prende il via il primo luglio, alle 21, ai Giardini Estensi la nuova rassegna organizzata al Teatro Blu <\/p>\n","protected":false},"author":32,"featured_media":0,"comment_status":"open","ping_status":"open","sticky":false,"template":"","format":"standard","meta":{"footnotes":""},"categories":[18,21,2],"tags":[10768,314,4757],"acf":[],"yoast_head":"<!-- This site is optimized with the Yoast SEO plugin v20.1 - https:\/\/yoast.com\/wordpress\/plugins\/seo\/ -->\n<title>Si apre con la &quot;Butterfly&quot; l&#039;edizione 2015 di &quot;Terra e Laghi&quot;<\/title>\n<meta name=\"description\" content=\"Prende il via il primo luglio, alle 21, ai Giardini Estensi la nuova rassegna organizzata al Teatro Blu\" \/>\n<meta name=\"robots\" content=\"noindex, follow, max-snippet:-1, max-image-preview:large, max-video-preview:-1\" \/>\n<meta property=\"og:locale\" content=\"it_IT\" \/>\n<meta property=\"og:type\" content=\"article\" \/>\n<meta property=\"og:title\" content=\"Si apre con la &quot;Butterfly&quot; l&#039;edizione 2015 di &quot;Terra e Laghi&quot;\" \/>\n<meta property=\"og:description\" content=\"Prende il via il primo luglio, alle 21, ai Giardini Estensi la nuova rassegna organizzata al Teatro Blu\" \/>\n<meta property=\"og:url\" content=\"https:\/\/staging.varesenews.it\/2015\/06\/si-apre-con-la-butterfly-ledizione-2015-di-terra-e-laghi\/382533\/\" \/>\n<meta property=\"og:site_name\" content=\"VareseNews\" \/>\n<meta property=\"article:publisher\" content=\"https:\/\/www.facebook.com\/varesenews\" \/>\n<meta property=\"article:published_time\" content=\"2015-06-24T16:36:58+00:00\" \/>\n<meta property=\"article:modified_time\" content=\"2015-06-24T16:37:36+00:00\" \/>\n<meta name=\"author\" content=\"Adelia Brigo\" \/>\n<meta name=\"twitter:card\" content=\"summary_large_image\" \/>\n<meta name=\"twitter:creator\" content=\"@AdeliaBrigo\" \/>\n<meta name=\"twitter:site\" content=\"@varesenews\" \/>\n<meta name=\"twitter:label1\" content=\"Scritto da\" \/>\n\t<meta name=\"twitter:data1\" content=\"Adelia Brigo\" \/>\n\t<meta name=\"twitter:label2\" content=\"Tempo di lettura stimato\" \/>\n\t<meta name=\"twitter:data2\" content=\"8 minuti\" \/>\n<script type=\"application\/ld+json\" class=\"yoast-schema-graph\">{\"@context\":\"https:\/\/schema.org\",\"@graph\":[{\"@type\":\"WebPage\",\"@id\":\"https:\/\/staging.varesenews.it\/2015\/06\/si-apre-con-la-butterfly-ledizione-2015-di-terra-e-laghi\/382533\/\",\"url\":\"https:\/\/staging.varesenews.it\/2015\/06\/si-apre-con-la-butterfly-ledizione-2015-di-terra-e-laghi\/382533\/\",\"name\":\"Si apre con la \\\"Butterfly\\\" l'edizione 2015 di \\\"Terra e Laghi\\\"\",\"isPartOf\":{\"@id\":\"https:\/\/staging.varesenews.it\/#website\"},\"datePublished\":\"2015-06-24T16:36:58+00:00\",\"dateModified\":\"2015-06-24T16:37:36+00:00\",\"author\":{\"@id\":\"https:\/\/staging.varesenews.it\/#\/schema\/person\/272ac0f5b2dbfd572218c2d86e013f1a\"},\"description\":\"Prende il via il primo luglio, alle 21, ai Giardini Estensi la nuova rassegna organizzata al Teatro Blu\",\"breadcrumb\":{\"@id\":\"https:\/\/staging.varesenews.it\/2015\/06\/si-apre-con-la-butterfly-ledizione-2015-di-terra-e-laghi\/382533\/#breadcrumb\"},\"inLanguage\":\"it-IT\",\"potentialAction\":[{\"@type\":\"ReadAction\",\"target\":[\"https:\/\/staging.varesenews.it\/2015\/06\/si-apre-con-la-butterfly-ledizione-2015-di-terra-e-laghi\/382533\/\"]}]},{\"@type\":\"BreadcrumbList\",\"@id\":\"https:\/\/staging.varesenews.it\/2015\/06\/si-apre-con-la-butterfly-ledizione-2015-di-terra-e-laghi\/382533\/#breadcrumb\",\"itemListElement\":[{\"@type\":\"ListItem\",\"position\":1,\"name\":\"Home\",\"item\":\"https:\/\/www.varesenews.it\/\"},{\"@type\":\"ListItem\",\"position\":2,\"name\":\"Si apre con la &#8220;Butterfly&#8221; l&#8217;edizione 2015 di &#8220;Terra e Laghi&#8221;\"}]},{\"@type\":\"WebSite\",\"@id\":\"https:\/\/staging.varesenews.it\/#website\",\"url\":\"https:\/\/staging.varesenews.it\/\",\"name\":\"VareseNews\",\"description\":\"\",\"potentialAction\":[{\"@type\":\"SearchAction\",\"target\":{\"@type\":\"EntryPoint\",\"urlTemplate\":\"https:\/\/staging.varesenews.it\/?s={search_term_string}\"},\"query-input\":\"required name=search_term_string\"}],\"inLanguage\":\"it-IT\"},{\"@type\":\"Person\",\"@id\":\"https:\/\/staging.varesenews.it\/#\/schema\/person\/272ac0f5b2dbfd572218c2d86e013f1a\",\"name\":\"Adelia Brigo\",\"image\":{\"@type\":\"ImageObject\",\"inLanguage\":\"it-IT\",\"@id\":\"https:\/\/staging.varesenews.it\/#\/schema\/person\/image\/\",\"url\":\"https:\/\/staging.varesenews.it\/wp-content\/uploads\/2020\/12\/adelia_brigo_colori_500.jpg\",\"contentUrl\":\"https:\/\/staging.varesenews.it\/wp-content\/uploads\/2020\/12\/adelia_brigo_colori_500.jpg\",\"caption\":\"Adelia Brigo\"},\"description\":\"Giornalista pubblicista, lavoro a VareseNews dal 2007 e mi occupo di cronaca locale e del settore dedicato alla cultura. In questi anni ho seguito diversi progetti di comunicazione, amo sperimentare strategie per i Social Network e raccontare storie. Varesina, classe 1984, sono laureata in Scienze della Comunicazione.&nbsp;\",\"sameAs\":[\"AdeliaBrigo\",\"https:\/\/twitter.com\/AdeliaBrigo\"],\"url\":\"https:\/\/staging.varesenews.it\/persona\/adelia_brigo\/\"}]}<\/script>\n<!-- \/ Yoast SEO plugin. -->","yoast_head_json":{"title":"Si apre con la \"Butterfly\" l'edizione 2015 di \"Terra e Laghi\"","description":"Prende il via il primo luglio, alle 21, ai Giardini Estensi la nuova rassegna organizzata al Teatro Blu","robots":{"index":"noindex","follow":"follow","max-snippet":"max-snippet:-1","max-image-preview":"max-image-preview:large","max-video-preview":"max-video-preview:-1"},"og_locale":"it_IT","og_type":"article","og_title":"Si apre con la \"Butterfly\" l'edizione 2015 di \"Terra e Laghi\"","og_description":"Prende il via il primo luglio, alle 21, ai Giardini Estensi la nuova rassegna organizzata al Teatro Blu","og_url":"https:\/\/staging.varesenews.it\/2015\/06\/si-apre-con-la-butterfly-ledizione-2015-di-terra-e-laghi\/382533\/","og_site_name":"VareseNews","article_publisher":"https:\/\/www.facebook.com\/varesenews","article_published_time":"2015-06-24T16:36:58+00:00","article_modified_time":"2015-06-24T16:37:36+00:00","author":"Adelia Brigo","twitter_card":"summary_large_image","twitter_creator":"@AdeliaBrigo","twitter_site":"@varesenews","twitter_misc":{"Scritto da":"Adelia Brigo","Tempo di lettura stimato":"8 minuti"},"schema":{"@context":"https:\/\/schema.org","@graph":[{"@type":"WebPage","@id":"https:\/\/staging.varesenews.it\/2015\/06\/si-apre-con-la-butterfly-ledizione-2015-di-terra-e-laghi\/382533\/","url":"https:\/\/staging.varesenews.it\/2015\/06\/si-apre-con-la-butterfly-ledizione-2015-di-terra-e-laghi\/382533\/","name":"Si apre con la \"Butterfly\" l'edizione 2015 di \"Terra e Laghi\"","isPartOf":{"@id":"https:\/\/staging.varesenews.it\/#website"},"datePublished":"2015-06-24T16:36:58+00:00","dateModified":"2015-06-24T16:37:36+00:00","author":{"@id":"https:\/\/staging.varesenews.it\/#\/schema\/person\/272ac0f5b2dbfd572218c2d86e013f1a"},"description":"Prende il via il primo luglio, alle 21, ai Giardini Estensi la nuova rassegna organizzata al Teatro Blu","breadcrumb":{"@id":"https:\/\/staging.varesenews.it\/2015\/06\/si-apre-con-la-butterfly-ledizione-2015-di-terra-e-laghi\/382533\/#breadcrumb"},"inLanguage":"it-IT","potentialAction":[{"@type":"ReadAction","target":["https:\/\/staging.varesenews.it\/2015\/06\/si-apre-con-la-butterfly-ledizione-2015-di-terra-e-laghi\/382533\/"]}]},{"@type":"BreadcrumbList","@id":"https:\/\/staging.varesenews.it\/2015\/06\/si-apre-con-la-butterfly-ledizione-2015-di-terra-e-laghi\/382533\/#breadcrumb","itemListElement":[{"@type":"ListItem","position":1,"name":"Home","item":"https:\/\/www.varesenews.it\/"},{"@type":"ListItem","position":2,"name":"Si apre con la &#8220;Butterfly&#8221; l&#8217;edizione 2015 di &#8220;Terra e Laghi&#8221;"}]},{"@type":"WebSite","@id":"https:\/\/staging.varesenews.it\/#website","url":"https:\/\/staging.varesenews.it\/","name":"VareseNews","description":"","potentialAction":[{"@type":"SearchAction","target":{"@type":"EntryPoint","urlTemplate":"https:\/\/staging.varesenews.it\/?s={search_term_string}"},"query-input":"required name=search_term_string"}],"inLanguage":"it-IT"},{"@type":"Person","@id":"https:\/\/staging.varesenews.it\/#\/schema\/person\/272ac0f5b2dbfd572218c2d86e013f1a","name":"Adelia Brigo","image":{"@type":"ImageObject","inLanguage":"it-IT","@id":"https:\/\/staging.varesenews.it\/#\/schema\/person\/image\/","url":"https:\/\/staging.varesenews.it\/wp-content\/uploads\/2020\/12\/adelia_brigo_colori_500.jpg","contentUrl":"https:\/\/staging.varesenews.it\/wp-content\/uploads\/2020\/12\/adelia_brigo_colori_500.jpg","caption":"Adelia Brigo"},"description":"Giornalista pubblicista, lavoro a VareseNews dal 2007 e mi occupo di cronaca locale e del settore dedicato alla cultura. In questi anni ho seguito diversi progetti di comunicazione, amo sperimentare strategie per i Social Network e raccontare storie. Varesina, classe 1984, sono laureata in Scienze della Comunicazione.&nbsp;","sameAs":["AdeliaBrigo","https:\/\/twitter.com\/AdeliaBrigo"],"url":"https:\/\/staging.varesenews.it\/persona\/adelia_brigo\/"}]}},"post_meta":{"_edit_lock":"1435163872:32","_edit_last":"32","_category_permalink":"21","ratings_users":"0","ratings_score":"0","ratings_average":"0","wdfb_og_title":"","wdfb_og_type":"","wdfb_og_description":"","wdfb_og_images":"a:1:{i:0;s:0:\"\";}","wdfb_og_custom_name":"a:1:{i:0;s:0:\"\";}","wdfb_og_custom_value":"a:1:{i:0;s:0:\"\";}","foto":"463712","argomento":"Varese","_jd_twitter":"","_jd_tweet_this":"yes","_wpt_short_url":"http:\/\/www.varesenews.it\/2015\/06\/si-apre-con-la-butterfly-ledizione-2015-di-terra-e-laghi\/382533\/","_wp_jd_target":"http:\/\/www.varesenews.it\/2015\/06\/si-apre-con-la-butterfly-ledizione-2015-di-terra-e-laghi\/382533\/","_jd_wp_twitter":"a:1:{i:0;s:192:\"Si apre con la \"Butterfly\" l'edizione 2015 di \"Terra e Laghi\" http:\/\/www.varesenews.it\/2015\/06\/si-apre-con-la-butterfly-ledizione-2015-di-terra-e-laghi\/382533\/ #silviapriori #teatro #teatroblu\";}","_wpt_status_message":"Tweet inviato con successo."},"photos":[{"original":"https:\/\/staging.varesenews.it\/photogallery_new\/images\/2015\/06\/tempo-libero-generica-463712.jpg","full":"https:\/\/staging.varesenews.it\/photogallery_new\/images\/2015\/06\/tempo-libero-generica-463712.1024x768.jpg","large":"https:\/\/staging.varesenews.it\/photogallery_new\/images\/2015\/06\/tempo-libero-generica-463712.610x431.jpg"}],"_links":{"self":[{"href":"https:\/\/staging.varesenews.it\/swgapi\/v1\/wp\/v2\/posts\/382533"}],"collection":[{"href":"https:\/\/staging.varesenews.it\/swgapi\/v1\/wp\/v2\/posts"}],"about":[{"href":"https:\/\/staging.varesenews.it\/swgapi\/v1\/wp\/v2\/types\/post"}],"author":[{"embeddable":true,"href":"https:\/\/staging.varesenews.it\/swgapi\/v1\/wp\/v2\/users\/32"}],"replies":[{"embeddable":true,"href":"https:\/\/staging.varesenews.it\/swgapi\/v1\/wp\/v2\/comments?post=382533"}],"version-history":[{"count":0,"href":"https:\/\/staging.varesenews.it\/swgapi\/v1\/wp\/v2\/posts\/382533\/revisions"}],"wp:attachment":[{"href":"https:\/\/staging.varesenews.it\/swgapi\/v1\/wp\/v2\/media?parent=382533"}],"wp:term":[{"taxonomy":"category","embeddable":true,"href":"https:\/\/staging.varesenews.it\/swgapi\/v1\/wp\/v2\/categories?post=382533"},{"taxonomy":"post_tag","embeddable":true,"href":"https:\/\/staging.varesenews.it\/swgapi\/v1\/wp\/v2\/tags?post=382533"}],"curies":[{"name":"wp","href":"https:\/\/api.w.org\/{rel}","templated":true}]}}