{"id":382767,"date":"2015-06-25T15:56:34","date_gmt":"2015-06-25T13:56:34","guid":{"rendered":"http:\/\/www.varesenews.it\/?p=382767"},"modified":"2015-06-26T18:45:44","modified_gmt":"2015-06-26T16:45:44","slug":"rugby-e-musica-tre-giorni-con-%c2%admanituana-festival","status":"publish","type":"post","link":"https:\/\/staging.varesenews.it\/2015\/06\/rugby-e-musica-tre-giorni-con-%c2%admanituana-festival\/382767\/","title":{"rendered":"Rugby e musica: tre giorni con  \u00ad&#8221;Manituana Festival&#8221;"},"content":{"rendered":"<p>Nasce dalla collaborazione tra NeverWas Radio e Sabres Rugby Club<strong> \u00ad&#8221;Manituana Festival&#8221;: un evento estivo che si terr\u00e0 a il 26, 27 \u00a0e 28 Giugno<\/strong>\u00a0al\u00a0Campo da Rugby di Ranco.<\/p>\n<p>La prima edizione del festival vuole festeggiare il finale di stagione rugbistica con una festa che riunisce in una sola metaforica trib\u00f9 lo sport e la scena musicale, artistica e culturale indipendente della Provincia di Varese.<strong>&#8220;Manituana Festival&#8221;<\/strong> \u00e8 un evento unico nel suo genere che vuole valorizzare molte delle pi\u00f9 interessanti realt\u00e0 artistiche e culturali del territorio. Verranno infatti <strong>coinvolte sedici band tra le pi\u00f9 attive della scena indipendente provinciale oltre a numerosi artisti, fotografi, artigiani e associazioni culturali<\/strong> che hanno come comune denominatore un forte legame con l&#8217;area di Varese ed in particolare con il Lago Maggiore.<\/p>\n<p>Non solo concerti, arte e cultura: anche lo sport avr\u00e0 un ruolo da protagonista. Durante tutto il week end si svolgeranno<strong> dei tornei organizzati da Sabres Rugby,<\/strong> mentre dalle 18 di sabato 27 e domenica 28 giugno inizier\u00e0 il terzo tempo musicale con i concerti live e le numerose attivit\u00e0 che verranno curate da NeverWas Radio.<\/p>\n<p>Suoni, colori e allestimenti caratteristici prenderanno vita in un&#8217;area lontana dal centro abitato e immersa nel verde, a met\u00e0 strada tra i boschi di Ranco e la suggestiva passeggiata lungolago del Sasso Cavallazzo. In occasione di MANITUANA FESTIVAL <strong>saranno allestiti due differenti palchi:<\/strong> Haka Stage, chiamato cos\u00ec come tributo alla potenza e alla passione del tipico canto dei Rugbisti Neozelandesi, sar\u00e0 il palco pensato per le esibizioni pi\u00f9 energiche e d&#8217;impatto. Dakota Stage, adibito per le performance pi\u00f9 morbide e introspettive, adornato con lumini e candele e allestito appositamente da alcuni degli artisti che prenderanno parte al festival.<\/p>\n<p>Nello specifico, il programma prevede: venerd\u00ec 26 Giugno \u00ad Rugby Day, dalle 19:00 si svolgeranno partite della categoria SENIRORES a 12 Giocatori. A seguire un after dinner con <strong>DJ\u00ad set di musica Dance Hall e Reggae &amp; DnB a cura di Sti Massicci Crew<\/strong> <strong>e Black Sheep.<\/strong> Sabato 27 Giugno verranno organizzati dalle 13:00 alle 15:00 tornei di Rugby Under\u00a012, mentre dalle 15 alle 16 giochi pre\u00adrugby per bambini da 3 a 6 anni. Dalle 18:00 in poi si alterneranno sui due palchi:<strong> Rusty Leaves, Dorothy Hammer, Vugly, Plankton Dada Wave, Barack, Elton Novara, Nova Shanti e Uniposka. <\/strong><\/p>\n<p>Domenica 28 Giugno dalle 13:00 alle 15:00 partite Under8\u00a0e Under10; dalle 15:30 alle 16:30 Partita O.L.D. VS B.O.L.D e sempre dall&#8217;aperitivo fino a sera saranno protagonisti del Festival: <strong>Terza Pietra Dal Sole, Soul Racers, Why Desperados, The Unsense, Slow Tide, Golia, Acid Jack Flashed e MasCara<\/strong>.<br \/>\n<strong>NeverWas Radio<\/strong> trasmetter\u00e0 in diretta non stop da una nuova postazione mobile e far\u00e0 da sottofondo all&#8217;evento grazie alla partecipazione di tutti i suoi speaker, mentre appassionati e curiosi potranno gustare le ottime birre e i tanti men\u00f9 che verranno serviti presso gli stand gastronomici. Una prima edizione ricca di proposte che renderanno il week end di Manituana un Terzo Tempo fatto di arte, musica, sport e cultura indipendente, 100% made in Varese.<\/p>\n","protected":false},"excerpt":{"rendered":"<p>L&#8217;evento \u00e8 in programma per il 26,27 e 28 giugno ed \u00e8 organizzato da NeverWas Radio e Sabres Rugby Club <\/p>\n","protected":false},"author":32,"featured_media":0,"comment_status":"open","ping_status":"open","sticky":false,"template":"","format":"standard","meta":{"footnotes":""},"categories":[20,21,2],"tags":[170,2880,42018,47268,74370,158],"acf":[],"yoast_head":"<!-- This site is optimized with the Yoast SEO plugin v20.1 - https:\/\/yoast.com\/wordpress\/plugins\/seo\/ -->\n<title>Rugby e musica: tre giorni con \u00ad&quot;Manituana Festival&quot;<\/title>\n<meta name=\"description\" content=\"L&#039;evento \u00e8 in programma per il 26,27 e 28 giugno ed \u00e8 organizzato da NeverWas Radio e Sabres Rugby Club\" \/>\n<meta name=\"robots\" content=\"noindex, follow, max-snippet:-1, max-image-preview:large, max-video-preview:-1\" \/>\n<meta property=\"og:locale\" content=\"it_IT\" \/>\n<meta property=\"og:type\" content=\"article\" \/>\n<meta property=\"og:title\" content=\"Rugby e musica: tre giorni con \u00ad&quot;Manituana Festival&quot;\" \/>\n<meta property=\"og:description\" content=\"L&#039;evento \u00e8 in programma per il 26,27 e 28 giugno ed \u00e8 organizzato da NeverWas Radio e Sabres Rugby Club\" \/>\n<meta property=\"og:url\" content=\"https:\/\/staging.varesenews.it\/2015\/06\/rugby-e-musica-tre-giorni-con-\u00admanituana-festival\/382767\/\" \/>\n<meta property=\"og:site_name\" content=\"VareseNews\" \/>\n<meta property=\"article:publisher\" content=\"https:\/\/www.facebook.com\/varesenews\" \/>\n<meta property=\"article:published_time\" content=\"2015-06-25T13:56:34+00:00\" \/>\n<meta property=\"article:modified_time\" content=\"2015-06-26T16:45:44+00:00\" \/>\n<meta name=\"author\" content=\"Adelia Brigo\" \/>\n<meta name=\"twitter:card\" content=\"summary_large_image\" \/>\n<meta name=\"twitter:creator\" content=\"@AdeliaBrigo\" \/>\n<meta name=\"twitter:site\" content=\"@varesenews\" \/>\n<meta name=\"twitter:label1\" content=\"Scritto da\" \/>\n\t<meta name=\"twitter:data1\" content=\"Adelia Brigo\" \/>\n\t<meta name=\"twitter:label2\" content=\"Tempo di lettura stimato\" \/>\n\t<meta name=\"twitter:data2\" content=\"2 minuti\" \/>\n<script type=\"application\/ld+json\" class=\"yoast-schema-graph\">{\"@context\":\"https:\/\/schema.org\",\"@graph\":[{\"@type\":\"WebPage\",\"@id\":\"https:\/\/staging.varesenews.it\/2015\/06\/rugby-e-musica-tre-giorni-con-%c2%admanituana-festival\/382767\/\",\"url\":\"https:\/\/staging.varesenews.it\/2015\/06\/rugby-e-musica-tre-giorni-con-%c2%admanituana-festival\/382767\/\",\"name\":\"Rugby e musica: tre giorni con \u00ad\\\"Manituana Festival\\\"\",\"isPartOf\":{\"@id\":\"https:\/\/staging.varesenews.it\/#website\"},\"datePublished\":\"2015-06-25T13:56:34+00:00\",\"dateModified\":\"2015-06-26T16:45:44+00:00\",\"author\":{\"@id\":\"https:\/\/staging.varesenews.it\/#\/schema\/person\/272ac0f5b2dbfd572218c2d86e013f1a\"},\"description\":\"L'evento \u00e8 in programma per il 26,27 e 28 giugno ed \u00e8 organizzato da NeverWas Radio e Sabres Rugby Club\",\"breadcrumb\":{\"@id\":\"https:\/\/staging.varesenews.it\/2015\/06\/rugby-e-musica-tre-giorni-con-%c2%admanituana-festival\/382767\/#breadcrumb\"},\"inLanguage\":\"it-IT\",\"potentialAction\":[{\"@type\":\"ReadAction\",\"target\":[\"https:\/\/staging.varesenews.it\/2015\/06\/rugby-e-musica-tre-giorni-con-%c2%admanituana-festival\/382767\/\"]}]},{\"@type\":\"BreadcrumbList\",\"@id\":\"https:\/\/staging.varesenews.it\/2015\/06\/rugby-e-musica-tre-giorni-con-%c2%admanituana-festival\/382767\/#breadcrumb\",\"itemListElement\":[{\"@type\":\"ListItem\",\"position\":1,\"name\":\"Home\",\"item\":\"https:\/\/www.varesenews.it\/\"},{\"@type\":\"ListItem\",\"position\":2,\"name\":\"Rugby e musica: tre giorni con \u00ad&#8221;Manituana Festival&#8221;\"}]},{\"@type\":\"WebSite\",\"@id\":\"https:\/\/staging.varesenews.it\/#website\",\"url\":\"https:\/\/staging.varesenews.it\/\",\"name\":\"VareseNews\",\"description\":\"\",\"potentialAction\":[{\"@type\":\"SearchAction\",\"target\":{\"@type\":\"EntryPoint\",\"urlTemplate\":\"https:\/\/staging.varesenews.it\/?s={search_term_string}\"},\"query-input\":\"required name=search_term_string\"}],\"inLanguage\":\"it-IT\"},{\"@type\":\"Person\",\"@id\":\"https:\/\/staging.varesenews.it\/#\/schema\/person\/272ac0f5b2dbfd572218c2d86e013f1a\",\"name\":\"Adelia Brigo\",\"image\":{\"@type\":\"ImageObject\",\"inLanguage\":\"it-IT\",\"@id\":\"https:\/\/staging.varesenews.it\/#\/schema\/person\/image\/\",\"url\":\"https:\/\/staging.varesenews.it\/wp-content\/uploads\/2020\/12\/adelia_brigo_colori_500.jpg\",\"contentUrl\":\"https:\/\/staging.varesenews.it\/wp-content\/uploads\/2020\/12\/adelia_brigo_colori_500.jpg\",\"caption\":\"Adelia Brigo\"},\"description\":\"Giornalista pubblicista, lavoro a VareseNews dal 2007 e mi occupo di cronaca locale e del settore dedicato alla cultura. In questi anni ho seguito diversi progetti di comunicazione, amo sperimentare strategie per i Social Network e raccontare storie. Varesina, classe 1984, sono laureata in Scienze della Comunicazione.&nbsp;\",\"sameAs\":[\"AdeliaBrigo\",\"https:\/\/twitter.com\/AdeliaBrigo\"],\"url\":\"https:\/\/staging.varesenews.it\/persona\/adelia_brigo\/\"}]}<\/script>\n<!-- \/ Yoast SEO plugin. -->","yoast_head_json":{"title":"Rugby e musica: tre giorni con \u00ad\"Manituana Festival\"","description":"L'evento \u00e8 in programma per il 26,27 e 28 giugno ed \u00e8 organizzato da NeverWas Radio e Sabres Rugby Club","robots":{"index":"noindex","follow":"follow","max-snippet":"max-snippet:-1","max-image-preview":"max-image-preview:large","max-video-preview":"max-video-preview:-1"},"og_locale":"it_IT","og_type":"article","og_title":"Rugby e musica: tre giorni con \u00ad\"Manituana Festival\"","og_description":"L'evento \u00e8 in programma per il 26,27 e 28 giugno ed \u00e8 organizzato da NeverWas Radio e Sabres Rugby Club","og_url":"https:\/\/staging.varesenews.it\/2015\/06\/rugby-e-musica-tre-giorni-con-\u00admanituana-festival\/382767\/","og_site_name":"VareseNews","article_publisher":"https:\/\/www.facebook.com\/varesenews","article_published_time":"2015-06-25T13:56:34+00:00","article_modified_time":"2015-06-26T16:45:44+00:00","author":"Adelia Brigo","twitter_card":"summary_large_image","twitter_creator":"@AdeliaBrigo","twitter_site":"@varesenews","twitter_misc":{"Scritto da":"Adelia Brigo","Tempo di lettura stimato":"2 minuti"},"schema":{"@context":"https:\/\/schema.org","@graph":[{"@type":"WebPage","@id":"https:\/\/staging.varesenews.it\/2015\/06\/rugby-e-musica-tre-giorni-con-%c2%admanituana-festival\/382767\/","url":"https:\/\/staging.varesenews.it\/2015\/06\/rugby-e-musica-tre-giorni-con-%c2%admanituana-festival\/382767\/","name":"Rugby e musica: tre giorni con \u00ad\"Manituana Festival\"","isPartOf":{"@id":"https:\/\/staging.varesenews.it\/#website"},"datePublished":"2015-06-25T13:56:34+00:00","dateModified":"2015-06-26T16:45:44+00:00","author":{"@id":"https:\/\/staging.varesenews.it\/#\/schema\/person\/272ac0f5b2dbfd572218c2d86e013f1a"},"description":"L'evento \u00e8 in programma per il 26,27 e 28 giugno ed \u00e8 organizzato da NeverWas Radio e Sabres Rugby Club","breadcrumb":{"@id":"https:\/\/staging.varesenews.it\/2015\/06\/rugby-e-musica-tre-giorni-con-%c2%admanituana-festival\/382767\/#breadcrumb"},"inLanguage":"it-IT","potentialAction":[{"@type":"ReadAction","target":["https:\/\/staging.varesenews.it\/2015\/06\/rugby-e-musica-tre-giorni-con-%c2%admanituana-festival\/382767\/"]}]},{"@type":"BreadcrumbList","@id":"https:\/\/staging.varesenews.it\/2015\/06\/rugby-e-musica-tre-giorni-con-%c2%admanituana-festival\/382767\/#breadcrumb","itemListElement":[{"@type":"ListItem","position":1,"name":"Home","item":"https:\/\/www.varesenews.it\/"},{"@type":"ListItem","position":2,"name":"Rugby e musica: tre giorni con \u00ad&#8221;Manituana Festival&#8221;"}]},{"@type":"WebSite","@id":"https:\/\/staging.varesenews.it\/#website","url":"https:\/\/staging.varesenews.it\/","name":"VareseNews","description":"","potentialAction":[{"@type":"SearchAction","target":{"@type":"EntryPoint","urlTemplate":"https:\/\/staging.varesenews.it\/?s={search_term_string}"},"query-input":"required name=search_term_string"}],"inLanguage":"it-IT"},{"@type":"Person","@id":"https:\/\/staging.varesenews.it\/#\/schema\/person\/272ac0f5b2dbfd572218c2d86e013f1a","name":"Adelia Brigo","image":{"@type":"ImageObject","inLanguage":"it-IT","@id":"https:\/\/staging.varesenews.it\/#\/schema\/person\/image\/","url":"https:\/\/staging.varesenews.it\/wp-content\/uploads\/2020\/12\/adelia_brigo_colori_500.jpg","contentUrl":"https:\/\/staging.varesenews.it\/wp-content\/uploads\/2020\/12\/adelia_brigo_colori_500.jpg","caption":"Adelia Brigo"},"description":"Giornalista pubblicista, lavoro a VareseNews dal 2007 e mi occupo di cronaca locale e del settore dedicato alla cultura. In questi anni ho seguito diversi progetti di comunicazione, amo sperimentare strategie per i Social Network e raccontare storie. Varesina, classe 1984, sono laureata in Scienze della Comunicazione.&nbsp;","sameAs":["AdeliaBrigo","https:\/\/twitter.com\/AdeliaBrigo"],"url":"https:\/\/staging.varesenews.it\/persona\/adelia_brigo\/"}]}},"post_meta":{"_edit_lock":"1435833470:32","_edit_last":"32","_category_permalink":"20","ratings_users":"0","ratings_score":"0","ratings_average":"0","wdfb_og_title":"","wdfb_og_type":"","wdfb_og_description":"","wdfb_og_images":"a:1:{i:0;s:0:\"\";}","wdfb_og_custom_name":"a:1:{i:0;s:0:\"\";}","wdfb_og_custom_value":"a:1:{i:0;s:0:\"\";}","foto":"463937","argomento":"Ranco","_jd_twitter":"","_jd_tweet_this":"yes","_wpt_short_url":"http:\/\/www.varesenews.it\/2015\/06\/rugby-e-musica-tre-giorni-con-\u00admanituana-festival\/382767\/","_wp_jd_target":"http:\/\/www.varesenews.it\/2015\/06\/rugby-e-musica-tre-giorni-con-\u00admanituana-festival\/382767\/","_jd_wp_twitter":"a:1:{i:0;s:179:\"Rugby e musica: tre giorni con  \u00ad\"Manituana Festival\" http:\/\/www.varesenews.it\/2015\/06\/rugby-e-musica-tre-giorni-con-\u00admanituana-festival\/382767\/ #concerto #Musica #neverwasradio\";}","_wpt_status_message":"Tweet inviato con successo."},"photos":[{"original":"https:\/\/staging.varesenews.it\/photogallery_new\/images\/2015\/06\/feste-rete-festival-varese-463937.jpg","full":"https:\/\/staging.varesenews.it\/photogallery_new\/images\/2015\/06\/feste-rete-festival-varese-463937.1024x768.jpg","large":"https:\/\/staging.varesenews.it\/photogallery_new\/images\/2015\/06\/feste-rete-festival-varese-463937.610x431.jpg"}],"_links":{"self":[{"href":"https:\/\/staging.varesenews.it\/swgapi\/v1\/wp\/v2\/posts\/382767"}],"collection":[{"href":"https:\/\/staging.varesenews.it\/swgapi\/v1\/wp\/v2\/posts"}],"about":[{"href":"https:\/\/staging.varesenews.it\/swgapi\/v1\/wp\/v2\/types\/post"}],"author":[{"embeddable":true,"href":"https:\/\/staging.varesenews.it\/swgapi\/v1\/wp\/v2\/users\/32"}],"replies":[{"embeddable":true,"href":"https:\/\/staging.varesenews.it\/swgapi\/v1\/wp\/v2\/comments?post=382767"}],"version-history":[{"count":0,"href":"https:\/\/staging.varesenews.it\/swgapi\/v1\/wp\/v2\/posts\/382767\/revisions"}],"wp:attachment":[{"href":"https:\/\/staging.varesenews.it\/swgapi\/v1\/wp\/v2\/media?parent=382767"}],"wp:term":[{"taxonomy":"category","embeddable":true,"href":"https:\/\/staging.varesenews.it\/swgapi\/v1\/wp\/v2\/categories?post=382767"},{"taxonomy":"post_tag","embeddable":true,"href":"https:\/\/staging.varesenews.it\/swgapi\/v1\/wp\/v2\/tags?post=382767"}],"curies":[{"name":"wp","href":"https:\/\/api.w.org\/{rel}","templated":true}]}}