{"id":383429,"date":"2015-06-28T16:32:16","date_gmt":"2015-06-28T14:32:16","guid":{"rendered":"http:\/\/www.varesenews.it\/?p=383429"},"modified":"2015-11-03T09:11:07","modified_gmt":"2015-11-03T08:11:07","slug":"cabiaglio-ii-fedeli-pregano-il-patrono-che-nacque-nella-citta-della-strage","status":"publish","type":"post","link":"https:\/\/staging.varesenews.it\/2015\/06\/cabiaglio-ii-fedeli-pregano-il-patrono-che-nacque-nella-citta-della-strage\/383429\/","title":{"rendered":"Cabiaglio, i fedeli pregano il patrono che nacque nella citt\u00e0 della strage"},"content":{"rendered":"<p><strong>Le coincidenze sono il frutto di un mondo sempre pi\u00f9 piccolo<\/strong>, e quindi dobbiamo stupirci non oltre il dovuto se ieri sera un gruppo di fedeli in un paesino sperduto nella Valcuvia ha dedicato un pensiero <strong>ai morti di Sousse<\/strong>, in Tunisia, <a href=\"http:\/\/www.varesenews.it\/2015\/06\/attentati-islamici-tre-paesi-colpiti-in-un-venerdi-di-terrore\/383151\/\" target=\"_blank\">falciati dai kalashnikov del fanatismo religioso<\/a>.<\/p>\n<p>Ma se <strong>tutto questo avviene in una chiesa dove il santo patrono \u00e8 originario proprio della citt\u00e0 in cui\u00a0\u00e8 avvenuto il massacro<\/strong>, allora, forse, qualche alzata di sopracciglia ci sta: il fatto pu\u00f2 davvero farci pensare che la globalizzazione &#8211; quella del terrore, ma anche la sua pi\u00f9 temibile avversaria, la preghiera &#8211; sia oramai un dato di fatto che stiamo vivendo, magari senza accorgercene.<\/p>\n<p><strong>Sabato scorso \u00e8 stata una giornata importante per Castello Cabiaglio<\/strong>: veniva infatti celebrato il 300\u00b0 anniversario di un grande antenato, il pittore <a href=\"https:\/\/it.wikipedia.org\/wiki\/Giovanni_Battista_Ronchelli\" target=\"_blank\"><strong>Giovanni Battista Ronchelli<\/strong><\/a> che qui era di casa, nato e vissuto in un palazzo che oggi ospita il glicine pi\u00f9 grande d\u2019Europa.<br \/>\nNella quiete di queste strade, fra graziosi scorci e ripidi acciottolati, si \u00e8 celebrata la festa.<\/p>\n<p>Verso la conclusione della giornata, poi, un momento di approfondimento culturale nella chiesa, dove \u00e8 stata rivolta una preghiera contro la violenza di questi giorni chiedendo aiuto proprio ad uno dei personaggi che pi\u00f9 di altri, nella storia della cristianit\u00e0, si \u00e8 volto all\u2019apertura e al perdono.<\/p>\n<p><strong>La notizia<\/strong> della nascita di <strong>Sant\u2019Appiano<\/strong>, verso la fine del 300 dopo cristo <strong>nei dintorni di Sousse<\/strong> <strong>si deve alla dovizia di un appassionato studioso di storia locale, Diego Rossi<\/strong>, che nel gennaio scorso rese noti i risultati delle sue ricerche: Sant\u2019Appiano <strong>era originario delle vicinanze di Hagurmentum (oggi Sousse) provincia romana di Zacena, attuale Tunisia<\/strong>.<\/p>\n<p><strong>Ma come arriva a Cabiaglio il culto di questo santo \u201cmoro\u201d<\/strong> (ma ve ne sono molti e molti altri andando a curiosare nella storia dei paesi del Varesotto, uno fra tutti: San Vittore)?<br \/>\nE, soprattutto, <strong>quali sono i\u00a0trascorsi di\u00a0questa devozione?<\/strong><\/p>\n<p>Anche qui, i riflessi sui fatti di questi giorni sono sorprendenti: Sant\u2019Appiano si distinse durante il <a href=\"https:\/\/it.wikipedia.org\/wiki\/Concilio_di_Cartagine_(411)\" target=\"_blank\"><strong>Concilio di Cartagine<\/strong><\/a>, nel 411 dopo Cristo. Tema dell\u2019incontro di vescovi: cosa fare degli apostati, di chi, cio\u00e8, rinuncia alla propria fede, spesso perch\u00e9 costretto da persecuzioni. Un fatto storico molto importante per l\u2019epoca: la Chiesa era chiamata a decidere quale atteggiamento tenere nei confronti dei \u201c<a href=\"https:\/\/it.wikipedia.org\/wiki\/Donatismo\" target=\"_blank\"><strong>donatisti<\/strong><\/a>\u201d, quei cristiani che per motivi legati a persecuzioni o invasioni avessero abiurato (rinunciando quindi alla propria fede per convertirsi ad un altro credo): cosa fare di questi ultimi quando, passata la minaccia, avessero voluto tornare a credere in Cristo? Alla fine prevalse la tesi di <a href=\"https:\/\/it.wikipedia.org\/wiki\/Agostino_d'Ippona\" target=\"_blank\"><strong>Sant\u2019Agostino<\/strong><\/a> (altro, e pi\u00f9 noto santo del Nord Africa, tra i fautori del Concilio): gli apostati vanno reintegrati nella comunit\u00e0 cristiana.<\/p>\n<p>Tema caldo, <strong>l\u2019<a href=\"https:\/\/it.wikipedia.org\/wiki\/Apostasia\" target=\"_blank\">apostasia<\/a><\/strong>: \u00e8 una delle cause di <strong>condanna a morte<\/strong> prevista in alcuni stati islamici che applicano la <a href=\"https:\/\/it.wikipedia.org\/wiki\/Shari'a\" target=\"_blank\"><strong>shari\u02bfah<\/strong><\/a>.<\/p>\n<p>Ma come si arriv\u00f2 qui in Valcuvia a diventare fedeli di questo santo? Perch\u00e9 la preghiera invocata proprio qui nella chiesa di Castel Cabiaglio dal Direttore dell\u2019ufficio arte sacra della diocesi di Como Don Andrea Straffi, intervenuto nella cerimonia?<\/p>\n<p>\u00ab\u00c8 una storia piuttosto complicata &#8211; racconta lo stesso Diego Rossi &#8211; . Diciamo che<strong> fu tutto merito dell\u2019<a href=\"https:\/\/it.wikipedia.org\/wiki\/Liutprando#Il_mecenatismo\" target=\"_blank\">imperatore longobardo Liutprando<\/a><\/strong>, che volle le reliquie di Sant\u2019Appiano e di Sant\u2019Agostino nella basilica di<strong> <a href=\"https:\/\/it.wikipedia.org\/wiki\/Basilica_di_San_Pietro_in_Ciel_d'Oro\" target=\"_blank\">San Pietro in Cield\u2019oro<\/a><\/strong>, a <strong>Pavia<\/strong>: voleva (siamo nel settimo secolo dopo Cristo ndr), per la costruzione che avrebbe dovuto competere con Roma, testimonianze di fede appartenute ai santi della chiesa. Per questo <strong>acquist\u00f2 le reliquie dei due santi proprio dai mori in Sardegna<\/strong>: i Vandali in fuga dall\u2019Africa Settentrionale, avevano riparato sull\u2019isola, poi perduta, per fuggire dalle invasioni saracene\u00bb.<\/p>\n<p>\u00abPer pagare la costruzione delle opere religiose, tra cui chiese e basiliche, <strong>Liutprando convinse i fedeli all\u2019acquisto di parti delle reliquie dei santi:<\/strong> anche Castello Cabiaglio fece la sua parte, e divenne fedele al santo tunisino\u00bb.<\/p>\n","protected":false},"excerpt":{"rendered":"<p>Sant\u2019Appiano nacque alla fine del terzo secolo dopo Cristo, come dimostrato da recenti studi nei dintorni della citt\u00e0 di Sousse, in Tunisia. Ieri sera la preghiera nella chiesa parrocchiale con un pensiero rivolto alle vittime del terrorismo<\/p>\n","protected":false},"author":34,"featured_media":0,"comment_status":"open","ping_status":"open","sticky":false,"template":"","format":"standard","meta":{"footnotes":""},"categories":[2],"tags":[5201,944,10654,2387],"acf":[],"yoast_head":"<!-- This site is optimized with the Yoast SEO plugin v20.1 - https:\/\/yoast.com\/wordpress\/plugins\/seo\/ -->\n<title>Cabiaglio, i fedeli pregano il patrono che nacque nella citt\u00e0 della strage<\/title>\n<meta name=\"description\" content=\"I fedeli pregano il patrono che nacque nel paese della strage\" \/>\n<meta name=\"robots\" content=\"noindex, follow, max-snippet:-1, max-image-preview:large, max-video-preview:-1\" \/>\n<meta property=\"og:locale\" content=\"it_IT\" \/>\n<meta property=\"og:type\" content=\"article\" \/>\n<meta property=\"og:title\" content=\"Cabiaglio, i fedeli pregano il patrono che nacque nella citt\u00e0 della strage\" \/>\n<meta property=\"og:description\" content=\"I fedeli pregano il patrono che nacque nel paese della strage\" \/>\n<meta property=\"og:url\" content=\"https:\/\/staging.varesenews.it\/2015\/06\/cabiaglio-ii-fedeli-pregano-il-patrono-che-nacque-nella-citta-della-strage\/383429\/\" \/>\n<meta property=\"og:site_name\" content=\"VareseNews\" \/>\n<meta property=\"article:publisher\" content=\"https:\/\/www.facebook.com\/varesenews\" \/>\n<meta property=\"article:author\" content=\"https:\/\/www.facebook.com\/andrea.camurani?fref=photo\" \/>\n<meta property=\"article:published_time\" content=\"2015-06-28T14:32:16+00:00\" \/>\n<meta property=\"article:modified_time\" content=\"2015-11-03T08:11:07+00:00\" \/>\n<meta name=\"author\" content=\"Andrea Camurani\" \/>\n<meta name=\"twitter:card\" content=\"summary_large_image\" \/>\n<meta name=\"twitter:creator\" content=\"@AndreaCamurani\" \/>\n<meta name=\"twitter:site\" content=\"@varesenews\" \/>\n<meta name=\"twitter:label1\" content=\"Scritto da\" \/>\n\t<meta name=\"twitter:data1\" content=\"Andrea Camurani\" \/>\n\t<meta name=\"twitter:label2\" content=\"Tempo di lettura stimato\" \/>\n\t<meta name=\"twitter:data2\" content=\"3 minuti\" \/>\n<script type=\"application\/ld+json\" class=\"yoast-schema-graph\">{\"@context\":\"https:\/\/schema.org\",\"@graph\":[{\"@type\":\"WebPage\",\"@id\":\"https:\/\/staging.varesenews.it\/2015\/06\/cabiaglio-ii-fedeli-pregano-il-patrono-che-nacque-nella-citta-della-strage\/383429\/\",\"url\":\"https:\/\/staging.varesenews.it\/2015\/06\/cabiaglio-ii-fedeli-pregano-il-patrono-che-nacque-nella-citta-della-strage\/383429\/\",\"name\":\"Cabiaglio, i fedeli pregano il patrono che nacque nella citt\u00e0 della strage\",\"isPartOf\":{\"@id\":\"https:\/\/staging.varesenews.it\/#website\"},\"datePublished\":\"2015-06-28T14:32:16+00:00\",\"dateModified\":\"2015-11-03T08:11:07+00:00\",\"author\":{\"@id\":\"https:\/\/staging.varesenews.it\/#\/schema\/person\/3eb5832c6beae763de8d9596fdbe8c49\"},\"description\":\"I fedeli pregano il patrono che nacque nel paese della strage\",\"breadcrumb\":{\"@id\":\"https:\/\/staging.varesenews.it\/2015\/06\/cabiaglio-ii-fedeli-pregano-il-patrono-che-nacque-nella-citta-della-strage\/383429\/#breadcrumb\"},\"inLanguage\":\"it-IT\",\"potentialAction\":[{\"@type\":\"ReadAction\",\"target\":[\"https:\/\/staging.varesenews.it\/2015\/06\/cabiaglio-ii-fedeli-pregano-il-patrono-che-nacque-nella-citta-della-strage\/383429\/\"]}]},{\"@type\":\"BreadcrumbList\",\"@id\":\"https:\/\/staging.varesenews.it\/2015\/06\/cabiaglio-ii-fedeli-pregano-il-patrono-che-nacque-nella-citta-della-strage\/383429\/#breadcrumb\",\"itemListElement\":[{\"@type\":\"ListItem\",\"position\":1,\"name\":\"Home\",\"item\":\"https:\/\/www.varesenews.it\/\"},{\"@type\":\"ListItem\",\"position\":2,\"name\":\"Cabiaglio, i fedeli pregano il patrono che nacque nella citt\u00e0 della strage\"}]},{\"@type\":\"WebSite\",\"@id\":\"https:\/\/staging.varesenews.it\/#website\",\"url\":\"https:\/\/staging.varesenews.it\/\",\"name\":\"VareseNews\",\"description\":\"\",\"potentialAction\":[{\"@type\":\"SearchAction\",\"target\":{\"@type\":\"EntryPoint\",\"urlTemplate\":\"https:\/\/staging.varesenews.it\/?s={search_term_string}\"},\"query-input\":\"required name=search_term_string\"}],\"inLanguage\":\"it-IT\"},{\"@type\":\"Person\",\"@id\":\"https:\/\/staging.varesenews.it\/#\/schema\/person\/3eb5832c6beae763de8d9596fdbe8c49\",\"name\":\"Andrea Camurani\",\"image\":{\"@type\":\"ImageObject\",\"inLanguage\":\"it-IT\",\"@id\":\"https:\/\/staging.varesenews.it\/#\/schema\/person\/image\/\",\"url\":\"https:\/\/staging.varesenews.it\/wp-content\/uploads\/2020\/12\/andrea_camurani_colori_500.jpg\",\"contentUrl\":\"https:\/\/staging.varesenews.it\/wp-content\/uploads\/2020\/12\/andrea_camurani_colori_500.jpg\",\"caption\":\"Andrea Camurani\"},\"description\":\"Sono figlio degli anni Settanta e di Milano, dove ho imparato a riconoscere buoni e cattivi. Laurea in scienze politiche, lavoro a VareseNews dal 2000. Racconto quel che trovo quando incontro chi vuole lasciare al mondo un pezzetto di vita, che si chiama cronaca. &ldquo;...perch&eacute; &egrave; la gente il pi&ugrave; grande spettacolo del mondo. E non si paga il biglietto...&rdquo; (Charles Bukowsky)\",\"sameAs\":[\"https:\/\/www.facebook.com\/andrea.camurani?fref=photo\",\"andreacamurani\",\"https:\/\/www.linkedin.com\/hp\/?dnr=A9a84RfzsLdo9xg4NcGV4dLiMknoc9ms4WM\",\"https:\/\/twitter.com\/AndreaCamurani\"],\"url\":\"https:\/\/staging.varesenews.it\/persona\/andrea_camurani\/\"}]}<\/script>\n<!-- \/ Yoast SEO plugin. -->","yoast_head_json":{"title":"Cabiaglio, i fedeli pregano il patrono che nacque nella citt\u00e0 della strage","description":"I fedeli pregano il patrono che nacque nel paese della strage","robots":{"index":"noindex","follow":"follow","max-snippet":"max-snippet:-1","max-image-preview":"max-image-preview:large","max-video-preview":"max-video-preview:-1"},"og_locale":"it_IT","og_type":"article","og_title":"Cabiaglio, i fedeli pregano il patrono che nacque nella citt\u00e0 della strage","og_description":"I fedeli pregano il patrono che nacque nel paese della strage","og_url":"https:\/\/staging.varesenews.it\/2015\/06\/cabiaglio-ii-fedeli-pregano-il-patrono-che-nacque-nella-citta-della-strage\/383429\/","og_site_name":"VareseNews","article_publisher":"https:\/\/www.facebook.com\/varesenews","article_author":"https:\/\/www.facebook.com\/andrea.camurani?fref=photo","article_published_time":"2015-06-28T14:32:16+00:00","article_modified_time":"2015-11-03T08:11:07+00:00","author":"Andrea Camurani","twitter_card":"summary_large_image","twitter_creator":"@AndreaCamurani","twitter_site":"@varesenews","twitter_misc":{"Scritto da":"Andrea Camurani","Tempo di lettura stimato":"3 minuti"},"schema":{"@context":"https:\/\/schema.org","@graph":[{"@type":"WebPage","@id":"https:\/\/staging.varesenews.it\/2015\/06\/cabiaglio-ii-fedeli-pregano-il-patrono-che-nacque-nella-citta-della-strage\/383429\/","url":"https:\/\/staging.varesenews.it\/2015\/06\/cabiaglio-ii-fedeli-pregano-il-patrono-che-nacque-nella-citta-della-strage\/383429\/","name":"Cabiaglio, i fedeli pregano il patrono che nacque nella citt\u00e0 della strage","isPartOf":{"@id":"https:\/\/staging.varesenews.it\/#website"},"datePublished":"2015-06-28T14:32:16+00:00","dateModified":"2015-11-03T08:11:07+00:00","author":{"@id":"https:\/\/staging.varesenews.it\/#\/schema\/person\/3eb5832c6beae763de8d9596fdbe8c49"},"description":"I fedeli pregano il patrono che nacque nel paese della strage","breadcrumb":{"@id":"https:\/\/staging.varesenews.it\/2015\/06\/cabiaglio-ii-fedeli-pregano-il-patrono-che-nacque-nella-citta-della-strage\/383429\/#breadcrumb"},"inLanguage":"it-IT","potentialAction":[{"@type":"ReadAction","target":["https:\/\/staging.varesenews.it\/2015\/06\/cabiaglio-ii-fedeli-pregano-il-patrono-che-nacque-nella-citta-della-strage\/383429\/"]}]},{"@type":"BreadcrumbList","@id":"https:\/\/staging.varesenews.it\/2015\/06\/cabiaglio-ii-fedeli-pregano-il-patrono-che-nacque-nella-citta-della-strage\/383429\/#breadcrumb","itemListElement":[{"@type":"ListItem","position":1,"name":"Home","item":"https:\/\/www.varesenews.it\/"},{"@type":"ListItem","position":2,"name":"Cabiaglio, i fedeli pregano il patrono che nacque nella citt\u00e0 della strage"}]},{"@type":"WebSite","@id":"https:\/\/staging.varesenews.it\/#website","url":"https:\/\/staging.varesenews.it\/","name":"VareseNews","description":"","potentialAction":[{"@type":"SearchAction","target":{"@type":"EntryPoint","urlTemplate":"https:\/\/staging.varesenews.it\/?s={search_term_string}"},"query-input":"required name=search_term_string"}],"inLanguage":"it-IT"},{"@type":"Person","@id":"https:\/\/staging.varesenews.it\/#\/schema\/person\/3eb5832c6beae763de8d9596fdbe8c49","name":"Andrea Camurani","image":{"@type":"ImageObject","inLanguage":"it-IT","@id":"https:\/\/staging.varesenews.it\/#\/schema\/person\/image\/","url":"https:\/\/staging.varesenews.it\/wp-content\/uploads\/2020\/12\/andrea_camurani_colori_500.jpg","contentUrl":"https:\/\/staging.varesenews.it\/wp-content\/uploads\/2020\/12\/andrea_camurani_colori_500.jpg","caption":"Andrea Camurani"},"description":"Sono figlio degli anni Settanta e di Milano, dove ho imparato a riconoscere buoni e cattivi. Laurea in scienze politiche, lavoro a VareseNews dal 2000. Racconto quel che trovo quando incontro chi vuole lasciare al mondo un pezzetto di vita, che si chiama cronaca. &ldquo;...perch&eacute; &egrave; la gente il pi&ugrave; grande spettacolo del mondo. E non si paga il biglietto...&rdquo; (Charles Bukowsky)","sameAs":["https:\/\/www.facebook.com\/andrea.camurani?fref=photo","andreacamurani","https:\/\/www.linkedin.com\/hp\/?dnr=A9a84RfzsLdo9xg4NcGV4dLiMknoc9ms4WM","https:\/\/twitter.com\/AndreaCamurani"],"url":"https:\/\/staging.varesenews.it\/persona\/andrea_camurani\/"}]}},"post_meta":{"_edit_lock":"1446541028:34","_edit_last":"34","_category_permalink":"","wdfb_og_title":"","wdfb_og_type":"","wdfb_og_description":"","wdfb_og_images":"a:1:{i:0;s:0:\"\";}","wdfb_og_custom_name":"a:1:{i:0;s:0:\"\";}","wdfb_og_custom_value":"a:1:{i:0;s:0:\"\";}","foto":"464933","_yoast_wpseo_focuskw":"I fedeli pregano il patrono che nacque nel paese della strage","_yoast_wpseo_metadesc":"I fedeli pregano il patrono che nacque nel paese della strage","_jd_twitter":"","_jd_tweet_this":"yes","_yoast_wpseo_linkdex":"63","argomento":"Gli attentati di venerd\u00ec","ratings_users":"0","ratings_score":"0","ratings_average":"0","_wpt_short_url":"http:\/\/www.varesenews.it\/2015\/06\/cabiaglio-ii-fedeli-pregano-il-patrono-che-nacque-nella-citta-della-strage\/383429\/","_wp_jd_target":"http:\/\/www.varesenews.it\/2015\/06\/cabiaglio-ii-fedeli-pregano-il-patrono-che-nacque-nella-citta-della-strage\/383429\/","_jd_wp_twitter":"a:1:{i:0;s:229:\"Cabiaglio, iI fedeli pregano il patrono che nacque nella citt\u00e0 della strage http:\/\/www.varesenews.it\/2015\/06\/cabiaglio-ii-fedeli-pregano-il-patrono-che-nacque-nella-citta-della-strage\/383429\/ #apostasia #cristianesimo #donatismo\";}","_wpt_status_message":"Tweet inviato con successo.","nascondi_adsense":"1"},"photos":[{"original":"https:\/\/staging.varesenews.it\/photogallery_new\/images\/2015\/06\/italia-mondo-generiche-464933.jpg","full":"https:\/\/staging.varesenews.it\/photogallery_new\/images\/2015\/06\/italia-mondo-generiche-464933.1024x768.jpg","large":"https:\/\/staging.varesenews.it\/photogallery_new\/images\/2015\/06\/italia-mondo-generiche-464933.610x431.jpg"}],"_links":{"self":[{"href":"https:\/\/staging.varesenews.it\/swgapi\/v1\/wp\/v2\/posts\/383429"}],"collection":[{"href":"https:\/\/staging.varesenews.it\/swgapi\/v1\/wp\/v2\/posts"}],"about":[{"href":"https:\/\/staging.varesenews.it\/swgapi\/v1\/wp\/v2\/types\/post"}],"author":[{"embeddable":true,"href":"https:\/\/staging.varesenews.it\/swgapi\/v1\/wp\/v2\/users\/34"}],"replies":[{"embeddable":true,"href":"https:\/\/staging.varesenews.it\/swgapi\/v1\/wp\/v2\/comments?post=383429"}],"version-history":[{"count":0,"href":"https:\/\/staging.varesenews.it\/swgapi\/v1\/wp\/v2\/posts\/383429\/revisions"}],"wp:attachment":[{"href":"https:\/\/staging.varesenews.it\/swgapi\/v1\/wp\/v2\/media?parent=383429"}],"wp:term":[{"taxonomy":"category","embeddable":true,"href":"https:\/\/staging.varesenews.it\/swgapi\/v1\/wp\/v2\/categories?post=383429"},{"taxonomy":"post_tag","embeddable":true,"href":"https:\/\/staging.varesenews.it\/swgapi\/v1\/wp\/v2\/tags?post=383429"}],"curies":[{"name":"wp","href":"https:\/\/api.w.org\/{rel}","templated":true}]}}