{"id":384335,"date":"2015-07-02T11:11:26","date_gmt":"2015-07-02T09:11:26","guid":{"rendered":"http:\/\/www.varesenews.it\/?p=384335"},"modified":"2015-07-02T11:11:26","modified_gmt":"2015-07-02T09:11:26","slug":"torna-lora-senza-pari-happy-hour-in-villa","status":"publish","type":"post","link":"https:\/\/staging.varesenews.it\/2015\/07\/torna-lora-senza-pari-happy-hour-in-villa\/384335\/","title":{"rendered":"Torna &#8220;L&#8217;ora senza pari&#8221;, happy hour in villa"},"content":{"rendered":"<p><strong>Torna \u201cL\u2019ora senza pari\u201d a Casciago. Appuntamento organizzato dalla Pro Loco sabato 11 luglio dalle 19.30 nei Giardini di Villa Castelbarco<\/strong>, un luogo spettacolare per un aperitivo gustoso con open buffet, musica e divertimento. Il costo per partecipare all&#8217;evento \u00e8 di 14 euro.<\/p>\n<p><strong>La prenotazione \u00e8 vivamente consigliata<\/strong>, entro mercoled\u00ec 8 luglio: via sms o telefonando ai numeri 3357207778 o 3337245574, <strong>specificando nome e numero di partecipanti, oppure via email a info@prolococasciago.it.<\/strong><\/p>\n<p>Per informazioni www.prolococasciago.it o info@prolococasciago.it. Disponibilit\u00e0 \u00e8 fino ad esaurimento posti. In caso di maltempo la serata sar\u00e0 annullata.<\/p>\n","protected":false},"excerpt":{"rendered":"<p>Appuntamento organizzato dalla Pro Loco sabato 11 luglio dalle 19.30 nei Giardini di Villa Castelbarco<\/p>\n","protected":false},"author":39,"featured_media":0,"comment_status":"open","ping_status":"open","sticky":false,"template":"","format":"standard","meta":{"footnotes":""},"categories":[21,2],"tags":[6071,3665,4999],"acf":[],"yoast_head":"<!-- This site is optimized with the Yoast SEO plugin v20.1 - https:\/\/yoast.com\/wordpress\/plugins\/seo\/ -->\n<title>Torna &quot;L&#039;ora senza pari&quot;, happy hour in villa<\/title>\n<meta name=\"description\" content=\"Appuntamento organizzato dalla Pro Loco sabato 11 luglio dalle 19.30 nei Giardini di Villa Castelbarco\" \/>\n<meta name=\"robots\" content=\"noindex, follow, max-snippet:-1, max-image-preview:large, max-video-preview:-1\" \/>\n<meta property=\"og:locale\" content=\"it_IT\" \/>\n<meta property=\"og:type\" content=\"article\" \/>\n<meta property=\"og:title\" content=\"Torna &quot;L&#039;ora senza pari&quot;, happy hour in villa\" \/>\n<meta property=\"og:description\" content=\"Appuntamento organizzato dalla Pro Loco sabato 11 luglio dalle 19.30 nei Giardini di Villa Castelbarco\" \/>\n<meta property=\"og:url\" content=\"https:\/\/staging.varesenews.it\/2015\/07\/torna-lora-senza-pari-happy-hour-in-villa\/384335\/\" \/>\n<meta property=\"og:site_name\" content=\"VareseNews\" \/>\n<meta property=\"article:publisher\" content=\"https:\/\/www.facebook.com\/varesenews\" \/>\n<meta property=\"article:author\" content=\"https:\/\/www.facebook.com\/tommaso.guidotti.7\" \/>\n<meta property=\"article:published_time\" content=\"2015-07-02T09:11:26+00:00\" \/>\n<meta name=\"author\" content=\"Tommaso Guidotti\" \/>\n<meta name=\"twitter:card\" content=\"summary_large_image\" \/>\n<meta name=\"twitter:creator\" content=\"@tomguidoz\" \/>\n<meta name=\"twitter:site\" content=\"@varesenews\" \/>\n<meta name=\"twitter:label1\" content=\"Scritto da\" \/>\n\t<meta name=\"twitter:data1\" content=\"Tommaso Guidotti\" \/>\n<script type=\"application\/ld+json\" class=\"yoast-schema-graph\">{\"@context\":\"https:\/\/schema.org\",\"@graph\":[{\"@type\":\"WebPage\",\"@id\":\"https:\/\/staging.varesenews.it\/2015\/07\/torna-lora-senza-pari-happy-hour-in-villa\/384335\/\",\"url\":\"https:\/\/staging.varesenews.it\/2015\/07\/torna-lora-senza-pari-happy-hour-in-villa\/384335\/\",\"name\":\"Torna \\\"L'ora senza pari\\\", happy hour in villa\",\"isPartOf\":{\"@id\":\"https:\/\/staging.varesenews.it\/#website\"},\"datePublished\":\"2015-07-02T09:11:26+00:00\",\"dateModified\":\"2015-07-02T09:11:26+00:00\",\"author\":{\"@id\":\"https:\/\/staging.varesenews.it\/#\/schema\/person\/5ae9c65889c40fea73a6c40733b93f8a\"},\"description\":\"Appuntamento organizzato dalla Pro Loco sabato 11 luglio dalle 19.30 nei Giardini di Villa Castelbarco\",\"breadcrumb\":{\"@id\":\"https:\/\/staging.varesenews.it\/2015\/07\/torna-lora-senza-pari-happy-hour-in-villa\/384335\/#breadcrumb\"},\"inLanguage\":\"it-IT\",\"potentialAction\":[{\"@type\":\"ReadAction\",\"target\":[\"https:\/\/staging.varesenews.it\/2015\/07\/torna-lora-senza-pari-happy-hour-in-villa\/384335\/\"]}]},{\"@type\":\"BreadcrumbList\",\"@id\":\"https:\/\/staging.varesenews.it\/2015\/07\/torna-lora-senza-pari-happy-hour-in-villa\/384335\/#breadcrumb\",\"itemListElement\":[{\"@type\":\"ListItem\",\"position\":1,\"name\":\"Home\",\"item\":\"https:\/\/www.varesenews.it\/\"},{\"@type\":\"ListItem\",\"position\":2,\"name\":\"Torna &#8220;L&#8217;ora senza pari&#8221;, happy hour in villa\"}]},{\"@type\":\"WebSite\",\"@id\":\"https:\/\/staging.varesenews.it\/#website\",\"url\":\"https:\/\/staging.varesenews.it\/\",\"name\":\"VareseNews\",\"description\":\"\",\"potentialAction\":[{\"@type\":\"SearchAction\",\"target\":{\"@type\":\"EntryPoint\",\"urlTemplate\":\"https:\/\/staging.varesenews.it\/?s={search_term_string}\"},\"query-input\":\"required name=search_term_string\"}],\"inLanguage\":\"it-IT\"},{\"@type\":\"Person\",\"@id\":\"https:\/\/staging.varesenews.it\/#\/schema\/person\/5ae9c65889c40fea73a6c40733b93f8a\",\"name\":\"Tommaso Guidotti\",\"image\":{\"@type\":\"ImageObject\",\"inLanguage\":\"it-IT\",\"@id\":\"https:\/\/staging.varesenews.it\/#\/schema\/person\/image\/\",\"url\":\"https:\/\/staging.varesenews.it\/wp-content\/uploads\/2020\/12\/tommaso_guidotti_colori_500.jpg\",\"contentUrl\":\"https:\/\/staging.varesenews.it\/wp-content\/uploads\/2020\/12\/tommaso_guidotti_colori_500.jpg\",\"caption\":\"Tommaso Guidotti\"},\"description\":\"Nato a Milano e trasferito nel Varesotto in tenera et&agrave;, sposato con Chiara dal 2012 e padre di due figli, Lorenzo e Alice. Sono laureato in Scienze Politiche e ho nel mio bagaglio lontani studi classici al Liceo Cairoli di Varese. Amo leggere, le serie tv, i viaggi e mi piace sperimentare e conoscere. La passione pi&ugrave; grande? Il calcio, giocato, simulato e guardato: occupo parte del mio tempo libero con quella che &egrave; pi&ugrave; di una squadra di calcio, i Bidone, una vera e propria seconda famiglia con cui ho portato avanti tanti progetti sportivi e benefici. Faccio parte dal 2004 della squadra di VareseNews e sono giornalista professionista dal 2009: per dieci anni ho ricoperto il ruolo di caporedattore. Dal 2019 coordino insieme ad una redazione di giovani collaboratori il nuovo progetto del gruppo nella zona del Saronnese, il giornale SaronnoNews, spin-off di VareseNews, restando comunque radicato al territorio di Casciago, paese che mi ha adottato e che amo moltissimo come il lago di Varese e Cazzago Brabbia, il paese dove ho vissuto da giovane.\",\"sameAs\":[\"https:\/\/www.facebook.com\/tommaso.guidotti.7\",\"tomguidoz80\",\"https:\/\/www.linkedin.com\/profile\/view?id=36891883&authType=name&authToken=9pNm&locale=en_US&goback=npv_36891883_*1_*1_name_9pNm_*1_*1_*1_*1_*1_*1_*1_*1_*1_*1_*1_*1_*1_*1_*1_*1_*1_*1_*1_*1_*1_*1_*1_*1_*1_*1_*1_*1_*1_*1_*1_*1_*1\",\"https:\/\/twitter.com\/tomguidoz\"],\"url\":\"https:\/\/staging.varesenews.it\/persona\/tommaso_guidotti\/\"}]}<\/script>\n<!-- \/ Yoast SEO plugin. -->","yoast_head_json":{"title":"Torna \"L'ora senza pari\", happy hour in villa","description":"Appuntamento organizzato dalla Pro Loco sabato 11 luglio dalle 19.30 nei Giardini di Villa Castelbarco","robots":{"index":"noindex","follow":"follow","max-snippet":"max-snippet:-1","max-image-preview":"max-image-preview:large","max-video-preview":"max-video-preview:-1"},"og_locale":"it_IT","og_type":"article","og_title":"Torna \"L'ora senza pari\", happy hour in villa","og_description":"Appuntamento organizzato dalla Pro Loco sabato 11 luglio dalle 19.30 nei Giardini di Villa Castelbarco","og_url":"https:\/\/staging.varesenews.it\/2015\/07\/torna-lora-senza-pari-happy-hour-in-villa\/384335\/","og_site_name":"VareseNews","article_publisher":"https:\/\/www.facebook.com\/varesenews","article_author":"https:\/\/www.facebook.com\/tommaso.guidotti.7","article_published_time":"2015-07-02T09:11:26+00:00","author":"Tommaso Guidotti","twitter_card":"summary_large_image","twitter_creator":"@tomguidoz","twitter_site":"@varesenews","twitter_misc":{"Scritto da":"Tommaso Guidotti"},"schema":{"@context":"https:\/\/schema.org","@graph":[{"@type":"WebPage","@id":"https:\/\/staging.varesenews.it\/2015\/07\/torna-lora-senza-pari-happy-hour-in-villa\/384335\/","url":"https:\/\/staging.varesenews.it\/2015\/07\/torna-lora-senza-pari-happy-hour-in-villa\/384335\/","name":"Torna \"L'ora senza pari\", happy hour in villa","isPartOf":{"@id":"https:\/\/staging.varesenews.it\/#website"},"datePublished":"2015-07-02T09:11:26+00:00","dateModified":"2015-07-02T09:11:26+00:00","author":{"@id":"https:\/\/staging.varesenews.it\/#\/schema\/person\/5ae9c65889c40fea73a6c40733b93f8a"},"description":"Appuntamento organizzato dalla Pro Loco sabato 11 luglio dalle 19.30 nei Giardini di Villa Castelbarco","breadcrumb":{"@id":"https:\/\/staging.varesenews.it\/2015\/07\/torna-lora-senza-pari-happy-hour-in-villa\/384335\/#breadcrumb"},"inLanguage":"it-IT","potentialAction":[{"@type":"ReadAction","target":["https:\/\/staging.varesenews.it\/2015\/07\/torna-lora-senza-pari-happy-hour-in-villa\/384335\/"]}]},{"@type":"BreadcrumbList","@id":"https:\/\/staging.varesenews.it\/2015\/07\/torna-lora-senza-pari-happy-hour-in-villa\/384335\/#breadcrumb","itemListElement":[{"@type":"ListItem","position":1,"name":"Home","item":"https:\/\/www.varesenews.it\/"},{"@type":"ListItem","position":2,"name":"Torna &#8220;L&#8217;ora senza pari&#8221;, happy hour in villa"}]},{"@type":"WebSite","@id":"https:\/\/staging.varesenews.it\/#website","url":"https:\/\/staging.varesenews.it\/","name":"VareseNews","description":"","potentialAction":[{"@type":"SearchAction","target":{"@type":"EntryPoint","urlTemplate":"https:\/\/staging.varesenews.it\/?s={search_term_string}"},"query-input":"required name=search_term_string"}],"inLanguage":"it-IT"},{"@type":"Person","@id":"https:\/\/staging.varesenews.it\/#\/schema\/person\/5ae9c65889c40fea73a6c40733b93f8a","name":"Tommaso Guidotti","image":{"@type":"ImageObject","inLanguage":"it-IT","@id":"https:\/\/staging.varesenews.it\/#\/schema\/person\/image\/","url":"https:\/\/staging.varesenews.it\/wp-content\/uploads\/2020\/12\/tommaso_guidotti_colori_500.jpg","contentUrl":"https:\/\/staging.varesenews.it\/wp-content\/uploads\/2020\/12\/tommaso_guidotti_colori_500.jpg","caption":"Tommaso Guidotti"},"description":"Nato a Milano e trasferito nel Varesotto in tenera et&agrave;, sposato con Chiara dal 2012 e padre di due figli, Lorenzo e Alice. Sono laureato in Scienze Politiche e ho nel mio bagaglio lontani studi classici al Liceo Cairoli di Varese. Amo leggere, le serie tv, i viaggi e mi piace sperimentare e conoscere. La passione pi&ugrave; grande? Il calcio, giocato, simulato e guardato: occupo parte del mio tempo libero con quella che &egrave; pi&ugrave; di una squadra di calcio, i Bidone, una vera e propria seconda famiglia con cui ho portato avanti tanti progetti sportivi e benefici. Faccio parte dal 2004 della squadra di VareseNews e sono giornalista professionista dal 2009: per dieci anni ho ricoperto il ruolo di caporedattore. Dal 2019 coordino insieme ad una redazione di giovani collaboratori il nuovo progetto del gruppo nella zona del Saronnese, il giornale SaronnoNews, spin-off di VareseNews, restando comunque radicato al territorio di Casciago, paese che mi ha adottato e che amo moltissimo come il lago di Varese e Cazzago Brabbia, il paese dove ho vissuto da giovane.","sameAs":["https:\/\/www.facebook.com\/tommaso.guidotti.7","tomguidoz80","https:\/\/www.linkedin.com\/profile\/view?id=36891883&authType=name&authToken=9pNm&locale=en_US&goback=npv_36891883_*1_*1_name_9pNm_*1_*1_*1_*1_*1_*1_*1_*1_*1_*1_*1_*1_*1_*1_*1_*1_*1_*1_*1_*1_*1_*1_*1_*1_*1_*1_*1_*1_*1_*1_*1_*1_*1","https:\/\/twitter.com\/tomguidoz"],"url":"https:\/\/staging.varesenews.it\/persona\/tommaso_guidotti\/"}]}},"post_meta":{"_edit_lock":"1435828175:39","_edit_last":"39","ratings_users":"0","ratings_score":"0","ratings_average":"0","_category_permalink":"","wdfb_og_title":"","wdfb_og_type":"","wdfb_og_description":"","wdfb_og_images":"a:1:{i:0;s:0:\"\";}","wdfb_og_custom_name":"a:1:{i:0;s:0:\"\";}","wdfb_og_custom_value":"a:1:{i:0;s:0:\"\";}","foto":"465871","firma_come_redazione":"1","argomento":"Casciago","_jd_twitter":"","_jd_tweet_this":"yes","_wpt_short_url":"http:\/\/www.varesenews.it\/2015\/07\/torna-lora-senza-pari-happy-hour-in-villa\/384335\/","_wp_jd_target":"http:\/\/www.varesenews.it\/2015\/07\/torna-lora-senza-pari-happy-hour-in-villa\/384335\/","_jd_wp_twitter":"a:1:{i:0;s:171:\"Torna \"L'ora senza pari\", happy hour in villa http:\/\/www.varesenews.it\/2015\/07\/torna-lora-senza-pari-happy-hour-in-villa\/384335\/ #happyhour #lorasenzapari #prolococasciago\";}","_wpt_status_message":"Tweet inviato con successo."},"photos":[{"original":"https:\/\/staging.varesenews.it\/photogallery_new\/images\/2015\/07\/eventi-generiche-465871.jpg","full":"https:\/\/staging.varesenews.it\/photogallery_new\/images\/2015\/07\/eventi-generiche-465871.1024x768.jpg","large":"https:\/\/staging.varesenews.it\/photogallery_new\/images\/2015\/07\/eventi-generiche-465871.610x431.jpg"}],"_links":{"self":[{"href":"https:\/\/staging.varesenews.it\/swgapi\/v1\/wp\/v2\/posts\/384335"}],"collection":[{"href":"https:\/\/staging.varesenews.it\/swgapi\/v1\/wp\/v2\/posts"}],"about":[{"href":"https:\/\/staging.varesenews.it\/swgapi\/v1\/wp\/v2\/types\/post"}],"author":[{"embeddable":true,"href":"https:\/\/staging.varesenews.it\/swgapi\/v1\/wp\/v2\/users\/39"}],"replies":[{"embeddable":true,"href":"https:\/\/staging.varesenews.it\/swgapi\/v1\/wp\/v2\/comments?post=384335"}],"version-history":[{"count":0,"href":"https:\/\/staging.varesenews.it\/swgapi\/v1\/wp\/v2\/posts\/384335\/revisions"}],"wp:attachment":[{"href":"https:\/\/staging.varesenews.it\/swgapi\/v1\/wp\/v2\/media?parent=384335"}],"wp:term":[{"taxonomy":"category","embeddable":true,"href":"https:\/\/staging.varesenews.it\/swgapi\/v1\/wp\/v2\/categories?post=384335"},{"taxonomy":"post_tag","embeddable":true,"href":"https:\/\/staging.varesenews.it\/swgapi\/v1\/wp\/v2\/tags?post=384335"}],"curies":[{"name":"wp","href":"https:\/\/api.w.org\/{rel}","templated":true}]}}