{"id":384458,"date":"2015-07-02T19:54:47","date_gmt":"2015-07-02T17:54:47","guid":{"rendered":"http:\/\/www.varesenews.it\/?p=384458"},"modified":"2015-07-02T19:54:47","modified_gmt":"2015-07-02T17:54:47","slug":"i-giochi-nei-parchi-ritrovano-colore","status":"publish","type":"post","link":"https:\/\/staging.varesenews.it\/2015\/07\/i-giochi-nei-parchi-ritrovano-colore\/384458\/","title":{"rendered":"I giochi nei parchi ritrovano colore"},"content":{"rendered":"<p><strong>I parchi di Cassano si rifanno il trucco, con un occhio particolare ai bambini.<\/strong> \u00abTerminati i primi due, di una serie, di lavori di manutenzione ai giochi dei bimbi nei parchi pubblici\u00bb ha annunciato questa mattina il<strong> sindaco Nicola Poliseno<\/strong>. Al Parco della Magana sono stati \u00abriverniciati e sistemati tutti i giochi in legno e in materiale di riciclo\u00bb, mentre al Parco Falcone e Borsellino sono stati riverniciati e sistemati \u00abi giochi in legno e tutte le panchine\u00bb, in particolare la nave-gioco ha visto un po&#8217; di manutenzione straordinaria per ricostruire alcune parti danneggiate.<\/p>\n<p>Non \u00e8 finita, per\u00f2, perch\u00e8 il programma 2015 prevede altre iniziative di manutenzione: \u00ab<strong>Al Parco della Magana interverremo ancora per installare nuovi giochi\u00bb<\/strong> continua il sindaco Poliseno. \u00abPer i pi\u00f9 piccoli stiamo cercand<strong>o una speciale altalena per disabili<\/strong>, in grado di accogliere una carrozzina: \u00e8 una soluzione che ci \u00e8 stata indicata da una mamma che l&#8217;ha vista in citt\u00e0 all&#8217;estero. Per i pi\u00f9 grandi invece <strong>prevediamo un percorso vita<\/strong>, il parco si presta decisamente a questo tipo di attivit\u00e0\u00bb.<\/p>\n<p>Altri interventi riguarderanno il<strong> parco di via Tagliamento e un nuovo parchetto da realizzare in via San Carlo Borromeo<\/strong>, sistemando un&#8217;area attigua al parco di sgambamento cani e rimettendo ordine tra i parcheggi. Il bilancio di previsione \u00e8 stato approvato da poco, quando si vedranno gli interventi? \u00abSperiamo di completare entro settembre\u00bb<\/p>\n<p>&nbsp;<\/p>\n","protected":false},"excerpt":{"rendered":"<p>Completati gli interventi alla Magana e al Falcone e Borsellino. E ora si prosegue con altri interventi: nuove aree e anche una speciale altalena per i bambini disabili <\/p>\n","protected":false},"author":46,"featured_media":0,"comment_status":"open","ping_status":"open","sticky":false,"template":"","format":"standard","meta":{"footnotes":""},"categories":[3],"tags":[191,41320,6409,22919,1990],"acf":[],"yoast_head":"<!-- This site is optimized with the Yoast SEO plugin v20.1 - https:\/\/yoast.com\/wordpress\/plugins\/seo\/ -->\n<title>I giochi nei parchi ritrovano colore<\/title>\n<meta name=\"description\" content=\"Completati gli interventi alla Magana e al Falcone e Borsellino. E ora si prosegue con altri interventi: nuove aree e anche una speciale altalena per i bambini disabili\" \/>\n<meta name=\"robots\" content=\"noindex, follow, max-snippet:-1, max-image-preview:large, max-video-preview:-1\" \/>\n<meta property=\"og:locale\" content=\"it_IT\" \/>\n<meta property=\"og:type\" content=\"article\" \/>\n<meta property=\"og:title\" content=\"I giochi nei parchi ritrovano colore\" \/>\n<meta property=\"og:description\" content=\"Completati gli interventi alla Magana e al Falcone e Borsellino. E ora si prosegue con altri interventi: nuove aree e anche una speciale altalena per i bambini disabili\" \/>\n<meta property=\"og:url\" content=\"https:\/\/www.varesenews.it\/2015\/07\/i-giochi-nei-parchi-ritrovano-colore\/384458\/\" \/>\n<meta property=\"og:site_name\" content=\"VareseNews\" \/>\n<meta property=\"article:publisher\" content=\"https:\/\/www.facebook.com\/varesenews\" \/>\n<meta property=\"article:published_time\" content=\"2015-07-02T17:54:47+00:00\" \/>\n<meta name=\"author\" content=\"Roberto Morandi\" \/>\n<meta name=\"twitter:card\" content=\"summary_large_image\" \/>\n<meta name=\"twitter:creator\" content=\"@ilmorands\" \/>\n<meta name=\"twitter:site\" content=\"@varesenews\" \/>\n<meta name=\"twitter:label1\" content=\"Scritto da\" \/>\n\t<meta name=\"twitter:data1\" content=\"Roberto Morandi\" \/>\n\t<meta name=\"twitter:label2\" content=\"Tempo di lettura stimato\" \/>\n\t<meta name=\"twitter:data2\" content=\"1 minuto\" \/>\n<script type=\"application\/ld+json\" class=\"yoast-schema-graph\">{\"@context\":\"https:\/\/schema.org\",\"@graph\":[{\"@type\":\"WebPage\",\"@id\":\"https:\/\/www.varesenews.it\/2015\/07\/i-giochi-nei-parchi-ritrovano-colore\/384458\/\",\"url\":\"https:\/\/www.varesenews.it\/2015\/07\/i-giochi-nei-parchi-ritrovano-colore\/384458\/\",\"name\":\"I giochi nei parchi ritrovano colore\",\"isPartOf\":{\"@id\":\"https:\/\/staging.varesenews.it\/#website\"},\"datePublished\":\"2015-07-02T17:54:47+00:00\",\"dateModified\":\"2015-07-02T17:54:47+00:00\",\"author\":{\"@id\":\"https:\/\/staging.varesenews.it\/#\/schema\/person\/efe592ae4c76536b551f89d8b6674bc3\"},\"description\":\"Completati gli interventi alla Magana e al Falcone e Borsellino. E ora si prosegue con altri interventi: nuove aree e anche una speciale altalena per i bambini disabili\",\"breadcrumb\":{\"@id\":\"https:\/\/www.varesenews.it\/2015\/07\/i-giochi-nei-parchi-ritrovano-colore\/384458\/#breadcrumb\"},\"inLanguage\":\"it-IT\",\"potentialAction\":[{\"@type\":\"ReadAction\",\"target\":[\"https:\/\/www.varesenews.it\/2015\/07\/i-giochi-nei-parchi-ritrovano-colore\/384458\/\"]}]},{\"@type\":\"BreadcrumbList\",\"@id\":\"https:\/\/www.varesenews.it\/2015\/07\/i-giochi-nei-parchi-ritrovano-colore\/384458\/#breadcrumb\",\"itemListElement\":[{\"@type\":\"ListItem\",\"position\":1,\"name\":\"Home\",\"item\":\"https:\/\/www.varesenews.it\/\"},{\"@type\":\"ListItem\",\"position\":2,\"name\":\"I giochi nei parchi ritrovano colore\"}]},{\"@type\":\"WebSite\",\"@id\":\"https:\/\/staging.varesenews.it\/#website\",\"url\":\"https:\/\/staging.varesenews.it\/\",\"name\":\"VareseNews\",\"description\":\"\",\"potentialAction\":[{\"@type\":\"SearchAction\",\"target\":{\"@type\":\"EntryPoint\",\"urlTemplate\":\"https:\/\/staging.varesenews.it\/?s={search_term_string}\"},\"query-input\":\"required name=search_term_string\"}],\"inLanguage\":\"it-IT\"},{\"@type\":\"Person\",\"@id\":\"https:\/\/staging.varesenews.it\/#\/schema\/person\/efe592ae4c76536b551f89d8b6674bc3\",\"name\":\"Roberto Morandi\",\"image\":{\"@type\":\"ImageObject\",\"inLanguage\":\"it-IT\",\"@id\":\"https:\/\/staging.varesenews.it\/#\/schema\/person\/image\/\",\"url\":\"https:\/\/staging.varesenews.it\/wp-content\/uploads\/2020\/12\/roberto_morandi_colori_500.jpg\",\"contentUrl\":\"https:\/\/staging.varesenews.it\/wp-content\/uploads\/2020\/12\/roberto_morandi_colori_500.jpg\",\"caption\":\"Roberto Morandi\"},\"description\":\"Classe 1980, laureato in storia, mi occupo dell&rsquo;area di Gallarate e di Malpensa, di trasporti e mobilit&agrave;. Amo molto la dimensione della citt&agrave;, come luogo d&rsquo;incontro di persone diverse e come organismo che si trasforma costantemente. Mi piace anche raccontare le piccole e grandi vicende, anche locali, che compongono la Storia con la S maiuscola. Appassionato di bicicletta: la macchina perfetta per muoversi in citt&agrave; e per viaggiare.\",\"sameAs\":[\"https:\/\/twitter.com\/ilmorands\"],\"url\":\"https:\/\/staging.varesenews.it\/persona\/roberto-morandi1\/\"}]}<\/script>\n<!-- \/ Yoast SEO plugin. -->","yoast_head_json":{"title":"I giochi nei parchi ritrovano colore","description":"Completati gli interventi alla Magana e al Falcone e Borsellino. E ora si prosegue con altri interventi: nuove aree e anche una speciale altalena per i bambini disabili","robots":{"index":"noindex","follow":"follow","max-snippet":"max-snippet:-1","max-image-preview":"max-image-preview:large","max-video-preview":"max-video-preview:-1"},"og_locale":"it_IT","og_type":"article","og_title":"I giochi nei parchi ritrovano colore","og_description":"Completati gli interventi alla Magana e al Falcone e Borsellino. E ora si prosegue con altri interventi: nuove aree e anche una speciale altalena per i bambini disabili","og_url":"https:\/\/www.varesenews.it\/2015\/07\/i-giochi-nei-parchi-ritrovano-colore\/384458\/","og_site_name":"VareseNews","article_publisher":"https:\/\/www.facebook.com\/varesenews","article_published_time":"2015-07-02T17:54:47+00:00","author":"Roberto Morandi","twitter_card":"summary_large_image","twitter_creator":"@ilmorands","twitter_site":"@varesenews","twitter_misc":{"Scritto da":"Roberto Morandi","Tempo di lettura stimato":"1 minuto"},"schema":{"@context":"https:\/\/schema.org","@graph":[{"@type":"WebPage","@id":"https:\/\/www.varesenews.it\/2015\/07\/i-giochi-nei-parchi-ritrovano-colore\/384458\/","url":"https:\/\/www.varesenews.it\/2015\/07\/i-giochi-nei-parchi-ritrovano-colore\/384458\/","name":"I giochi nei parchi ritrovano colore","isPartOf":{"@id":"https:\/\/staging.varesenews.it\/#website"},"datePublished":"2015-07-02T17:54:47+00:00","dateModified":"2015-07-02T17:54:47+00:00","author":{"@id":"https:\/\/staging.varesenews.it\/#\/schema\/person\/efe592ae4c76536b551f89d8b6674bc3"},"description":"Completati gli interventi alla Magana e al Falcone e Borsellino. E ora si prosegue con altri interventi: nuove aree e anche una speciale altalena per i bambini disabili","breadcrumb":{"@id":"https:\/\/www.varesenews.it\/2015\/07\/i-giochi-nei-parchi-ritrovano-colore\/384458\/#breadcrumb"},"inLanguage":"it-IT","potentialAction":[{"@type":"ReadAction","target":["https:\/\/www.varesenews.it\/2015\/07\/i-giochi-nei-parchi-ritrovano-colore\/384458\/"]}]},{"@type":"BreadcrumbList","@id":"https:\/\/www.varesenews.it\/2015\/07\/i-giochi-nei-parchi-ritrovano-colore\/384458\/#breadcrumb","itemListElement":[{"@type":"ListItem","position":1,"name":"Home","item":"https:\/\/www.varesenews.it\/"},{"@type":"ListItem","position":2,"name":"I giochi nei parchi ritrovano colore"}]},{"@type":"WebSite","@id":"https:\/\/staging.varesenews.it\/#website","url":"https:\/\/staging.varesenews.it\/","name":"VareseNews","description":"","potentialAction":[{"@type":"SearchAction","target":{"@type":"EntryPoint","urlTemplate":"https:\/\/staging.varesenews.it\/?s={search_term_string}"},"query-input":"required name=search_term_string"}],"inLanguage":"it-IT"},{"@type":"Person","@id":"https:\/\/staging.varesenews.it\/#\/schema\/person\/efe592ae4c76536b551f89d8b6674bc3","name":"Roberto Morandi","image":{"@type":"ImageObject","inLanguage":"it-IT","@id":"https:\/\/staging.varesenews.it\/#\/schema\/person\/image\/","url":"https:\/\/staging.varesenews.it\/wp-content\/uploads\/2020\/12\/roberto_morandi_colori_500.jpg","contentUrl":"https:\/\/staging.varesenews.it\/wp-content\/uploads\/2020\/12\/roberto_morandi_colori_500.jpg","caption":"Roberto Morandi"},"description":"Classe 1980, laureato in storia, mi occupo dell&rsquo;area di Gallarate e di Malpensa, di trasporti e mobilit&agrave;. Amo molto la dimensione della citt&agrave;, come luogo d&rsquo;incontro di persone diverse e come organismo che si trasforma costantemente. Mi piace anche raccontare le piccole e grandi vicende, anche locali, che compongono la Storia con la S maiuscola. Appassionato di bicicletta: la macchina perfetta per muoversi in citt&agrave; e per viaggiare.","sameAs":["https:\/\/twitter.com\/ilmorands"],"url":"https:\/\/staging.varesenews.it\/persona\/roberto-morandi1\/"}]}},"post_meta":{"_edit_lock":"1435859816:46","_edit_last":"46","_category_permalink":"3","wdfb_og_title":"","wdfb_og_type":"","wdfb_og_description":"","wdfb_og_images":"a:1:{i:0;s:0:\"\";}","wdfb_og_custom_name":"a:1:{i:0;s:0:\"\";}","wdfb_og_custom_value":"a:1:{i:0;s:0:\"\";}","foto":"465994,465991","argomento":"Cassano Magnago","_jd_twitter":"","_jd_tweet_this":"yes","ratings_users":"0","ratings_score":"0","ratings_average":"0","id_link_fotogallery":"384581","_wpt_short_url":"http:\/\/www.varesenews.it\/2015\/07\/i-giochi-nei-parchi-ritrovano-colore\/384458\/","_wp_jd_target":"http:\/\/www.varesenews.it\/2015\/07\/i-giochi-nei-parchi-ritrovano-colore\/384458\/","_jd_wp_twitter":"a:1:{i:0;s:147:\"I giochi nei parchi ritrovano colore http:\/\/www.varesenews.it\/2015\/07\/i-giochi-nei-parchi-ritrovano-colore\/384458\/ #bambini #CassanoMagnago #parchi\";}","_wpt_status_message":"Tweet inviato con successo."},"photos":[{"original":"https:\/\/staging.varesenews.it\/photogallery_new\/images\/2015\/07\/cassano-magnago-parchi-giochi-parco-magana-465994.jpg","full":"https:\/\/staging.varesenews.it\/photogallery_new\/images\/2015\/07\/cassano-magnago-parchi-giochi-parco-magana-465994.1024x768.jpg","large":"https:\/\/staging.varesenews.it\/photogallery_new\/images\/2015\/07\/cassano-magnago-parchi-giochi-parco-magana-465994.610x431.jpg"},{"original":"https:\/\/staging.varesenews.it\/photogallery_new\/images\/2015\/07\/cassano-magnago-parchi-giochi-parco-magana-465991.jpg","full":"https:\/\/staging.varesenews.it\/photogallery_new\/images\/2015\/07\/cassano-magnago-parchi-giochi-parco-magana-465991.1024x768.jpg","large":"https:\/\/staging.varesenews.it\/photogallery_new\/images\/2015\/07\/cassano-magnago-parchi-giochi-parco-magana-465991.610x431.jpg"}],"_links":{"self":[{"href":"https:\/\/staging.varesenews.it\/swgapi\/v1\/wp\/v2\/posts\/384458"}],"collection":[{"href":"https:\/\/staging.varesenews.it\/swgapi\/v1\/wp\/v2\/posts"}],"about":[{"href":"https:\/\/staging.varesenews.it\/swgapi\/v1\/wp\/v2\/types\/post"}],"author":[{"embeddable":true,"href":"https:\/\/staging.varesenews.it\/swgapi\/v1\/wp\/v2\/users\/46"}],"replies":[{"embeddable":true,"href":"https:\/\/staging.varesenews.it\/swgapi\/v1\/wp\/v2\/comments?post=384458"}],"version-history":[{"count":0,"href":"https:\/\/staging.varesenews.it\/swgapi\/v1\/wp\/v2\/posts\/384458\/revisions"}],"wp:attachment":[{"href":"https:\/\/staging.varesenews.it\/swgapi\/v1\/wp\/v2\/media?parent=384458"}],"wp:term":[{"taxonomy":"category","embeddable":true,"href":"https:\/\/staging.varesenews.it\/swgapi\/v1\/wp\/v2\/categories?post=384458"},{"taxonomy":"post_tag","embeddable":true,"href":"https:\/\/staging.varesenews.it\/swgapi\/v1\/wp\/v2\/tags?post=384458"}],"curies":[{"name":"wp","href":"https:\/\/api.w.org\/{rel}","templated":true}]}}