{"id":38456,"date":"2014-03-27T00:00:00","date_gmt":"2014-03-27T00:00:00","guid":{"rendered":""},"modified":"2014-03-27T00:00:00","modified_gmt":"2014-03-27T00:00:00","slug":"gli-amici-dell-universita-consegnano-l-assegno-di-ricerca-2014","status":"publish","type":"post","link":"https:\/\/staging.varesenews.it\/2014\/03\/gli-amici-dell-universita-consegnano-l-assegno-di-ricerca-2014\/38456\/","title":{"rendered":"Gli Amici dell&#8217;Universit\u00e0 consegnano l&#8217;assegno di ricerca 2014"},"content":{"rendered":"<p>L&rsquo;Associazione <strong>Amici dell&rsquo;Universit&agrave;<\/strong>&nbsp;per il conferimento dell&rsquo;assegno di ricerca 2014 e&nbsp;con il patrocinio del <strong>Comune di Varese<\/strong>, organizza una serata&nbsp;<strong>alla memoria di Roberto Ferrario<\/strong>.<\/p>\n<p>L&#8217;iniziativa &egrave; in programma venerd&igrave; 28 marzo al&nbsp;Collegio De Filippi di Varese, via Brambilla 15 alle ore 19,45. Ad accompagnare la serata l&#8217;intrattenimento musicale con la soprano Elena Tarvid Cosentino.<\/p>\n<div>&nbsp;<\/div>\n<div>Saranno presentati i vincitori dell&rsquo;assegno di ricerca&nbsp;&ldquo;<strong>la gestione della mobilit&agrave; urbana per una citt&agrave; sostenibile&nbsp;politiche e impatti<\/strong>&rdquo;.<\/div>\n","protected":false},"excerpt":{"rendered":"<p>La cerimonia \u00e8 in programma venerd\u00ec 28 marzo alle 19.45. La serata \u00e8 in memoria di Roberto Ferrario<\/p>\n","protected":false},"author":10,"featured_media":0,"comment_status":"open","ping_status":"open","sticky":false,"template":"","format":"standard","meta":{"footnotes":""},"categories":[22,2],"tags":[1272,502],"acf":[],"yoast_head":"<!-- This site is optimized with the Yoast SEO plugin v20.1 - https:\/\/yoast.com\/wordpress\/plugins\/seo\/ -->\n<title>Gli Amici dell&#039;Universit\u00e0 consegnano l&#039;assegno di ricerca 2014<\/title>\n<meta name=\"description\" content=\"La cerimonia \u00e8 in programma venerd\u00ec 28 marzo alle 19.45. La serata \u00e8 in memoria di Roberto Ferrario\" \/>\n<meta name=\"robots\" content=\"noindex, follow, max-snippet:-1, max-image-preview:large, max-video-preview:-1\" \/>\n<meta property=\"og:locale\" content=\"it_IT\" \/>\n<meta property=\"og:type\" content=\"article\" \/>\n<meta property=\"og:title\" content=\"Gli Amici dell&#039;Universit\u00e0 consegnano l&#039;assegno di ricerca 2014\" \/>\n<meta property=\"og:description\" content=\"La cerimonia \u00e8 in programma venerd\u00ec 28 marzo alle 19.45. La serata \u00e8 in memoria di Roberto Ferrario\" \/>\n<meta property=\"og:url\" content=\"https:\/\/staging.varesenews.it\/2014\/03\/gli-amici-dell-universita-consegnano-l-assegno-di-ricerca-2014\/38456\/\" \/>\n<meta property=\"og:site_name\" content=\"VareseNews\" \/>\n<meta property=\"article:publisher\" content=\"https:\/\/www.facebook.com\/varesenews\" \/>\n<meta property=\"article:published_time\" content=\"2014-03-27T00:00:00+00:00\" \/>\n<meta name=\"author\" content=\"Redazione VareseNews\" \/>\n<meta name=\"twitter:card\" content=\"summary_large_image\" \/>\n<meta name=\"twitter:creator\" content=\"@varesenews\" \/>\n<meta name=\"twitter:site\" content=\"@varesenews\" \/>\n<meta name=\"twitter:label1\" content=\"Scritto da\" \/>\n\t<meta name=\"twitter:data1\" content=\"Redazione VareseNews\" \/>\n<script type=\"application\/ld+json\" class=\"yoast-schema-graph\">{\"@context\":\"https:\/\/schema.org\",\"@graph\":[{\"@type\":\"WebPage\",\"@id\":\"https:\/\/staging.varesenews.it\/2014\/03\/gli-amici-dell-universita-consegnano-l-assegno-di-ricerca-2014\/38456\/\",\"url\":\"https:\/\/staging.varesenews.it\/2014\/03\/gli-amici-dell-universita-consegnano-l-assegno-di-ricerca-2014\/38456\/\",\"name\":\"Gli Amici dell'Universit\u00e0 consegnano l'assegno di ricerca 2014\",\"isPartOf\":{\"@id\":\"https:\/\/staging.varesenews.it\/#website\"},\"datePublished\":\"2014-03-27T00:00:00+00:00\",\"dateModified\":\"2014-03-27T00:00:00+00:00\",\"author\":{\"@id\":\"https:\/\/staging.varesenews.it\/#\/schema\/person\/fb20c4da0b7b16c291707a20db73e169\"},\"description\":\"La cerimonia \u00e8 in programma venerd\u00ec 28 marzo alle 19.45. La serata \u00e8 in memoria di Roberto Ferrario\",\"breadcrumb\":{\"@id\":\"https:\/\/staging.varesenews.it\/2014\/03\/gli-amici-dell-universita-consegnano-l-assegno-di-ricerca-2014\/38456\/#breadcrumb\"},\"inLanguage\":\"it-IT\",\"potentialAction\":[{\"@type\":\"ReadAction\",\"target\":[\"https:\/\/staging.varesenews.it\/2014\/03\/gli-amici-dell-universita-consegnano-l-assegno-di-ricerca-2014\/38456\/\"]}]},{\"@type\":\"BreadcrumbList\",\"@id\":\"https:\/\/staging.varesenews.it\/2014\/03\/gli-amici-dell-universita-consegnano-l-assegno-di-ricerca-2014\/38456\/#breadcrumb\",\"itemListElement\":[{\"@type\":\"ListItem\",\"position\":1,\"name\":\"Home\",\"item\":\"https:\/\/www.varesenews.it\/\"},{\"@type\":\"ListItem\",\"position\":2,\"name\":\"Gli Amici dell&#8217;Universit\u00e0 consegnano l&#8217;assegno di ricerca 2014\"}]},{\"@type\":\"WebSite\",\"@id\":\"https:\/\/staging.varesenews.it\/#website\",\"url\":\"https:\/\/staging.varesenews.it\/\",\"name\":\"VareseNews\",\"description\":\"\",\"potentialAction\":[{\"@type\":\"SearchAction\",\"target\":{\"@type\":\"EntryPoint\",\"urlTemplate\":\"https:\/\/staging.varesenews.it\/?s={search_term_string}\"},\"query-input\":\"required name=search_term_string\"}],\"inLanguage\":\"it-IT\"},{\"@type\":\"Person\",\"@id\":\"https:\/\/staging.varesenews.it\/#\/schema\/person\/fb20c4da0b7b16c291707a20db73e169\",\"name\":\"Redazione VareseNews\",\"image\":{\"@type\":\"ImageObject\",\"inLanguage\":\"it-IT\",\"@id\":\"https:\/\/staging.varesenews.it\/#\/schema\/person\/image\/\",\"url\":\"https:\/\/staging.varesenews.it\/wp-content\/uploads\/2020\/12\/logo_VN_colori_500.png\",\"contentUrl\":\"https:\/\/staging.varesenews.it\/wp-content\/uploads\/2020\/12\/logo_VN_colori_500.png\",\"caption\":\"Redazione VareseNews\"},\"url\":\"https:\/\/staging.varesenews.it\/persona\/redazione1\/\"}]}<\/script>\n<!-- \/ Yoast SEO plugin. -->","yoast_head_json":{"title":"Gli Amici dell'Universit\u00e0 consegnano l'assegno di ricerca 2014","description":"La cerimonia \u00e8 in programma venerd\u00ec 28 marzo alle 19.45. La serata \u00e8 in memoria di Roberto Ferrario","robots":{"index":"noindex","follow":"follow","max-snippet":"max-snippet:-1","max-image-preview":"max-image-preview:large","max-video-preview":"max-video-preview:-1"},"og_locale":"it_IT","og_type":"article","og_title":"Gli Amici dell'Universit\u00e0 consegnano l'assegno di ricerca 2014","og_description":"La cerimonia \u00e8 in programma venerd\u00ec 28 marzo alle 19.45. La serata \u00e8 in memoria di Roberto Ferrario","og_url":"https:\/\/staging.varesenews.it\/2014\/03\/gli-amici-dell-universita-consegnano-l-assegno-di-ricerca-2014\/38456\/","og_site_name":"VareseNews","article_publisher":"https:\/\/www.facebook.com\/varesenews","article_published_time":"2014-03-27T00:00:00+00:00","author":"Redazione VareseNews","twitter_card":"summary_large_image","twitter_creator":"@varesenews","twitter_site":"@varesenews","twitter_misc":{"Scritto da":"Redazione VareseNews"},"schema":{"@context":"https:\/\/schema.org","@graph":[{"@type":"WebPage","@id":"https:\/\/staging.varesenews.it\/2014\/03\/gli-amici-dell-universita-consegnano-l-assegno-di-ricerca-2014\/38456\/","url":"https:\/\/staging.varesenews.it\/2014\/03\/gli-amici-dell-universita-consegnano-l-assegno-di-ricerca-2014\/38456\/","name":"Gli Amici dell'Universit\u00e0 consegnano l'assegno di ricerca 2014","isPartOf":{"@id":"https:\/\/staging.varesenews.it\/#website"},"datePublished":"2014-03-27T00:00:00+00:00","dateModified":"2014-03-27T00:00:00+00:00","author":{"@id":"https:\/\/staging.varesenews.it\/#\/schema\/person\/fb20c4da0b7b16c291707a20db73e169"},"description":"La cerimonia \u00e8 in programma venerd\u00ec 28 marzo alle 19.45. La serata \u00e8 in memoria di Roberto Ferrario","breadcrumb":{"@id":"https:\/\/staging.varesenews.it\/2014\/03\/gli-amici-dell-universita-consegnano-l-assegno-di-ricerca-2014\/38456\/#breadcrumb"},"inLanguage":"it-IT","potentialAction":[{"@type":"ReadAction","target":["https:\/\/staging.varesenews.it\/2014\/03\/gli-amici-dell-universita-consegnano-l-assegno-di-ricerca-2014\/38456\/"]}]},{"@type":"BreadcrumbList","@id":"https:\/\/staging.varesenews.it\/2014\/03\/gli-amici-dell-universita-consegnano-l-assegno-di-ricerca-2014\/38456\/#breadcrumb","itemListElement":[{"@type":"ListItem","position":1,"name":"Home","item":"https:\/\/www.varesenews.it\/"},{"@type":"ListItem","position":2,"name":"Gli Amici dell&#8217;Universit\u00e0 consegnano l&#8217;assegno di ricerca 2014"}]},{"@type":"WebSite","@id":"https:\/\/staging.varesenews.it\/#website","url":"https:\/\/staging.varesenews.it\/","name":"VareseNews","description":"","potentialAction":[{"@type":"SearchAction","target":{"@type":"EntryPoint","urlTemplate":"https:\/\/staging.varesenews.it\/?s={search_term_string}"},"query-input":"required name=search_term_string"}],"inLanguage":"it-IT"},{"@type":"Person","@id":"https:\/\/staging.varesenews.it\/#\/schema\/person\/fb20c4da0b7b16c291707a20db73e169","name":"Redazione VareseNews","image":{"@type":"ImageObject","inLanguage":"it-IT","@id":"https:\/\/staging.varesenews.it\/#\/schema\/person\/image\/","url":"https:\/\/staging.varesenews.it\/wp-content\/uploads\/2020\/12\/logo_VN_colori_500.png","contentUrl":"https:\/\/staging.varesenews.it\/wp-content\/uploads\/2020\/12\/logo_VN_colori_500.png","caption":"Redazione VareseNews"},"url":"https:\/\/staging.varesenews.it\/persona\/redazione1\/"}]}},"post_meta":{"id_old":"285346","argomento":"Varese"},"photos":[],"_links":{"self":[{"href":"https:\/\/staging.varesenews.it\/swgapi\/v1\/wp\/v2\/posts\/38456"}],"collection":[{"href":"https:\/\/staging.varesenews.it\/swgapi\/v1\/wp\/v2\/posts"}],"about":[{"href":"https:\/\/staging.varesenews.it\/swgapi\/v1\/wp\/v2\/types\/post"}],"author":[{"embeddable":true,"href":"https:\/\/staging.varesenews.it\/swgapi\/v1\/wp\/v2\/users\/10"}],"replies":[{"embeddable":true,"href":"https:\/\/staging.varesenews.it\/swgapi\/v1\/wp\/v2\/comments?post=38456"}],"version-history":[{"count":0,"href":"https:\/\/staging.varesenews.it\/swgapi\/v1\/wp\/v2\/posts\/38456\/revisions"}],"wp:attachment":[{"href":"https:\/\/staging.varesenews.it\/swgapi\/v1\/wp\/v2\/media?parent=38456"}],"wp:term":[{"taxonomy":"category","embeddable":true,"href":"https:\/\/staging.varesenews.it\/swgapi\/v1\/wp\/v2\/categories?post=38456"},{"taxonomy":"post_tag","embeddable":true,"href":"https:\/\/staging.varesenews.it\/swgapi\/v1\/wp\/v2\/tags?post=38456"}],"curies":[{"name":"wp","href":"https:\/\/api.w.org\/{rel}","templated":true}]}}