{"id":384708,"date":"2015-07-03T12:34:39","date_gmt":"2015-07-03T10:34:39","guid":{"rendered":"http:\/\/www.varesenews.it\/?p=384708"},"modified":"2015-07-03T18:17:39","modified_gmt":"2015-07-03T16:17:39","slug":"isolino-virginia-patrimonio-di-pochi","status":"publish","type":"post","link":"https:\/\/staging.varesenews.it\/2015\/07\/isolino-virginia-patrimonio-di-pochi\/384708\/","title":{"rendered":"Isolino Virginia, patrimonio di pochi"},"content":{"rendered":"<p>\u00ab<strong>Lavorare all\u2019Isolino vuol dire viverci. E vivere all\u2019isolino non \u00e8 uno scherzo<\/strong>: c\u2019\u00e8 molto da fare, d\u2019inverno \u00e8 ghiaccio, d\u2019estate caldo e umidit\u00e0. Ci sono piante secolari da custodire\u00bb.<\/p>\n<p><strong>Gianfranco Zanetti non si impegna\u00a0a finire la frase<\/strong>, perch\u00e9 \u00e8 sottinteso che in cambio, l\u2019isolino ti d\u00e0 albe come quella di oggi, neppure\u00a0fra le pi\u00f9 belle con tutta questa foschia, neanche\u00a0delle pi\u00f9 fresche coi trenta gradi alle 7.20, che ti accompagnano gi\u00e0 dal pontile di Biandronno.<\/p>\n<p><strong>In cambio, infatti, l\u2019isolino e questo pezzo di lago offrono\u00a0paesaggi di una bellezza ineffabile.<\/strong><br \/>\nGianfranco, insieme ad altra \u201cgente di lago\u201d (hanno detto di scrivere cos\u00ec ma sono Mauro e Piergiorgio, anche loro Zanetti) si \u00e8 offerto di accompagnarci a visitare uno dei quattro siti Unesco della Lombardia: palafitte, civilt\u00e0 scomparse, natura.<br \/>\nTutto, per\u00f2, fuori dalla possibilit\u00e0 di essere fruito dal pubblico, come scrive in <strong>un\u2019<a href=\"http:\/\/www.varesenews.it\/2015\/07\/lisolino-virginia-il-paradiso-puo-attendere\/384210\/\" target=\"_blank\">interrogazione parlamentare<\/a> l\u2019onorevole dei Cinquestelle Cosimo Petraroli<\/strong>, che ci ha dato lo spunto per capire da vicino a che punto siamo in questo lembo di lago, molto amato e altrettanto trascurato.<\/p>\n<p><strong>Il primo biglietto da visita suona male gi\u00e0 al pontile di Biandronno<\/strong> dove partiamo con due barche: \u00e8 un cartello appoggiato sul prato che indica che da l\u00ec si arriva all\u2019isola; il secondo colpo d\u2019occhio che fa cadere tutto ci\u00f2 che sfida la legge di gravit\u00e0 lo si vede invece all\u2019attracco dell\u2019isolino, dopo un viaggio in barca della durata di cinque minuti: il barchino che serviva al trasporto dei clienti del ristorante o dei turisti \u00e8 affondato da qualche mese; c\u2019\u00e8 <strong>una barriera artificiale che contiene l\u2019uscita degli idrocarburi<\/strong>.<\/p>\n<p>Il <strong>pontile \u00e8 invaso dagli escrementi di un gruppo di germani<\/strong>: rimangono gli unici abitanti dell\u2019isola, anche i gatti se ne sono andati.<br \/>\nSulle spiagge residui naturali portati dalle piene e l\u00ec lasciati dall\u2019abbassarsi del livello si contendono lo spazio coi pezzi dell\u2019imbarcazione naufragata: un galleggiante, pi\u00f9 avanti il tetto dell\u2019imbarcazione: relitti. Un\u2019altra barca \u00e8 arenata sul prato.<\/p>\n<p><strong>L\u2019erba \u00e8 tagliata, ma i residui del primo tentativo di svuotare il ristorante da alcuni arredi oramai consumati dal tempo restano l\u00ec<\/strong>, appena fuori dall\u2019immobile: ci sono lavandini, pezzi di plexiglas, secchi. A pochi metri c\u2019\u00e8 una palafitta riportata alla luce qualche anno fa: a farle compagnia ci sono bottiglie di plastica e palline di stagnola che escono da un bidone dell\u2019immondizia. C\u2019\u00e8 il museo preistorico, chiuso, come il ristorante. C\u2019\u00e8 il cantiere di scavo, recintato, pari pari a come l\u2019abbiamo visto e fotografato nello scorso autunno quando per via delle alghe, con un altro pescatore del lago, il Negus, siamo venuti a far visita a questo sito.<\/p>\n<p><strong>L\u2019isolino c\u2019\u00e8 ancora, ma \u00e8 del tutto irraggiungibile<\/strong> con mezzi pubblici: solo con barca o canoa si pu\u00f2 arrivare fin qui.<br \/>\nDal <strong>Comune di Varese, proprietario dell\u2019isola<\/strong>, fanno sapere che sono previsti <strong>interventi a breve<\/strong> per la <strong>risistemazione dell\u2019approdo<\/strong>: occorrer\u00e0 rimuovere l\u2019imbarcazione affondata e realizzare i lavori per dare la possibilit\u00e0 alle imbarcazioni di attraccare.<\/p>\n<p>Questo intervento verr\u00e0 fatto fra fine mese e i primi di agosto e avr\u00e0 la priorit\u00e0 sull\u2019<strong>altro lavoro<\/strong> sempre in capo a Palazzo Estense. Si tratta della ristrutturazione del ristorante: non solo l\u2019intonaco esterno si sta staccando, ma sono probabilmente da operare i diversi adeguamenti agli impianti e ai bagni. Poi subentrer\u00e0 il nuovo gestore: l\u2019affidatario \u00e8 il <strong>centro Gulliver societ\u00e0 cooperativa arl Onlus<\/strong> che gestir\u00e0 il bar ristorante, si occuper\u00e0 della custodia dell\u2019isolino e della sua manutenzione ordinaria. Sempre il Comune installer\u00e0 telecamere di sicurezza del sito, che verr\u00e0 dotato di impianto wi-fi.<br \/>\nTutto bene quindi? I nostri accompagnatori liquidano la questione con un sorriso.<\/p>\n<p><strong>Le notizie che riguardano il futuro di questo luogo sono buone<\/strong>, anche se arrivano in ritardo non solo per la bella stagione, ma per quell\u2019estate sbocciata alla periferia di Milano e che finir\u00e0 a ottobre: si chiama Expo e in molti ne parlano come un\u2019occasione per descrivere le bellezze della Lombardia.<\/p>\n<p><strong>I visitatori di Expo non possono raggiungere l\u2019Isolino e se anche vi arrivano nessuno li accoglie, \u00e8 loro preclusa la possibilit\u00e0 di visitare il museo o quella di bersi un bicchiere d\u2019acqua.<\/strong><\/p>\n","protected":false},"excerpt":{"rendered":"<p>Il sito Unesco irraggiungibile da parte del servizio pubblico. Sulle spiagge incuria e relitti. Il comune partir\u00e0 coi lavori per rifare l\u2019approdo e ristrutturare il ristorante<\/p>\n","protected":false},"author":34,"featured_media":0,"comment_status":"open","ping_status":"open","sticky":false,"template":"","format":"standard","meta":{"footnotes":""},"categories":[2],"tags":[1407],"acf":[],"yoast_head":"<!-- This site is optimized with the Yoast SEO plugin v20.1 - https:\/\/yoast.com\/wordpress\/plugins\/seo\/ -->\n<title>Isolino Virginia, patrimonio di pochi<\/title>\n<meta name=\"description\" content=\"Isolino Virginia, patrimonio di pochi\" \/>\n<meta name=\"robots\" content=\"noindex, follow, max-snippet:-1, max-image-preview:large, max-video-preview:-1\" \/>\n<meta property=\"og:locale\" content=\"it_IT\" \/>\n<meta property=\"og:type\" content=\"article\" \/>\n<meta property=\"og:title\" content=\"Isolino Virginia, patrimonio di pochi\" \/>\n<meta property=\"og:description\" content=\"Isolino Virginia, patrimonio di pochi\" \/>\n<meta property=\"og:url\" content=\"https:\/\/staging.varesenews.it\/2015\/07\/isolino-virginia-patrimonio-di-pochi\/384708\/\" \/>\n<meta property=\"og:site_name\" content=\"VareseNews\" \/>\n<meta property=\"article:publisher\" content=\"https:\/\/www.facebook.com\/varesenews\" \/>\n<meta property=\"article:author\" content=\"https:\/\/www.facebook.com\/andrea.camurani?fref=photo\" \/>\n<meta property=\"article:published_time\" content=\"2015-07-03T10:34:39+00:00\" \/>\n<meta property=\"article:modified_time\" content=\"2015-07-03T16:17:39+00:00\" \/>\n<meta name=\"author\" content=\"Andrea Camurani\" \/>\n<meta name=\"twitter:card\" content=\"summary_large_image\" \/>\n<meta name=\"twitter:creator\" content=\"@AndreaCamurani\" \/>\n<meta name=\"twitter:site\" content=\"@varesenews\" \/>\n<meta name=\"twitter:label1\" content=\"Scritto da\" \/>\n\t<meta name=\"twitter:data1\" content=\"Andrea Camurani\" \/>\n\t<meta name=\"twitter:label2\" content=\"Tempo di lettura stimato\" \/>\n\t<meta name=\"twitter:data2\" content=\"3 minuti\" \/>\n<script type=\"application\/ld+json\" class=\"yoast-schema-graph\">{\"@context\":\"https:\/\/schema.org\",\"@graph\":[{\"@type\":\"WebPage\",\"@id\":\"https:\/\/staging.varesenews.it\/2015\/07\/isolino-virginia-patrimonio-di-pochi\/384708\/\",\"url\":\"https:\/\/staging.varesenews.it\/2015\/07\/isolino-virginia-patrimonio-di-pochi\/384708\/\",\"name\":\"Isolino Virginia, patrimonio di pochi\",\"isPartOf\":{\"@id\":\"https:\/\/staging.varesenews.it\/#website\"},\"datePublished\":\"2015-07-03T10:34:39+00:00\",\"dateModified\":\"2015-07-03T16:17:39+00:00\",\"author\":{\"@id\":\"https:\/\/staging.varesenews.it\/#\/schema\/person\/3eb5832c6beae763de8d9596fdbe8c49\"},\"description\":\"Isolino Virginia, patrimonio di pochi\",\"breadcrumb\":{\"@id\":\"https:\/\/staging.varesenews.it\/2015\/07\/isolino-virginia-patrimonio-di-pochi\/384708\/#breadcrumb\"},\"inLanguage\":\"it-IT\",\"potentialAction\":[{\"@type\":\"ReadAction\",\"target\":[\"https:\/\/staging.varesenews.it\/2015\/07\/isolino-virginia-patrimonio-di-pochi\/384708\/\"]}]},{\"@type\":\"BreadcrumbList\",\"@id\":\"https:\/\/staging.varesenews.it\/2015\/07\/isolino-virginia-patrimonio-di-pochi\/384708\/#breadcrumb\",\"itemListElement\":[{\"@type\":\"ListItem\",\"position\":1,\"name\":\"Home\",\"item\":\"https:\/\/www.varesenews.it\/\"},{\"@type\":\"ListItem\",\"position\":2,\"name\":\"Isolino Virginia, patrimonio di pochi\"}]},{\"@type\":\"WebSite\",\"@id\":\"https:\/\/staging.varesenews.it\/#website\",\"url\":\"https:\/\/staging.varesenews.it\/\",\"name\":\"VareseNews\",\"description\":\"\",\"potentialAction\":[{\"@type\":\"SearchAction\",\"target\":{\"@type\":\"EntryPoint\",\"urlTemplate\":\"https:\/\/staging.varesenews.it\/?s={search_term_string}\"},\"query-input\":\"required name=search_term_string\"}],\"inLanguage\":\"it-IT\"},{\"@type\":\"Person\",\"@id\":\"https:\/\/staging.varesenews.it\/#\/schema\/person\/3eb5832c6beae763de8d9596fdbe8c49\",\"name\":\"Andrea Camurani\",\"image\":{\"@type\":\"ImageObject\",\"inLanguage\":\"it-IT\",\"@id\":\"https:\/\/staging.varesenews.it\/#\/schema\/person\/image\/\",\"url\":\"https:\/\/staging.varesenews.it\/wp-content\/uploads\/2020\/12\/andrea_camurani_colori_500.jpg\",\"contentUrl\":\"https:\/\/staging.varesenews.it\/wp-content\/uploads\/2020\/12\/andrea_camurani_colori_500.jpg\",\"caption\":\"Andrea Camurani\"},\"description\":\"Sono figlio degli anni Settanta e di Milano, dove ho imparato a riconoscere buoni e cattivi. Laurea in scienze politiche, lavoro a VareseNews dal 2000. Racconto quel che trovo quando incontro chi vuole lasciare al mondo un pezzetto di vita, che si chiama cronaca. &ldquo;...perch&eacute; &egrave; la gente il pi&ugrave; grande spettacolo del mondo. E non si paga il biglietto...&rdquo; (Charles Bukowsky)\",\"sameAs\":[\"https:\/\/www.facebook.com\/andrea.camurani?fref=photo\",\"andreacamurani\",\"https:\/\/www.linkedin.com\/hp\/?dnr=A9a84RfzsLdo9xg4NcGV4dLiMknoc9ms4WM\",\"https:\/\/twitter.com\/AndreaCamurani\"],\"url\":\"https:\/\/staging.varesenews.it\/persona\/andrea_camurani\/\"}]}<\/script>\n<!-- \/ Yoast SEO plugin. -->","yoast_head_json":{"title":"Isolino Virginia, patrimonio di pochi","description":"Isolino Virginia, patrimonio di pochi","robots":{"index":"noindex","follow":"follow","max-snippet":"max-snippet:-1","max-image-preview":"max-image-preview:large","max-video-preview":"max-video-preview:-1"},"og_locale":"it_IT","og_type":"article","og_title":"Isolino Virginia, patrimonio di pochi","og_description":"Isolino Virginia, patrimonio di pochi","og_url":"https:\/\/staging.varesenews.it\/2015\/07\/isolino-virginia-patrimonio-di-pochi\/384708\/","og_site_name":"VareseNews","article_publisher":"https:\/\/www.facebook.com\/varesenews","article_author":"https:\/\/www.facebook.com\/andrea.camurani?fref=photo","article_published_time":"2015-07-03T10:34:39+00:00","article_modified_time":"2015-07-03T16:17:39+00:00","author":"Andrea Camurani","twitter_card":"summary_large_image","twitter_creator":"@AndreaCamurani","twitter_site":"@varesenews","twitter_misc":{"Scritto da":"Andrea Camurani","Tempo di lettura stimato":"3 minuti"},"schema":{"@context":"https:\/\/schema.org","@graph":[{"@type":"WebPage","@id":"https:\/\/staging.varesenews.it\/2015\/07\/isolino-virginia-patrimonio-di-pochi\/384708\/","url":"https:\/\/staging.varesenews.it\/2015\/07\/isolino-virginia-patrimonio-di-pochi\/384708\/","name":"Isolino Virginia, patrimonio di pochi","isPartOf":{"@id":"https:\/\/staging.varesenews.it\/#website"},"datePublished":"2015-07-03T10:34:39+00:00","dateModified":"2015-07-03T16:17:39+00:00","author":{"@id":"https:\/\/staging.varesenews.it\/#\/schema\/person\/3eb5832c6beae763de8d9596fdbe8c49"},"description":"Isolino Virginia, patrimonio di pochi","breadcrumb":{"@id":"https:\/\/staging.varesenews.it\/2015\/07\/isolino-virginia-patrimonio-di-pochi\/384708\/#breadcrumb"},"inLanguage":"it-IT","potentialAction":[{"@type":"ReadAction","target":["https:\/\/staging.varesenews.it\/2015\/07\/isolino-virginia-patrimonio-di-pochi\/384708\/"]}]},{"@type":"BreadcrumbList","@id":"https:\/\/staging.varesenews.it\/2015\/07\/isolino-virginia-patrimonio-di-pochi\/384708\/#breadcrumb","itemListElement":[{"@type":"ListItem","position":1,"name":"Home","item":"https:\/\/www.varesenews.it\/"},{"@type":"ListItem","position":2,"name":"Isolino Virginia, patrimonio di pochi"}]},{"@type":"WebSite","@id":"https:\/\/staging.varesenews.it\/#website","url":"https:\/\/staging.varesenews.it\/","name":"VareseNews","description":"","potentialAction":[{"@type":"SearchAction","target":{"@type":"EntryPoint","urlTemplate":"https:\/\/staging.varesenews.it\/?s={search_term_string}"},"query-input":"required name=search_term_string"}],"inLanguage":"it-IT"},{"@type":"Person","@id":"https:\/\/staging.varesenews.it\/#\/schema\/person\/3eb5832c6beae763de8d9596fdbe8c49","name":"Andrea Camurani","image":{"@type":"ImageObject","inLanguage":"it-IT","@id":"https:\/\/staging.varesenews.it\/#\/schema\/person\/image\/","url":"https:\/\/staging.varesenews.it\/wp-content\/uploads\/2020\/12\/andrea_camurani_colori_500.jpg","contentUrl":"https:\/\/staging.varesenews.it\/wp-content\/uploads\/2020\/12\/andrea_camurani_colori_500.jpg","caption":"Andrea Camurani"},"description":"Sono figlio degli anni Settanta e di Milano, dove ho imparato a riconoscere buoni e cattivi. Laurea in scienze politiche, lavoro a VareseNews dal 2000. Racconto quel che trovo quando incontro chi vuole lasciare al mondo un pezzetto di vita, che si chiama cronaca. &ldquo;...perch&eacute; &egrave; la gente il pi&ugrave; grande spettacolo del mondo. E non si paga il biglietto...&rdquo; (Charles Bukowsky)","sameAs":["https:\/\/www.facebook.com\/andrea.camurani?fref=photo","andreacamurani","https:\/\/www.linkedin.com\/hp\/?dnr=A9a84RfzsLdo9xg4NcGV4dLiMknoc9ms4WM","https:\/\/twitter.com\/AndreaCamurani"],"url":"https:\/\/staging.varesenews.it\/persona\/andrea_camurani\/"}]}},"post_meta":{"_edit_lock":"1435940282:38","_edit_last":"38","ratings_users":"0","ratings_score":"0","ratings_average":"0","_category_permalink":"","wdfb_og_title":"","wdfb_og_type":"","wdfb_og_description":"","wdfb_og_images":"a:1:{i:0;s:0:\"\";}","wdfb_og_custom_name":"a:1:{i:0;s:0:\"\";}","wdfb_og_custom_value":"a:1:{i:0;s:0:\"\";}","id_leggi_anche":"384210,346103,27843,28020","foto":"466192","argomento":"Varese","_yoast_wpseo_focuskw":"Isolino Virginia, patrimonio di pochi","_yoast_wpseo_metadesc":"Isolino Virginia, patrimonio di pochi","_jd_twitter":"","_jd_tweet_this":"yes","_wpt_short_url":"http:\/\/www.varesenews.it\/2015\/07\/isolino-virginia-patrimonio-di-pochi\/384708\/","_wp_jd_target":"http:\/\/www.varesenews.it\/2015\/07\/isolino-virginia-patrimonio-di-pochi\/384708\/","_jd_wp_twitter":"a:1:{i:0;s:132:\"Isolino Virginia, patrimonio di pochi http:\/\/www.varesenews.it\/2015\/07\/isolino-virginia-patrimonio-di-pochi\/384708\/ #isolinovirginia\";}","_wpt_status_message":"Tweet inviato con successo.","_yoast_wpseo_linkdex":"77","id_link_fotogallery":"384721,384719","video":"384729,384723","id_video":"6103b98c","id_video_vzaar":"4496085"},"photos":[{"original":"https:\/\/staging.varesenews.it\/photogallery_new\/images\/2015\/07\/isolino-virginia-degrado-3-luglio-2015-466192.jpg","full":"https:\/\/staging.varesenews.it\/photogallery_new\/images\/2015\/07\/isolino-virginia-degrado-3-luglio-2015-466192.1024x768.jpg","large":"https:\/\/staging.varesenews.it\/photogallery_new\/images\/2015\/07\/isolino-virginia-degrado-3-luglio-2015-466192.610x431.jpg"}],"_links":{"self":[{"href":"https:\/\/staging.varesenews.it\/swgapi\/v1\/wp\/v2\/posts\/384708"}],"collection":[{"href":"https:\/\/staging.varesenews.it\/swgapi\/v1\/wp\/v2\/posts"}],"about":[{"href":"https:\/\/staging.varesenews.it\/swgapi\/v1\/wp\/v2\/types\/post"}],"author":[{"embeddable":true,"href":"https:\/\/staging.varesenews.it\/swgapi\/v1\/wp\/v2\/users\/34"}],"replies":[{"embeddable":true,"href":"https:\/\/staging.varesenews.it\/swgapi\/v1\/wp\/v2\/comments?post=384708"}],"version-history":[{"count":0,"href":"https:\/\/staging.varesenews.it\/swgapi\/v1\/wp\/v2\/posts\/384708\/revisions"}],"wp:attachment":[{"href":"https:\/\/staging.varesenews.it\/swgapi\/v1\/wp\/v2\/media?parent=384708"}],"wp:term":[{"taxonomy":"category","embeddable":true,"href":"https:\/\/staging.varesenews.it\/swgapi\/v1\/wp\/v2\/categories?post=384708"},{"taxonomy":"post_tag","embeddable":true,"href":"https:\/\/staging.varesenews.it\/swgapi\/v1\/wp\/v2\/tags?post=384708"}],"curies":[{"name":"wp","href":"https:\/\/api.w.org\/{rel}","templated":true}]}}