{"id":384835,"date":"2015-07-03T16:55:59","date_gmt":"2015-07-03T14:55:59","guid":{"rendered":"http:\/\/www.varesenews.it\/?p=384835"},"modified":"2015-07-03T16:55:59","modified_gmt":"2015-07-03T14:55:59","slug":"apre-il-centro-di-ascolto-della-caritas-parrocchiale","status":"publish","type":"post","link":"https:\/\/staging.varesenews.it\/2015\/07\/apre-il-centro-di-ascolto-della-caritas-parrocchiale\/384835\/","title":{"rendered":"Apre il centro di ascolto della Caritas parrocchiale"},"content":{"rendered":"<p>Ha aperto nelle scorse settimane il<strong> \u201cCentro di ascolto Parrocchia S. Maurizio Vedano Olona\u201d<\/strong>.\u00a0La decisione di avviare il Centro di Ascolto nasce dalla consapevolezza della comunit\u00e0 cristiana di creare un luogo che accolga i bisogni di diverso genere (ricerca di lavoro, sostegno ai fabbisogni alimentari ma anche una ricerca di dialogo e ascolto su necessit\u00e0 pi\u00f9 personali).<br \/>\nIl Centro di Ascolto <strong>\u00e8 uno dei luoghi attraverso cui la comunit\u00e0 cristiana accoglie e ascolta chi vive una situazione difficile, faticosa.<\/strong><\/p>\n<p>\u00abSi propone come iniziativa di approccio e di prima risposta (in termini di orientamento ed accompagnamento) ai bisogni delle persone e del territorio &#8211; spiegano i volontari -. \u00c8\u00a0uno spazio fatto di <strong>presenza, d\u2019accoglienza, di ascolto, di incoraggiamento, di fiducia, di sostegno, di uno sguardo buono<\/strong>.\u00a0L\u2019esperienza del Centro di Ascolto si colloca nell\u2019alveo dei servizi gi\u00e0 attivi da tempo da parte della Caritas e della Comunit\u00e0 parrocchiale per far fronte ai tanti bisogni che permangono vista la situazione di difficolt\u00e0 economica del Paese e vista la domanda di solidariet\u00e0 che c\u2019\u00e8 in alcune\u00bb.<\/p>\n<p>\u00abDa tempo infatti la Caritas segue <strong>circa 50 famiglie in situazione di difficolt\u00e0 economica<\/strong> fornendo loro pacchi alimentari. A supporto di questa necessit\u00e0 oltre alle raccolte delle collette alimentari continua la collaborazione con il punto vendita Sigma tramite una speciale raccolta punti e un gruppo di famiglie solidali donano mensilmente una spesa a sostegno di famiglie in difficolt\u00e0.\u00a0Esiste anche un servizio di raccolta e distribuzione di indumenti usati, cos\u00ec come da tempo<strong> un gruppo numeroso di volontarie si dedica ad imboccare gli ospiti non autosufficienti della Casa di Riposo &#8220;Poretti e Magnani&#8221;.\u00a0<\/strong>Un altro gruppo di persone ogni settimana \u00e8 impegnato ad impartire lezioni di lingua italiana agli adulti stranieri.\u00a0Il Centro ascolto ha sede in Sala S. Maurizio P.zza S.Maurizio Tel. n. 3711881696<\/p>\n","protected":false},"excerpt":{"rendered":"<p>Da tempo infatti la Caritas segue circa 50 famiglie in situazione di difficolt\u00e0 economica fornendo loro pacchi alimentari<\/p>\n","protected":false},"author":51,"featured_media":0,"comment_status":"open","ping_status":"open","sticky":false,"template":"","format":"standard","meta":{"footnotes":""},"categories":[1],"tags":[6326],"acf":[],"yoast_head":"<!-- This site is optimized with the Yoast SEO plugin v20.1 - https:\/\/yoast.com\/wordpress\/plugins\/seo\/ -->\n<title>Apre il centro di ascolto della Caritas parrocchiale<\/title>\n<meta name=\"description\" content=\"Da tempo infatti la Caritas segue circa 50 famiglie in situazione di difficolt\u00e0 economica fornendo loro pacchi alimentari\" \/>\n<meta name=\"robots\" content=\"noindex, follow, max-snippet:-1, max-image-preview:large, max-video-preview:-1\" \/>\n<meta property=\"og:locale\" content=\"it_IT\" \/>\n<meta property=\"og:type\" content=\"article\" \/>\n<meta property=\"og:title\" content=\"Apre il centro di ascolto della Caritas parrocchiale\" \/>\n<meta property=\"og:description\" content=\"Da tempo infatti la Caritas segue circa 50 famiglie in situazione di difficolt\u00e0 economica fornendo loro pacchi alimentari\" \/>\n<meta property=\"og:url\" content=\"https:\/\/staging.varesenews.it\/2015\/07\/apre-il-centro-di-ascolto-della-caritas-parrocchiale\/384835\/\" \/>\n<meta property=\"og:site_name\" content=\"VareseNews\" \/>\n<meta property=\"article:publisher\" content=\"https:\/\/www.facebook.com\/varesenews\" \/>\n<meta property=\"article:author\" content=\"https:\/\/www.facebook.com\/manuel.sgarella\" \/>\n<meta property=\"article:published_time\" content=\"2015-07-03T14:55:59+00:00\" \/>\n<meta name=\"author\" content=\"Manuel Sgarella\" \/>\n<meta name=\"twitter:card\" content=\"summary_large_image\" \/>\n<meta name=\"twitter:creator\" content=\"@Sgarel\" \/>\n<meta name=\"twitter:site\" content=\"@varesenews\" \/>\n<meta name=\"twitter:label1\" content=\"Scritto da\" \/>\n\t<meta name=\"twitter:data1\" content=\"Manuel Sgarella\" \/>\n\t<meta name=\"twitter:label2\" content=\"Tempo di lettura stimato\" \/>\n\t<meta name=\"twitter:data2\" content=\"2 minuti\" \/>\n<script type=\"application\/ld+json\" class=\"yoast-schema-graph\">{\"@context\":\"https:\/\/schema.org\",\"@graph\":[{\"@type\":\"WebPage\",\"@id\":\"https:\/\/staging.varesenews.it\/2015\/07\/apre-il-centro-di-ascolto-della-caritas-parrocchiale\/384835\/\",\"url\":\"https:\/\/staging.varesenews.it\/2015\/07\/apre-il-centro-di-ascolto-della-caritas-parrocchiale\/384835\/\",\"name\":\"Apre il centro di ascolto della Caritas parrocchiale\",\"isPartOf\":{\"@id\":\"https:\/\/staging.varesenews.it\/#website\"},\"datePublished\":\"2015-07-03T14:55:59+00:00\",\"dateModified\":\"2015-07-03T14:55:59+00:00\",\"author\":{\"@id\":\"https:\/\/staging.varesenews.it\/#\/schema\/person\/1ec987bf360cbcf5fab38b0367dbc9d4\"},\"description\":\"Da tempo infatti la Caritas segue circa 50 famiglie in situazione di difficolt\u00e0 economica fornendo loro pacchi alimentari\",\"breadcrumb\":{\"@id\":\"https:\/\/staging.varesenews.it\/2015\/07\/apre-il-centro-di-ascolto-della-caritas-parrocchiale\/384835\/#breadcrumb\"},\"inLanguage\":\"it-IT\",\"potentialAction\":[{\"@type\":\"ReadAction\",\"target\":[\"https:\/\/staging.varesenews.it\/2015\/07\/apre-il-centro-di-ascolto-della-caritas-parrocchiale\/384835\/\"]}]},{\"@type\":\"BreadcrumbList\",\"@id\":\"https:\/\/staging.varesenews.it\/2015\/07\/apre-il-centro-di-ascolto-della-caritas-parrocchiale\/384835\/#breadcrumb\",\"itemListElement\":[{\"@type\":\"ListItem\",\"position\":1,\"name\":\"Home\",\"item\":\"https:\/\/www.varesenews.it\/\"},{\"@type\":\"ListItem\",\"position\":2,\"name\":\"Apre il centro di ascolto della Caritas parrocchiale\"}]},{\"@type\":\"WebSite\",\"@id\":\"https:\/\/staging.varesenews.it\/#website\",\"url\":\"https:\/\/staging.varesenews.it\/\",\"name\":\"VareseNews\",\"description\":\"\",\"potentialAction\":[{\"@type\":\"SearchAction\",\"target\":{\"@type\":\"EntryPoint\",\"urlTemplate\":\"https:\/\/staging.varesenews.it\/?s={search_term_string}\"},\"query-input\":\"required name=search_term_string\"}],\"inLanguage\":\"it-IT\"},{\"@type\":\"Person\",\"@id\":\"https:\/\/staging.varesenews.it\/#\/schema\/person\/1ec987bf360cbcf5fab38b0367dbc9d4\",\"name\":\"Manuel Sgarella\",\"image\":{\"@type\":\"ImageObject\",\"inLanguage\":\"it-IT\",\"@id\":\"https:\/\/staging.varesenews.it\/#\/schema\/person\/image\/\",\"url\":\"https:\/\/staging.varesenews.it\/wp-content\/uploads\/2020\/12\/manuel_sgarella_colori_500.jpg\",\"contentUrl\":\"https:\/\/staging.varesenews.it\/wp-content\/uploads\/2020\/12\/manuel_sgarella_colori_500.jpg\",\"caption\":\"Manuel Sgarella\"},\"description\":\"A VareseNews dal 1999, da quando ho iniziato a collaborare per la pagina del cinema. Col tempo mi sono occupato della cronaca del territorio di Saronno-Tradate e dell'organizzazione di alcuni progetti speciali di VareseNews, tra cui la produzione del film Digitalife. Dal 2009 sono giornalista professionista. Diplomato alla Civica scuola del cinema di Milano, coltivo da sempre una passione per tutto quello che &egrave; narrazione, soprattutto per film e serie tv. Dal 2014 Pubblico romanzi come autore indipendente.&nbsp;\",\"sameAs\":[\"https:\/\/www.facebook.com\/manuel.sgarella\",\"Sgarel\",\"https:\/\/twitter.com\/Sgarel\"],\"url\":\"https:\/\/staging.varesenews.it\/persona\/manuel-sgarella1\/\"}]}<\/script>\n<!-- \/ Yoast SEO plugin. -->","yoast_head_json":{"title":"Apre il centro di ascolto della Caritas parrocchiale","description":"Da tempo infatti la Caritas segue circa 50 famiglie in situazione di difficolt\u00e0 economica fornendo loro pacchi alimentari","robots":{"index":"noindex","follow":"follow","max-snippet":"max-snippet:-1","max-image-preview":"max-image-preview:large","max-video-preview":"max-video-preview:-1"},"og_locale":"it_IT","og_type":"article","og_title":"Apre il centro di ascolto della Caritas parrocchiale","og_description":"Da tempo infatti la Caritas segue circa 50 famiglie in situazione di difficolt\u00e0 economica fornendo loro pacchi alimentari","og_url":"https:\/\/staging.varesenews.it\/2015\/07\/apre-il-centro-di-ascolto-della-caritas-parrocchiale\/384835\/","og_site_name":"VareseNews","article_publisher":"https:\/\/www.facebook.com\/varesenews","article_author":"https:\/\/www.facebook.com\/manuel.sgarella","article_published_time":"2015-07-03T14:55:59+00:00","author":"Manuel Sgarella","twitter_card":"summary_large_image","twitter_creator":"@Sgarel","twitter_site":"@varesenews","twitter_misc":{"Scritto da":"Manuel Sgarella","Tempo di lettura stimato":"2 minuti"},"schema":{"@context":"https:\/\/schema.org","@graph":[{"@type":"WebPage","@id":"https:\/\/staging.varesenews.it\/2015\/07\/apre-il-centro-di-ascolto-della-caritas-parrocchiale\/384835\/","url":"https:\/\/staging.varesenews.it\/2015\/07\/apre-il-centro-di-ascolto-della-caritas-parrocchiale\/384835\/","name":"Apre il centro di ascolto della Caritas parrocchiale","isPartOf":{"@id":"https:\/\/staging.varesenews.it\/#website"},"datePublished":"2015-07-03T14:55:59+00:00","dateModified":"2015-07-03T14:55:59+00:00","author":{"@id":"https:\/\/staging.varesenews.it\/#\/schema\/person\/1ec987bf360cbcf5fab38b0367dbc9d4"},"description":"Da tempo infatti la Caritas segue circa 50 famiglie in situazione di difficolt\u00e0 economica fornendo loro pacchi alimentari","breadcrumb":{"@id":"https:\/\/staging.varesenews.it\/2015\/07\/apre-il-centro-di-ascolto-della-caritas-parrocchiale\/384835\/#breadcrumb"},"inLanguage":"it-IT","potentialAction":[{"@type":"ReadAction","target":["https:\/\/staging.varesenews.it\/2015\/07\/apre-il-centro-di-ascolto-della-caritas-parrocchiale\/384835\/"]}]},{"@type":"BreadcrumbList","@id":"https:\/\/staging.varesenews.it\/2015\/07\/apre-il-centro-di-ascolto-della-caritas-parrocchiale\/384835\/#breadcrumb","itemListElement":[{"@type":"ListItem","position":1,"name":"Home","item":"https:\/\/www.varesenews.it\/"},{"@type":"ListItem","position":2,"name":"Apre il centro di ascolto della Caritas parrocchiale"}]},{"@type":"WebSite","@id":"https:\/\/staging.varesenews.it\/#website","url":"https:\/\/staging.varesenews.it\/","name":"VareseNews","description":"","potentialAction":[{"@type":"SearchAction","target":{"@type":"EntryPoint","urlTemplate":"https:\/\/staging.varesenews.it\/?s={search_term_string}"},"query-input":"required name=search_term_string"}],"inLanguage":"it-IT"},{"@type":"Person","@id":"https:\/\/staging.varesenews.it\/#\/schema\/person\/1ec987bf360cbcf5fab38b0367dbc9d4","name":"Manuel Sgarella","image":{"@type":"ImageObject","inLanguage":"it-IT","@id":"https:\/\/staging.varesenews.it\/#\/schema\/person\/image\/","url":"https:\/\/staging.varesenews.it\/wp-content\/uploads\/2020\/12\/manuel_sgarella_colori_500.jpg","contentUrl":"https:\/\/staging.varesenews.it\/wp-content\/uploads\/2020\/12\/manuel_sgarella_colori_500.jpg","caption":"Manuel Sgarella"},"description":"A VareseNews dal 1999, da quando ho iniziato a collaborare per la pagina del cinema. Col tempo mi sono occupato della cronaca del territorio di Saronno-Tradate e dell'organizzazione di alcuni progetti speciali di VareseNews, tra cui la produzione del film Digitalife. Dal 2009 sono giornalista professionista. Diplomato alla Civica scuola del cinema di Milano, coltivo da sempre una passione per tutto quello che &egrave; narrazione, soprattutto per film e serie tv. Dal 2014 Pubblico romanzi come autore indipendente.&nbsp;","sameAs":["https:\/\/www.facebook.com\/manuel.sgarella","Sgarel","https:\/\/twitter.com\/Sgarel"],"url":"https:\/\/staging.varesenews.it\/persona\/manuel-sgarella1\/"}]}},"post_meta":{"_edit_lock":"1435944815:51","_edit_last":"51","ratings_users":"0","ratings_score":"0","ratings_average":"0","_category_permalink":"","wdfb_og_title":"","wdfb_og_type":"","wdfb_og_description":"","wdfb_og_images":"a:1:{i:0;s:0:\"\";}","wdfb_og_custom_name":"a:1:{i:0;s:0:\"\";}","wdfb_og_custom_value":"a:1:{i:0;s:0:\"\";}","foto":"268310","argomento":"Vedano Olona","_yoast_wpseo_focuskw":"caritas","_yoast_wpseo_metadesc":"Da tempo infatti la Caritas segue circa 50 famiglie in situazione di difficolt\u00e0 economica fornendo loro pacchi alimentari","_jd_twitter":"","_jd_tweet_this":"yes","_wpt_short_url":"http:\/\/www.varesenews.it\/2015\/07\/apre-il-centro-di-ascolto-della-caritas-parrocchiale\/384835\/","_wp_jd_target":"http:\/\/www.varesenews.it\/2015\/07\/apre-il-centro-di-ascolto-della-caritas-parrocchiale\/384835\/","_jd_wp_twitter":"a:1:{i:0;s:155:\"Apre il centro di ascolto della Caritas parrocchiale http:\/\/www.varesenews.it\/2015\/07\/apre-il-centro-di-ascolto-della-caritas-parrocchiale\/384835\/ #Caritas\";}","_wpt_status_message":"Tweet inviato con successo.","_yoast_wpseo_linkdex":"76"},"photos":[{"original":"https:\/\/staging.varesenews.it\/photogallery_new\/images\/2010\/11\/caritas-poveri-mensa-268310.jpg","full":"https:\/\/staging.varesenews.it\/photogallery_new\/images\/2010\/11\/caritas-poveri-mensa-268310.1024x768.jpg","large":"https:\/\/staging.varesenews.it\/photogallery_new\/images\/2010\/11\/caritas-poveri-mensa-268310.610x431.jpg"}],"_links":{"self":[{"href":"https:\/\/staging.varesenews.it\/swgapi\/v1\/wp\/v2\/posts\/384835"}],"collection":[{"href":"https:\/\/staging.varesenews.it\/swgapi\/v1\/wp\/v2\/posts"}],"about":[{"href":"https:\/\/staging.varesenews.it\/swgapi\/v1\/wp\/v2\/types\/post"}],"author":[{"embeddable":true,"href":"https:\/\/staging.varesenews.it\/swgapi\/v1\/wp\/v2\/users\/51"}],"replies":[{"embeddable":true,"href":"https:\/\/staging.varesenews.it\/swgapi\/v1\/wp\/v2\/comments?post=384835"}],"version-history":[{"count":0,"href":"https:\/\/staging.varesenews.it\/swgapi\/v1\/wp\/v2\/posts\/384835\/revisions"}],"wp:attachment":[{"href":"https:\/\/staging.varesenews.it\/swgapi\/v1\/wp\/v2\/media?parent=384835"}],"wp:term":[{"taxonomy":"category","embeddable":true,"href":"https:\/\/staging.varesenews.it\/swgapi\/v1\/wp\/v2\/categories?post=384835"},{"taxonomy":"post_tag","embeddable":true,"href":"https:\/\/staging.varesenews.it\/swgapi\/v1\/wp\/v2\/tags?post=384835"}],"curies":[{"name":"wp","href":"https:\/\/api.w.org\/{rel}","templated":true}]}}