{"id":385067,"date":"2015-07-05T17:15:24","date_gmt":"2015-07-05T15:15:24","guid":{"rendered":"http:\/\/www.varesenews.it\/?p=385067"},"modified":"2015-07-05T17:47:54","modified_gmt":"2015-07-05T15:47:54","slug":"vita-notturna-tra-divertimento-e-proteste-la-movida-in-rivolta","status":"publish","type":"post","link":"https:\/\/staging.varesenews.it\/2015\/07\/vita-notturna-tra-divertimento-e-proteste-la-movida-in-rivolta\/385067\/","title":{"rendered":"Vita notturna tra divertimento e proteste: la &#8220;movida&#8221; in rivolta"},"content":{"rendered":"<p>La vicenda sembra essere il classico epilogo di una storia di incomunicabilit\u00e0 tra la legittima voglia di divertirsi e l\u2019altrettanto legittimo diritto al riposo. Dinamiche tipiche nei paesi e nelle citt\u00e0<strong> dovute alla cosiddetta \u201cmovida\u201d<\/strong>, ovvero quella situazione di animazione e divertimento legato alla vita notturna dei giovani. A Laveno Mombello tutto questo si \u00e8 verificato in particolare al <strong>Miralago Caf\u00e8, un\u2019attivit\u00e0 che si affaccia sul lungolago lavenese<\/strong>. Il successo delle serate al bar era diventato travolgente coinvolgendo tantissimi giovani che ne avevano fatto il proprio luogo di riferimento per uscire e stare in compagnia.<\/p>\n<p>Come spesso accade, per\u00f2, la musica, il vociare, e il divertimento vissuti con tanta passione al pian terreno non assumevano la stessa valenza alle orecchie dei piani superiori dove<strong> il vicinato non si sentiva per niente coinvolto<\/strong> e, anzi, lamentava il diritto alla quiete almeno tra le proprie mura. Sono cose che capitano ed \u00e8 difficile comprendere a pieno le ragioni dell\u2019uno o dell\u2019altro se non ci si viene incontro trovando una mediazione e un dialogo.<\/p>\n<p>Il dialogo, in quella zona di Laveno, si era gi\u00e0 deteriorato e la questione era finita a carte bollate: in particolare<strong> le carte dell\u2019Arpa<\/strong> coinvolta nella vicenda per certificare l\u2019eccessivo rumore prodotto dalla movida nei confronti del vicinato. E quando saltano le mediazioni del buonsenso ci sono solo le strumentazione tecniche come quelle dell\u2019Arpa che hanno <strong>certificato che in base alle normative vigenti, stringenti o meno che siano, il rumore era effettivamente troppo<\/strong>. Da l\u00ec \u00e8 partito un percorso obbligato: il Comune lo scorso maggio ha emesso un\u2019ordinanza per intimare il rispetto della quiete pubblica chiedendo la dotazione dell\u2019attivit\u00e0 delle opportune precauzioni acustiche e vietandone l\u2019utilizzo esterno oltre le 22.<\/p>\n<p><strong>Condizioni a quanto pare non conciliabili con l\u2019attivit\u00e0 del bar<\/strong> e le abitudini della sua clientela tanto che pare che l\u2019intenzione dei proprietari sia stata quella di chiudere l\u2019attivit\u00e0. Prima, per\u00f2, i frequentatori le hanno tentate tutte, perfino <strong>una raccolta firme<\/strong> che \u00e8 arrivata addirittura a 700 nomi consegnati nelle mani del neoeletto sindaco Ercole Ielmini che ha ereditato la patata bollente dopo le ultime elezioni.<\/p>\n<p>\u00ab\u00c8 obiettivamente una questione difficile &#8211; <strong>spiega il sindaco Ielmini<\/strong> -, dove purtroppo si \u00e8 perso da tempo ogni possibilit\u00e0 di dialogo. Purtroppo le procedure in questo caso sono chiare: se l\u2019Arpa ha rilevato un eccessivo rumore partono delle procedure automatiche. A Laveno \u00e8 una questione difficile perch\u00e9 il lungo lago attira molti avventori, e questo potrebbe essere una ricchezza, ma spesso il rumore e la confusione provocano incomprensioni e poi escalation come quella che c\u2019\u00e8 stata in questo caso\u00bb.<\/p>\n<p><strong>La vicenda ha avuto un picco nella notte tra sabato 4 e domenica 5 luglio<\/strong>. I tanti estimatori del bar<strong> si sono dati appuntamento per l\u2019ultima serata al Miralago<\/strong> che si \u00e8 svolta a met\u00e0 tra un ritrovo di addio e un presidio di protesta. Fuori dal bar sono stati <strong>appesi striscioni con proteste<\/strong> e inni di sostegno al proprietario. C\u2019era <strong>tantissima gente<\/strong> molto dispiaciuta e nostalgica, altri invece un po\u2019 pi\u00f9 esagitati tanto che in un frangente \u00e8 stato richiesto anche l\u2019<a href=\"http:\/\/www.varesenews.it\/2015\/07\/lanciano-un-fumogeno-su-un-balcone-denunciati-tre-ventenni\/385037\/\" target=\"_blank\"><strong>intervento di carabinieri<\/strong><\/a> e vigili del fuoco a causa di <strong>un fumogeno o petardo indirizzato al balcone dei vicini<\/strong>.<\/p>\n<p>Altri estimatori del Miralago, un po&#8217; pi\u00f9 &#8220;accorti&#8221;, hanno preso carta e penna per scrivere una lettera che pubblichiamo con alcune riflessioni che vanno oltre la singola vicenda del bar per porre interrogativi pi\u00f9 ampi sul ruolo di Laveno Mombello:<\/p>\n<blockquote><p>Il Bar Miralago \u00e8 stato in questi anni un brillante esempio d\u2019imprenditoria giovanile. Nonostante il periodo di crisi economica il suo gestore \u00e8 riuscito in quello in cui molti altri hanno fallito negli anni precedenti, portare avanti un\u2019attivit\u00e0 economica sana ridando vita a quello che era il vecchio Bar Bellorini, offrendo molto lavoro a giovani del posto. L\u2019eventuale chiusura del bar lascerebbe affiorare parecchi interrogativi. Vogliamo trasformare Laveno in un comune dormitorio come purtroppo sono gi\u00e0 molti comuni nella nostra provincia?! Le attivit\u00e0 commerciali che fanno di Laveno un comune vivace ed economicamente florido sono tutte legate da un filo sottile. Oggi \u00e8 in discussione la chiusura di un bar, e domani? Non solo i residenti, ma cittadini da tutta la provincia affluiscono a Laveno per una passeggiata sul lago, alcuni fanno shopping e mangiano un gelato, altri cenano e si fermano per un drink. Laveno attira perch\u00e9 \u00e8 viva, e questo grazie alle istituzioni pubbliche ma anche e soprattutto dalle attivit\u00e0 commerciali che animano la cittadina.<\/p><\/blockquote>\n","protected":false},"excerpt":{"rendered":"<p>Un bar che chiude ha scatenato i suoi giovani avventori che si sono ritrovati per protestare. Il divertimento notturno e la quiete dei vicini erano da tempo oggetto di litigio<\/p>\n","protected":false},"author":52,"featured_media":0,"comment_status":"open","ping_status":"open","sticky":false,"template":"","format":"standard","meta":{"footnotes":""},"categories":[2],"tags":[430,1547,21565],"acf":[],"yoast_head":"<!-- This site is optimized with the Yoast SEO plugin v20.1 - https:\/\/yoast.com\/wordpress\/plugins\/seo\/ -->\n<title>Vita notturna tra divertimento e proteste: la &quot;movida&quot; in rivolta<\/title>\n<meta name=\"description\" content=\"Un bar che chiude ha scatenato i suoi giovani avventori che si sono ritrovati per protestare. Il divertimento notturno e la quiete dei vicini erano da tempo oggetto di litigio\" \/>\n<meta name=\"robots\" content=\"noindex, follow, max-snippet:-1, max-image-preview:large, max-video-preview:-1\" \/>\n<meta property=\"og:locale\" content=\"it_IT\" \/>\n<meta property=\"og:type\" content=\"article\" \/>\n<meta property=\"og:title\" content=\"Vita notturna tra divertimento e proteste: la &quot;movida&quot; in rivolta\" \/>\n<meta property=\"og:description\" content=\"Un bar che chiude ha scatenato i suoi giovani avventori che si sono ritrovati per protestare. Il divertimento notturno e la quiete dei vicini erano da tempo oggetto di litigio\" \/>\n<meta property=\"og:url\" content=\"https:\/\/staging.varesenews.it\/2015\/07\/vita-notturna-tra-divertimento-e-proteste-la-movida-in-rivolta\/385067\/\" \/>\n<meta property=\"og:site_name\" content=\"VareseNews\" \/>\n<meta property=\"article:publisher\" content=\"https:\/\/www.facebook.com\/varesenews\" \/>\n<meta property=\"article:published_time\" content=\"2015-07-05T15:15:24+00:00\" \/>\n<meta property=\"article:modified_time\" content=\"2015-07-05T15:47:54+00:00\" \/>\n<meta name=\"author\" content=\"Tomaso Bassani\" \/>\n<meta name=\"twitter:card\" content=\"summary_large_image\" \/>\n<meta name=\"twitter:creator\" content=\"@varesenews\" \/>\n<meta name=\"twitter:site\" content=\"@varesenews\" \/>\n<meta name=\"twitter:label1\" content=\"Scritto da\" \/>\n\t<meta name=\"twitter:data1\" content=\"Tomaso Bassani\" \/>\n\t<meta name=\"twitter:label2\" content=\"Tempo di lettura stimato\" \/>\n\t<meta name=\"twitter:data2\" content=\"4 minuti\" \/>\n<script type=\"application\/ld+json\" class=\"yoast-schema-graph\">{\"@context\":\"https:\/\/schema.org\",\"@graph\":[{\"@type\":\"WebPage\",\"@id\":\"https:\/\/staging.varesenews.it\/2015\/07\/vita-notturna-tra-divertimento-e-proteste-la-movida-in-rivolta\/385067\/\",\"url\":\"https:\/\/staging.varesenews.it\/2015\/07\/vita-notturna-tra-divertimento-e-proteste-la-movida-in-rivolta\/385067\/\",\"name\":\"Vita notturna tra divertimento e proteste: la \\\"movida\\\" in rivolta\",\"isPartOf\":{\"@id\":\"https:\/\/staging.varesenews.it\/#website\"},\"datePublished\":\"2015-07-05T15:15:24+00:00\",\"dateModified\":\"2015-07-05T15:47:54+00:00\",\"author\":{\"@id\":\"https:\/\/staging.varesenews.it\/#\/schema\/person\/f8cc543029c96c954a35c042e01892bb\"},\"description\":\"Un bar che chiude ha scatenato i suoi giovani avventori che si sono ritrovati per protestare. Il divertimento notturno e la quiete dei vicini erano da tempo oggetto di litigio\",\"breadcrumb\":{\"@id\":\"https:\/\/staging.varesenews.it\/2015\/07\/vita-notturna-tra-divertimento-e-proteste-la-movida-in-rivolta\/385067\/#breadcrumb\"},\"inLanguage\":\"it-IT\",\"potentialAction\":[{\"@type\":\"ReadAction\",\"target\":[\"https:\/\/staging.varesenews.it\/2015\/07\/vita-notturna-tra-divertimento-e-proteste-la-movida-in-rivolta\/385067\/\"]}]},{\"@type\":\"BreadcrumbList\",\"@id\":\"https:\/\/staging.varesenews.it\/2015\/07\/vita-notturna-tra-divertimento-e-proteste-la-movida-in-rivolta\/385067\/#breadcrumb\",\"itemListElement\":[{\"@type\":\"ListItem\",\"position\":1,\"name\":\"Home\",\"item\":\"https:\/\/www.varesenews.it\/\"},{\"@type\":\"ListItem\",\"position\":2,\"name\":\"Vita notturna tra divertimento e proteste: la &#8220;movida&#8221; in rivolta\"}]},{\"@type\":\"WebSite\",\"@id\":\"https:\/\/staging.varesenews.it\/#website\",\"url\":\"https:\/\/staging.varesenews.it\/\",\"name\":\"VareseNews\",\"description\":\"\",\"potentialAction\":[{\"@type\":\"SearchAction\",\"target\":{\"@type\":\"EntryPoint\",\"urlTemplate\":\"https:\/\/staging.varesenews.it\/?s={search_term_string}\"},\"query-input\":\"required name=search_term_string\"}],\"inLanguage\":\"it-IT\"},{\"@type\":\"Person\",\"@id\":\"https:\/\/staging.varesenews.it\/#\/schema\/person\/f8cc543029c96c954a35c042e01892bb\",\"name\":\"Tomaso Bassani\",\"image\":{\"@type\":\"ImageObject\",\"inLanguage\":\"it-IT\",\"@id\":\"https:\/\/staging.varesenews.it\/#\/schema\/person\/image\/\",\"url\":\"https:\/\/staging.varesenews.it\/wp-content\/uploads\/2020\/12\/tomaso_bassani_colori_500.jpg\",\"contentUrl\":\"https:\/\/staging.varesenews.it\/wp-content\/uploads\/2020\/12\/tomaso_bassani_colori_500.jpg\",\"caption\":\"Tomaso Bassani\"},\"description\":\"Sono nato nel 1988 e questo ha fatto s&igrave; che la mia vita sia coincisa con l'epoca di pi&ugrave; grande e veloce cambiamento della storia. Sono giornalista e caporedattore di Varesenews. Ho un master in data analysis, una laurea in storia e una formazione superiore commerciale. Sono cresciuto tra scout, tavola a rotelle, impegno associativo (in quella grande esperienza giovanile che &egrave; stato l&rsquo;Albizzate Valley Festival) e cooperativo (Circolo The Family di Albizzate). Per passione mi occupo di dati, videomaking, fotografia, scrittura e web. Per lavoro anche.&nbsp;\",\"sameAs\":[\"tomasobassani\",\"https:\/\/www.linkedin.com\/profile\/view?id=102759293&trk=nav_responsive_tab_profile\"],\"url\":\"https:\/\/staging.varesenews.it\/persona\/tomaso-bassani\/\"}]}<\/script>\n<!-- \/ Yoast SEO plugin. -->","yoast_head_json":{"title":"Vita notturna tra divertimento e proteste: la \"movida\" in rivolta","description":"Un bar che chiude ha scatenato i suoi giovani avventori che si sono ritrovati per protestare. Il divertimento notturno e la quiete dei vicini erano da tempo oggetto di litigio","robots":{"index":"noindex","follow":"follow","max-snippet":"max-snippet:-1","max-image-preview":"max-image-preview:large","max-video-preview":"max-video-preview:-1"},"og_locale":"it_IT","og_type":"article","og_title":"Vita notturna tra divertimento e proteste: la \"movida\" in rivolta","og_description":"Un bar che chiude ha scatenato i suoi giovani avventori che si sono ritrovati per protestare. Il divertimento notturno e la quiete dei vicini erano da tempo oggetto di litigio","og_url":"https:\/\/staging.varesenews.it\/2015\/07\/vita-notturna-tra-divertimento-e-proteste-la-movida-in-rivolta\/385067\/","og_site_name":"VareseNews","article_publisher":"https:\/\/www.facebook.com\/varesenews","article_published_time":"2015-07-05T15:15:24+00:00","article_modified_time":"2015-07-05T15:47:54+00:00","author":"Tomaso Bassani","twitter_card":"summary_large_image","twitter_creator":"@varesenews","twitter_site":"@varesenews","twitter_misc":{"Scritto da":"Tomaso Bassani","Tempo di lettura stimato":"4 minuti"},"schema":{"@context":"https:\/\/schema.org","@graph":[{"@type":"WebPage","@id":"https:\/\/staging.varesenews.it\/2015\/07\/vita-notturna-tra-divertimento-e-proteste-la-movida-in-rivolta\/385067\/","url":"https:\/\/staging.varesenews.it\/2015\/07\/vita-notturna-tra-divertimento-e-proteste-la-movida-in-rivolta\/385067\/","name":"Vita notturna tra divertimento e proteste: la \"movida\" in rivolta","isPartOf":{"@id":"https:\/\/staging.varesenews.it\/#website"},"datePublished":"2015-07-05T15:15:24+00:00","dateModified":"2015-07-05T15:47:54+00:00","author":{"@id":"https:\/\/staging.varesenews.it\/#\/schema\/person\/f8cc543029c96c954a35c042e01892bb"},"description":"Un bar che chiude ha scatenato i suoi giovani avventori che si sono ritrovati per protestare. Il divertimento notturno e la quiete dei vicini erano da tempo oggetto di litigio","breadcrumb":{"@id":"https:\/\/staging.varesenews.it\/2015\/07\/vita-notturna-tra-divertimento-e-proteste-la-movida-in-rivolta\/385067\/#breadcrumb"},"inLanguage":"it-IT","potentialAction":[{"@type":"ReadAction","target":["https:\/\/staging.varesenews.it\/2015\/07\/vita-notturna-tra-divertimento-e-proteste-la-movida-in-rivolta\/385067\/"]}]},{"@type":"BreadcrumbList","@id":"https:\/\/staging.varesenews.it\/2015\/07\/vita-notturna-tra-divertimento-e-proteste-la-movida-in-rivolta\/385067\/#breadcrumb","itemListElement":[{"@type":"ListItem","position":1,"name":"Home","item":"https:\/\/www.varesenews.it\/"},{"@type":"ListItem","position":2,"name":"Vita notturna tra divertimento e proteste: la &#8220;movida&#8221; in rivolta"}]},{"@type":"WebSite","@id":"https:\/\/staging.varesenews.it\/#website","url":"https:\/\/staging.varesenews.it\/","name":"VareseNews","description":"","potentialAction":[{"@type":"SearchAction","target":{"@type":"EntryPoint","urlTemplate":"https:\/\/staging.varesenews.it\/?s={search_term_string}"},"query-input":"required name=search_term_string"}],"inLanguage":"it-IT"},{"@type":"Person","@id":"https:\/\/staging.varesenews.it\/#\/schema\/person\/f8cc543029c96c954a35c042e01892bb","name":"Tomaso Bassani","image":{"@type":"ImageObject","inLanguage":"it-IT","@id":"https:\/\/staging.varesenews.it\/#\/schema\/person\/image\/","url":"https:\/\/staging.varesenews.it\/wp-content\/uploads\/2020\/12\/tomaso_bassani_colori_500.jpg","contentUrl":"https:\/\/staging.varesenews.it\/wp-content\/uploads\/2020\/12\/tomaso_bassani_colori_500.jpg","caption":"Tomaso Bassani"},"description":"Sono nato nel 1988 e questo ha fatto s&igrave; che la mia vita sia coincisa con l'epoca di pi&ugrave; grande e veloce cambiamento della storia. Sono giornalista e caporedattore di Varesenews. Ho un master in data analysis, una laurea in storia e una formazione superiore commerciale. Sono cresciuto tra scout, tavola a rotelle, impegno associativo (in quella grande esperienza giovanile che &egrave; stato l&rsquo;Albizzate Valley Festival) e cooperativo (Circolo The Family di Albizzate). Per passione mi occupo di dati, videomaking, fotografia, scrittura e web. Per lavoro anche.&nbsp;","sameAs":["tomasobassani","https:\/\/www.linkedin.com\/profile\/view?id=102759293&trk=nav_responsive_tab_profile"],"url":"https:\/\/staging.varesenews.it\/persona\/tomaso-bassani\/"}]}},"post_meta":{"_edit_lock":"1436115029:52","_edit_last":"52","ratings_users":"0","ratings_score":"0","ratings_average":"0","_category_permalink":"","wdfb_og_title":"","wdfb_og_type":"","wdfb_og_description":"","wdfb_og_images":"a:1:{i:0;s:0:\"\";}","wdfb_og_custom_name":"a:1:{i:0;s:0:\"\";}","wdfb_og_custom_value":"a:1:{i:0;s:0:\"\";}","foto":"466861","argomento":"Laveno Mombello","_jd_twitter":"","_jd_tweet_this":"yes","_wpt_short_url":"http:\/\/www.varesenews.it\/2015\/07\/vita-notturna-tra-divertimento-e-proteste-la-movida-in-rivolta\/385067\/","_wp_jd_target":"http:\/\/www.varesenews.it\/2015\/07\/vita-notturna-tra-divertimento-e-proteste-la-movida-in-rivolta\/385067\/","_jd_wp_twitter":"a:1:{i:0;s:197:\"Vita notturna tra divertimento e proteste: la \"movida\" in rivolta http:\/\/www.varesenews.it\/2015\/07\/vita-notturna-tra-divertimento-e-proteste-la-movida-in-rivolta\/385067\/ #giovani #lungolago #movida\";}","_wpt_status_message":"Tweet inviato con successo.","id_link_fotogallery":"385070","id_leggi_anche":"385037"},"photos":[{"original":"https:\/\/staging.varesenews.it\/photogallery_new\/images\/2015\/07\/laveno-mobello-lungolago-movida-466861.jpg","full":"https:\/\/staging.varesenews.it\/photogallery_new\/images\/2015\/07\/laveno-mobello-lungolago-movida-466861.1024x768.jpg","large":"https:\/\/staging.varesenews.it\/photogallery_new\/images\/2015\/07\/laveno-mobello-lungolago-movida-466861.610x431.jpg"}],"_links":{"self":[{"href":"https:\/\/staging.varesenews.it\/swgapi\/v1\/wp\/v2\/posts\/385067"}],"collection":[{"href":"https:\/\/staging.varesenews.it\/swgapi\/v1\/wp\/v2\/posts"}],"about":[{"href":"https:\/\/staging.varesenews.it\/swgapi\/v1\/wp\/v2\/types\/post"}],"author":[{"embeddable":true,"href":"https:\/\/staging.varesenews.it\/swgapi\/v1\/wp\/v2\/users\/52"}],"replies":[{"embeddable":true,"href":"https:\/\/staging.varesenews.it\/swgapi\/v1\/wp\/v2\/comments?post=385067"}],"version-history":[{"count":0,"href":"https:\/\/staging.varesenews.it\/swgapi\/v1\/wp\/v2\/posts\/385067\/revisions"}],"wp:attachment":[{"href":"https:\/\/staging.varesenews.it\/swgapi\/v1\/wp\/v2\/media?parent=385067"}],"wp:term":[{"taxonomy":"category","embeddable":true,"href":"https:\/\/staging.varesenews.it\/swgapi\/v1\/wp\/v2\/categories?post=385067"},{"taxonomy":"post_tag","embeddable":true,"href":"https:\/\/staging.varesenews.it\/swgapi\/v1\/wp\/v2\/tags?post=385067"}],"curies":[{"name":"wp","href":"https:\/\/api.w.org\/{rel}","templated":true}]}}