{"id":386134,"date":"2015-07-09T17:22:49","date_gmt":"2015-07-09T15:22:49","guid":{"rendered":"http:\/\/www.varesenews.it\/?p=386134"},"modified":"2015-07-09T17:22:49","modified_gmt":"2015-07-09T15:22:49","slug":"il-terzo-settore-si-ritrova-a-villa-gonzaga","status":"publish","type":"post","link":"https:\/\/staging.varesenews.it\/2015\/07\/il-terzo-settore-si-ritrova-a-villa-gonzaga\/386134\/","title":{"rendered":"Il terzo settore si ritrova a Villa Gonzaga"},"content":{"rendered":"<p><b>Andr\u00e0 in scena il 15 luglio alle ore 21 la serata informativa\u00a0<\/b><b>e di approfondimento sulle tematiche del terzo settore organizzata a Villa Gonzaga. <\/b>L&#8217;appuntamento \u00e8 organizzato\u00a0dall\u2019Assessorato ai Servizi sociali in collaborazione con il CESVOV, centro servizi per il volontariato di Varese.<\/p>\n<p>\u201cCi auguriamo &#8211; ha affermato l\u2019assessore ai servizi sociali Gabriele Chierichetti &#8211; che cittadini e rappresentanti delle numerose associazioni che operano sul territorio siano presenti la sera del 15 luglio al teatrino di Villa Gonzaga per approfondire col dottor Ampollini, direttore del Cesvov, le attivit\u00e0 svolte da tanti volontari che ogni giorno offrono la propria disponibilit\u00e0 per aiutare anziani, disabili, persone in difficolt\u00e0: un modo speciale di farsi dono per gli altri, aiutando fattivamente l\u2019intera comunit\u00e0\u201d.<\/p>\n<p>Prosegue il dottor Ampollini: \u201cDa qualche tempo si sente parlare di Terzo Settore, non sempre per\u00f2 si ha la giusta consapevolezza di cosa questo termine ricomprenda. Si tratta infatti di una molteplicit\u00e0 di enti, il cui numero \u00e8 cresciuto in modo significativo negli ultimi vent\u2019anni. Si va dalle organizzazioni di volontariato, alle associazioni di promozione sociale, alle fondazioni, alle cooperative sociali. Sono sodalizi al cui interno, anche in una realt\u00e0 come Olgiate e negli altri centri della valle dell\u2019Olona, centinaia di cittadini si impegnano, il pi\u00f9 delle volte all\u2019insegna della gratuit\u00e0 per fare andare meglio le cose. Sempre pi\u00f9 il volontariato e gli altri enti del terzo settore sono in prima linea per occuparsi di problematiche legate agli anziani, ai disabili, ai minori. Ma questi enti si occupano anche di cultura, di ambiente, di protezione civile: si pu\u00f2 dire che non vi sia ambito in cui pi\u00f9 o meno si verifichi la loro presenza. Questi enti possono essere degli alleati preziosi per le amministrazioni pubbliche, i<strong> Comuni in particolare, per rendere pi\u00f9 capillare ed economica la rete dei servizi, per far emergere e prendersi carico delle vecchie e delle nuove povert\u00e0<\/strong>, ma soprattutto per costituire quel tessuto di relazioni che fanno s\u00ec che i nostri paesi non siano solo un conglomerato di abitazioni ma comunit\u00e0 vere e proprie\u201d.<\/p>\n","protected":false},"excerpt":{"rendered":"<p>Sar\u00e0 il 5 luglio alle ore 21 la serata informativa e di approfondimento sulle tematiche del terzo settore organizzata da amministrazione comunale e Cesvov.<\/p>\n","protected":false},"author":42,"featured_media":0,"comment_status":"open","ping_status":"open","sticky":false,"template":"","format":"standard","meta":{"footnotes":""},"categories":[4],"tags":[769,1442],"acf":[],"yoast_head":"<!-- This site is optimized with the Yoast SEO plugin v20.1 - https:\/\/yoast.com\/wordpress\/plugins\/seo\/ -->\n<title>Il terzo settore si ritrova a Villa Gonzaga<\/title>\n<meta name=\"description\" content=\"Sar\u00e0 il 5 luglio alle ore 21 la serata informativa e di approfondimento sulle tematiche del terzo settore organizzata da amministrazione comunale e Cesvov.\" \/>\n<meta name=\"robots\" content=\"noindex, follow, max-snippet:-1, max-image-preview:large, max-video-preview:-1\" \/>\n<meta property=\"og:locale\" content=\"it_IT\" \/>\n<meta property=\"og:type\" content=\"article\" \/>\n<meta property=\"og:title\" content=\"Il terzo settore si ritrova a Villa Gonzaga\" \/>\n<meta property=\"og:description\" content=\"Sar\u00e0 il 5 luglio alle ore 21 la serata informativa e di approfondimento sulle tematiche del terzo settore organizzata da amministrazione comunale e Cesvov.\" \/>\n<meta property=\"og:url\" content=\"https:\/\/staging.varesenews.it\/2015\/07\/il-terzo-settore-si-ritrova-a-villa-gonzaga\/386134\/\" \/>\n<meta property=\"og:site_name\" content=\"VareseNews\" \/>\n<meta property=\"article:publisher\" content=\"https:\/\/www.facebook.com\/varesenews\" \/>\n<meta property=\"article:published_time\" content=\"2015-07-09T15:22:49+00:00\" \/>\n<meta name=\"author\" content=\"Marco Corso\" \/>\n<meta name=\"twitter:card\" content=\"summary_large_image\" \/>\n<meta name=\"twitter:creator\" content=\"@varesenews\" \/>\n<meta name=\"twitter:site\" content=\"@varesenews\" \/>\n<meta name=\"twitter:label1\" content=\"Scritto da\" \/>\n\t<meta name=\"twitter:data1\" content=\"Marco Corso\" \/>\n\t<meta name=\"twitter:label2\" content=\"Tempo di lettura stimato\" \/>\n\t<meta name=\"twitter:data2\" content=\"2 minuti\" \/>\n<script type=\"application\/ld+json\" class=\"yoast-schema-graph\">{\"@context\":\"https:\/\/schema.org\",\"@graph\":[{\"@type\":\"WebPage\",\"@id\":\"https:\/\/staging.varesenews.it\/2015\/07\/il-terzo-settore-si-ritrova-a-villa-gonzaga\/386134\/\",\"url\":\"https:\/\/staging.varesenews.it\/2015\/07\/il-terzo-settore-si-ritrova-a-villa-gonzaga\/386134\/\",\"name\":\"Il terzo settore si ritrova a Villa Gonzaga\",\"isPartOf\":{\"@id\":\"https:\/\/staging.varesenews.it\/#website\"},\"datePublished\":\"2015-07-09T15:22:49+00:00\",\"dateModified\":\"2015-07-09T15:22:49+00:00\",\"author\":{\"@id\":\"https:\/\/staging.varesenews.it\/#\/schema\/person\/f0b866bf1a4a7b2b1558574309a927fa\"},\"description\":\"Sar\u00e0 il 5 luglio alle ore 21 la serata informativa e di approfondimento sulle tematiche del terzo settore organizzata da amministrazione comunale e Cesvov.\",\"breadcrumb\":{\"@id\":\"https:\/\/staging.varesenews.it\/2015\/07\/il-terzo-settore-si-ritrova-a-villa-gonzaga\/386134\/#breadcrumb\"},\"inLanguage\":\"it-IT\",\"potentialAction\":[{\"@type\":\"ReadAction\",\"target\":[\"https:\/\/staging.varesenews.it\/2015\/07\/il-terzo-settore-si-ritrova-a-villa-gonzaga\/386134\/\"]}]},{\"@type\":\"BreadcrumbList\",\"@id\":\"https:\/\/staging.varesenews.it\/2015\/07\/il-terzo-settore-si-ritrova-a-villa-gonzaga\/386134\/#breadcrumb\",\"itemListElement\":[{\"@type\":\"ListItem\",\"position\":1,\"name\":\"Home\",\"item\":\"https:\/\/www.varesenews.it\/\"},{\"@type\":\"ListItem\",\"position\":2,\"name\":\"Il terzo settore si ritrova a Villa Gonzaga\"}]},{\"@type\":\"WebSite\",\"@id\":\"https:\/\/staging.varesenews.it\/#website\",\"url\":\"https:\/\/staging.varesenews.it\/\",\"name\":\"VareseNews\",\"description\":\"\",\"potentialAction\":[{\"@type\":\"SearchAction\",\"target\":{\"@type\":\"EntryPoint\",\"urlTemplate\":\"https:\/\/staging.varesenews.it\/?s={search_term_string}\"},\"query-input\":\"required name=search_term_string\"}],\"inLanguage\":\"it-IT\"},{\"@type\":\"Person\",\"@id\":\"https:\/\/staging.varesenews.it\/#\/schema\/person\/f0b866bf1a4a7b2b1558574309a927fa\",\"name\":\"Marco Corso\",\"image\":{\"@type\":\"ImageObject\",\"inLanguage\":\"it-IT\",\"@id\":\"https:\/\/staging.varesenews.it\/#\/schema\/person\/image\/\",\"url\":\"https:\/\/staging.varesenews.it\/wp-content\/uploads\/2020\/12\/marco_corso_colori_500.jpg\",\"contentUrl\":\"https:\/\/staging.varesenews.it\/wp-content\/uploads\/2020\/12\/marco_corso_colori_500.jpg\",\"caption\":\"Marco Corso\"},\"description\":\"Classe 91, per diversi anni mi sono fregiato del titolo di pi&ugrave; giovane della redazione, ma adesso faccio il fratello maggiore alle nuove leve. Mi sono laureato nel 2013 in Scienze Sociali per la Globalizzazione alla Statale di Milano e nel 2015 mi sono diplomato in videogiornalismo alla Civica Scuola di Cinema di Milano. A VareseNews da 10 anni, ho seguito da sempre diversi progetti, partendo dalla mia Busto Arsizio per attraversare tutta la provincia. Adesso la \\\"sorvolo\\\" anche con il mio drone, regalando alle mie riprese sempre un punto di vista emozionale e narrativo sui luoghi e le vicende che racconto, ma rimanendo fedele alla cronaca. Quando non faccio il giornalista viaggio o mi arrampico sui monti, per guardare il mondo da altri punti di vista.\",\"sameAs\":[\"mar_corso\"],\"url\":\"https:\/\/staging.varesenews.it\/persona\/marco-corso1\/\"}]}<\/script>\n<!-- \/ Yoast SEO plugin. -->","yoast_head_json":{"title":"Il terzo settore si ritrova a Villa Gonzaga","description":"Sar\u00e0 il 5 luglio alle ore 21 la serata informativa e di approfondimento sulle tematiche del terzo settore organizzata da amministrazione comunale e Cesvov.","robots":{"index":"noindex","follow":"follow","max-snippet":"max-snippet:-1","max-image-preview":"max-image-preview:large","max-video-preview":"max-video-preview:-1"},"og_locale":"it_IT","og_type":"article","og_title":"Il terzo settore si ritrova a Villa Gonzaga","og_description":"Sar\u00e0 il 5 luglio alle ore 21 la serata informativa e di approfondimento sulle tematiche del terzo settore organizzata da amministrazione comunale e Cesvov.","og_url":"https:\/\/staging.varesenews.it\/2015\/07\/il-terzo-settore-si-ritrova-a-villa-gonzaga\/386134\/","og_site_name":"VareseNews","article_publisher":"https:\/\/www.facebook.com\/varesenews","article_published_time":"2015-07-09T15:22:49+00:00","author":"Marco Corso","twitter_card":"summary_large_image","twitter_creator":"@varesenews","twitter_site":"@varesenews","twitter_misc":{"Scritto da":"Marco Corso","Tempo di lettura stimato":"2 minuti"},"schema":{"@context":"https:\/\/schema.org","@graph":[{"@type":"WebPage","@id":"https:\/\/staging.varesenews.it\/2015\/07\/il-terzo-settore-si-ritrova-a-villa-gonzaga\/386134\/","url":"https:\/\/staging.varesenews.it\/2015\/07\/il-terzo-settore-si-ritrova-a-villa-gonzaga\/386134\/","name":"Il terzo settore si ritrova a Villa Gonzaga","isPartOf":{"@id":"https:\/\/staging.varesenews.it\/#website"},"datePublished":"2015-07-09T15:22:49+00:00","dateModified":"2015-07-09T15:22:49+00:00","author":{"@id":"https:\/\/staging.varesenews.it\/#\/schema\/person\/f0b866bf1a4a7b2b1558574309a927fa"},"description":"Sar\u00e0 il 5 luglio alle ore 21 la serata informativa e di approfondimento sulle tematiche del terzo settore organizzata da amministrazione comunale e Cesvov.","breadcrumb":{"@id":"https:\/\/staging.varesenews.it\/2015\/07\/il-terzo-settore-si-ritrova-a-villa-gonzaga\/386134\/#breadcrumb"},"inLanguage":"it-IT","potentialAction":[{"@type":"ReadAction","target":["https:\/\/staging.varesenews.it\/2015\/07\/il-terzo-settore-si-ritrova-a-villa-gonzaga\/386134\/"]}]},{"@type":"BreadcrumbList","@id":"https:\/\/staging.varesenews.it\/2015\/07\/il-terzo-settore-si-ritrova-a-villa-gonzaga\/386134\/#breadcrumb","itemListElement":[{"@type":"ListItem","position":1,"name":"Home","item":"https:\/\/www.varesenews.it\/"},{"@type":"ListItem","position":2,"name":"Il terzo settore si ritrova a Villa Gonzaga"}]},{"@type":"WebSite","@id":"https:\/\/staging.varesenews.it\/#website","url":"https:\/\/staging.varesenews.it\/","name":"VareseNews","description":"","potentialAction":[{"@type":"SearchAction","target":{"@type":"EntryPoint","urlTemplate":"https:\/\/staging.varesenews.it\/?s={search_term_string}"},"query-input":"required name=search_term_string"}],"inLanguage":"it-IT"},{"@type":"Person","@id":"https:\/\/staging.varesenews.it\/#\/schema\/person\/f0b866bf1a4a7b2b1558574309a927fa","name":"Marco Corso","image":{"@type":"ImageObject","inLanguage":"it-IT","@id":"https:\/\/staging.varesenews.it\/#\/schema\/person\/image\/","url":"https:\/\/staging.varesenews.it\/wp-content\/uploads\/2020\/12\/marco_corso_colori_500.jpg","contentUrl":"https:\/\/staging.varesenews.it\/wp-content\/uploads\/2020\/12\/marco_corso_colori_500.jpg","caption":"Marco Corso"},"description":"Classe 91, per diversi anni mi sono fregiato del titolo di pi&ugrave; giovane della redazione, ma adesso faccio il fratello maggiore alle nuove leve. Mi sono laureato nel 2013 in Scienze Sociali per la Globalizzazione alla Statale di Milano e nel 2015 mi sono diplomato in videogiornalismo alla Civica Scuola di Cinema di Milano. A VareseNews da 10 anni, ho seguito da sempre diversi progetti, partendo dalla mia Busto Arsizio per attraversare tutta la provincia. Adesso la \"sorvolo\" anche con il mio drone, regalando alle mie riprese sempre un punto di vista emozionale e narrativo sui luoghi e le vicende che racconto, ma rimanendo fedele alla cronaca. Quando non faccio il giornalista viaggio o mi arrampico sui monti, per guardare il mondo da altri punti di vista.","sameAs":["mar_corso"],"url":"https:\/\/staging.varesenews.it\/persona\/marco-corso1\/"}]}},"post_meta":{"_edit_lock":"1436455255:42","_edit_last":"42","ratings_users":"0","ratings_score":"0","ratings_average":"0","_category_permalink":"","wdfb_og_title":"","wdfb_og_type":"","wdfb_og_description":"","wdfb_og_images":"a:1:{i:0;s:0:\"\";}","wdfb_og_custom_name":"a:1:{i:0;s:0:\"\";}","wdfb_og_custom_value":"a:1:{i:0;s:0:\"\";}","foto":"446995","argomento":"Olgiate Olona","_jd_twitter":"","_jd_tweet_this":"yes","_wpt_short_url":"http:\/\/www.varesenews.it\/2015\/07\/il-terzo-settore-si-ritrova-a-villa-gonzaga\/386134\/","_wp_jd_target":"http:\/\/www.varesenews.it\/2015\/07\/il-terzo-settore-si-ritrova-a-villa-gonzaga\/386134\/","_jd_wp_twitter":"a:1:{i:0;s:150:\"Il terzo settore si ritrova a Villa Gonzaga http:\/\/www.varesenews.it\/2015\/07\/il-terzo-settore-si-ritrova-a-villa-gonzaga\/386134\/ #cesvov #villagonzaga\";}","_wpt_status_message":"Tweet inviato con successo."},"photos":[{"original":"https:\/\/staging.varesenews.it\/photogallery_new\/images\/2015\/04\/varie-446995.jpg","full":"https:\/\/staging.varesenews.it\/photogallery_new\/images\/2015\/04\/varie-446995.1024x768.jpg","large":"https:\/\/staging.varesenews.it\/photogallery_new\/images\/2015\/04\/varie-446995.610x431.jpg"}],"_links":{"self":[{"href":"https:\/\/staging.varesenews.it\/swgapi\/v1\/wp\/v2\/posts\/386134"}],"collection":[{"href":"https:\/\/staging.varesenews.it\/swgapi\/v1\/wp\/v2\/posts"}],"about":[{"href":"https:\/\/staging.varesenews.it\/swgapi\/v1\/wp\/v2\/types\/post"}],"author":[{"embeddable":true,"href":"https:\/\/staging.varesenews.it\/swgapi\/v1\/wp\/v2\/users\/42"}],"replies":[{"embeddable":true,"href":"https:\/\/staging.varesenews.it\/swgapi\/v1\/wp\/v2\/comments?post=386134"}],"version-history":[{"count":0,"href":"https:\/\/staging.varesenews.it\/swgapi\/v1\/wp\/v2\/posts\/386134\/revisions"}],"wp:attachment":[{"href":"https:\/\/staging.varesenews.it\/swgapi\/v1\/wp\/v2\/media?parent=386134"}],"wp:term":[{"taxonomy":"category","embeddable":true,"href":"https:\/\/staging.varesenews.it\/swgapi\/v1\/wp\/v2\/categories?post=386134"},{"taxonomy":"post_tag","embeddable":true,"href":"https:\/\/staging.varesenews.it\/swgapi\/v1\/wp\/v2\/tags?post=386134"}],"curies":[{"name":"wp","href":"https:\/\/api.w.org\/{rel}","templated":true}]}}