{"id":387961,"date":"2015-07-17T01:03:44","date_gmt":"2015-07-16T23:03:44","guid":{"rendered":"http:\/\/www.varesenews.it\/?p=387961"},"modified":"2015-07-17T01:21:26","modified_gmt":"2015-07-16T23:21:26","slug":"profughi-le-partigiane-cantano-bella-ciao-alla-leghista","status":"publish","type":"post","link":"https:\/\/staging.varesenews.it\/2015\/07\/profughi-le-partigiane-cantano-bella-ciao-alla-leghista\/387961\/","title":{"rendered":"Profughi, le partigiane cantano &#8220;Bella ciao&#8221; alla leghista"},"content":{"rendered":"<p>E&#8217; stata una serata calda in <strong>consiglio comunale<\/strong>, dove una mozione della <strong>Lega Nord<\/strong> sul tema dei profughi ha provocato una intensa discussione anche tra il pubblico, e in particolare tra <strong>supporters<\/strong> di diversi schieramenti. Dopo la votazione finale, che ha\u00a0approvato la mozione della Lega, un gruppo di appartenenti al Coordinamento Migrante di Varese ha contestato i consiglieri comunale della Lega.<\/p>\n<img decoding=\"async\" loading=\"lazy\" fetchpriority=\"low\" width=\"610\" height=\"431\" src=\"https:\/\/staging.varesenews.it\/photogallery_new\/images\/2015\/07\/migranti-in-piazza-469808.610x431.jpg\" alt=\"Migranti in piazza \">\n<p>Una volta fuori dall&#8217;aula,<strong> i due gruppi si sono affrontati verbalmente. Nel<\/strong>\u00a0video il momento clou del confronto verbale, quando due militanti di sinistra (si riconosce anche la presidente cittadina dell&#8217;Anpi Cristina Pessina) hanno risposto a una militante leghista cantando<strong> &#8220;Bella ciao&#8221;.<\/strong><\/p>\n<p><strong>La mozione<\/strong> in realt\u00e0 era stata annunciata come una sorta di no della Lega all&#8217;accoglienza di qualunque profugo nella citt\u00e0 di Varese. La posizione del carroccio tuttavia \u00e8 stata molto pi\u00f9 <strong>sfumata<\/strong> e il capogruppo Giulio Moroni ha in sostanza solo chiesto che la prefettura distingua tra chi ha <strong>diritto all&#8217;asilo<\/strong> e \u00a0chi no, in tempi molto pi\u00f9 ristretti dagli attuali. Al voto la mozione ha avuto <strong>16 voti<\/strong> (Lega, Forza Italia, Nicoletti). Pd, M5S e Sel sono suciti dall&#8217;aula. L&#8217;Ncd ha votato no.<\/p>\n","protected":false},"excerpt":{"rendered":"<p>La mozione della Lega ha avuto 16 voti (Lega, Forza italia, Nicoletti). Pd e Sel sono usciti dall&#8217;aula. L&#8217;Ncd ha votato no<\/p>\n","protected":false},"author":50,"featured_media":0,"comment_status":"open","ping_status":"open","sticky":false,"template":"","format":"standard","meta":{"footnotes":""},"categories":[2],"tags":[2494,389],"acf":[],"yoast_head":"<!-- This site is optimized with the Yoast SEO plugin v20.1 - https:\/\/yoast.com\/wordpress\/plugins\/seo\/ -->\n<title>Profughi, le partigiane cantano &quot;Bella ciao&quot; alla leghista<\/title>\n<meta name=\"description\" content=\"profughi\" \/>\n<meta name=\"robots\" content=\"noindex, follow, max-snippet:-1, max-image-preview:large, max-video-preview:-1\" \/>\n<meta property=\"og:locale\" content=\"it_IT\" \/>\n<meta property=\"og:type\" content=\"article\" \/>\n<meta property=\"og:title\" content=\"Profughi, le partigiane cantano &quot;Bella ciao&quot; alla leghista\" \/>\n<meta property=\"og:description\" content=\"profughi\" \/>\n<meta property=\"og:url\" content=\"https:\/\/staging.varesenews.it\/2015\/07\/profughi-le-partigiane-cantano-bella-ciao-alla-leghista\/387961\/\" \/>\n<meta property=\"og:site_name\" content=\"VareseNews\" \/>\n<meta property=\"article:publisher\" content=\"https:\/\/www.facebook.com\/varesenews\" \/>\n<meta property=\"article:published_time\" content=\"2015-07-16T23:03:44+00:00\" \/>\n<meta property=\"article:modified_time\" content=\"2015-07-16T23:21:26+00:00\" \/>\n<meta name=\"author\" content=\"Roberto Rotondo\" \/>\n<meta name=\"twitter:card\" content=\"summary_large_image\" \/>\n<meta name=\"twitter:creator\" content=\"@robertorotondo\" \/>\n<meta name=\"twitter:site\" content=\"@varesenews\" \/>\n<meta name=\"twitter:label1\" content=\"Scritto da\" \/>\n\t<meta name=\"twitter:data1\" content=\"Roberto Rotondo\" \/>\n\t<meta name=\"twitter:label2\" content=\"Tempo di lettura stimato\" \/>\n\t<meta name=\"twitter:data2\" content=\"1 minuto\" \/>\n<script type=\"application\/ld+json\" class=\"yoast-schema-graph\">{\"@context\":\"https:\/\/schema.org\",\"@graph\":[{\"@type\":\"WebPage\",\"@id\":\"https:\/\/staging.varesenews.it\/2015\/07\/profughi-le-partigiane-cantano-bella-ciao-alla-leghista\/387961\/\",\"url\":\"https:\/\/staging.varesenews.it\/2015\/07\/profughi-le-partigiane-cantano-bella-ciao-alla-leghista\/387961\/\",\"name\":\"Profughi, le partigiane cantano \\\"Bella ciao\\\" alla leghista\",\"isPartOf\":{\"@id\":\"https:\/\/staging.varesenews.it\/#website\"},\"datePublished\":\"2015-07-16T23:03:44+00:00\",\"dateModified\":\"2015-07-16T23:21:26+00:00\",\"author\":{\"@id\":\"https:\/\/staging.varesenews.it\/#\/schema\/person\/bace96b9ce1b4905df659e51a83c17fe\"},\"description\":\"profughi\",\"breadcrumb\":{\"@id\":\"https:\/\/staging.varesenews.it\/2015\/07\/profughi-le-partigiane-cantano-bella-ciao-alla-leghista\/387961\/#breadcrumb\"},\"inLanguage\":\"it-IT\",\"potentialAction\":[{\"@type\":\"ReadAction\",\"target\":[\"https:\/\/staging.varesenews.it\/2015\/07\/profughi-le-partigiane-cantano-bella-ciao-alla-leghista\/387961\/\"]}]},{\"@type\":\"BreadcrumbList\",\"@id\":\"https:\/\/staging.varesenews.it\/2015\/07\/profughi-le-partigiane-cantano-bella-ciao-alla-leghista\/387961\/#breadcrumb\",\"itemListElement\":[{\"@type\":\"ListItem\",\"position\":1,\"name\":\"Home\",\"item\":\"https:\/\/www.varesenews.it\/\"},{\"@type\":\"ListItem\",\"position\":2,\"name\":\"Profughi, le partigiane cantano &#8220;Bella ciao&#8221; alla leghista\"}]},{\"@type\":\"WebSite\",\"@id\":\"https:\/\/staging.varesenews.it\/#website\",\"url\":\"https:\/\/staging.varesenews.it\/\",\"name\":\"VareseNews\",\"description\":\"\",\"potentialAction\":[{\"@type\":\"SearchAction\",\"target\":{\"@type\":\"EntryPoint\",\"urlTemplate\":\"https:\/\/staging.varesenews.it\/?s={search_term_string}\"},\"query-input\":\"required name=search_term_string\"}],\"inLanguage\":\"it-IT\"},{\"@type\":\"Person\",\"@id\":\"https:\/\/staging.varesenews.it\/#\/schema\/person\/bace96b9ce1b4905df659e51a83c17fe\",\"name\":\"Roberto Rotondo\",\"image\":{\"@type\":\"ImageObject\",\"inLanguage\":\"it-IT\",\"@id\":\"https:\/\/staging.varesenews.it\/#\/schema\/person\/image\/\",\"url\":\"https:\/\/staging.varesenews.it\/wp-content\/uploads\/2015\/03\/10888676_10204734543537926_609787919772941341_n.jpg\",\"contentUrl\":\"https:\/\/staging.varesenews.it\/wp-content\/uploads\/2015\/03\/10888676_10204734543537926_609787919772941341_n.jpg\",\"caption\":\"Roberto Rotondo\"},\"description\":\"Nato a Varese nel 1972. Laureato in Storia alla Statale di Milano. A Varese News dal 1998. Ho iniziato a scrivere su riviste locali, poi sono entrato nel progetto di Varese News quando ancora era agli inizi. Nel frattempo mi sono occupato di ricerca storica e ho collaborato con un settimanale e un quotidiano della Svizzera italiana scrivendo di cronaca e politica. Mi sono preso una pausa da Varese nel 2004. Ho lavorato per alcuni anni a Milano all'agenzia di stampa Adnkronos, con qualche stage a Roma nei palazzi della politica. Lanci di agenzia e servizi tv multimediali erano tra i miei compiti. In quegli anni ho lavorato per alcune radio anche nazionali, Radio Capital su tutte, come corrispondente locale. Ho scritto anche per un settimanale di gossip, ma sempre cronaca nera. Ed eccomi qui. Dal 2007 lavoro anche per il Corriere della sera, di cui sono corrispondente. A Varesenews sono ormai uno dei senatori. Mi occupo di cronaca nera, giudiziaria e di politica e della cronaca cittadina di Varese.\",\"sameAs\":[\"robertorotondo\",\"https:\/\/twitter.com\/robertorotondo\"],\"url\":\"https:\/\/staging.varesenews.it\/persona\/roberto-rotondo\/\"}]}<\/script>\n<!-- \/ Yoast SEO plugin. -->","yoast_head_json":{"title":"Profughi, le partigiane cantano \"Bella ciao\" alla leghista","description":"profughi","robots":{"index":"noindex","follow":"follow","max-snippet":"max-snippet:-1","max-image-preview":"max-image-preview:large","max-video-preview":"max-video-preview:-1"},"og_locale":"it_IT","og_type":"article","og_title":"Profughi, le partigiane cantano \"Bella ciao\" alla leghista","og_description":"profughi","og_url":"https:\/\/staging.varesenews.it\/2015\/07\/profughi-le-partigiane-cantano-bella-ciao-alla-leghista\/387961\/","og_site_name":"VareseNews","article_publisher":"https:\/\/www.facebook.com\/varesenews","article_published_time":"2015-07-16T23:03:44+00:00","article_modified_time":"2015-07-16T23:21:26+00:00","author":"Roberto Rotondo","twitter_card":"summary_large_image","twitter_creator":"@robertorotondo","twitter_site":"@varesenews","twitter_misc":{"Scritto da":"Roberto Rotondo","Tempo di lettura stimato":"1 minuto"},"schema":{"@context":"https:\/\/schema.org","@graph":[{"@type":"WebPage","@id":"https:\/\/staging.varesenews.it\/2015\/07\/profughi-le-partigiane-cantano-bella-ciao-alla-leghista\/387961\/","url":"https:\/\/staging.varesenews.it\/2015\/07\/profughi-le-partigiane-cantano-bella-ciao-alla-leghista\/387961\/","name":"Profughi, le partigiane cantano \"Bella ciao\" alla leghista","isPartOf":{"@id":"https:\/\/staging.varesenews.it\/#website"},"datePublished":"2015-07-16T23:03:44+00:00","dateModified":"2015-07-16T23:21:26+00:00","author":{"@id":"https:\/\/staging.varesenews.it\/#\/schema\/person\/bace96b9ce1b4905df659e51a83c17fe"},"description":"profughi","breadcrumb":{"@id":"https:\/\/staging.varesenews.it\/2015\/07\/profughi-le-partigiane-cantano-bella-ciao-alla-leghista\/387961\/#breadcrumb"},"inLanguage":"it-IT","potentialAction":[{"@type":"ReadAction","target":["https:\/\/staging.varesenews.it\/2015\/07\/profughi-le-partigiane-cantano-bella-ciao-alla-leghista\/387961\/"]}]},{"@type":"BreadcrumbList","@id":"https:\/\/staging.varesenews.it\/2015\/07\/profughi-le-partigiane-cantano-bella-ciao-alla-leghista\/387961\/#breadcrumb","itemListElement":[{"@type":"ListItem","position":1,"name":"Home","item":"https:\/\/www.varesenews.it\/"},{"@type":"ListItem","position":2,"name":"Profughi, le partigiane cantano &#8220;Bella ciao&#8221; alla leghista"}]},{"@type":"WebSite","@id":"https:\/\/staging.varesenews.it\/#website","url":"https:\/\/staging.varesenews.it\/","name":"VareseNews","description":"","potentialAction":[{"@type":"SearchAction","target":{"@type":"EntryPoint","urlTemplate":"https:\/\/staging.varesenews.it\/?s={search_term_string}"},"query-input":"required name=search_term_string"}],"inLanguage":"it-IT"},{"@type":"Person","@id":"https:\/\/staging.varesenews.it\/#\/schema\/person\/bace96b9ce1b4905df659e51a83c17fe","name":"Roberto Rotondo","image":{"@type":"ImageObject","inLanguage":"it-IT","@id":"https:\/\/staging.varesenews.it\/#\/schema\/person\/image\/","url":"https:\/\/staging.varesenews.it\/wp-content\/uploads\/2015\/03\/10888676_10204734543537926_609787919772941341_n.jpg","contentUrl":"https:\/\/staging.varesenews.it\/wp-content\/uploads\/2015\/03\/10888676_10204734543537926_609787919772941341_n.jpg","caption":"Roberto Rotondo"},"description":"Nato a Varese nel 1972. Laureato in Storia alla Statale di Milano. A Varese News dal 1998. Ho iniziato a scrivere su riviste locali, poi sono entrato nel progetto di Varese News quando ancora era agli inizi. Nel frattempo mi sono occupato di ricerca storica e ho collaborato con un settimanale e un quotidiano della Svizzera italiana scrivendo di cronaca e politica. Mi sono preso una pausa da Varese nel 2004. Ho lavorato per alcuni anni a Milano all'agenzia di stampa Adnkronos, con qualche stage a Roma nei palazzi della politica. Lanci di agenzia e servizi tv multimediali erano tra i miei compiti. In quegli anni ho lavorato per alcune radio anche nazionali, Radio Capital su tutte, come corrispondente locale. Ho scritto anche per un settimanale di gossip, ma sempre cronaca nera. Ed eccomi qui. Dal 2007 lavoro anche per il Corriere della sera, di cui sono corrispondente. A Varesenews sono ormai uno dei senatori. Mi occupo di cronaca nera, giudiziaria e di politica e della cronaca cittadina di Varese.","sameAs":["robertorotondo","https:\/\/twitter.com\/robertorotondo"],"url":"https:\/\/staging.varesenews.it\/persona\/roberto-rotondo\/"}]}},"post_meta":{"_edit_lock":"1437088782:50","_edit_last":"50","ratings_users":"0","ratings_score":"0","ratings_average":"0","_category_permalink":"","wdfb_og_title":"","wdfb_og_type":"","wdfb_og_description":"","wdfb_og_images":"a:1:{i:0;s:0:\"\";}","wdfb_og_custom_name":"a:1:{i:0;s:0:\"\";}","wdfb_og_custom_value":"a:1:{i:0;s:0:\"\";}","id_video_vzaar":"4580174","nascondi_adsense":"1","argomento":"Varese","_yoast_wpseo_focuskw":"leghista contro partigiane","_yoast_wpseo_metadesc":"profughi","_jd_twitter":"","_jd_tweet_this":"yes","_wpt_short_url":"http:\/\/www.varesenews.it\/2015\/07\/profughi-le-partigiane-cantano-bella-ciao-alla-leghista\/387961\/","_wp_jd_target":"http:\/\/www.varesenews.it\/2015\/07\/profughi-le-partigiane-cantano-bella-ciao-alla-leghista\/387961\/","_jd_wp_twitter":"a:1:{i:0;s:176:\"Profughi, le partigiane cantano \"Bella ciao\" alla leghista http:\/\/www.varesenews.it\/2015\/07\/profughi-le-partigiane-cantano-bella-ciao-alla-leghista\/387961\/ #immigrati #profughi\";}","_wpt_status_message":"Tweet inviato con successo.","_yoast_wpseo_linkdex":"43","foto":"469808"},"photos":[{"original":"https:\/\/staging.varesenews.it\/photogallery_new\/images\/2015\/07\/migranti-in-piazza-469808.jpg","full":"https:\/\/staging.varesenews.it\/photogallery_new\/images\/2015\/07\/migranti-in-piazza-469808.1024x768.jpg","large":"https:\/\/staging.varesenews.it\/photogallery_new\/images\/2015\/07\/migranti-in-piazza-469808.610x431.jpg"}],"_links":{"self":[{"href":"https:\/\/staging.varesenews.it\/swgapi\/v1\/wp\/v2\/posts\/387961"}],"collection":[{"href":"https:\/\/staging.varesenews.it\/swgapi\/v1\/wp\/v2\/posts"}],"about":[{"href":"https:\/\/staging.varesenews.it\/swgapi\/v1\/wp\/v2\/types\/post"}],"author":[{"embeddable":true,"href":"https:\/\/staging.varesenews.it\/swgapi\/v1\/wp\/v2\/users\/50"}],"replies":[{"embeddable":true,"href":"https:\/\/staging.varesenews.it\/swgapi\/v1\/wp\/v2\/comments?post=387961"}],"version-history":[{"count":0,"href":"https:\/\/staging.varesenews.it\/swgapi\/v1\/wp\/v2\/posts\/387961\/revisions"}],"wp:attachment":[{"href":"https:\/\/staging.varesenews.it\/swgapi\/v1\/wp\/v2\/media?parent=387961"}],"wp:term":[{"taxonomy":"category","embeddable":true,"href":"https:\/\/staging.varesenews.it\/swgapi\/v1\/wp\/v2\/categories?post=387961"},{"taxonomy":"post_tag","embeddable":true,"href":"https:\/\/staging.varesenews.it\/swgapi\/v1\/wp\/v2\/tags?post=387961"}],"curies":[{"name":"wp","href":"https:\/\/api.w.org\/{rel}","templated":true}]}}