{"id":387994,"date":"2015-07-17T10:49:46","date_gmt":"2015-07-17T08:49:46","guid":{"rendered":"http:\/\/www.varesenews.it\/?p=387994"},"modified":"2015-07-17T11:11:59","modified_gmt":"2015-07-17T09:11:59","slug":"via-libera-tra-le-polemiche-al-bilancio-2015","status":"publish","type":"post","link":"https:\/\/staging.varesenews.it\/2015\/07\/via-libera-tra-le-polemiche-al-bilancio-2015\/387994\/","title":{"rendered":"Via libera (tra le polemiche) al bilancio 2015"},"content":{"rendered":"<p>Il finale dello spettacolo era gi\u00e0 scritto (e tutti lo conoscevano). E anche\u00a0gli &#8220;atti dello spettacolo&#8221; che hanno portato all&#8217;approvazione del bilancio di previsione del Comune di Busto Arsizio erano gi\u00e0 noti: la maggioranza che propone le sue aliquote -come lo scorso anno- l&#8217;opposizione che chiede cambiamenti per le fasce pi\u00f9 povere e pi\u00f9 ricche -come lo scorso anno- qualche consigliere della maggioranza che si lascia intrigare dalla proposta -come lo scorso anno- ma alla fine si va alla conta: la maggioranza vota compatta a favore della proposta della giunta, la minoranza contro. <strong>Come lo scorso anno<\/strong>.<\/p>\n<p><strong>LE TASSE<\/strong> &#8211; <a href=\"http:\/\/www.varesenews.it\/2014\/09\/tasse-arriva-l-aumento-la-tasi-sara-al-25\/28757\/\" target=\"_blank\">Vengono sostanzialmente confermate le tariffe della Iuc del 2014<\/a>: La Tasi avr\u00e0 un\u2019aliquota al 2,5\u2030, L&#8217;Imu sar\u00e0 agli stessi livelli cos\u00ec come l&#8217;Irpef e ci sar\u00e0 una leggera sforbiciata alla Tari, la tassa sui rifiuti. Un taglio pi\u00f9 simbolico che effettivo dal momento che una famiglia tipo risparmier\u00e0 tra i 4 e i 5 euro. \u00abAvremmo potuto arrenderci alla Troika e aumentare le tasse\u00bb spiega il sindaco Gigi Farioli in un accorato discorso durato 22 minuti \u00abe invece con uno sforzo immane siamo riusciti a mantenere la stessa tassazione\u00bb.<\/p>\n<p><strong>LA PROPOSTA DELLA MINORANZA<\/strong> &#8211; Una proposta lanciata dal PD e sposata in pieno da Sel e Manifattura Cittadina puntava a rimodulare Tari e Irpef per i redditi pi\u00f9 bassi:\u00a0abbassare del 20 per cento la Tasi sull\u2019abitazione principale per i redditi sotto i 55.000 euro compensando con un aumento dell&#8217;Irpef\u00a0 dal 4 all\u20198 per mille per chi guadagna oltre 55 mila euro (il 10% dei bustocchi) e aumentando l\u2019Imu su chi ha di pi\u00f9. \u00abUna diminuzione che sarebbe una scelta equa -spiega Cinzia Berutti, PD- per passare dalle parole ai fatti\u00bb. Ma il sindaco Farioli, nel suo ultimo bilancio da Primo Cittadino, \u00e8 inamovibile: \u00ab<strong>Questo emendamento -scandisce- ha il parere contrario della giunta<\/strong>\u00bb. E la proposta non passa.<\/p>\n<p><strong>I RISPARMI<\/strong> &#8211;\u00a0Un bilancio che \u00e8 stato molto difficile da far quadrare ma che\u00a0ha fatto perno su due grandi peculiarit\u00e0: 3 milioni arrivano da Agesp e andranno per la quasi totalit\u00e0 a sostenere la spesa corrente mentre 500.000 euro saranno tagliati\u00a0alla Tari grazie ad una rimodulazione del servizio. \u00abAbbiamo eliminato lo spazzamento notturno, da ottobre entrar\u00e0 in vigore il nuovo sistema di raccolta dei rifiuti e l&#8217;allargamento dei servizi di Agesp ad altri comuni ha permesso di spalmare i costi\u00a0-spiega l&#8217;assessore Paola Reguzzoni- e anche dalla neve che lo scorso anno ci ha graziati abbiamo recuperato qualcosa\u00bb.<\/p>\n","protected":false},"excerpt":{"rendered":"<p>Seduta rovente per dare il via libera al bilancio comunale con il delicato regolarmento sulle tasse. Il Sindaco Gigi Farioli: &#8220;Abbiamo fatto il massimo&#8221;. Le opposizioni: &#8220;Manovra iniqua&#8221;<\/p>\n","protected":false},"author":42,"featured_media":0,"comment_status":"open","ping_status":"open","sticky":false,"template":"","format":"standard","meta":{"footnotes":""},"categories":[4,15,16],"tags":[522,1065,43421,1846,1948,872],"acf":[],"yoast_head":"<!-- This site is optimized with the Yoast SEO plugin v20.1 - https:\/\/yoast.com\/wordpress\/plugins\/seo\/ -->\n<title>Via libera (tra le polemiche) al bilancio 2015<\/title>\n<meta name=\"description\" content=\"Seduta rovente per dare il via libera al bilancio comunale con il regolarmento sulle tasse. Il Sindaco: &quot;Fatto il massimo&quot;. Le opposizioni: &quot;Manovra iniqua&quot;\" \/>\n<meta name=\"robots\" content=\"noindex, follow, max-snippet:-1, max-image-preview:large, max-video-preview:-1\" \/>\n<meta property=\"og:locale\" content=\"it_IT\" \/>\n<meta property=\"og:type\" content=\"article\" \/>\n<meta property=\"og:title\" content=\"Via libera (tra le polemiche) al bilancio 2015\" \/>\n<meta property=\"og:description\" content=\"Seduta rovente per dare il via libera al bilancio comunale con il regolarmento sulle tasse. Il Sindaco: &quot;Fatto il massimo&quot;. Le opposizioni: &quot;Manovra iniqua&quot;\" \/>\n<meta property=\"og:url\" content=\"https:\/\/staging.varesenews.it\/2015\/07\/via-libera-tra-le-polemiche-al-bilancio-2015\/387994\/\" \/>\n<meta property=\"og:site_name\" content=\"VareseNews\" \/>\n<meta property=\"article:publisher\" content=\"https:\/\/www.facebook.com\/varesenews\" \/>\n<meta property=\"article:published_time\" content=\"2015-07-17T08:49:46+00:00\" \/>\n<meta property=\"article:modified_time\" content=\"2015-07-17T09:11:59+00:00\" \/>\n<meta name=\"author\" content=\"Marco Corso\" \/>\n<meta name=\"twitter:card\" content=\"summary_large_image\" \/>\n<meta name=\"twitter:creator\" content=\"@varesenews\" \/>\n<meta name=\"twitter:site\" content=\"@varesenews\" \/>\n<meta name=\"twitter:label1\" content=\"Scritto da\" \/>\n\t<meta name=\"twitter:data1\" content=\"Marco Corso\" \/>\n\t<meta name=\"twitter:label2\" content=\"Tempo di lettura stimato\" \/>\n\t<meta name=\"twitter:data2\" content=\"2 minuti\" \/>\n<script type=\"application\/ld+json\" class=\"yoast-schema-graph\">{\"@context\":\"https:\/\/schema.org\",\"@graph\":[{\"@type\":\"WebPage\",\"@id\":\"https:\/\/staging.varesenews.it\/2015\/07\/via-libera-tra-le-polemiche-al-bilancio-2015\/387994\/\",\"url\":\"https:\/\/staging.varesenews.it\/2015\/07\/via-libera-tra-le-polemiche-al-bilancio-2015\/387994\/\",\"name\":\"Via libera (tra le polemiche) al bilancio 2015\",\"isPartOf\":{\"@id\":\"https:\/\/staging.varesenews.it\/#website\"},\"datePublished\":\"2015-07-17T08:49:46+00:00\",\"dateModified\":\"2015-07-17T09:11:59+00:00\",\"author\":{\"@id\":\"https:\/\/staging.varesenews.it\/#\/schema\/person\/f0b866bf1a4a7b2b1558574309a927fa\"},\"description\":\"Seduta rovente per dare il via libera al bilancio comunale con il regolarmento sulle tasse. Il Sindaco: \\\"Fatto il massimo\\\". Le opposizioni: \\\"Manovra iniqua\\\"\",\"breadcrumb\":{\"@id\":\"https:\/\/staging.varesenews.it\/2015\/07\/via-libera-tra-le-polemiche-al-bilancio-2015\/387994\/#breadcrumb\"},\"inLanguage\":\"it-IT\",\"potentialAction\":[{\"@type\":\"ReadAction\",\"target\":[\"https:\/\/staging.varesenews.it\/2015\/07\/via-libera-tra-le-polemiche-al-bilancio-2015\/387994\/\"]}]},{\"@type\":\"BreadcrumbList\",\"@id\":\"https:\/\/staging.varesenews.it\/2015\/07\/via-libera-tra-le-polemiche-al-bilancio-2015\/387994\/#breadcrumb\",\"itemListElement\":[{\"@type\":\"ListItem\",\"position\":1,\"name\":\"Home\",\"item\":\"https:\/\/www.varesenews.it\/\"},{\"@type\":\"ListItem\",\"position\":2,\"name\":\"Via libera (tra le polemiche) al bilancio 2015\"}]},{\"@type\":\"WebSite\",\"@id\":\"https:\/\/staging.varesenews.it\/#website\",\"url\":\"https:\/\/staging.varesenews.it\/\",\"name\":\"VareseNews\",\"description\":\"\",\"potentialAction\":[{\"@type\":\"SearchAction\",\"target\":{\"@type\":\"EntryPoint\",\"urlTemplate\":\"https:\/\/staging.varesenews.it\/?s={search_term_string}\"},\"query-input\":\"required name=search_term_string\"}],\"inLanguage\":\"it-IT\"},{\"@type\":\"Person\",\"@id\":\"https:\/\/staging.varesenews.it\/#\/schema\/person\/f0b866bf1a4a7b2b1558574309a927fa\",\"name\":\"Marco Corso\",\"image\":{\"@type\":\"ImageObject\",\"inLanguage\":\"it-IT\",\"@id\":\"https:\/\/staging.varesenews.it\/#\/schema\/person\/image\/\",\"url\":\"https:\/\/staging.varesenews.it\/wp-content\/uploads\/2020\/12\/marco_corso_colori_500.jpg\",\"contentUrl\":\"https:\/\/staging.varesenews.it\/wp-content\/uploads\/2020\/12\/marco_corso_colori_500.jpg\",\"caption\":\"Marco Corso\"},\"description\":\"Classe 91, per diversi anni mi sono fregiato del titolo di pi&ugrave; giovane della redazione, ma adesso faccio il fratello maggiore alle nuove leve. Mi sono laureato nel 2013 in Scienze Sociali per la Globalizzazione alla Statale di Milano e nel 2015 mi sono diplomato in videogiornalismo alla Civica Scuola di Cinema di Milano. A VareseNews da 10 anni, ho seguito da sempre diversi progetti, partendo dalla mia Busto Arsizio per attraversare tutta la provincia. Adesso la \\\"sorvolo\\\" anche con il mio drone, regalando alle mie riprese sempre un punto di vista emozionale e narrativo sui luoghi e le vicende che racconto, ma rimanendo fedele alla cronaca. Quando non faccio il giornalista viaggio o mi arrampico sui monti, per guardare il mondo da altri punti di vista.\",\"sameAs\":[\"mar_corso\"],\"url\":\"https:\/\/staging.varesenews.it\/persona\/marco-corso1\/\"}]}<\/script>\n<!-- \/ Yoast SEO plugin. -->","yoast_head_json":{"title":"Via libera (tra le polemiche) al bilancio 2015","description":"Seduta rovente per dare il via libera al bilancio comunale con il regolarmento sulle tasse. Il Sindaco: \"Fatto il massimo\". Le opposizioni: \"Manovra iniqua\"","robots":{"index":"noindex","follow":"follow","max-snippet":"max-snippet:-1","max-image-preview":"max-image-preview:large","max-video-preview":"max-video-preview:-1"},"og_locale":"it_IT","og_type":"article","og_title":"Via libera (tra le polemiche) al bilancio 2015","og_description":"Seduta rovente per dare il via libera al bilancio comunale con il regolarmento sulle tasse. Il Sindaco: \"Fatto il massimo\". Le opposizioni: \"Manovra iniqua\"","og_url":"https:\/\/staging.varesenews.it\/2015\/07\/via-libera-tra-le-polemiche-al-bilancio-2015\/387994\/","og_site_name":"VareseNews","article_publisher":"https:\/\/www.facebook.com\/varesenews","article_published_time":"2015-07-17T08:49:46+00:00","article_modified_time":"2015-07-17T09:11:59+00:00","author":"Marco Corso","twitter_card":"summary_large_image","twitter_creator":"@varesenews","twitter_site":"@varesenews","twitter_misc":{"Scritto da":"Marco Corso","Tempo di lettura stimato":"2 minuti"},"schema":{"@context":"https:\/\/schema.org","@graph":[{"@type":"WebPage","@id":"https:\/\/staging.varesenews.it\/2015\/07\/via-libera-tra-le-polemiche-al-bilancio-2015\/387994\/","url":"https:\/\/staging.varesenews.it\/2015\/07\/via-libera-tra-le-polemiche-al-bilancio-2015\/387994\/","name":"Via libera (tra le polemiche) al bilancio 2015","isPartOf":{"@id":"https:\/\/staging.varesenews.it\/#website"},"datePublished":"2015-07-17T08:49:46+00:00","dateModified":"2015-07-17T09:11:59+00:00","author":{"@id":"https:\/\/staging.varesenews.it\/#\/schema\/person\/f0b866bf1a4a7b2b1558574309a927fa"},"description":"Seduta rovente per dare il via libera al bilancio comunale con il regolarmento sulle tasse. Il Sindaco: \"Fatto il massimo\". Le opposizioni: \"Manovra iniqua\"","breadcrumb":{"@id":"https:\/\/staging.varesenews.it\/2015\/07\/via-libera-tra-le-polemiche-al-bilancio-2015\/387994\/#breadcrumb"},"inLanguage":"it-IT","potentialAction":[{"@type":"ReadAction","target":["https:\/\/staging.varesenews.it\/2015\/07\/via-libera-tra-le-polemiche-al-bilancio-2015\/387994\/"]}]},{"@type":"BreadcrumbList","@id":"https:\/\/staging.varesenews.it\/2015\/07\/via-libera-tra-le-polemiche-al-bilancio-2015\/387994\/#breadcrumb","itemListElement":[{"@type":"ListItem","position":1,"name":"Home","item":"https:\/\/www.varesenews.it\/"},{"@type":"ListItem","position":2,"name":"Via libera (tra le polemiche) al bilancio 2015"}]},{"@type":"WebSite","@id":"https:\/\/staging.varesenews.it\/#website","url":"https:\/\/staging.varesenews.it\/","name":"VareseNews","description":"","potentialAction":[{"@type":"SearchAction","target":{"@type":"EntryPoint","urlTemplate":"https:\/\/staging.varesenews.it\/?s={search_term_string}"},"query-input":"required name=search_term_string"}],"inLanguage":"it-IT"},{"@type":"Person","@id":"https:\/\/staging.varesenews.it\/#\/schema\/person\/f0b866bf1a4a7b2b1558574309a927fa","name":"Marco Corso","image":{"@type":"ImageObject","inLanguage":"it-IT","@id":"https:\/\/staging.varesenews.it\/#\/schema\/person\/image\/","url":"https:\/\/staging.varesenews.it\/wp-content\/uploads\/2020\/12\/marco_corso_colori_500.jpg","contentUrl":"https:\/\/staging.varesenews.it\/wp-content\/uploads\/2020\/12\/marco_corso_colori_500.jpg","caption":"Marco Corso"},"description":"Classe 91, per diversi anni mi sono fregiato del titolo di pi&ugrave; giovane della redazione, ma adesso faccio il fratello maggiore alle nuove leve. Mi sono laureato nel 2013 in Scienze Sociali per la Globalizzazione alla Statale di Milano e nel 2015 mi sono diplomato in videogiornalismo alla Civica Scuola di Cinema di Milano. A VareseNews da 10 anni, ho seguito da sempre diversi progetti, partendo dalla mia Busto Arsizio per attraversare tutta la provincia. Adesso la \"sorvolo\" anche con il mio drone, regalando alle mie riprese sempre un punto di vista emozionale e narrativo sui luoghi e le vicende che racconto, ma rimanendo fedele alla cronaca. Quando non faccio il giornalista viaggio o mi arrampico sui monti, per guardare il mondo da altri punti di vista.","sameAs":["mar_corso"],"url":"https:\/\/staging.varesenews.it\/persona\/marco-corso1\/"}]}},"post_meta":{"_edit_lock":"1437127033:42","_edit_last":"42","_category_permalink":"","wdfb_og_title":"","wdfb_og_type":"","wdfb_og_description":"","wdfb_og_images":"a:1:{i:0;s:0:\"\";}","wdfb_og_custom_name":"a:1:{i:0;s:0:\"\";}","wdfb_og_custom_value":"a:1:{i:0;s:0:\"\";}","id_leggi_anche":"385326,388002","foto":"454492","argomento":"Busto Arsizio","_yoast_wpseo_focuskw":"bilancio","_yoast_wpseo_metadesc":"Seduta rovente per dare il via libera al bilancio comunale con il regolarmento sulle tasse. Il Sindaco: \"Fatto il massimo\". Le opposizioni: \"Manovra iniqua\"","_jd_twitter":"","_jd_tweet_this":"yes","ratings_users":"0","ratings_score":"0","ratings_average":"0","_wpt_short_url":"http:\/\/www.varesenews.it\/2015\/07\/via-libera-tra-le-polemiche-al-bilancio-2015\/387994\/","_wp_jd_target":"http:\/\/www.varesenews.it\/2015\/07\/via-libera-tra-le-polemiche-al-bilancio-2015\/387994\/","_jd_wp_twitter":"a:1:{i:0;s:153:\"Via libera (tra le polemiche) al bilancio 2015 http:\/\/www.varesenews.it\/2015\/07\/via-libera-tra-le-polemiche-al-bilancio-2015\/387994\/ #bilancio #iuc #tari\";}","_wpt_status_message":"Tweet inviato con successo.","_yoast_wpseo_linkdex":"74"},"photos":[{"original":"https:\/\/staging.varesenews.it\/photogallery_new\/images\/2015\/05\/varie-454492.jpg","full":"https:\/\/staging.varesenews.it\/photogallery_new\/images\/2015\/05\/varie-454492.1024x768.jpg","large":"https:\/\/staging.varesenews.it\/photogallery_new\/images\/2015\/05\/varie-454492.610x431.jpg"}],"_links":{"self":[{"href":"https:\/\/staging.varesenews.it\/swgapi\/v1\/wp\/v2\/posts\/387994"}],"collection":[{"href":"https:\/\/staging.varesenews.it\/swgapi\/v1\/wp\/v2\/posts"}],"about":[{"href":"https:\/\/staging.varesenews.it\/swgapi\/v1\/wp\/v2\/types\/post"}],"author":[{"embeddable":true,"href":"https:\/\/staging.varesenews.it\/swgapi\/v1\/wp\/v2\/users\/42"}],"replies":[{"embeddable":true,"href":"https:\/\/staging.varesenews.it\/swgapi\/v1\/wp\/v2\/comments?post=387994"}],"version-history":[{"count":0,"href":"https:\/\/staging.varesenews.it\/swgapi\/v1\/wp\/v2\/posts\/387994\/revisions"}],"wp:attachment":[{"href":"https:\/\/staging.varesenews.it\/swgapi\/v1\/wp\/v2\/media?parent=387994"}],"wp:term":[{"taxonomy":"category","embeddable":true,"href":"https:\/\/staging.varesenews.it\/swgapi\/v1\/wp\/v2\/categories?post=387994"},{"taxonomy":"post_tag","embeddable":true,"href":"https:\/\/staging.varesenews.it\/swgapi\/v1\/wp\/v2\/tags?post=387994"}],"curies":[{"name":"wp","href":"https:\/\/api.w.org\/{rel}","templated":true}]}}